                                        
                                        
                                        
                                        
                                        
                                        
                                        
                                        
                                        
                                        
                                        
                                        
                                        
                                        
                                        
                                        
                                        
                                        
{"id":7885,"date":"2024-02-24T18:45:25","date_gmt":"2024-02-24T17:45:25","guid":{"rendered":"https:\/\/oriamendi.eus\/?p=7885"},"modified":"2024-02-24T18:45:25","modified_gmt":"2024-02-24T17:45:25","slug":"ansa-ii-revalida-el-titulo-de-campeon-del-kutxabank-masters","status":"publish","type":"post","link":"https:\/\/oriamendi.eus\/es\/2024\/02\/24\/ansa-ii-revalida-el-titulo-de-campeon-del-kutxabank-masters\/","title":{"rendered":"Ansa II revalida el t\u00edtulo de campe\u00f3n del Kutxabank Masters"},"content":{"rendered":"<div><b>Se impone 30-19 a un Azpiroz que se vino abajo en la segunda mitad de la final<\/b><\/div>\n<div><b>\u00a0<\/b><\/div>\n<div>Imanol Ansa revalid\u00f3 el t\u00edtulo del Masters Individual despu\u00e9s de imponerse 30-19 a Xabier Azpiroz. El de Urnieta sentenci\u00f3 la final en la segunda mitad del partido al que lleg\u00f3 m\u00e1s fresco que un Azpiroz que fue de m\u00e1s a menos.<\/div>\n<div>La final se decidi\u00f3 sobre todo al saque y al resto. Ah\u00ed Ansa estuvo m\u00e1s acertado. Hizo ocho tantos de saque por dos y adem\u00e1s cometi\u00f3 solo una falta de saque por dos.<\/div>\n<div>Azpiroz comenz\u00f3 muy serio y dirigiendo muy bien la pelota. Eso incomod\u00f3 a Ansa, que no se sent\u00eda c\u00f3modo sobre cancha de Galarreta. El 0-3 inicial ayud\u00f3 al remontista azul que ve\u00eda como comandaba en el marcador hasta una renta m\u00e1xima de cuatro tantos en el 12-16. Hubo empates a cuatro, cinco, seis, nueve, diez y once, pero la final se mov\u00eda como quer\u00eda Azpiroz. En el peloteo era el dominador y si Ansa se manten\u00eda en la final era gracias al saque.<\/div>\n<div>En el 13-16 Azpiroz hizo una falta de saque y el 14-16 lleg\u00f3 despu\u00e9s de una pelota que pareci\u00f3 pasa pero el juez lo dio por buena. Quiz\u00e1s eso sac\u00f3 algo del partido a Azpiroz, ya que a partir de ah\u00ed fue un mon\u00f3logo de Ansa. F\u00edsicamente est\u00e1 impecable y termin\u00f3 con un parcial de 18-3 que habla por s\u00ed solo. Goz\u00f3 el de Urnieta en ese tramo. Corri\u00f3 mucho, defendi\u00f3 muy bien y acert\u00f3 a arrimar a la pared izquierda. El 20-17 lleg\u00f3 tras una defensa de rebote espectacular y lo cerr\u00f3 adelante con un gran pelotazo. Azpiroz hac\u00eda el 20-18, pero de ah\u00ed se march\u00f3 Ansa al 25-18 y tras el 25-19 cerr\u00f3 el choque 30-19.<\/div>\n<div><img fetchpriority=\"high\" fetchpriority=\"high\" decoding=\"async\" class=\"alignnone size-medium wp-image-7886\" src=\"https:\/\/oriamendi.eus\/wp-content\/uploads\/2024\/02\/52A3134-300x200.jpg\" alt=\"\" width=\"300\" height=\"200\" \/><\/div>\n<div>La confianza que dan las txapelas y la experiencia tambi\u00e9n ayud\u00f3 a Ansa. Al final del choque dijo que sufri\u00f3 pero tambi\u00e9n goz\u00f3.<\/div>\n<div>Es la tercera txapela individual (la Individual de verano y dos del Masters). Ha ganado los tres partidos con autoridad en el Masters y si le cost\u00f3 ganar su primera txapela, desde entonces sabe cerrar y ganar las finales.<\/div>\n<div>En total hizo 15 tantos en el peloteo y ocho con el saque. En el peloteo no regal\u00f3 nada y con el saque hizo una falta. Azpiroz domin\u00f3 al inicio en el peloteo e hizo hasta 16 tantos, pero solo hizo dos tantos de saque y cometi\u00f3 tres faltas y cuatro errores en el peloteo.<\/div>\n<div>El Masters ha completado su decimocuarta edici\u00f3n desde que Koteto Ezkurra estrenara el palmar\u00e9s en 2011. La competici\u00f3n cuenta con cinco campeones en el historial: Ezkurra (2011 y 2012), Urriza (2013, 2014, 2017, 2018, 2019 y 2021), Uterga (2015 y 2016), Barrenetxea IV (2020 y 2022) y ahora Ansa II ya tiene dos txapelas (2023 y 2024).<\/div>\n<div>Al final de la final estaba muy contento. \u00abCon el saque he hecho mucho da\u00f1o y ah\u00ed ha estado la clave. He sido constante y eso tambi\u00e9n ayuda. Al final he gozado bastante, a pesar de que no he empezado bien. He aguantado en ese tramo mentalmente y f\u00edsicamente. Antes perd\u00eda las finales y ahora las gano a pesar de que mi juego no ha cambiado mucho, pero los peque\u00f1os detalles deciden las finales y ah\u00ed he mejorado. Ganar el segundo Masters me ha hecho tanta o m\u00e1s ilusi\u00f3n que la primera\u00bb.<\/div>\n<div><\/div>\n<div><b>MARCADOR:\u00a0<\/b>0-3, 2-3, 2-4, 5-4, 5-6, 7-6, 7-9, 10-9, 10-10, 11-10, 11-14, 12-14, 12-16, 17-16, 17-17, 20-17, 20-18, 25-18, 25-19 y 30-19.<\/div>\n","protected":false},"excerpt":{"rendered":"<p>Se impone 30-19 a un Azpiroz que se vino abajo en la segunda mitad de la final \u00a0 Imanol Ansa revalid\u00f3 el t\u00edtulo del Masters Individual despu\u00e9s de imponerse 30-19 a Xabier Azpiroz. El de Urnieta sentenci\u00f3 la final en la segunda mitad del partido al que lleg\u00f3 m\u00e1s fresco que un Azpiroz que fue [&hellip;]<\/p>\n","protected":false},"author":5,"featured_media":7888,"comment_status":"closed","ping_status":"open","sticky":false,"template":"","format":"standard","meta":{"_et_pb_use_builder":"","_et_pb_old_content":"","_et_gb_content_width":"","footnotes":""},"categories":[1],"tags":[],"yoast_head":"<!-- This site is optimized with the Yoast SEO plugin v21.8 - https:\/\/yoast.com\/wordpress\/plugins\/seo\/ -->\n<title>Ansa II revalida el t\u00edtulo de campe\u00f3n del Kutxabank Masters | Oriamendi 2010<\/title>\n<meta name=\"robots\" content=\"index, follow, max-snippet:-1, max-image-preview:large, max-video-preview:-1\" \/>\n<link rel=\"canonical\" href=\"https:\/\/oriamendi.eus\/es\/2024\/02\/24\/ansa-ii-revalida-el-titulo-de-campeon-del-kutxabank-masters\/\" \/>\n<meta property=\"og:locale\" content=\"es_ES\" \/>\n<meta property=\"og:type\" content=\"article\" \/>\n<meta property=\"og:title\" content=\"Ansa II revalida el t\u00edtulo de campe\u00f3n del Kutxabank Masters | Oriamendi 2010\" \/>\n<meta property=\"og:description\" content=\"Se impone 30-19 a un Azpiroz que se vino abajo en la segunda mitad de la final \u00a0 Imanol Ansa revalid\u00f3 el t\u00edtulo del Masters Individual despu\u00e9s de imponerse 30-19 a Xabier Azpiroz. El de Urnieta sentenci\u00f3 la final en la segunda mitad del partido al que lleg\u00f3 m\u00e1s fresco que un Azpiroz que fue [&hellip;]\" \/>\n<meta property=\"og:url\" content=\"https:\/\/oriamendi.eus\/es\/2024\/02\/24\/ansa-ii-revalida-el-titulo-de-campeon-del-kutxabank-masters\/\" \/>\n<meta property=\"og:site_name\" content=\"Oriamendi 2010\" \/>\n<meta property=\"article:publisher\" content=\"https:\/\/www.facebook.com\/oriamendi2010remonte\/\" \/>\n<meta property=\"article:published_time\" content=\"2024-02-24T17:45:25+00:00\" \/>\n<meta property=\"og:image\" content=\"https:\/\/oriamendi.eus\/wp-content\/uploads\/2024\/02\/52A9291.jpg\" \/>\n\t<meta property=\"og:image:width\" content=\"1200\" \/>\n\t<meta property=\"og:image:height\" content=\"800\" \/>\n\t<meta property=\"og:image:type\" content=\"image\/jpeg\" \/>\n<meta name=\"author\" content=\"I\u00f1igo Go\u00f1i\" \/>\n<meta name=\"twitter:card\" content=\"summary_large_image\" \/>\n<meta name=\"twitter:creator\" content=\"@oriamendi2010\" \/>\n<meta name=\"twitter:site\" content=\"@oriamendi2010\" \/>\n<meta name=\"twitter:label1\" content=\"Escrito por\" \/>\n\t<meta name=\"twitter:data1\" content=\"I\u00f1igo Go\u00f1i\" \/>\n\t<meta name=\"twitter:label2\" content=\"Tiempo de lectura\" \/>\n\t<meta name=\"twitter:data2\" content=\"4 minutos\" \/>\n<script type=\"application\/ld+json\" class=\"yoast-schema-graph\">{\"@context\":\"https:\/\/schema.org\",\"@graph\":[{\"@type\":\"Article\",\"@id\":\"https:\/\/oriamendi.eus\/es\/2024\/02\/24\/ansa-ii-revalida-el-titulo-de-campeon-del-kutxabank-masters\/#article\",\"isPartOf\":{\"@id\":\"https:\/\/oriamendi.eus\/es\/2024\/02\/24\/ansa-ii-revalida-el-titulo-de-campeon-del-kutxabank-masters\/\"},\"author\":{\"name\":\"I\u00f1igo Go\u00f1i\",\"@id\":\"https:\/\/oriamendi.eus\/es\/#\/schema\/person\/c0bd06c6c747674306a5c82563e2339a\"},\"headline\":\"Ansa II revalida el t\u00edtulo de campe\u00f3n del Kutxabank Masters\",\"datePublished\":\"2024-02-24T17:45:25+00:00\",\"dateModified\":\"2024-02-24T17:45:25+00:00\",\"mainEntityOfPage\":{\"@id\":\"https:\/\/oriamendi.eus\/es\/2024\/02\/24\/ansa-ii-revalida-el-titulo-de-campeon-del-kutxabank-masters\/\"},\"wordCount\":605,\"publisher\":{\"@id\":\"https:\/\/oriamendi.eus\/es\/#organization\"},\"articleSection\":[\"Sin categorizar\"],\"inLanguage\":\"es\"},{\"@type\":\"WebPage\",\"@id\":\"https:\/\/oriamendi.eus\/es\/2024\/02\/24\/ansa-ii-revalida-el-titulo-de-campeon-del-kutxabank-masters\/\",\"url\":\"https:\/\/oriamendi.eus\/es\/2024\/02\/24\/ansa-ii-revalida-el-titulo-de-campeon-del-kutxabank-masters\/\",\"name\":\"Ansa II revalida el t\u00edtulo de campe\u00f3n del Kutxabank Masters | Oriamendi 2010\",\"isPartOf\":{\"@id\":\"https:\/\/oriamendi.eus\/es\/#website\"},\"datePublished\":\"2024-02-24T17:45:25+00:00\",\"dateModified\":\"2024-02-24T17:45:25+00:00\",\"breadcrumb\":{\"@id\":\"https:\/\/oriamendi.eus\/es\/2024\/02\/24\/ansa-ii-revalida-el-titulo-de-campeon-del-kutxabank-masters\/#breadcrumb\"},\"inLanguage\":\"es\",\"potentialAction\":[{\"@type\":\"ReadAction\",\"target\":[\"https:\/\/oriamendi.eus\/es\/2024\/02\/24\/ansa-ii-revalida-el-titulo-de-campeon-del-kutxabank-masters\/\"]}]},{\"@type\":\"BreadcrumbList\",\"@id\":\"https:\/\/oriamendi.eus\/es\/2024\/02\/24\/ansa-ii-revalida-el-titulo-de-campeon-del-kutxabank-masters\/#breadcrumb\",\"itemListElement\":[{\"@type\":\"ListItem\",\"position\":1,\"name\":\"Portada\",\"item\":\"https:\/\/oriamendi.eus\/es\/\"},{\"@type\":\"ListItem\",\"position\":2,\"name\":\"Ansa II revalida el t\u00edtulo de campe\u00f3n del Kutxabank Masters\"}]},{\"@type\":\"WebSite\",\"@id\":\"https:\/\/oriamendi.eus\/es\/#website\",\"url\":\"https:\/\/oriamendi.eus\/es\/\",\"name\":\"Oriamendi\",\"description\":\"Remonte en Galarreta. Hernani. Gipuzkoa\",\"publisher\":{\"@id\":\"https:\/\/oriamendi.eus\/es\/#organization\"},\"potentialAction\":[{\"@type\":\"SearchAction\",\"target\":{\"@type\":\"EntryPoint\",\"urlTemplate\":\"https:\/\/oriamendi.eus\/es\/?s={search_term_string}\"},\"query-input\":\"required name=search_term_string\"}],\"inLanguage\":\"es\"},{\"@type\":\"Organization\",\"@id\":\"https:\/\/oriamendi.eus\/es\/#organization\",\"name\":\"Oriamendi\",\"url\":\"https:\/\/oriamendi.eus\/es\/\",\"logo\":{\"@type\":\"ImageObject\",\"inLanguage\":\"es\",\"@id\":\"https:\/\/oriamendi.eus\/es\/#\/schema\/logo\/image\/\",\"url\":\"https:\/\/oriamendi.eus\/wp-content\/uploads\/2020\/06\/logo-oriamendi.png\",\"contentUrl\":\"https:\/\/oriamendi.eus\/wp-content\/uploads\/2020\/06\/logo-oriamendi.png\",\"width\":300,\"height\":90,\"caption\":\"Oriamendi\"},\"image\":{\"@id\":\"https:\/\/oriamendi.eus\/es\/#\/schema\/logo\/image\/\"},\"sameAs\":[\"https:\/\/www.facebook.com\/oriamendi2010remonte\/\",\"https:\/\/twitter.com\/oriamendi2010\",\"https:\/\/www.instagram.com\/galarretajaialai\/\",\"https:\/\/www.youtube.com\/channel\/UC8gVNzQqB1iwnC-_rI-ihmA\/featured\"]},{\"@type\":\"Person\",\"@id\":\"https:\/\/oriamendi.eus\/es\/#\/schema\/person\/c0bd06c6c747674306a5c82563e2339a\",\"name\":\"I\u00f1igo Go\u00f1i\",\"image\":{\"@type\":\"ImageObject\",\"inLanguage\":\"es\",\"@id\":\"https:\/\/oriamendi.eus\/es\/#\/schema\/person\/image\/\",\"url\":\"https:\/\/secure.gravatar.com\/avatar\/fbb07ffc7b803bbfcc2b6419c06abd3a?s=96&d=mm&r=g\",\"contentUrl\":\"https:\/\/secure.gravatar.com\/avatar\/fbb07ffc7b803bbfcc2b6419c06abd3a?s=96&d=mm&r=g\",\"caption\":\"I\u00f1igo Go\u00f1i\"},\"url\":\"https:\/\/oriamendi.eus\/es\/author\/om-berriak\/\"}]}<\/script>\n<!-- \/ Yoast SEO plugin. -->","yoast_head_json":{"title":"Ansa II revalida el t\u00edtulo de campe\u00f3n del Kutxabank Masters | Oriamendi 2010","robots":{"index":"index","follow":"follow","max-snippet":"max-snippet:-1","max-image-preview":"max-image-preview:large","max-video-preview":"max-video-preview:-1"},"canonical":"https:\/\/oriamendi.eus\/es\/2024\/02\/24\/ansa-ii-revalida-el-titulo-de-campeon-del-kutxabank-masters\/","og_locale":"es_ES","og_type":"article","og_title":"Ansa II revalida el t\u00edtulo de campe\u00f3n del Kutxabank Masters | Oriamendi 2010","og_description":"Se impone 30-19 a un Azpiroz que se vino abajo en la segunda mitad de la final \u00a0 Imanol Ansa revalid\u00f3 el t\u00edtulo del Masters Individual despu\u00e9s de imponerse 30-19 a Xabier Azpiroz. El de Urnieta sentenci\u00f3 la final en la segunda mitad del partido al que lleg\u00f3 m\u00e1s fresco que un Azpiroz que fue [&hellip;]","og_url":"https:\/\/oriamendi.eus\/es\/2024\/02\/24\/ansa-ii-revalida-el-titulo-de-campeon-del-kutxabank-masters\/","og_site_name":"Oriamendi 2010","article_publisher":"https:\/\/www.facebook.com\/oriamendi2010remonte\/","article_published_time":"2024-02-24T17:45:25+00:00","og_image":[{"width":1200,"height":800,"url":"https:\/\/oriamendi.eus\/wp-content\/uploads\/2024\/02\/52A9291.jpg","type":"image\/jpeg"}],"author":"I\u00f1igo Go\u00f1i","twitter_card":"summary_large_image","twitter_creator":"@oriamendi2010","twitter_site":"@oriamendi2010","twitter_misc":{"Escrito por":"I\u00f1igo Go\u00f1i","Tiempo de lectura":"4 minutos"},"schema":{"@context":"https:\/\/schema.org","@graph":[{"@type":"Article","@id":"https:\/\/oriamendi.eus\/es\/2024\/02\/24\/ansa-ii-revalida-el-titulo-de-campeon-del-kutxabank-masters\/#article","isPartOf":{"@id":"https:\/\/oriamendi.eus\/es\/2024\/02\/24\/ansa-ii-revalida-el-titulo-de-campeon-del-kutxabank-masters\/"},"author":{"name":"I\u00f1igo Go\u00f1i","@id":"https:\/\/oriamendi.eus\/es\/#\/schema\/person\/c0bd06c6c747674306a5c82563e2339a"},"headline":"Ansa II revalida el t\u00edtulo de campe\u00f3n del Kutxabank Masters","datePublished":"2024-02-24T17:45:25+00:00","dateModified":"2024-02-24T17:45:25+00:00","mainEntityOfPage":{"@id":"https:\/\/oriamendi.eus\/es\/2024\/02\/24\/ansa-ii-revalida-el-titulo-de-campeon-del-kutxabank-masters\/"},"wordCount":605,"publisher":{"@id":"https:\/\/oriamendi.eus\/es\/#organization"},"articleSection":["Sin categorizar"],"inLanguage":"es"},{"@type":"WebPage","@id":"https:\/\/oriamendi.eus\/es\/2024\/02\/24\/ansa-ii-revalida-el-titulo-de-campeon-del-kutxabank-masters\/","url":"https:\/\/oriamendi.eus\/es\/2024\/02\/24\/ansa-ii-revalida-el-titulo-de-campeon-del-kutxabank-masters\/","name":"Ansa II revalida el t\u00edtulo de campe\u00f3n del Kutxabank Masters | Oriamendi 2010","isPartOf":{"@id":"https:\/\/oriamendi.eus\/es\/#website"},"datePublished":"2024-02-24T17:45:25+00:00","dateModified":"2024-02-24T17:45:25+00:00","breadcrumb":{"@id":"https:\/\/oriamendi.eus\/es\/2024\/02\/24\/ansa-ii-revalida-el-titulo-de-campeon-del-kutxabank-masters\/#breadcrumb"},"inLanguage":"es","potentialAction":[{"@type":"ReadAction","target":["https:\/\/oriamendi.eus\/es\/2024\/02\/24\/ansa-ii-revalida-el-titulo-de-campeon-del-kutxabank-masters\/"]}]},{"@type":"BreadcrumbList","@id":"https:\/\/oriamendi.eus\/es\/2024\/02\/24\/ansa-ii-revalida-el-titulo-de-campeon-del-kutxabank-masters\/#breadcrumb","itemListElement":[{"@type":"ListItem","position":1,"name":"Portada","item":"https:\/\/oriamendi.eus\/es\/"},{"@type":"ListItem","position":2,"name":"Ansa II revalida el t\u00edtulo de campe\u00f3n del Kutxabank Masters"}]},{"@type":"WebSite","@id":"https:\/\/oriamendi.eus\/es\/#website","url":"https:\/\/oriamendi.eus\/es\/","name":"Oriamendi","description":"Remonte en Galarreta. Hernani. Gipuzkoa","publisher":{"@id":"https:\/\/oriamendi.eus\/es\/#organization"},"potentialAction":[{"@type":"SearchAction","target":{"@type":"EntryPoint","urlTemplate":"https:\/\/oriamendi.eus\/es\/?s={search_term_string}"},"query-input":"required name=search_term_string"}],"inLanguage":"es"},{"@type":"Organization","@id":"https:\/\/oriamendi.eus\/es\/#organization","name":"Oriamendi","url":"https:\/\/oriamendi.eus\/es\/","logo":{"@type":"ImageObject","inLanguage":"es","@id":"https:\/\/oriamendi.eus\/es\/#\/schema\/logo\/image\/","url":"https:\/\/oriamendi.eus\/wp-content\/uploads\/2020\/06\/logo-oriamendi.png","contentUrl":"https:\/\/oriamendi.eus\/wp-content\/uploads\/2020\/06\/logo-oriamendi.png","width":300,"height":90,"caption":"Oriamendi"},"image":{"@id":"https:\/\/oriamendi.eus\/es\/#\/schema\/logo\/image\/"},"sameAs":["https:\/\/www.facebook.com\/oriamendi2010remonte\/","https:\/\/twitter.com\/oriamendi2010","https:\/\/www.instagram.com\/galarretajaialai\/","https:\/\/www.youtube.com\/channel\/UC8gVNzQqB1iwnC-_rI-ihmA\/featured"]},{"@type":"Person","@id":"https:\/\/oriamendi.eus\/es\/#\/schema\/person\/c0bd06c6c747674306a5c82563e2339a","name":"I\u00f1igo Go\u00f1i","image":{"@type":"ImageObject","inLanguage":"es","@id":"https:\/\/oriamendi.eus\/es\/#\/schema\/person\/image\/","url":"https:\/\/secure.gravatar.com\/avatar\/fbb07ffc7b803bbfcc2b6419c06abd3a?s=96&d=mm&r=g","contentUrl":"https:\/\/secure.gravatar.com\/avatar\/fbb07ffc7b803bbfcc2b6419c06abd3a?s=96&d=mm&r=g","caption":"I\u00f1igo Go\u00f1i"},"url":"https:\/\/oriamendi.eus\/es\/author\/om-berriak\/"}]}},"_links":{"self":[{"href":"https:\/\/oriamendi.eus\/es\/wp-json\/wp\/v2\/posts\/7885"}],"collection":[{"href":"https:\/\/oriamendi.eus\/es\/wp-json\/wp\/v2\/posts"}],"about":[{"href":"https:\/\/oriamendi.eus\/es\/wp-json\/wp\/v2\/types\/post"}],"author":[{"embeddable":true,"href":"https:\/\/oriamendi.eus\/es\/wp-json\/wp\/v2\/users\/5"}],"replies":[{"embeddable":true,"href":"https:\/\/oriamendi.eus\/es\/wp-json\/wp\/v2\/comments?post=7885"}],"version-history":[{"count":1,"href":"https:\/\/oriamendi.eus\/es\/wp-json\/wp\/v2\/posts\/7885\/revisions"}],"predecessor-version":[{"id":7890,"href":"https:\/\/oriamendi.eus\/es\/wp-json\/wp\/v2\/posts\/7885\/revisions\/7890"}],"wp:featuredmedia":[{"embeddable":true,"href":"https:\/\/oriamendi.eus\/es\/wp-json\/wp\/v2\/media\/7888"}],"wp:attachment":[{"href":"https:\/\/oriamendi.eus\/es\/wp-json\/wp\/v2\/media?parent=7885"}],"wp:term":[{"taxonomy":"category","embeddable":true,"href":"https:\/\/oriamendi.eus\/es\/wp-json\/wp\/v2\/categories?post=7885"},{"taxonomy":"post_tag","embeddable":true,"href":"https:\/\/oriamendi.eus\/es\/wp-json\/wp\/v2\/tags?post=7885"}],"curies":[{"name":"wp","href":"https:\/\/api.w.org\/{rel}","templated":true}]}}