                                        
                                        
                                        
                                        
                                        
                                        
                                        
                                        
                                        
                                        
                                        
                                        
                                        
                                        
                                        
                                        
                                        
                                        
{"id":7850,"date":"2024-02-10T10:09:31","date_gmt":"2024-02-10T09:09:31","guid":{"rendered":"https:\/\/oriamendi.eus\/?p=7850"},"modified":"2024-02-10T10:09:31","modified_gmt":"2024-02-10T09:09:31","slug":"ansa-ii-defendera-el-titulo-del-masters-en-la-final","status":"publish","type":"post","link":"https:\/\/oriamendi.eus\/es\/2024\/02\/10\/ansa-ii-defendera-el-titulo-del-masters-en-la-final\/","title":{"rendered":"Ansa II defender\u00e1 el t\u00edtulo del Masters en la final"},"content":{"rendered":"<div><b>Se impone 30-23 a Azpiroz en el segundo partido de la liguilla y es el primer finalista<\/b><\/div>\n<div><b>\u00a0<\/b><\/div>\n<div>El urnietarra Imanol Ansa es el primer finalista del Kutxabank Masters despu\u00e9s de imponerse 30-23 a Azpiroz, en el segundo partido de la liguilla. Ansa tiene ocho puntos y ha terminado la liguilla en primera posici\u00f3n por lo que defender\u00e1 el t\u00edtulo de 2023 en la final. Por su parte, Azpiroz y Juanenea se jugar\u00e1 el pase a la final el s\u00e1bado que viene en el tercer partido de la liguilla. Ambos no tienen ning\u00fan punto y el ganador ser\u00e1 finalista y el perdedor quedar\u00e1 eliminado.<\/div>\n<div>Ansa II se impuso a Azpiroz en un partido que se pareci\u00f3 en el desarrollo del marcador al primero, pero no en cuanto al juego. No fue tan peloteado, ni tan duro y el saque tuvo mucho m\u00e1s influencia. Ansa II estuvo muy fino con el saque, con los que hizo hasta diez tantos y al resto tambi\u00e9n hizo seis tantos m\u00e1s. As\u00ed, m\u00e1s de la mitad de sus tantos llegaron con un solo pelotazo.<\/div>\n<div>Azpiroz pele\u00f3 y se mantuvo en el partido hasta el final. Cometi\u00f3 menos fallos que su rival, cuatro por seis, pero su pelotazo no hizo da\u00f1o y no romp\u00eda. Ansa se sinti\u00f3 m\u00e1s c\u00f3modo, mientras el de Huitzi no lograba desarbolar al contrincante. Eso s\u00ed, estuvo metido de lleno en la pelea. El marcador fue muy igualado hasta la \u00faltima decena. Tras el empate a 15 Ansa cogi\u00f3 una renta de dos tantos, pero el partido no se rompi\u00f3 hasta el 26-21. Hasta entonces la renta no pasaba de dos tantos a favor del ganador. Al final estuvo m\u00e1s acertado Ansa y eso le llev\u00f3 a la victoria.<\/div>\n<div><\/div>\n<div><b>Urriza y Larra\u00f1aga se llevan el estelar por parejas<\/b><\/div>\n<div><\/div>\n<div>Urriza y Larra\u00f1aga ganaron 2-0, con parciales de 15-12 y 15-14 a Aldabe y Barrenetxea. Fue un partido muy parejo, pero los colorados terminaron mejor los set. en el primero destac\u00f3 Larra\u00f1aga y tras el empate a diez cerraron el set con un buen final. El segundo set mejor\u00f3 el juego de los azules. Barrenetxea estuvo m\u00e1s acertado y eso les mantuvo en el partido e incluso estuvieron cerca de igualar la contienda. En el empate a 14 Aldabe cometi\u00f3 un fallo que daba la victoria a Urriza y Larra\u00f1aga.<\/div>\n","protected":false},"excerpt":{"rendered":"<p>Se impone 30-23 a Azpiroz en el segundo partido de la liguilla y es el primer finalista \u00a0 El urnietarra Imanol Ansa es el primer finalista del Kutxabank Masters despu\u00e9s de imponerse 30-23 a Azpiroz, en el segundo partido de la liguilla. Ansa tiene ocho puntos y ha terminado la liguilla en primera posici\u00f3n por [&hellip;]<\/p>\n","protected":false},"author":5,"featured_media":7852,"comment_status":"closed","ping_status":"open","sticky":false,"template":"","format":"standard","meta":{"_et_pb_use_builder":"","_et_pb_old_content":"","_et_gb_content_width":"","footnotes":""},"categories":[1],"tags":[],"yoast_head":"<!-- This site is optimized with the Yoast SEO plugin v21.8 - https:\/\/yoast.com\/wordpress\/plugins\/seo\/ -->\n<title>Ansa II defender\u00e1 el t\u00edtulo del Masters en la final | Oriamendi 2010<\/title>\n<meta name=\"robots\" content=\"index, follow, max-snippet:-1, max-image-preview:large, max-video-preview:-1\" \/>\n<link rel=\"canonical\" href=\"https:\/\/oriamendi.eus\/es\/2024\/02\/10\/ansa-ii-defendera-el-titulo-del-masters-en-la-final\/\" \/>\n<meta property=\"og:locale\" content=\"es_ES\" \/>\n<meta property=\"og:type\" content=\"article\" \/>\n<meta property=\"og:title\" content=\"Ansa II defender\u00e1 el t\u00edtulo del Masters en la final | Oriamendi 2010\" \/>\n<meta property=\"og:description\" content=\"Se impone 30-23 a Azpiroz en el segundo partido de la liguilla y es el primer finalista \u00a0 El urnietarra Imanol Ansa es el primer finalista del Kutxabank Masters despu\u00e9s de imponerse 30-23 a Azpiroz, en el segundo partido de la liguilla. Ansa tiene ocho puntos y ha terminado la liguilla en primera posici\u00f3n por [&hellip;]\" \/>\n<meta property=\"og:url\" content=\"https:\/\/oriamendi.eus\/es\/2024\/02\/10\/ansa-ii-defendera-el-titulo-del-masters-en-la-final\/\" \/>\n<meta property=\"og:site_name\" content=\"Oriamendi 2010\" \/>\n<meta property=\"article:publisher\" content=\"https:\/\/www.facebook.com\/oriamendi2010remonte\/\" \/>\n<meta property=\"article:published_time\" content=\"2024-02-10T09:09:31+00:00\" \/>\n<meta property=\"og:image\" content=\"https:\/\/oriamendi.eus\/wp-content\/uploads\/2024\/02\/DSC06458.jpg\" \/>\n\t<meta property=\"og:image:width\" content=\"1200\" \/>\n\t<meta property=\"og:image:height\" content=\"800\" \/>\n\t<meta property=\"og:image:type\" content=\"image\/jpeg\" \/>\n<meta name=\"author\" content=\"I\u00f1igo Go\u00f1i\" \/>\n<meta name=\"twitter:card\" content=\"summary_large_image\" \/>\n<meta name=\"twitter:creator\" content=\"@oriamendi2010\" \/>\n<meta name=\"twitter:site\" content=\"@oriamendi2010\" \/>\n<meta name=\"twitter:label1\" content=\"Escrito por\" \/>\n\t<meta name=\"twitter:data1\" content=\"I\u00f1igo Go\u00f1i\" \/>\n\t<meta name=\"twitter:label2\" content=\"Tiempo de lectura\" \/>\n\t<meta name=\"twitter:data2\" content=\"2 minutos\" \/>\n<script type=\"application\/ld+json\" class=\"yoast-schema-graph\">{\"@context\":\"https:\/\/schema.org\",\"@graph\":[{\"@type\":\"Article\",\"@id\":\"https:\/\/oriamendi.eus\/es\/2024\/02\/10\/ansa-ii-defendera-el-titulo-del-masters-en-la-final\/#article\",\"isPartOf\":{\"@id\":\"https:\/\/oriamendi.eus\/es\/2024\/02\/10\/ansa-ii-defendera-el-titulo-del-masters-en-la-final\/\"},\"author\":{\"name\":\"I\u00f1igo Go\u00f1i\",\"@id\":\"https:\/\/oriamendi.eus\/es\/#\/schema\/person\/c0bd06c6c747674306a5c82563e2339a\"},\"headline\":\"Ansa II defender\u00e1 el t\u00edtulo del Masters en la final\",\"datePublished\":\"2024-02-10T09:09:31+00:00\",\"dateModified\":\"2024-02-10T09:09:31+00:00\",\"mainEntityOfPage\":{\"@id\":\"https:\/\/oriamendi.eus\/es\/2024\/02\/10\/ansa-ii-defendera-el-titulo-del-masters-en-la-final\/\"},\"wordCount\":412,\"publisher\":{\"@id\":\"https:\/\/oriamendi.eus\/es\/#organization\"},\"articleSection\":[\"Sin categorizar\"],\"inLanguage\":\"es\"},{\"@type\":\"WebPage\",\"@id\":\"https:\/\/oriamendi.eus\/es\/2024\/02\/10\/ansa-ii-defendera-el-titulo-del-masters-en-la-final\/\",\"url\":\"https:\/\/oriamendi.eus\/es\/2024\/02\/10\/ansa-ii-defendera-el-titulo-del-masters-en-la-final\/\",\"name\":\"Ansa II defender\u00e1 el t\u00edtulo del Masters en la final | Oriamendi 2010\",\"isPartOf\":{\"@id\":\"https:\/\/oriamendi.eus\/es\/#website\"},\"datePublished\":\"2024-02-10T09:09:31+00:00\",\"dateModified\":\"2024-02-10T09:09:31+00:00\",\"breadcrumb\":{\"@id\":\"https:\/\/oriamendi.eus\/es\/2024\/02\/10\/ansa-ii-defendera-el-titulo-del-masters-en-la-final\/#breadcrumb\"},\"inLanguage\":\"es\",\"potentialAction\":[{\"@type\":\"ReadAction\",\"target\":[\"https:\/\/oriamendi.eus\/es\/2024\/02\/10\/ansa-ii-defendera-el-titulo-del-masters-en-la-final\/\"]}]},{\"@type\":\"BreadcrumbList\",\"@id\":\"https:\/\/oriamendi.eus\/es\/2024\/02\/10\/ansa-ii-defendera-el-titulo-del-masters-en-la-final\/#breadcrumb\",\"itemListElement\":[{\"@type\":\"ListItem\",\"position\":1,\"name\":\"Portada\",\"item\":\"https:\/\/oriamendi.eus\/es\/\"},{\"@type\":\"ListItem\",\"position\":2,\"name\":\"Ansa II defender\u00e1 el t\u00edtulo del Masters en la final\"}]},{\"@type\":\"WebSite\",\"@id\":\"https:\/\/oriamendi.eus\/es\/#website\",\"url\":\"https:\/\/oriamendi.eus\/es\/\",\"name\":\"Oriamendi\",\"description\":\"Remonte en Galarreta. Hernani. Gipuzkoa\",\"publisher\":{\"@id\":\"https:\/\/oriamendi.eus\/es\/#organization\"},\"potentialAction\":[{\"@type\":\"SearchAction\",\"target\":{\"@type\":\"EntryPoint\",\"urlTemplate\":\"https:\/\/oriamendi.eus\/es\/?s={search_term_string}\"},\"query-input\":\"required name=search_term_string\"}],\"inLanguage\":\"es\"},{\"@type\":\"Organization\",\"@id\":\"https:\/\/oriamendi.eus\/es\/#organization\",\"name\":\"Oriamendi\",\"url\":\"https:\/\/oriamendi.eus\/es\/\",\"logo\":{\"@type\":\"ImageObject\",\"inLanguage\":\"es\",\"@id\":\"https:\/\/oriamendi.eus\/es\/#\/schema\/logo\/image\/\",\"url\":\"https:\/\/oriamendi.eus\/wp-content\/uploads\/2020\/06\/logo-oriamendi.png\",\"contentUrl\":\"https:\/\/oriamendi.eus\/wp-content\/uploads\/2020\/06\/logo-oriamendi.png\",\"width\":300,\"height\":90,\"caption\":\"Oriamendi\"},\"image\":{\"@id\":\"https:\/\/oriamendi.eus\/es\/#\/schema\/logo\/image\/\"},\"sameAs\":[\"https:\/\/www.facebook.com\/oriamendi2010remonte\/\",\"https:\/\/twitter.com\/oriamendi2010\",\"https:\/\/www.instagram.com\/galarretajaialai\/\",\"https:\/\/www.youtube.com\/channel\/UC8gVNzQqB1iwnC-_rI-ihmA\/featured\"]},{\"@type\":\"Person\",\"@id\":\"https:\/\/oriamendi.eus\/es\/#\/schema\/person\/c0bd06c6c747674306a5c82563e2339a\",\"name\":\"I\u00f1igo Go\u00f1i\",\"image\":{\"@type\":\"ImageObject\",\"inLanguage\":\"es\",\"@id\":\"https:\/\/oriamendi.eus\/es\/#\/schema\/person\/image\/\",\"url\":\"https:\/\/secure.gravatar.com\/avatar\/fbb07ffc7b803bbfcc2b6419c06abd3a?s=96&d=mm&r=g\",\"contentUrl\":\"https:\/\/secure.gravatar.com\/avatar\/fbb07ffc7b803bbfcc2b6419c06abd3a?s=96&d=mm&r=g\",\"caption\":\"I\u00f1igo Go\u00f1i\"},\"url\":\"https:\/\/oriamendi.eus\/es\/author\/om-berriak\/\"}]}<\/script>\n<!-- \/ Yoast SEO plugin. -->","yoast_head_json":{"title":"Ansa II defender\u00e1 el t\u00edtulo del Masters en la final | Oriamendi 2010","robots":{"index":"index","follow":"follow","max-snippet":"max-snippet:-1","max-image-preview":"max-image-preview:large","max-video-preview":"max-video-preview:-1"},"canonical":"https:\/\/oriamendi.eus\/es\/2024\/02\/10\/ansa-ii-defendera-el-titulo-del-masters-en-la-final\/","og_locale":"es_ES","og_type":"article","og_title":"Ansa II defender\u00e1 el t\u00edtulo del Masters en la final | Oriamendi 2010","og_description":"Se impone 30-23 a Azpiroz en el segundo partido de la liguilla y es el primer finalista \u00a0 El urnietarra Imanol Ansa es el primer finalista del Kutxabank Masters despu\u00e9s de imponerse 30-23 a Azpiroz, en el segundo partido de la liguilla. Ansa tiene ocho puntos y ha terminado la liguilla en primera posici\u00f3n por [&hellip;]","og_url":"https:\/\/oriamendi.eus\/es\/2024\/02\/10\/ansa-ii-defendera-el-titulo-del-masters-en-la-final\/","og_site_name":"Oriamendi 2010","article_publisher":"https:\/\/www.facebook.com\/oriamendi2010remonte\/","article_published_time":"2024-02-10T09:09:31+00:00","og_image":[{"width":1200,"height":800,"url":"https:\/\/oriamendi.eus\/wp-content\/uploads\/2024\/02\/DSC06458.jpg","type":"image\/jpeg"}],"author":"I\u00f1igo Go\u00f1i","twitter_card":"summary_large_image","twitter_creator":"@oriamendi2010","twitter_site":"@oriamendi2010","twitter_misc":{"Escrito por":"I\u00f1igo Go\u00f1i","Tiempo de lectura":"2 minutos"},"schema":{"@context":"https:\/\/schema.org","@graph":[{"@type":"Article","@id":"https:\/\/oriamendi.eus\/es\/2024\/02\/10\/ansa-ii-defendera-el-titulo-del-masters-en-la-final\/#article","isPartOf":{"@id":"https:\/\/oriamendi.eus\/es\/2024\/02\/10\/ansa-ii-defendera-el-titulo-del-masters-en-la-final\/"},"author":{"name":"I\u00f1igo Go\u00f1i","@id":"https:\/\/oriamendi.eus\/es\/#\/schema\/person\/c0bd06c6c747674306a5c82563e2339a"},"headline":"Ansa II defender\u00e1 el t\u00edtulo del Masters en la final","datePublished":"2024-02-10T09:09:31+00:00","dateModified":"2024-02-10T09:09:31+00:00","mainEntityOfPage":{"@id":"https:\/\/oriamendi.eus\/es\/2024\/02\/10\/ansa-ii-defendera-el-titulo-del-masters-en-la-final\/"},"wordCount":412,"publisher":{"@id":"https:\/\/oriamendi.eus\/es\/#organization"},"articleSection":["Sin categorizar"],"inLanguage":"es"},{"@type":"WebPage","@id":"https:\/\/oriamendi.eus\/es\/2024\/02\/10\/ansa-ii-defendera-el-titulo-del-masters-en-la-final\/","url":"https:\/\/oriamendi.eus\/es\/2024\/02\/10\/ansa-ii-defendera-el-titulo-del-masters-en-la-final\/","name":"Ansa II defender\u00e1 el t\u00edtulo del Masters en la final | Oriamendi 2010","isPartOf":{"@id":"https:\/\/oriamendi.eus\/es\/#website"},"datePublished":"2024-02-10T09:09:31+00:00","dateModified":"2024-02-10T09:09:31+00:00","breadcrumb":{"@id":"https:\/\/oriamendi.eus\/es\/2024\/02\/10\/ansa-ii-defendera-el-titulo-del-masters-en-la-final\/#breadcrumb"},"inLanguage":"es","potentialAction":[{"@type":"ReadAction","target":["https:\/\/oriamendi.eus\/es\/2024\/02\/10\/ansa-ii-defendera-el-titulo-del-masters-en-la-final\/"]}]},{"@type":"BreadcrumbList","@id":"https:\/\/oriamendi.eus\/es\/2024\/02\/10\/ansa-ii-defendera-el-titulo-del-masters-en-la-final\/#breadcrumb","itemListElement":[{"@type":"ListItem","position":1,"name":"Portada","item":"https:\/\/oriamendi.eus\/es\/"},{"@type":"ListItem","position":2,"name":"Ansa II defender\u00e1 el t\u00edtulo del Masters en la final"}]},{"@type":"WebSite","@id":"https:\/\/oriamendi.eus\/es\/#website","url":"https:\/\/oriamendi.eus\/es\/","name":"Oriamendi","description":"Remonte en Galarreta. Hernani. Gipuzkoa","publisher":{"@id":"https:\/\/oriamendi.eus\/es\/#organization"},"potentialAction":[{"@type":"SearchAction","target":{"@type":"EntryPoint","urlTemplate":"https:\/\/oriamendi.eus\/es\/?s={search_term_string}"},"query-input":"required name=search_term_string"}],"inLanguage":"es"},{"@type":"Organization","@id":"https:\/\/oriamendi.eus\/es\/#organization","name":"Oriamendi","url":"https:\/\/oriamendi.eus\/es\/","logo":{"@type":"ImageObject","inLanguage":"es","@id":"https:\/\/oriamendi.eus\/es\/#\/schema\/logo\/image\/","url":"https:\/\/oriamendi.eus\/wp-content\/uploads\/2020\/06\/logo-oriamendi.png","contentUrl":"https:\/\/oriamendi.eus\/wp-content\/uploads\/2020\/06\/logo-oriamendi.png","width":300,"height":90,"caption":"Oriamendi"},"image":{"@id":"https:\/\/oriamendi.eus\/es\/#\/schema\/logo\/image\/"},"sameAs":["https:\/\/www.facebook.com\/oriamendi2010remonte\/","https:\/\/twitter.com\/oriamendi2010","https:\/\/www.instagram.com\/galarretajaialai\/","https:\/\/www.youtube.com\/channel\/UC8gVNzQqB1iwnC-_rI-ihmA\/featured"]},{"@type":"Person","@id":"https:\/\/oriamendi.eus\/es\/#\/schema\/person\/c0bd06c6c747674306a5c82563e2339a","name":"I\u00f1igo Go\u00f1i","image":{"@type":"ImageObject","inLanguage":"es","@id":"https:\/\/oriamendi.eus\/es\/#\/schema\/person\/image\/","url":"https:\/\/secure.gravatar.com\/avatar\/fbb07ffc7b803bbfcc2b6419c06abd3a?s=96&d=mm&r=g","contentUrl":"https:\/\/secure.gravatar.com\/avatar\/fbb07ffc7b803bbfcc2b6419c06abd3a?s=96&d=mm&r=g","caption":"I\u00f1igo Go\u00f1i"},"url":"https:\/\/oriamendi.eus\/es\/author\/om-berriak\/"}]}},"_links":{"self":[{"href":"https:\/\/oriamendi.eus\/es\/wp-json\/wp\/v2\/posts\/7850"}],"collection":[{"href":"https:\/\/oriamendi.eus\/es\/wp-json\/wp\/v2\/posts"}],"about":[{"href":"https:\/\/oriamendi.eus\/es\/wp-json\/wp\/v2\/types\/post"}],"author":[{"embeddable":true,"href":"https:\/\/oriamendi.eus\/es\/wp-json\/wp\/v2\/users\/5"}],"replies":[{"embeddable":true,"href":"https:\/\/oriamendi.eus\/es\/wp-json\/wp\/v2\/comments?post=7850"}],"version-history":[{"count":1,"href":"https:\/\/oriamendi.eus\/es\/wp-json\/wp\/v2\/posts\/7850\/revisions"}],"predecessor-version":[{"id":7851,"href":"https:\/\/oriamendi.eus\/es\/wp-json\/wp\/v2\/posts\/7850\/revisions\/7851"}],"wp:featuredmedia":[{"embeddable":true,"href":"https:\/\/oriamendi.eus\/es\/wp-json\/wp\/v2\/media\/7852"}],"wp:attachment":[{"href":"https:\/\/oriamendi.eus\/es\/wp-json\/wp\/v2\/media?parent=7850"}],"wp:term":[{"taxonomy":"category","embeddable":true,"href":"https:\/\/oriamendi.eus\/es\/wp-json\/wp\/v2\/categories?post=7850"},{"taxonomy":"post_tag","embeddable":true,"href":"https:\/\/oriamendi.eus\/es\/wp-json\/wp\/v2\/tags?post=7850"}],"curies":[{"name":"wp","href":"https:\/\/api.w.org\/{rel}","templated":true}]}}