                                        
                                        
                                        
                                        
                                        
                                        
                                        
                                        
                                        
                                        
                                        
                                        
                                        
                                        
                                        
                                        
                                        
                                        
{"id":7719,"date":"2023-12-30T23:50:23","date_gmt":"2023-12-30T22:50:23","guid":{"rendered":"https:\/\/oriamendi.eus\/?p=7719"},"modified":"2023-12-30T23:50:24","modified_gmt":"2023-12-30T22:50:24","slug":"7719","status":"publish","type":"post","link":"https:\/\/oriamendi.eus\/es\/2023\/12\/30\/7719\/","title":{"rendered":""},"content":{"rendered":"\n<p><strong>Goikoetxea V y Aiestaran VI, campeones del Parejas de Segunda<\/strong><\/p>\n\n\n\n<p><strong>Se imponen 2-1 (15-11, 13-15 y 8-7) en un partido a Irazu y Apezetxea<\/strong><\/p>\n\n\n\n<p>El Campeonato de Segunda de remonte ya conoce a sus primeros campeones. El urnietarra Goikoetxea V y el hernaniarra Aiestaran VI son los campeones despu\u00e9s de imponerse 2-1 (15-11, 13-15 y 8-7) a Irazu y Apezetxea en una gran final.\u00a0<\/p>\n\n\n\n<p>Las finales muchas veces est\u00e1n marcados por los nervios, pero se vio un partidazo entre cuatro remontistas muy enchufados y que no se rindieron y lo dieron todo hasta el final. Los colorados llevaron la iniciativa, pero los azules tuvieron sus momentos brillantes y tambi\u00e9n tuvieron las txapelas muy cerca.<\/p>\n\n\n\n<p>El primer set fue muy igualado hasta el 12-11. Las alternativas fueron constantes y hubo muchas igualadas a pesar del 3-0 de inicio para los colorados. Reaccionaron los azules y se pusieron por delante. La igualdad volvi\u00f3 en el empate a nueve y tras el 12-11 los \u00faltimos tres tantos cayeron del lado colorado, que les otorg\u00f3 el primer set.<\/p>\n\n\n\n<figure class=\"wp-block-image size-large\"><img fetchpriority=\"high\" fetchpriority=\"high\" decoding=\"async\" width=\"1024\" height=\"683\" src=\"https:\/\/oriamendi.eus\/wp-content\/uploads\/2023\/12\/F011-1-1024x683.jpg\" alt=\"\" class=\"wp-image-7723\" srcset=\"https:\/\/oriamendi.eus\/wp-content\/uploads\/2023\/12\/F011-1-1024x683.jpg 1024w, https:\/\/oriamendi.eus\/wp-content\/uploads\/2023\/12\/F011-1-980x653.jpg 980w, https:\/\/oriamendi.eus\/wp-content\/uploads\/2023\/12\/F011-1-480x320.jpg 480w\" sizes=\"(min-width: 0px) and (max-width: 480px) 480px, (min-width: 481px) and (max-width: 980px) 980px, (min-width: 981px) 1024px, 100vw\" \/><\/figure>\n\n\n\n<p>El segundo set tuvo un desarrollo.diferente. Los azules salieron con la clara intenci\u00f3n de poner el empate a uno. Pisando el acelerador abrieron brecha y se pusieron 0-5 por delante. La diferencia aument\u00f3 a los seis de diferencia en el 2-8, pero los rojos quer\u00edan dejar sentenciado la final en el segundo set. Para eso deb\u00edan remontar y comenzaron a recortar la desventaja hasta empatar a 12. Se acercaron 8-10, 9-10 y tras el 9-12 lleg\u00f3 el empate a 12. Hubo un segundo empate a 13, pero los \u00faltimos dos tantos cayeron del lado de Irazu y Apezetxea, que empataban a un set. Lo hab\u00edan merecido los azules y les lleg\u00f3 la recompensa.&nbsp;<\/p>\n\n\n\n<p>Todo estaba abierto y se iba a decidir en el set decisivo. El \u00faltimo set comenz\u00f3 de forma diferente y con los colorados renovados. Se adelantaron 2-0, 4-1 y 6-3. Ten\u00edan la final encarrilada, pero al contrario que en el segundo set fueron los azules quienes empataron a seis y dejaban todo en el aire. Volvieron e empatar a siete y el \u00faltimo tanto cay\u00f3 del lado colorado (8-7). La final se decidi\u00f3 por detalles y cualquiera pod\u00eda ganar, pero la moneda cay\u00f3 del lado de Goikoetxea y Aiestaran.&nbsp;<\/p>\n","protected":false},"excerpt":{"rendered":"<p>Goikoetxea V y Aiestaran VI, campeones del Parejas de Segunda Se imponen 2-1 (15-11, 13-15 y 8-7) en un partido a Irazu y Apezetxea El Campeonato de Segunda de remonte ya conoce a sus primeros campeones. El urnietarra Goikoetxea V y el hernaniarra Aiestaran VI son los campeones despu\u00e9s de imponerse 2-1 (15-11, 13-15 y [&hellip;]<\/p>\n","protected":false},"author":5,"featured_media":7721,"comment_status":"closed","ping_status":"open","sticky":false,"template":"","format":"standard","meta":{"_et_pb_use_builder":"","_et_pb_old_content":"","_et_gb_content_width":"","footnotes":""},"categories":[1],"tags":[],"yoast_head":"<!-- This site is optimized with the Yoast SEO plugin v21.8 - https:\/\/yoast.com\/wordpress\/plugins\/seo\/ -->\n<title>| Oriamendi 2010<\/title>\n<meta name=\"robots\" content=\"index, follow, max-snippet:-1, max-image-preview:large, max-video-preview:-1\" \/>\n<link rel=\"canonical\" href=\"https:\/\/oriamendi.eus\/es\/2023\/12\/30\/7719\/\" \/>\n<meta property=\"og:locale\" content=\"es_ES\" \/>\n<meta property=\"og:type\" content=\"article\" \/>\n<meta property=\"og:title\" content=\"| Oriamendi 2010\" \/>\n<meta property=\"og:description\" content=\"Goikoetxea V y Aiestaran VI, campeones del Parejas de Segunda Se imponen 2-1 (15-11, 13-15 y 8-7) en un partido a Irazu y Apezetxea El Campeonato de Segunda de remonte ya conoce a sus primeros campeones. El urnietarra Goikoetxea V y el hernaniarra Aiestaran VI son los campeones despu\u00e9s de imponerse 2-1 (15-11, 13-15 y [&hellip;]\" \/>\n<meta property=\"og:url\" content=\"https:\/\/oriamendi.eus\/es\/2023\/12\/30\/7719\/\" \/>\n<meta property=\"og:site_name\" content=\"Oriamendi 2010\" \/>\n<meta property=\"article:publisher\" content=\"https:\/\/www.facebook.com\/oriamendi2010remonte\/\" \/>\n<meta property=\"article:published_time\" content=\"2023-12-30T22:50:23+00:00\" \/>\n<meta property=\"article:modified_time\" content=\"2023-12-30T22:50:24+00:00\" \/>\n<meta property=\"og:image\" content=\"https:\/\/oriamendi.eus\/wp-content\/uploads\/2023\/12\/F005-1.jpg\" \/>\n\t<meta property=\"og:image:width\" content=\"1181\" \/>\n\t<meta property=\"og:image:height\" content=\"786\" \/>\n\t<meta property=\"og:image:type\" content=\"image\/jpeg\" \/>\n<meta name=\"author\" content=\"I\u00f1igo Go\u00f1i\" \/>\n<meta name=\"twitter:card\" content=\"summary_large_image\" \/>\n<meta name=\"twitter:creator\" content=\"@oriamendi2010\" \/>\n<meta name=\"twitter:site\" content=\"@oriamendi2010\" \/>\n<meta name=\"twitter:label1\" content=\"Escrito por\" \/>\n\t<meta name=\"twitter:data1\" content=\"I\u00f1igo Go\u00f1i\" \/>\n\t<meta name=\"twitter:label2\" content=\"Tiempo de lectura\" \/>\n\t<meta name=\"twitter:data2\" content=\"2 minutos\" \/>\n<script type=\"application\/ld+json\" class=\"yoast-schema-graph\">{\"@context\":\"https:\/\/schema.org\",\"@graph\":[{\"@type\":\"Article\",\"@id\":\"https:\/\/oriamendi.eus\/es\/2023\/12\/30\/7719\/#article\",\"isPartOf\":{\"@id\":\"https:\/\/oriamendi.eus\/es\/2023\/12\/30\/7719\/\"},\"author\":{\"name\":\"I\u00f1igo Go\u00f1i\",\"@id\":\"https:\/\/oriamendi.eus\/es\/#\/schema\/person\/c0bd06c6c747674306a5c82563e2339a\"},\"headline\":\"Sin t\u00edtulo\",\"datePublished\":\"2023-12-30T22:50:23+00:00\",\"dateModified\":\"2023-12-30T22:50:24+00:00\",\"mainEntityOfPage\":{\"@id\":\"https:\/\/oriamendi.eus\/es\/2023\/12\/30\/7719\/\"},\"wordCount\":385,\"publisher\":{\"@id\":\"https:\/\/oriamendi.eus\/es\/#organization\"},\"articleSection\":[\"Sin categorizar\"],\"inLanguage\":\"es\"},{\"@type\":\"WebPage\",\"@id\":\"https:\/\/oriamendi.eus\/es\/2023\/12\/30\/7719\/\",\"url\":\"https:\/\/oriamendi.eus\/es\/2023\/12\/30\/7719\/\",\"name\":\"| Oriamendi 2010\",\"isPartOf\":{\"@id\":\"https:\/\/oriamendi.eus\/es\/#website\"},\"datePublished\":\"2023-12-30T22:50:23+00:00\",\"dateModified\":\"2023-12-30T22:50:24+00:00\",\"inLanguage\":\"es\",\"potentialAction\":[{\"@type\":\"ReadAction\",\"target\":[\"https:\/\/oriamendi.eus\/es\/2023\/12\/30\/7719\/\"]}]},{\"@type\":\"WebSite\",\"@id\":\"https:\/\/oriamendi.eus\/es\/#website\",\"url\":\"https:\/\/oriamendi.eus\/es\/\",\"name\":\"Oriamendi\",\"description\":\"Remonte en Galarreta. Hernani. Gipuzkoa\",\"publisher\":{\"@id\":\"https:\/\/oriamendi.eus\/es\/#organization\"},\"potentialAction\":[{\"@type\":\"SearchAction\",\"target\":{\"@type\":\"EntryPoint\",\"urlTemplate\":\"https:\/\/oriamendi.eus\/es\/?s={search_term_string}\"},\"query-input\":\"required name=search_term_string\"}],\"inLanguage\":\"es\"},{\"@type\":\"Organization\",\"@id\":\"https:\/\/oriamendi.eus\/es\/#organization\",\"name\":\"Oriamendi\",\"url\":\"https:\/\/oriamendi.eus\/es\/\",\"logo\":{\"@type\":\"ImageObject\",\"inLanguage\":\"es\",\"@id\":\"https:\/\/oriamendi.eus\/es\/#\/schema\/logo\/image\/\",\"url\":\"https:\/\/oriamendi.eus\/wp-content\/uploads\/2020\/06\/logo-oriamendi.png\",\"contentUrl\":\"https:\/\/oriamendi.eus\/wp-content\/uploads\/2020\/06\/logo-oriamendi.png\",\"width\":300,\"height\":90,\"caption\":\"Oriamendi\"},\"image\":{\"@id\":\"https:\/\/oriamendi.eus\/es\/#\/schema\/logo\/image\/\"},\"sameAs\":[\"https:\/\/www.facebook.com\/oriamendi2010remonte\/\",\"https:\/\/twitter.com\/oriamendi2010\",\"https:\/\/www.instagram.com\/galarretajaialai\/\",\"https:\/\/www.youtube.com\/channel\/UC8gVNzQqB1iwnC-_rI-ihmA\/featured\"]},{\"@type\":\"Person\",\"@id\":\"https:\/\/oriamendi.eus\/es\/#\/schema\/person\/c0bd06c6c747674306a5c82563e2339a\",\"name\":\"I\u00f1igo Go\u00f1i\",\"image\":{\"@type\":\"ImageObject\",\"inLanguage\":\"es\",\"@id\":\"https:\/\/oriamendi.eus\/es\/#\/schema\/person\/image\/\",\"url\":\"https:\/\/secure.gravatar.com\/avatar\/fbb07ffc7b803bbfcc2b6419c06abd3a?s=96&d=mm&r=g\",\"contentUrl\":\"https:\/\/secure.gravatar.com\/avatar\/fbb07ffc7b803bbfcc2b6419c06abd3a?s=96&d=mm&r=g\",\"caption\":\"I\u00f1igo Go\u00f1i\"},\"url\":\"https:\/\/oriamendi.eus\/es\/author\/om-berriak\/\"}]}<\/script>\n<!-- \/ Yoast SEO plugin. -->","yoast_head_json":{"title":"| Oriamendi 2010","robots":{"index":"index","follow":"follow","max-snippet":"max-snippet:-1","max-image-preview":"max-image-preview:large","max-video-preview":"max-video-preview:-1"},"canonical":"https:\/\/oriamendi.eus\/es\/2023\/12\/30\/7719\/","og_locale":"es_ES","og_type":"article","og_title":"| Oriamendi 2010","og_description":"Goikoetxea V y Aiestaran VI, campeones del Parejas de Segunda Se imponen 2-1 (15-11, 13-15 y 8-7) en un partido a Irazu y Apezetxea El Campeonato de Segunda de remonte ya conoce a sus primeros campeones. El urnietarra Goikoetxea V y el hernaniarra Aiestaran VI son los campeones despu\u00e9s de imponerse 2-1 (15-11, 13-15 y [&hellip;]","og_url":"https:\/\/oriamendi.eus\/es\/2023\/12\/30\/7719\/","og_site_name":"Oriamendi 2010","article_publisher":"https:\/\/www.facebook.com\/oriamendi2010remonte\/","article_published_time":"2023-12-30T22:50:23+00:00","article_modified_time":"2023-12-30T22:50:24+00:00","og_image":[{"width":1181,"height":786,"url":"https:\/\/oriamendi.eus\/wp-content\/uploads\/2023\/12\/F005-1.jpg","type":"image\/jpeg"}],"author":"I\u00f1igo Go\u00f1i","twitter_card":"summary_large_image","twitter_creator":"@oriamendi2010","twitter_site":"@oriamendi2010","twitter_misc":{"Escrito por":"I\u00f1igo Go\u00f1i","Tiempo de lectura":"2 minutos"},"schema":{"@context":"https:\/\/schema.org","@graph":[{"@type":"Article","@id":"https:\/\/oriamendi.eus\/es\/2023\/12\/30\/7719\/#article","isPartOf":{"@id":"https:\/\/oriamendi.eus\/es\/2023\/12\/30\/7719\/"},"author":{"name":"I\u00f1igo Go\u00f1i","@id":"https:\/\/oriamendi.eus\/es\/#\/schema\/person\/c0bd06c6c747674306a5c82563e2339a"},"headline":"Sin t\u00edtulo","datePublished":"2023-12-30T22:50:23+00:00","dateModified":"2023-12-30T22:50:24+00:00","mainEntityOfPage":{"@id":"https:\/\/oriamendi.eus\/es\/2023\/12\/30\/7719\/"},"wordCount":385,"publisher":{"@id":"https:\/\/oriamendi.eus\/es\/#organization"},"articleSection":["Sin categorizar"],"inLanguage":"es"},{"@type":"WebPage","@id":"https:\/\/oriamendi.eus\/es\/2023\/12\/30\/7719\/","url":"https:\/\/oriamendi.eus\/es\/2023\/12\/30\/7719\/","name":"| Oriamendi 2010","isPartOf":{"@id":"https:\/\/oriamendi.eus\/es\/#website"},"datePublished":"2023-12-30T22:50:23+00:00","dateModified":"2023-12-30T22:50:24+00:00","inLanguage":"es","potentialAction":[{"@type":"ReadAction","target":["https:\/\/oriamendi.eus\/es\/2023\/12\/30\/7719\/"]}]},{"@type":"WebSite","@id":"https:\/\/oriamendi.eus\/es\/#website","url":"https:\/\/oriamendi.eus\/es\/","name":"Oriamendi","description":"Remonte en Galarreta. Hernani. Gipuzkoa","publisher":{"@id":"https:\/\/oriamendi.eus\/es\/#organization"},"potentialAction":[{"@type":"SearchAction","target":{"@type":"EntryPoint","urlTemplate":"https:\/\/oriamendi.eus\/es\/?s={search_term_string}"},"query-input":"required name=search_term_string"}],"inLanguage":"es"},{"@type":"Organization","@id":"https:\/\/oriamendi.eus\/es\/#organization","name":"Oriamendi","url":"https:\/\/oriamendi.eus\/es\/","logo":{"@type":"ImageObject","inLanguage":"es","@id":"https:\/\/oriamendi.eus\/es\/#\/schema\/logo\/image\/","url":"https:\/\/oriamendi.eus\/wp-content\/uploads\/2020\/06\/logo-oriamendi.png","contentUrl":"https:\/\/oriamendi.eus\/wp-content\/uploads\/2020\/06\/logo-oriamendi.png","width":300,"height":90,"caption":"Oriamendi"},"image":{"@id":"https:\/\/oriamendi.eus\/es\/#\/schema\/logo\/image\/"},"sameAs":["https:\/\/www.facebook.com\/oriamendi2010remonte\/","https:\/\/twitter.com\/oriamendi2010","https:\/\/www.instagram.com\/galarretajaialai\/","https:\/\/www.youtube.com\/channel\/UC8gVNzQqB1iwnC-_rI-ihmA\/featured"]},{"@type":"Person","@id":"https:\/\/oriamendi.eus\/es\/#\/schema\/person\/c0bd06c6c747674306a5c82563e2339a","name":"I\u00f1igo Go\u00f1i","image":{"@type":"ImageObject","inLanguage":"es","@id":"https:\/\/oriamendi.eus\/es\/#\/schema\/person\/image\/","url":"https:\/\/secure.gravatar.com\/avatar\/fbb07ffc7b803bbfcc2b6419c06abd3a?s=96&d=mm&r=g","contentUrl":"https:\/\/secure.gravatar.com\/avatar\/fbb07ffc7b803bbfcc2b6419c06abd3a?s=96&d=mm&r=g","caption":"I\u00f1igo Go\u00f1i"},"url":"https:\/\/oriamendi.eus\/es\/author\/om-berriak\/"}]}},"_links":{"self":[{"href":"https:\/\/oriamendi.eus\/es\/wp-json\/wp\/v2\/posts\/7719"}],"collection":[{"href":"https:\/\/oriamendi.eus\/es\/wp-json\/wp\/v2\/posts"}],"about":[{"href":"https:\/\/oriamendi.eus\/es\/wp-json\/wp\/v2\/types\/post"}],"author":[{"embeddable":true,"href":"https:\/\/oriamendi.eus\/es\/wp-json\/wp\/v2\/users\/5"}],"replies":[{"embeddable":true,"href":"https:\/\/oriamendi.eus\/es\/wp-json\/wp\/v2\/comments?post=7719"}],"version-history":[{"count":2,"href":"https:\/\/oriamendi.eus\/es\/wp-json\/wp\/v2\/posts\/7719\/revisions"}],"predecessor-version":[{"id":7725,"href":"https:\/\/oriamendi.eus\/es\/wp-json\/wp\/v2\/posts\/7719\/revisions\/7725"}],"wp:featuredmedia":[{"embeddable":true,"href":"https:\/\/oriamendi.eus\/es\/wp-json\/wp\/v2\/media\/7721"}],"wp:attachment":[{"href":"https:\/\/oriamendi.eus\/es\/wp-json\/wp\/v2\/media?parent=7719"}],"wp:term":[{"taxonomy":"category","embeddable":true,"href":"https:\/\/oriamendi.eus\/es\/wp-json\/wp\/v2\/categories?post=7719"},{"taxonomy":"post_tag","embeddable":true,"href":"https:\/\/oriamendi.eus\/es\/wp-json\/wp\/v2\/tags?post=7719"}],"curies":[{"name":"wp","href":"https:\/\/api.w.org\/{rel}","templated":true}]}}