                                        
                                        
                                        
                                        
                                        
                                        
                                        
                                        
                                        
                                        
                                        
                                        
                                        
                                        
                                        
                                        
                                        
                                        
{"id":7716,"date":"2023-12-23T19:41:40","date_gmt":"2023-12-23T18:41:40","guid":{"rendered":"https:\/\/oriamendi.eus\/?p=7716"},"modified":"2023-12-23T19:41:44","modified_gmt":"2023-12-23T18:41:44","slug":"irazu-y-apezetxea-pasan-a-la-final-de-segunda","status":"publish","type":"post","link":"https:\/\/oriamendi.eus\/es\/2023\/12\/23\/irazu-y-apezetxea-pasan-a-la-final-de-segunda\/","title":{"rendered":"Irazu y Apezetxea pasan a la final de Segunda"},"content":{"rendered":"\n<p><strong>Se imponen 0-2 (14-15 y 9-15) a Loitegi y Eskudero y ser\u00e1n los rivales de Goikoetxea y Aiestaran en la final<\/strong><\/p>\n\n\n\n<p>Irazu y Apezetxea se enfrentar\u00e1n a Goikoetxea V y Aiestaran VI en la final de Parejas de Segunda despu\u00e9s de ganar 0-2 (14-15 y 9-15) a Loitegi y Eskudero en la semifinal. Los finalistas resistieron en el primer set para ganar al final y eso les dio m\u00e1s fuerza para llevarse con m\u00e1s claridad el segundo.<\/p>\n\n\n\n<p>El partido comenz\u00f3 con dominio colorado de 6-2, 9-5, 13-10, pero tras empatar a 14 el \u00faltimo tanto cay\u00f3 del lado azul. Apezetxea, que fue el mejor del partido acab\u00f3 este primer set con cuatro tantos de saque y cinco en el peloteo.<\/p>\n\n\n\n<p>El segundo set estuvo marcado por el primero. A los azules les dio gasolina y a los colorados les hizo da\u00f1o. As\u00ed, el segundo fue m\u00e1s sencillo para Irazu y Apezetxea. Los delanteros empararon a seis tantos, pero Apezetxea volvi\u00f3 a marcar la diferencia con seis tantos de saque y dos en el peloteo para terminar con un total de 17 tantos en el partido.&nbsp;<\/p>\n","protected":false},"excerpt":{"rendered":"<p>Se imponen 0-2 (14-15 y 9-15) a Loitegi y Eskudero y ser\u00e1n los rivales de Goikoetxea y Aiestaran en la final Irazu y Apezetxea se enfrentar\u00e1n a Goikoetxea V y Aiestaran VI en la final de Parejas de Segunda despu\u00e9s de ganar 0-2 (14-15 y 9-15) a Loitegi y Eskudero en la semifinal. Los finalistas [&hellip;]<\/p>\n","protected":false},"author":5,"featured_media":7713,"comment_status":"closed","ping_status":"open","sticky":false,"template":"","format":"standard","meta":{"_et_pb_use_builder":"","_et_pb_old_content":"","_et_gb_content_width":"","footnotes":""},"categories":[1],"tags":[],"yoast_head":"<!-- This site is optimized with the Yoast SEO plugin v21.8 - https:\/\/yoast.com\/wordpress\/plugins\/seo\/ -->\n<title>Irazu y Apezetxea pasan a la final de Segunda | Oriamendi 2010<\/title>\n<meta name=\"robots\" content=\"index, follow, max-snippet:-1, max-image-preview:large, max-video-preview:-1\" \/>\n<link rel=\"canonical\" href=\"https:\/\/oriamendi.eus\/es\/2023\/12\/23\/irazu-y-apezetxea-pasan-a-la-final-de-segunda\/\" \/>\n<meta property=\"og:locale\" content=\"es_ES\" \/>\n<meta property=\"og:type\" content=\"article\" \/>\n<meta property=\"og:title\" content=\"Irazu y Apezetxea pasan a la final de Segunda | Oriamendi 2010\" \/>\n<meta property=\"og:description\" content=\"Se imponen 0-2 (14-15 y 9-15) a Loitegi y Eskudero y ser\u00e1n los rivales de Goikoetxea y Aiestaran en la final Irazu y Apezetxea se enfrentar\u00e1n a Goikoetxea V y Aiestaran VI en la final de Parejas de Segunda despu\u00e9s de ganar 0-2 (14-15 y 9-15) a Loitegi y Eskudero en la semifinal. Los finalistas [&hellip;]\" \/>\n<meta property=\"og:url\" content=\"https:\/\/oriamendi.eus\/es\/2023\/12\/23\/irazu-y-apezetxea-pasan-a-la-final-de-segunda\/\" \/>\n<meta property=\"og:site_name\" content=\"Oriamendi 2010\" \/>\n<meta property=\"article:publisher\" content=\"https:\/\/www.facebook.com\/oriamendi2010remonte\/\" \/>\n<meta property=\"article:published_time\" content=\"2023-12-23T18:41:40+00:00\" \/>\n<meta property=\"article:modified_time\" content=\"2023-12-23T18:41:44+00:00\" \/>\n<meta property=\"og:image\" content=\"https:\/\/oriamendi.eus\/wp-content\/uploads\/2023\/12\/F008.jpg\" \/>\n\t<meta property=\"og:image:width\" content=\"1200\" \/>\n\t<meta property=\"og:image:height\" content=\"800\" \/>\n\t<meta property=\"og:image:type\" content=\"image\/jpeg\" \/>\n<meta name=\"author\" content=\"I\u00f1igo Go\u00f1i\" \/>\n<meta name=\"twitter:card\" content=\"summary_large_image\" \/>\n<meta name=\"twitter:creator\" content=\"@oriamendi2010\" \/>\n<meta name=\"twitter:site\" content=\"@oriamendi2010\" \/>\n<meta name=\"twitter:label1\" content=\"Escrito por\" \/>\n\t<meta name=\"twitter:data1\" content=\"I\u00f1igo Go\u00f1i\" \/>\n\t<meta name=\"twitter:label2\" content=\"Tiempo de lectura\" \/>\n\t<meta name=\"twitter:data2\" content=\"1 minuto\" \/>\n<script type=\"application\/ld+json\" class=\"yoast-schema-graph\">{\"@context\":\"https:\/\/schema.org\",\"@graph\":[{\"@type\":\"Article\",\"@id\":\"https:\/\/oriamendi.eus\/es\/2023\/12\/23\/irazu-y-apezetxea-pasan-a-la-final-de-segunda\/#article\",\"isPartOf\":{\"@id\":\"https:\/\/oriamendi.eus\/es\/2023\/12\/23\/irazu-y-apezetxea-pasan-a-la-final-de-segunda\/\"},\"author\":{\"name\":\"I\u00f1igo Go\u00f1i\",\"@id\":\"https:\/\/oriamendi.eus\/es\/#\/schema\/person\/c0bd06c6c747674306a5c82563e2339a\"},\"headline\":\"Irazu y Apezetxea pasan a la final de Segunda\",\"datePublished\":\"2023-12-23T18:41:40+00:00\",\"dateModified\":\"2023-12-23T18:41:44+00:00\",\"mainEntityOfPage\":{\"@id\":\"https:\/\/oriamendi.eus\/es\/2023\/12\/23\/irazu-y-apezetxea-pasan-a-la-final-de-segunda\/\"},\"wordCount\":200,\"publisher\":{\"@id\":\"https:\/\/oriamendi.eus\/es\/#organization\"},\"articleSection\":[\"Sin categorizar\"],\"inLanguage\":\"es\"},{\"@type\":\"WebPage\",\"@id\":\"https:\/\/oriamendi.eus\/es\/2023\/12\/23\/irazu-y-apezetxea-pasan-a-la-final-de-segunda\/\",\"url\":\"https:\/\/oriamendi.eus\/es\/2023\/12\/23\/irazu-y-apezetxea-pasan-a-la-final-de-segunda\/\",\"name\":\"Irazu y Apezetxea pasan a la final de Segunda | Oriamendi 2010\",\"isPartOf\":{\"@id\":\"https:\/\/oriamendi.eus\/es\/#website\"},\"datePublished\":\"2023-12-23T18:41:40+00:00\",\"dateModified\":\"2023-12-23T18:41:44+00:00\",\"breadcrumb\":{\"@id\":\"https:\/\/oriamendi.eus\/es\/2023\/12\/23\/irazu-y-apezetxea-pasan-a-la-final-de-segunda\/#breadcrumb\"},\"inLanguage\":\"es\",\"potentialAction\":[{\"@type\":\"ReadAction\",\"target\":[\"https:\/\/oriamendi.eus\/es\/2023\/12\/23\/irazu-y-apezetxea-pasan-a-la-final-de-segunda\/\"]}]},{\"@type\":\"BreadcrumbList\",\"@id\":\"https:\/\/oriamendi.eus\/es\/2023\/12\/23\/irazu-y-apezetxea-pasan-a-la-final-de-segunda\/#breadcrumb\",\"itemListElement\":[{\"@type\":\"ListItem\",\"position\":1,\"name\":\"Portada\",\"item\":\"https:\/\/oriamendi.eus\/es\/\"},{\"@type\":\"ListItem\",\"position\":2,\"name\":\"Irazu y Apezetxea pasan a la final de Segunda\"}]},{\"@type\":\"WebSite\",\"@id\":\"https:\/\/oriamendi.eus\/es\/#website\",\"url\":\"https:\/\/oriamendi.eus\/es\/\",\"name\":\"Oriamendi\",\"description\":\"Remonte en Galarreta. Hernani. Gipuzkoa\",\"publisher\":{\"@id\":\"https:\/\/oriamendi.eus\/es\/#organization\"},\"potentialAction\":[{\"@type\":\"SearchAction\",\"target\":{\"@type\":\"EntryPoint\",\"urlTemplate\":\"https:\/\/oriamendi.eus\/es\/?s={search_term_string}\"},\"query-input\":\"required name=search_term_string\"}],\"inLanguage\":\"es\"},{\"@type\":\"Organization\",\"@id\":\"https:\/\/oriamendi.eus\/es\/#organization\",\"name\":\"Oriamendi\",\"url\":\"https:\/\/oriamendi.eus\/es\/\",\"logo\":{\"@type\":\"ImageObject\",\"inLanguage\":\"es\",\"@id\":\"https:\/\/oriamendi.eus\/es\/#\/schema\/logo\/image\/\",\"url\":\"https:\/\/oriamendi.eus\/wp-content\/uploads\/2020\/06\/logo-oriamendi.png\",\"contentUrl\":\"https:\/\/oriamendi.eus\/wp-content\/uploads\/2020\/06\/logo-oriamendi.png\",\"width\":300,\"height\":90,\"caption\":\"Oriamendi\"},\"image\":{\"@id\":\"https:\/\/oriamendi.eus\/es\/#\/schema\/logo\/image\/\"},\"sameAs\":[\"https:\/\/www.facebook.com\/oriamendi2010remonte\/\",\"https:\/\/twitter.com\/oriamendi2010\",\"https:\/\/www.instagram.com\/galarretajaialai\/\",\"https:\/\/www.youtube.com\/channel\/UC8gVNzQqB1iwnC-_rI-ihmA\/featured\"]},{\"@type\":\"Person\",\"@id\":\"https:\/\/oriamendi.eus\/es\/#\/schema\/person\/c0bd06c6c747674306a5c82563e2339a\",\"name\":\"I\u00f1igo Go\u00f1i\",\"image\":{\"@type\":\"ImageObject\",\"inLanguage\":\"es\",\"@id\":\"https:\/\/oriamendi.eus\/es\/#\/schema\/person\/image\/\",\"url\":\"https:\/\/secure.gravatar.com\/avatar\/fbb07ffc7b803bbfcc2b6419c06abd3a?s=96&d=mm&r=g\",\"contentUrl\":\"https:\/\/secure.gravatar.com\/avatar\/fbb07ffc7b803bbfcc2b6419c06abd3a?s=96&d=mm&r=g\",\"caption\":\"I\u00f1igo Go\u00f1i\"},\"url\":\"https:\/\/oriamendi.eus\/es\/author\/om-berriak\/\"}]}<\/script>\n<!-- \/ Yoast SEO plugin. -->","yoast_head_json":{"title":"Irazu y Apezetxea pasan a la final de Segunda | Oriamendi 2010","robots":{"index":"index","follow":"follow","max-snippet":"max-snippet:-1","max-image-preview":"max-image-preview:large","max-video-preview":"max-video-preview:-1"},"canonical":"https:\/\/oriamendi.eus\/es\/2023\/12\/23\/irazu-y-apezetxea-pasan-a-la-final-de-segunda\/","og_locale":"es_ES","og_type":"article","og_title":"Irazu y Apezetxea pasan a la final de Segunda | Oriamendi 2010","og_description":"Se imponen 0-2 (14-15 y 9-15) a Loitegi y Eskudero y ser\u00e1n los rivales de Goikoetxea y Aiestaran en la final Irazu y Apezetxea se enfrentar\u00e1n a Goikoetxea V y Aiestaran VI en la final de Parejas de Segunda despu\u00e9s de ganar 0-2 (14-15 y 9-15) a Loitegi y Eskudero en la semifinal. Los finalistas [&hellip;]","og_url":"https:\/\/oriamendi.eus\/es\/2023\/12\/23\/irazu-y-apezetxea-pasan-a-la-final-de-segunda\/","og_site_name":"Oriamendi 2010","article_publisher":"https:\/\/www.facebook.com\/oriamendi2010remonte\/","article_published_time":"2023-12-23T18:41:40+00:00","article_modified_time":"2023-12-23T18:41:44+00:00","og_image":[{"width":1200,"height":800,"url":"https:\/\/oriamendi.eus\/wp-content\/uploads\/2023\/12\/F008.jpg","type":"image\/jpeg"}],"author":"I\u00f1igo Go\u00f1i","twitter_card":"summary_large_image","twitter_creator":"@oriamendi2010","twitter_site":"@oriamendi2010","twitter_misc":{"Escrito por":"I\u00f1igo Go\u00f1i","Tiempo de lectura":"1 minuto"},"schema":{"@context":"https:\/\/schema.org","@graph":[{"@type":"Article","@id":"https:\/\/oriamendi.eus\/es\/2023\/12\/23\/irazu-y-apezetxea-pasan-a-la-final-de-segunda\/#article","isPartOf":{"@id":"https:\/\/oriamendi.eus\/es\/2023\/12\/23\/irazu-y-apezetxea-pasan-a-la-final-de-segunda\/"},"author":{"name":"I\u00f1igo Go\u00f1i","@id":"https:\/\/oriamendi.eus\/es\/#\/schema\/person\/c0bd06c6c747674306a5c82563e2339a"},"headline":"Irazu y Apezetxea pasan a la final de Segunda","datePublished":"2023-12-23T18:41:40+00:00","dateModified":"2023-12-23T18:41:44+00:00","mainEntityOfPage":{"@id":"https:\/\/oriamendi.eus\/es\/2023\/12\/23\/irazu-y-apezetxea-pasan-a-la-final-de-segunda\/"},"wordCount":200,"publisher":{"@id":"https:\/\/oriamendi.eus\/es\/#organization"},"articleSection":["Sin categorizar"],"inLanguage":"es"},{"@type":"WebPage","@id":"https:\/\/oriamendi.eus\/es\/2023\/12\/23\/irazu-y-apezetxea-pasan-a-la-final-de-segunda\/","url":"https:\/\/oriamendi.eus\/es\/2023\/12\/23\/irazu-y-apezetxea-pasan-a-la-final-de-segunda\/","name":"Irazu y Apezetxea pasan a la final de Segunda | Oriamendi 2010","isPartOf":{"@id":"https:\/\/oriamendi.eus\/es\/#website"},"datePublished":"2023-12-23T18:41:40+00:00","dateModified":"2023-12-23T18:41:44+00:00","breadcrumb":{"@id":"https:\/\/oriamendi.eus\/es\/2023\/12\/23\/irazu-y-apezetxea-pasan-a-la-final-de-segunda\/#breadcrumb"},"inLanguage":"es","potentialAction":[{"@type":"ReadAction","target":["https:\/\/oriamendi.eus\/es\/2023\/12\/23\/irazu-y-apezetxea-pasan-a-la-final-de-segunda\/"]}]},{"@type":"BreadcrumbList","@id":"https:\/\/oriamendi.eus\/es\/2023\/12\/23\/irazu-y-apezetxea-pasan-a-la-final-de-segunda\/#breadcrumb","itemListElement":[{"@type":"ListItem","position":1,"name":"Portada","item":"https:\/\/oriamendi.eus\/es\/"},{"@type":"ListItem","position":2,"name":"Irazu y Apezetxea pasan a la final de Segunda"}]},{"@type":"WebSite","@id":"https:\/\/oriamendi.eus\/es\/#website","url":"https:\/\/oriamendi.eus\/es\/","name":"Oriamendi","description":"Remonte en Galarreta. Hernani. Gipuzkoa","publisher":{"@id":"https:\/\/oriamendi.eus\/es\/#organization"},"potentialAction":[{"@type":"SearchAction","target":{"@type":"EntryPoint","urlTemplate":"https:\/\/oriamendi.eus\/es\/?s={search_term_string}"},"query-input":"required name=search_term_string"}],"inLanguage":"es"},{"@type":"Organization","@id":"https:\/\/oriamendi.eus\/es\/#organization","name":"Oriamendi","url":"https:\/\/oriamendi.eus\/es\/","logo":{"@type":"ImageObject","inLanguage":"es","@id":"https:\/\/oriamendi.eus\/es\/#\/schema\/logo\/image\/","url":"https:\/\/oriamendi.eus\/wp-content\/uploads\/2020\/06\/logo-oriamendi.png","contentUrl":"https:\/\/oriamendi.eus\/wp-content\/uploads\/2020\/06\/logo-oriamendi.png","width":300,"height":90,"caption":"Oriamendi"},"image":{"@id":"https:\/\/oriamendi.eus\/es\/#\/schema\/logo\/image\/"},"sameAs":["https:\/\/www.facebook.com\/oriamendi2010remonte\/","https:\/\/twitter.com\/oriamendi2010","https:\/\/www.instagram.com\/galarretajaialai\/","https:\/\/www.youtube.com\/channel\/UC8gVNzQqB1iwnC-_rI-ihmA\/featured"]},{"@type":"Person","@id":"https:\/\/oriamendi.eus\/es\/#\/schema\/person\/c0bd06c6c747674306a5c82563e2339a","name":"I\u00f1igo Go\u00f1i","image":{"@type":"ImageObject","inLanguage":"es","@id":"https:\/\/oriamendi.eus\/es\/#\/schema\/person\/image\/","url":"https:\/\/secure.gravatar.com\/avatar\/fbb07ffc7b803bbfcc2b6419c06abd3a?s=96&d=mm&r=g","contentUrl":"https:\/\/secure.gravatar.com\/avatar\/fbb07ffc7b803bbfcc2b6419c06abd3a?s=96&d=mm&r=g","caption":"I\u00f1igo Go\u00f1i"},"url":"https:\/\/oriamendi.eus\/es\/author\/om-berriak\/"}]}},"_links":{"self":[{"href":"https:\/\/oriamendi.eus\/es\/wp-json\/wp\/v2\/posts\/7716"}],"collection":[{"href":"https:\/\/oriamendi.eus\/es\/wp-json\/wp\/v2\/posts"}],"about":[{"href":"https:\/\/oriamendi.eus\/es\/wp-json\/wp\/v2\/types\/post"}],"author":[{"embeddable":true,"href":"https:\/\/oriamendi.eus\/es\/wp-json\/wp\/v2\/users\/5"}],"replies":[{"embeddable":true,"href":"https:\/\/oriamendi.eus\/es\/wp-json\/wp\/v2\/comments?post=7716"}],"version-history":[{"count":1,"href":"https:\/\/oriamendi.eus\/es\/wp-json\/wp\/v2\/posts\/7716\/revisions"}],"predecessor-version":[{"id":7717,"href":"https:\/\/oriamendi.eus\/es\/wp-json\/wp\/v2\/posts\/7716\/revisions\/7717"}],"wp:featuredmedia":[{"embeddable":true,"href":"https:\/\/oriamendi.eus\/es\/wp-json\/wp\/v2\/media\/7713"}],"wp:attachment":[{"href":"https:\/\/oriamendi.eus\/es\/wp-json\/wp\/v2\/media?parent=7716"}],"wp:term":[{"taxonomy":"category","embeddable":true,"href":"https:\/\/oriamendi.eus\/es\/wp-json\/wp\/v2\/categories?post=7716"},{"taxonomy":"post_tag","embeddable":true,"href":"https:\/\/oriamendi.eus\/es\/wp-json\/wp\/v2\/tags?post=7716"}],"curies":[{"name":"wp","href":"https:\/\/api.w.org\/{rel}","templated":true}]}}