                                        
                                        
                                        
                                        
                                        
                                        
                                        
                                        
                                        
                                        
                                        
                                        
                                        
                                        
                                        
                                        
                                        
                                        
{"id":7701,"date":"2023-12-21T19:24:57","date_gmt":"2023-12-21T18:24:57","guid":{"rendered":"https:\/\/oriamendi.eus\/?p=7701"},"modified":"2023-12-21T19:25:00","modified_gmt":"2023-12-21T18:25:00","slug":"la-semifinal-sera-diferente-al-partido-de-la-liguilla","status":"publish","type":"post","link":"https:\/\/oriamendi.eus\/es\/2023\/12\/21\/la-semifinal-sera-diferente-al-partido-de-la-liguilla\/","title":{"rendered":"\u00abLa semifinal ser\u00e1 diferente al partido de la liguilla\u00bb"},"content":{"rendered":"\n<p>El adunarra Jon Irazu tambi\u00e9n disputar\u00e1 la primera semifinal de esta categor\u00eda con el goizuetarra Oier Apezetxea.<\/p>\n\n\n\n<p>\u00abEstamos con muchas ganas. Empezamos el campeonato con derrota, pero cada vez hemos ido jugando mejor. Tanto Oier como yo estamos con muchas ganas\u00bb.<\/p>\n\n\n\n<p>Aunque perdieron el primer partido han competido bien durante todo el campeonato. \u00abLos partidos que hemos perdido tambi\u00e9n los hemos perdido por poco. Hemos jugado bastante bien y hemos peleado bien todos los partidos \u00ab.<\/p>\n\n\n\n<p>Irazu cree que la semifinal ser\u00e1 diferente al partido de la liguilla. \u00abRecuerdo que aquel primer set lo jugu\u00e9 muy mal y ahora en el primer set empezar\u00e9 metido en el partido. Oier jug\u00f3 bien y el partido ser\u00e1 diferente. Nosotros llegamos mejor. Ellos tambi\u00e9n han jugado m\u00e1s partidos juntos y se entienden mejor en la cancha\u00bb.<\/p>\n\n\n\n<p>\u00abIntentaremos imponer nuestro ritmo\u00bb, dice Irazu. \u00abSi no lo hacemos Loitegi mandar\u00e1. Tambi\u00e9n queremos aprovechar el golpe de Oier. Desde el principio queremos poner el partido de nuestro lado. Si Loitegi tiene un buen d\u00eda es dif\u00edcil de superar y tenemos que intentar que entre en el juego lo menos posible. Si entra en juego siempre nos conviene que tenga que defender o en posturas dif\u00edciles \u00ab.<\/p>\n\n\n\n<p>Irazu se ha encontrado bien durante el campeonato. \u00abAntes de empezar el campeonato me ve\u00eda bien, con chispa y juego. Aquel primer set me dej\u00f3 alguna duda, pero enseguida me di cuenta de que la sensaci\u00f3n que ten\u00eda era la real. He estado bien de golpe y de juego y estoy mejor con el ritmo que al principio. Adem\u00e1s con Oier me llevo muy bien. Nos gust\u00f3 la noticia que \u00edbamos a jugar juntos \u00ab.<\/p>\n\n\n\n<p>Las entradas para la semifinal se pueden adquirir en la web oriamendi.eus.<\/p>\n","protected":false},"excerpt":{"rendered":"<p>El adunarra Jon Irazu tambi\u00e9n disputar\u00e1 la primera semifinal de esta categor\u00eda con el goizuetarra Oier Apezetxea. \u00abEstamos con muchas ganas. Empezamos el campeonato con derrota, pero cada vez hemos ido jugando mejor. Tanto Oier como yo estamos con muchas ganas\u00bb. Aunque perdieron el primer partido han competido bien durante todo el campeonato. \u00abLos partidos [&hellip;]<\/p>\n","protected":false},"author":5,"featured_media":7072,"comment_status":"closed","ping_status":"open","sticky":false,"template":"","format":"standard","meta":{"_et_pb_use_builder":"","_et_pb_old_content":"","_et_gb_content_width":"","footnotes":""},"categories":[1],"tags":[],"yoast_head":"<!-- This site is optimized with the Yoast SEO plugin v21.8 - https:\/\/yoast.com\/wordpress\/plugins\/seo\/ -->\n<title>&quot;La semifinal ser\u00e1 diferente al partido de la liguilla&quot; | Oriamendi 2010<\/title>\n<meta name=\"robots\" content=\"index, follow, max-snippet:-1, max-image-preview:large, max-video-preview:-1\" \/>\n<link rel=\"canonical\" href=\"https:\/\/oriamendi.eus\/es\/2023\/12\/21\/la-semifinal-sera-diferente-al-partido-de-la-liguilla\/\" \/>\n<meta property=\"og:locale\" content=\"es_ES\" \/>\n<meta property=\"og:type\" content=\"article\" \/>\n<meta property=\"og:title\" content=\"&quot;La semifinal ser\u00e1 diferente al partido de la liguilla&quot; | Oriamendi 2010\" \/>\n<meta property=\"og:description\" content=\"El adunarra Jon Irazu tambi\u00e9n disputar\u00e1 la primera semifinal de esta categor\u00eda con el goizuetarra Oier Apezetxea. \u00abEstamos con muchas ganas. Empezamos el campeonato con derrota, pero cada vez hemos ido jugando mejor. Tanto Oier como yo estamos con muchas ganas\u00bb. Aunque perdieron el primer partido han competido bien durante todo el campeonato. \u00abLos partidos [&hellip;]\" \/>\n<meta property=\"og:url\" content=\"https:\/\/oriamendi.eus\/es\/2023\/12\/21\/la-semifinal-sera-diferente-al-partido-de-la-liguilla\/\" \/>\n<meta property=\"og:site_name\" content=\"Oriamendi 2010\" \/>\n<meta property=\"article:publisher\" content=\"https:\/\/www.facebook.com\/oriamendi2010remonte\/\" \/>\n<meta property=\"article:published_time\" content=\"2023-12-21T18:24:57+00:00\" \/>\n<meta property=\"article:modified_time\" content=\"2023-12-21T18:25:00+00:00\" \/>\n<meta property=\"og:image\" content=\"https:\/\/oriamendi.eus\/wp-content\/uploads\/2023\/03\/irazu.jpg\" \/>\n\t<meta property=\"og:image:width\" content=\"1200\" \/>\n\t<meta property=\"og:image:height\" content=\"800\" \/>\n\t<meta property=\"og:image:type\" content=\"image\/jpeg\" \/>\n<meta name=\"author\" content=\"I\u00f1igo Go\u00f1i\" \/>\n<meta name=\"twitter:card\" content=\"summary_large_image\" \/>\n<meta name=\"twitter:creator\" content=\"@oriamendi2010\" \/>\n<meta name=\"twitter:site\" content=\"@oriamendi2010\" \/>\n<meta name=\"twitter:label1\" content=\"Escrito por\" \/>\n\t<meta name=\"twitter:data1\" content=\"I\u00f1igo Go\u00f1i\" \/>\n\t<meta name=\"twitter:label2\" content=\"Tiempo de lectura\" \/>\n\t<meta name=\"twitter:data2\" content=\"2 minutos\" \/>\n<script type=\"application\/ld+json\" class=\"yoast-schema-graph\">{\"@context\":\"https:\/\/schema.org\",\"@graph\":[{\"@type\":\"Article\",\"@id\":\"https:\/\/oriamendi.eus\/es\/2023\/12\/21\/la-semifinal-sera-diferente-al-partido-de-la-liguilla\/#article\",\"isPartOf\":{\"@id\":\"https:\/\/oriamendi.eus\/es\/2023\/12\/21\/la-semifinal-sera-diferente-al-partido-de-la-liguilla\/\"},\"author\":{\"name\":\"I\u00f1igo Go\u00f1i\",\"@id\":\"https:\/\/oriamendi.eus\/es\/#\/schema\/person\/c0bd06c6c747674306a5c82563e2339a\"},\"headline\":\"\u00abLa semifinal ser\u00e1 diferente al partido de la liguilla\u00bb\",\"datePublished\":\"2023-12-21T18:24:57+00:00\",\"dateModified\":\"2023-12-21T18:25:00+00:00\",\"mainEntityOfPage\":{\"@id\":\"https:\/\/oriamendi.eus\/es\/2023\/12\/21\/la-semifinal-sera-diferente-al-partido-de-la-liguilla\/\"},\"wordCount\":307,\"publisher\":{\"@id\":\"https:\/\/oriamendi.eus\/es\/#organization\"},\"articleSection\":[\"Sin categorizar\"],\"inLanguage\":\"es\"},{\"@type\":\"WebPage\",\"@id\":\"https:\/\/oriamendi.eus\/es\/2023\/12\/21\/la-semifinal-sera-diferente-al-partido-de-la-liguilla\/\",\"url\":\"https:\/\/oriamendi.eus\/es\/2023\/12\/21\/la-semifinal-sera-diferente-al-partido-de-la-liguilla\/\",\"name\":\"\\\"La semifinal ser\u00e1 diferente al partido de la liguilla\\\" | Oriamendi 2010\",\"isPartOf\":{\"@id\":\"https:\/\/oriamendi.eus\/es\/#website\"},\"datePublished\":\"2023-12-21T18:24:57+00:00\",\"dateModified\":\"2023-12-21T18:25:00+00:00\",\"breadcrumb\":{\"@id\":\"https:\/\/oriamendi.eus\/es\/2023\/12\/21\/la-semifinal-sera-diferente-al-partido-de-la-liguilla\/#breadcrumb\"},\"inLanguage\":\"es\",\"potentialAction\":[{\"@type\":\"ReadAction\",\"target\":[\"https:\/\/oriamendi.eus\/es\/2023\/12\/21\/la-semifinal-sera-diferente-al-partido-de-la-liguilla\/\"]}]},{\"@type\":\"BreadcrumbList\",\"@id\":\"https:\/\/oriamendi.eus\/es\/2023\/12\/21\/la-semifinal-sera-diferente-al-partido-de-la-liguilla\/#breadcrumb\",\"itemListElement\":[{\"@type\":\"ListItem\",\"position\":1,\"name\":\"Portada\",\"item\":\"https:\/\/oriamendi.eus\/es\/\"},{\"@type\":\"ListItem\",\"position\":2,\"name\":\"\u00abLa semifinal ser\u00e1 diferente al partido de la liguilla\u00bb\"}]},{\"@type\":\"WebSite\",\"@id\":\"https:\/\/oriamendi.eus\/es\/#website\",\"url\":\"https:\/\/oriamendi.eus\/es\/\",\"name\":\"Oriamendi\",\"description\":\"Remonte en Galarreta. Hernani. Gipuzkoa\",\"publisher\":{\"@id\":\"https:\/\/oriamendi.eus\/es\/#organization\"},\"potentialAction\":[{\"@type\":\"SearchAction\",\"target\":{\"@type\":\"EntryPoint\",\"urlTemplate\":\"https:\/\/oriamendi.eus\/es\/?s={search_term_string}\"},\"query-input\":\"required name=search_term_string\"}],\"inLanguage\":\"es\"},{\"@type\":\"Organization\",\"@id\":\"https:\/\/oriamendi.eus\/es\/#organization\",\"name\":\"Oriamendi\",\"url\":\"https:\/\/oriamendi.eus\/es\/\",\"logo\":{\"@type\":\"ImageObject\",\"inLanguage\":\"es\",\"@id\":\"https:\/\/oriamendi.eus\/es\/#\/schema\/logo\/image\/\",\"url\":\"https:\/\/oriamendi.eus\/wp-content\/uploads\/2020\/06\/logo-oriamendi.png\",\"contentUrl\":\"https:\/\/oriamendi.eus\/wp-content\/uploads\/2020\/06\/logo-oriamendi.png\",\"width\":300,\"height\":90,\"caption\":\"Oriamendi\"},\"image\":{\"@id\":\"https:\/\/oriamendi.eus\/es\/#\/schema\/logo\/image\/\"},\"sameAs\":[\"https:\/\/www.facebook.com\/oriamendi2010remonte\/\",\"https:\/\/twitter.com\/oriamendi2010\",\"https:\/\/www.instagram.com\/galarretajaialai\/\",\"https:\/\/www.youtube.com\/channel\/UC8gVNzQqB1iwnC-_rI-ihmA\/featured\"]},{\"@type\":\"Person\",\"@id\":\"https:\/\/oriamendi.eus\/es\/#\/schema\/person\/c0bd06c6c747674306a5c82563e2339a\",\"name\":\"I\u00f1igo Go\u00f1i\",\"image\":{\"@type\":\"ImageObject\",\"inLanguage\":\"es\",\"@id\":\"https:\/\/oriamendi.eus\/es\/#\/schema\/person\/image\/\",\"url\":\"https:\/\/secure.gravatar.com\/avatar\/fbb07ffc7b803bbfcc2b6419c06abd3a?s=96&d=mm&r=g\",\"contentUrl\":\"https:\/\/secure.gravatar.com\/avatar\/fbb07ffc7b803bbfcc2b6419c06abd3a?s=96&d=mm&r=g\",\"caption\":\"I\u00f1igo Go\u00f1i\"},\"url\":\"https:\/\/oriamendi.eus\/es\/author\/om-berriak\/\"}]}<\/script>\n<!-- \/ Yoast SEO plugin. -->","yoast_head_json":{"title":"\"La semifinal ser\u00e1 diferente al partido de la liguilla\" | Oriamendi 2010","robots":{"index":"index","follow":"follow","max-snippet":"max-snippet:-1","max-image-preview":"max-image-preview:large","max-video-preview":"max-video-preview:-1"},"canonical":"https:\/\/oriamendi.eus\/es\/2023\/12\/21\/la-semifinal-sera-diferente-al-partido-de-la-liguilla\/","og_locale":"es_ES","og_type":"article","og_title":"\"La semifinal ser\u00e1 diferente al partido de la liguilla\" | Oriamendi 2010","og_description":"El adunarra Jon Irazu tambi\u00e9n disputar\u00e1 la primera semifinal de esta categor\u00eda con el goizuetarra Oier Apezetxea. \u00abEstamos con muchas ganas. Empezamos el campeonato con derrota, pero cada vez hemos ido jugando mejor. Tanto Oier como yo estamos con muchas ganas\u00bb. Aunque perdieron el primer partido han competido bien durante todo el campeonato. \u00abLos partidos [&hellip;]","og_url":"https:\/\/oriamendi.eus\/es\/2023\/12\/21\/la-semifinal-sera-diferente-al-partido-de-la-liguilla\/","og_site_name":"Oriamendi 2010","article_publisher":"https:\/\/www.facebook.com\/oriamendi2010remonte\/","article_published_time":"2023-12-21T18:24:57+00:00","article_modified_time":"2023-12-21T18:25:00+00:00","og_image":[{"width":1200,"height":800,"url":"https:\/\/oriamendi.eus\/wp-content\/uploads\/2023\/03\/irazu.jpg","type":"image\/jpeg"}],"author":"I\u00f1igo Go\u00f1i","twitter_card":"summary_large_image","twitter_creator":"@oriamendi2010","twitter_site":"@oriamendi2010","twitter_misc":{"Escrito por":"I\u00f1igo Go\u00f1i","Tiempo de lectura":"2 minutos"},"schema":{"@context":"https:\/\/schema.org","@graph":[{"@type":"Article","@id":"https:\/\/oriamendi.eus\/es\/2023\/12\/21\/la-semifinal-sera-diferente-al-partido-de-la-liguilla\/#article","isPartOf":{"@id":"https:\/\/oriamendi.eus\/es\/2023\/12\/21\/la-semifinal-sera-diferente-al-partido-de-la-liguilla\/"},"author":{"name":"I\u00f1igo Go\u00f1i","@id":"https:\/\/oriamendi.eus\/es\/#\/schema\/person\/c0bd06c6c747674306a5c82563e2339a"},"headline":"\u00abLa semifinal ser\u00e1 diferente al partido de la liguilla\u00bb","datePublished":"2023-12-21T18:24:57+00:00","dateModified":"2023-12-21T18:25:00+00:00","mainEntityOfPage":{"@id":"https:\/\/oriamendi.eus\/es\/2023\/12\/21\/la-semifinal-sera-diferente-al-partido-de-la-liguilla\/"},"wordCount":307,"publisher":{"@id":"https:\/\/oriamendi.eus\/es\/#organization"},"articleSection":["Sin categorizar"],"inLanguage":"es"},{"@type":"WebPage","@id":"https:\/\/oriamendi.eus\/es\/2023\/12\/21\/la-semifinal-sera-diferente-al-partido-de-la-liguilla\/","url":"https:\/\/oriamendi.eus\/es\/2023\/12\/21\/la-semifinal-sera-diferente-al-partido-de-la-liguilla\/","name":"\"La semifinal ser\u00e1 diferente al partido de la liguilla\" | Oriamendi 2010","isPartOf":{"@id":"https:\/\/oriamendi.eus\/es\/#website"},"datePublished":"2023-12-21T18:24:57+00:00","dateModified":"2023-12-21T18:25:00+00:00","breadcrumb":{"@id":"https:\/\/oriamendi.eus\/es\/2023\/12\/21\/la-semifinal-sera-diferente-al-partido-de-la-liguilla\/#breadcrumb"},"inLanguage":"es","potentialAction":[{"@type":"ReadAction","target":["https:\/\/oriamendi.eus\/es\/2023\/12\/21\/la-semifinal-sera-diferente-al-partido-de-la-liguilla\/"]}]},{"@type":"BreadcrumbList","@id":"https:\/\/oriamendi.eus\/es\/2023\/12\/21\/la-semifinal-sera-diferente-al-partido-de-la-liguilla\/#breadcrumb","itemListElement":[{"@type":"ListItem","position":1,"name":"Portada","item":"https:\/\/oriamendi.eus\/es\/"},{"@type":"ListItem","position":2,"name":"\u00abLa semifinal ser\u00e1 diferente al partido de la liguilla\u00bb"}]},{"@type":"WebSite","@id":"https:\/\/oriamendi.eus\/es\/#website","url":"https:\/\/oriamendi.eus\/es\/","name":"Oriamendi","description":"Remonte en Galarreta. Hernani. Gipuzkoa","publisher":{"@id":"https:\/\/oriamendi.eus\/es\/#organization"},"potentialAction":[{"@type":"SearchAction","target":{"@type":"EntryPoint","urlTemplate":"https:\/\/oriamendi.eus\/es\/?s={search_term_string}"},"query-input":"required name=search_term_string"}],"inLanguage":"es"},{"@type":"Organization","@id":"https:\/\/oriamendi.eus\/es\/#organization","name":"Oriamendi","url":"https:\/\/oriamendi.eus\/es\/","logo":{"@type":"ImageObject","inLanguage":"es","@id":"https:\/\/oriamendi.eus\/es\/#\/schema\/logo\/image\/","url":"https:\/\/oriamendi.eus\/wp-content\/uploads\/2020\/06\/logo-oriamendi.png","contentUrl":"https:\/\/oriamendi.eus\/wp-content\/uploads\/2020\/06\/logo-oriamendi.png","width":300,"height":90,"caption":"Oriamendi"},"image":{"@id":"https:\/\/oriamendi.eus\/es\/#\/schema\/logo\/image\/"},"sameAs":["https:\/\/www.facebook.com\/oriamendi2010remonte\/","https:\/\/twitter.com\/oriamendi2010","https:\/\/www.instagram.com\/galarretajaialai\/","https:\/\/www.youtube.com\/channel\/UC8gVNzQqB1iwnC-_rI-ihmA\/featured"]},{"@type":"Person","@id":"https:\/\/oriamendi.eus\/es\/#\/schema\/person\/c0bd06c6c747674306a5c82563e2339a","name":"I\u00f1igo Go\u00f1i","image":{"@type":"ImageObject","inLanguage":"es","@id":"https:\/\/oriamendi.eus\/es\/#\/schema\/person\/image\/","url":"https:\/\/secure.gravatar.com\/avatar\/fbb07ffc7b803bbfcc2b6419c06abd3a?s=96&d=mm&r=g","contentUrl":"https:\/\/secure.gravatar.com\/avatar\/fbb07ffc7b803bbfcc2b6419c06abd3a?s=96&d=mm&r=g","caption":"I\u00f1igo Go\u00f1i"},"url":"https:\/\/oriamendi.eus\/es\/author\/om-berriak\/"}]}},"_links":{"self":[{"href":"https:\/\/oriamendi.eus\/es\/wp-json\/wp\/v2\/posts\/7701"}],"collection":[{"href":"https:\/\/oriamendi.eus\/es\/wp-json\/wp\/v2\/posts"}],"about":[{"href":"https:\/\/oriamendi.eus\/es\/wp-json\/wp\/v2\/types\/post"}],"author":[{"embeddable":true,"href":"https:\/\/oriamendi.eus\/es\/wp-json\/wp\/v2\/users\/5"}],"replies":[{"embeddable":true,"href":"https:\/\/oriamendi.eus\/es\/wp-json\/wp\/v2\/comments?post=7701"}],"version-history":[{"count":1,"href":"https:\/\/oriamendi.eus\/es\/wp-json\/wp\/v2\/posts\/7701\/revisions"}],"predecessor-version":[{"id":7702,"href":"https:\/\/oriamendi.eus\/es\/wp-json\/wp\/v2\/posts\/7701\/revisions\/7702"}],"wp:featuredmedia":[{"embeddable":true,"href":"https:\/\/oriamendi.eus\/es\/wp-json\/wp\/v2\/media\/7072"}],"wp:attachment":[{"href":"https:\/\/oriamendi.eus\/es\/wp-json\/wp\/v2\/media?parent=7701"}],"wp:term":[{"taxonomy":"category","embeddable":true,"href":"https:\/\/oriamendi.eus\/es\/wp-json\/wp\/v2\/categories?post=7701"},{"taxonomy":"post_tag","embeddable":true,"href":"https:\/\/oriamendi.eus\/es\/wp-json\/wp\/v2\/tags?post=7701"}],"curies":[{"name":"wp","href":"https:\/\/api.w.org\/{rel}","templated":true}]}}