                                        
                                        
                                        
                                        
                                        
                                        
                                        
                                        
                                        
                                        
                                        
                                        
                                        
                                        
                                        
                                        
                                        
                                        
{"id":7660,"date":"2023-12-16T22:46:45","date_gmt":"2023-12-16T21:46:45","guid":{"rendered":"https:\/\/oriamendi.eus\/?p=7660"},"modified":"2023-12-16T22:46:47","modified_gmt":"2023-12-16T21:46:47","slug":"ansa-ii-martirena-son-los-primeros-finalistas-del-parejas-2","status":"publish","type":"post","link":"https:\/\/oriamendi.eus\/es\/2023\/12\/16\/ansa-ii-martirena-son-los-primeros-finalistas-del-parejas-2\/","title":{"rendered":"Ansa II-Martirena son los primeros finalistas del Parejas"},"content":{"rendered":"\n<p><strong>Se imponen 2-1 (14-15, 15-10 y 8-4) a Aldabe y Barrenetxea IV en el partido que cierra la liguilla<\/strong><\/p>\n\n\n\n<figure class=\"wp-block-image size-full\"><img fetchpriority=\"high\" fetchpriority=\"high\" decoding=\"async\" width=\"576\" height=\"1024\" src=\"https:\/\/oriamendi.eus\/wp-content\/uploads\/2023\/12\/IMG-20231216-WA0044.jpg\" alt=\"\" class=\"wp-image-7665\" srcset=\"https:\/\/oriamendi.eus\/wp-content\/uploads\/2023\/12\/IMG-20231216-WA0044.jpg 576w, https:\/\/oriamendi.eus\/wp-content\/uploads\/2023\/12\/IMG-20231216-WA0044-480x853.jpg 480w\" sizes=\"(min-width: 0px) and (max-width: 480px) 480px, (min-width: 481px) 576px, 100vw\" \/><\/figure>\n\n\n\n<p>Ansa II y Martirena son los finalistas del Campeonato de Remonte Parejas-Fundaci\u00f3n Orona despu\u00e9s de ganar 2-1&nbsp;&nbsp;(14-15, 15-10 y 8-4)&nbsp;a Aldabe y Barrenetxea IV, en el \u00faltimo partido de la liguilla. Ambas parejas se disputaban el pase a la final y la moneda cay\u00f3 del lado de los colorados. Los perdedores se medir\u00e1n a Urriza y Azpiroz, el pr\u00f3ximo s\u00e1bado, en la semifinal, que decidir\u00e1 el segundo finalista.<\/p>\n\n\n\n<p>La liguilla se cerr\u00f3 con las dos mejores parejas hasta la fecha y no defraud\u00f3. Fue un gran partido en el que los cuatro remontistas jugaron a un muy bien nivel.&nbsp;<\/p>\n\n\n\n<p>Ansa y Barrenetxea llevaron el peso de las parejas. En el primer set Aldabe comenz\u00f3 muy bien y ganaron los azules 14-15. A medida que avanzaba el partido el delantero azul perdi\u00f3 algo de confianza. Ansa se puso mand\u00f3n en ese segundo set y los colorados se lo llevaron 15-10. En el desempate apareci\u00f3 Martirena en todo su esplendor. Hizo tres tantos de saque y tres en el peloteo, m\u00e1s dos tantos de Ansa, sumaron los ocho del decisivo set. Aldabe y Barrenetxea se repartieron dos tantos, cada uno, en el \u00faltimo set.&nbsp; No cometi\u00f3 nadie ning\u00fan error en el \u00faltimo set.&nbsp; Ansa acert\u00f3 a lo largo del partido en tocar la pared izquierda y Aldabe no arriesg\u00f3 tanto. El delantero de Urnieta hizo 10 tantos en el primer set, siete en el segundo y dos en el tercero. Barrenetxea hizo seis tantos en el primero, cinco en el segundo y dos en el tercero. La gente disfrut\u00f3 de un bonito partido.<\/p>\n\n\n\n<figure class=\"wp-block-image size-full\"><img decoding=\"async\" width=\"576\" height=\"1024\" src=\"https:\/\/oriamendi.eus\/wp-content\/uploads\/2023\/12\/IMG-20231216-WA0043-1.jpg\" alt=\"\" class=\"wp-image-7667\" srcset=\"https:\/\/oriamendi.eus\/wp-content\/uploads\/2023\/12\/IMG-20231216-WA0043-1.jpg 576w, https:\/\/oriamendi.eus\/wp-content\/uploads\/2023\/12\/IMG-20231216-WA0043-1-480x853.jpg 480w\" sizes=\"(min-width: 0px) and (max-width: 480px) 480px, (min-width: 481px) 576px, 100vw\" \/><\/figure>\n\n\n\n<p><strong>Goikoetxea V y Aiestaran VI pasan a la final de Segunda<\/strong><\/p>\n\n\n\n<p>Goikoetxea V y Aiestaran VI se impusieron por un claro 2-0 (15-11 y 15-2) a Arluziaga y Zaldua I en el \u00faltimo partido d ela liguilla del Promoci\u00f3n. Un set les bastaba para pasar a la final, pero con conformes con ello ganaron con comodidad el choque. Goikoetxea y Aiestaran ganaron 15-11 el primer set. Aiestaran jug\u00f3 de maravilla y fue el mejor del partido. Sac\u00f3, peg\u00f3 y domin\u00f3 atr\u00e1s. Eso hizo que Goikoetxea jugara muy c\u00f3modo adelante. El segundo ser fue un paseo para los colorados. Aiestaran jug\u00f3 con mucha confianza.&nbsp;<\/p>\n","protected":false},"excerpt":{"rendered":"<p>Se imponen 2-1 (14-15, 15-10 y 8-4) a Aldabe y Barrenetxea IV en el partido que cierra la liguilla Ansa II y Martirena son los finalistas del Campeonato de Remonte Parejas-Fundaci\u00f3n Orona despu\u00e9s de ganar 2-1&nbsp;&nbsp;(14-15, 15-10 y 8-4)&nbsp;a Aldabe y Barrenetxea IV, en el \u00faltimo partido de la liguilla. Ambas parejas se disputaban el [&hellip;]<\/p>\n","protected":false},"author":5,"featured_media":7670,"comment_status":"closed","ping_status":"open","sticky":false,"template":"","format":"standard","meta":{"_et_pb_use_builder":"","_et_pb_old_content":"","_et_gb_content_width":"","footnotes":""},"categories":[1],"tags":[],"yoast_head":"<!-- This site is optimized with the Yoast SEO plugin v21.8 - https:\/\/yoast.com\/wordpress\/plugins\/seo\/ -->\n<title>Ansa II-Martirena son los primeros finalistas del Parejas | Oriamendi 2010<\/title>\n<meta name=\"robots\" content=\"index, follow, max-snippet:-1, max-image-preview:large, max-video-preview:-1\" \/>\n<link rel=\"canonical\" href=\"https:\/\/oriamendi.eus\/es\/2023\/12\/16\/ansa-ii-martirena-son-los-primeros-finalistas-del-parejas-2\/\" \/>\n<meta property=\"og:locale\" content=\"es_ES\" \/>\n<meta property=\"og:type\" content=\"article\" \/>\n<meta property=\"og:title\" content=\"Ansa II-Martirena son los primeros finalistas del Parejas | Oriamendi 2010\" \/>\n<meta property=\"og:description\" content=\"Se imponen 2-1 (14-15, 15-10 y 8-4) a Aldabe y Barrenetxea IV en el partido que cierra la liguilla Ansa II y Martirena son los finalistas del Campeonato de Remonte Parejas-Fundaci\u00f3n Orona despu\u00e9s de ganar 2-1&nbsp;&nbsp;(14-15, 15-10 y 8-4)&nbsp;a Aldabe y Barrenetxea IV, en el \u00faltimo partido de la liguilla. Ambas parejas se disputaban el [&hellip;]\" \/>\n<meta property=\"og:url\" content=\"https:\/\/oriamendi.eus\/es\/2023\/12\/16\/ansa-ii-martirena-son-los-primeros-finalistas-del-parejas-2\/\" \/>\n<meta property=\"og:site_name\" content=\"Oriamendi 2010\" \/>\n<meta property=\"article:publisher\" content=\"https:\/\/www.facebook.com\/oriamendi2010remonte\/\" \/>\n<meta property=\"article:published_time\" content=\"2023-12-16T21:46:45+00:00\" \/>\n<meta property=\"article:modified_time\" content=\"2023-12-16T21:46:47+00:00\" \/>\n<meta property=\"og:image\" content=\"https:\/\/oriamendi.eus\/wp-content\/uploads\/2023\/12\/IMG-20231216-WA0048-1.jpg\" \/>\n\t<meta property=\"og:image:width\" content=\"1024\" \/>\n\t<meta property=\"og:image:height\" content=\"604\" \/>\n\t<meta property=\"og:image:type\" content=\"image\/jpeg\" \/>\n<meta name=\"author\" content=\"I\u00f1igo Go\u00f1i\" \/>\n<meta name=\"twitter:card\" content=\"summary_large_image\" \/>\n<meta name=\"twitter:creator\" content=\"@oriamendi2010\" \/>\n<meta name=\"twitter:site\" content=\"@oriamendi2010\" \/>\n<meta name=\"twitter:label1\" content=\"Escrito por\" \/>\n\t<meta name=\"twitter:data1\" content=\"I\u00f1igo Go\u00f1i\" \/>\n\t<meta name=\"twitter:label2\" content=\"Tiempo de lectura\" \/>\n\t<meta name=\"twitter:data2\" content=\"3 minutos\" \/>\n<script type=\"application\/ld+json\" class=\"yoast-schema-graph\">{\"@context\":\"https:\/\/schema.org\",\"@graph\":[{\"@type\":\"Article\",\"@id\":\"https:\/\/oriamendi.eus\/es\/2023\/12\/16\/ansa-ii-martirena-son-los-primeros-finalistas-del-parejas-2\/#article\",\"isPartOf\":{\"@id\":\"https:\/\/oriamendi.eus\/es\/2023\/12\/16\/ansa-ii-martirena-son-los-primeros-finalistas-del-parejas-2\/\"},\"author\":{\"name\":\"I\u00f1igo Go\u00f1i\",\"@id\":\"https:\/\/oriamendi.eus\/es\/#\/schema\/person\/c0bd06c6c747674306a5c82563e2339a\"},\"headline\":\"Ansa II-Martirena son los primeros finalistas del Parejas\",\"datePublished\":\"2023-12-16T21:46:45+00:00\",\"dateModified\":\"2023-12-16T21:46:47+00:00\",\"mainEntityOfPage\":{\"@id\":\"https:\/\/oriamendi.eus\/es\/2023\/12\/16\/ansa-ii-martirena-son-los-primeros-finalistas-del-parejas-2\/\"},\"wordCount\":410,\"publisher\":{\"@id\":\"https:\/\/oriamendi.eus\/es\/#organization\"},\"articleSection\":[\"Sin categorizar\"],\"inLanguage\":\"es\"},{\"@type\":\"WebPage\",\"@id\":\"https:\/\/oriamendi.eus\/es\/2023\/12\/16\/ansa-ii-martirena-son-los-primeros-finalistas-del-parejas-2\/\",\"url\":\"https:\/\/oriamendi.eus\/es\/2023\/12\/16\/ansa-ii-martirena-son-los-primeros-finalistas-del-parejas-2\/\",\"name\":\"Ansa II-Martirena son los primeros finalistas del Parejas | Oriamendi 2010\",\"isPartOf\":{\"@id\":\"https:\/\/oriamendi.eus\/es\/#website\"},\"datePublished\":\"2023-12-16T21:46:45+00:00\",\"dateModified\":\"2023-12-16T21:46:47+00:00\",\"breadcrumb\":{\"@id\":\"https:\/\/oriamendi.eus\/es\/2023\/12\/16\/ansa-ii-martirena-son-los-primeros-finalistas-del-parejas-2\/#breadcrumb\"},\"inLanguage\":\"es\",\"potentialAction\":[{\"@type\":\"ReadAction\",\"target\":[\"https:\/\/oriamendi.eus\/es\/2023\/12\/16\/ansa-ii-martirena-son-los-primeros-finalistas-del-parejas-2\/\"]}]},{\"@type\":\"BreadcrumbList\",\"@id\":\"https:\/\/oriamendi.eus\/es\/2023\/12\/16\/ansa-ii-martirena-son-los-primeros-finalistas-del-parejas-2\/#breadcrumb\",\"itemListElement\":[{\"@type\":\"ListItem\",\"position\":1,\"name\":\"Portada\",\"item\":\"https:\/\/oriamendi.eus\/es\/\"},{\"@type\":\"ListItem\",\"position\":2,\"name\":\"Ansa II-Martirena son los primeros finalistas del Parejas\"}]},{\"@type\":\"WebSite\",\"@id\":\"https:\/\/oriamendi.eus\/es\/#website\",\"url\":\"https:\/\/oriamendi.eus\/es\/\",\"name\":\"Oriamendi\",\"description\":\"Remonte en Galarreta. Hernani. Gipuzkoa\",\"publisher\":{\"@id\":\"https:\/\/oriamendi.eus\/es\/#organization\"},\"potentialAction\":[{\"@type\":\"SearchAction\",\"target\":{\"@type\":\"EntryPoint\",\"urlTemplate\":\"https:\/\/oriamendi.eus\/es\/?s={search_term_string}\"},\"query-input\":\"required name=search_term_string\"}],\"inLanguage\":\"es\"},{\"@type\":\"Organization\",\"@id\":\"https:\/\/oriamendi.eus\/es\/#organization\",\"name\":\"Oriamendi\",\"url\":\"https:\/\/oriamendi.eus\/es\/\",\"logo\":{\"@type\":\"ImageObject\",\"inLanguage\":\"es\",\"@id\":\"https:\/\/oriamendi.eus\/es\/#\/schema\/logo\/image\/\",\"url\":\"https:\/\/oriamendi.eus\/wp-content\/uploads\/2020\/06\/logo-oriamendi.png\",\"contentUrl\":\"https:\/\/oriamendi.eus\/wp-content\/uploads\/2020\/06\/logo-oriamendi.png\",\"width\":300,\"height\":90,\"caption\":\"Oriamendi\"},\"image\":{\"@id\":\"https:\/\/oriamendi.eus\/es\/#\/schema\/logo\/image\/\"},\"sameAs\":[\"https:\/\/www.facebook.com\/oriamendi2010remonte\/\",\"https:\/\/twitter.com\/oriamendi2010\",\"https:\/\/www.instagram.com\/galarretajaialai\/\",\"https:\/\/www.youtube.com\/channel\/UC8gVNzQqB1iwnC-_rI-ihmA\/featured\"]},{\"@type\":\"Person\",\"@id\":\"https:\/\/oriamendi.eus\/es\/#\/schema\/person\/c0bd06c6c747674306a5c82563e2339a\",\"name\":\"I\u00f1igo Go\u00f1i\",\"image\":{\"@type\":\"ImageObject\",\"inLanguage\":\"es\",\"@id\":\"https:\/\/oriamendi.eus\/es\/#\/schema\/person\/image\/\",\"url\":\"https:\/\/secure.gravatar.com\/avatar\/fbb07ffc7b803bbfcc2b6419c06abd3a?s=96&d=mm&r=g\",\"contentUrl\":\"https:\/\/secure.gravatar.com\/avatar\/fbb07ffc7b803bbfcc2b6419c06abd3a?s=96&d=mm&r=g\",\"caption\":\"I\u00f1igo Go\u00f1i\"},\"url\":\"https:\/\/oriamendi.eus\/es\/author\/om-berriak\/\"}]}<\/script>\n<!-- \/ Yoast SEO plugin. -->","yoast_head_json":{"title":"Ansa II-Martirena son los primeros finalistas del Parejas | Oriamendi 2010","robots":{"index":"index","follow":"follow","max-snippet":"max-snippet:-1","max-image-preview":"max-image-preview:large","max-video-preview":"max-video-preview:-1"},"canonical":"https:\/\/oriamendi.eus\/es\/2023\/12\/16\/ansa-ii-martirena-son-los-primeros-finalistas-del-parejas-2\/","og_locale":"es_ES","og_type":"article","og_title":"Ansa II-Martirena son los primeros finalistas del Parejas | Oriamendi 2010","og_description":"Se imponen 2-1 (14-15, 15-10 y 8-4) a Aldabe y Barrenetxea IV en el partido que cierra la liguilla Ansa II y Martirena son los finalistas del Campeonato de Remonte Parejas-Fundaci\u00f3n Orona despu\u00e9s de ganar 2-1&nbsp;&nbsp;(14-15, 15-10 y 8-4)&nbsp;a Aldabe y Barrenetxea IV, en el \u00faltimo partido de la liguilla. Ambas parejas se disputaban el [&hellip;]","og_url":"https:\/\/oriamendi.eus\/es\/2023\/12\/16\/ansa-ii-martirena-son-los-primeros-finalistas-del-parejas-2\/","og_site_name":"Oriamendi 2010","article_publisher":"https:\/\/www.facebook.com\/oriamendi2010remonte\/","article_published_time":"2023-12-16T21:46:45+00:00","article_modified_time":"2023-12-16T21:46:47+00:00","og_image":[{"width":1024,"height":604,"url":"https:\/\/oriamendi.eus\/wp-content\/uploads\/2023\/12\/IMG-20231216-WA0048-1.jpg","type":"image\/jpeg"}],"author":"I\u00f1igo Go\u00f1i","twitter_card":"summary_large_image","twitter_creator":"@oriamendi2010","twitter_site":"@oriamendi2010","twitter_misc":{"Escrito por":"I\u00f1igo Go\u00f1i","Tiempo de lectura":"3 minutos"},"schema":{"@context":"https:\/\/schema.org","@graph":[{"@type":"Article","@id":"https:\/\/oriamendi.eus\/es\/2023\/12\/16\/ansa-ii-martirena-son-los-primeros-finalistas-del-parejas-2\/#article","isPartOf":{"@id":"https:\/\/oriamendi.eus\/es\/2023\/12\/16\/ansa-ii-martirena-son-los-primeros-finalistas-del-parejas-2\/"},"author":{"name":"I\u00f1igo Go\u00f1i","@id":"https:\/\/oriamendi.eus\/es\/#\/schema\/person\/c0bd06c6c747674306a5c82563e2339a"},"headline":"Ansa II-Martirena son los primeros finalistas del Parejas","datePublished":"2023-12-16T21:46:45+00:00","dateModified":"2023-12-16T21:46:47+00:00","mainEntityOfPage":{"@id":"https:\/\/oriamendi.eus\/es\/2023\/12\/16\/ansa-ii-martirena-son-los-primeros-finalistas-del-parejas-2\/"},"wordCount":410,"publisher":{"@id":"https:\/\/oriamendi.eus\/es\/#organization"},"articleSection":["Sin categorizar"],"inLanguage":"es"},{"@type":"WebPage","@id":"https:\/\/oriamendi.eus\/es\/2023\/12\/16\/ansa-ii-martirena-son-los-primeros-finalistas-del-parejas-2\/","url":"https:\/\/oriamendi.eus\/es\/2023\/12\/16\/ansa-ii-martirena-son-los-primeros-finalistas-del-parejas-2\/","name":"Ansa II-Martirena son los primeros finalistas del Parejas | Oriamendi 2010","isPartOf":{"@id":"https:\/\/oriamendi.eus\/es\/#website"},"datePublished":"2023-12-16T21:46:45+00:00","dateModified":"2023-12-16T21:46:47+00:00","breadcrumb":{"@id":"https:\/\/oriamendi.eus\/es\/2023\/12\/16\/ansa-ii-martirena-son-los-primeros-finalistas-del-parejas-2\/#breadcrumb"},"inLanguage":"es","potentialAction":[{"@type":"ReadAction","target":["https:\/\/oriamendi.eus\/es\/2023\/12\/16\/ansa-ii-martirena-son-los-primeros-finalistas-del-parejas-2\/"]}]},{"@type":"BreadcrumbList","@id":"https:\/\/oriamendi.eus\/es\/2023\/12\/16\/ansa-ii-martirena-son-los-primeros-finalistas-del-parejas-2\/#breadcrumb","itemListElement":[{"@type":"ListItem","position":1,"name":"Portada","item":"https:\/\/oriamendi.eus\/es\/"},{"@type":"ListItem","position":2,"name":"Ansa II-Martirena son los primeros finalistas del Parejas"}]},{"@type":"WebSite","@id":"https:\/\/oriamendi.eus\/es\/#website","url":"https:\/\/oriamendi.eus\/es\/","name":"Oriamendi","description":"Remonte en Galarreta. Hernani. Gipuzkoa","publisher":{"@id":"https:\/\/oriamendi.eus\/es\/#organization"},"potentialAction":[{"@type":"SearchAction","target":{"@type":"EntryPoint","urlTemplate":"https:\/\/oriamendi.eus\/es\/?s={search_term_string}"},"query-input":"required name=search_term_string"}],"inLanguage":"es"},{"@type":"Organization","@id":"https:\/\/oriamendi.eus\/es\/#organization","name":"Oriamendi","url":"https:\/\/oriamendi.eus\/es\/","logo":{"@type":"ImageObject","inLanguage":"es","@id":"https:\/\/oriamendi.eus\/es\/#\/schema\/logo\/image\/","url":"https:\/\/oriamendi.eus\/wp-content\/uploads\/2020\/06\/logo-oriamendi.png","contentUrl":"https:\/\/oriamendi.eus\/wp-content\/uploads\/2020\/06\/logo-oriamendi.png","width":300,"height":90,"caption":"Oriamendi"},"image":{"@id":"https:\/\/oriamendi.eus\/es\/#\/schema\/logo\/image\/"},"sameAs":["https:\/\/www.facebook.com\/oriamendi2010remonte\/","https:\/\/twitter.com\/oriamendi2010","https:\/\/www.instagram.com\/galarretajaialai\/","https:\/\/www.youtube.com\/channel\/UC8gVNzQqB1iwnC-_rI-ihmA\/featured"]},{"@type":"Person","@id":"https:\/\/oriamendi.eus\/es\/#\/schema\/person\/c0bd06c6c747674306a5c82563e2339a","name":"I\u00f1igo Go\u00f1i","image":{"@type":"ImageObject","inLanguage":"es","@id":"https:\/\/oriamendi.eus\/es\/#\/schema\/person\/image\/","url":"https:\/\/secure.gravatar.com\/avatar\/fbb07ffc7b803bbfcc2b6419c06abd3a?s=96&d=mm&r=g","contentUrl":"https:\/\/secure.gravatar.com\/avatar\/fbb07ffc7b803bbfcc2b6419c06abd3a?s=96&d=mm&r=g","caption":"I\u00f1igo Go\u00f1i"},"url":"https:\/\/oriamendi.eus\/es\/author\/om-berriak\/"}]}},"_links":{"self":[{"href":"https:\/\/oriamendi.eus\/es\/wp-json\/wp\/v2\/posts\/7660"}],"collection":[{"href":"https:\/\/oriamendi.eus\/es\/wp-json\/wp\/v2\/posts"}],"about":[{"href":"https:\/\/oriamendi.eus\/es\/wp-json\/wp\/v2\/types\/post"}],"author":[{"embeddable":true,"href":"https:\/\/oriamendi.eus\/es\/wp-json\/wp\/v2\/users\/5"}],"replies":[{"embeddable":true,"href":"https:\/\/oriamendi.eus\/es\/wp-json\/wp\/v2\/comments?post=7660"}],"version-history":[{"count":1,"href":"https:\/\/oriamendi.eus\/es\/wp-json\/wp\/v2\/posts\/7660\/revisions"}],"predecessor-version":[{"id":7669,"href":"https:\/\/oriamendi.eus\/es\/wp-json\/wp\/v2\/posts\/7660\/revisions\/7669"}],"wp:featuredmedia":[{"embeddable":true,"href":"https:\/\/oriamendi.eus\/es\/wp-json\/wp\/v2\/media\/7670"}],"wp:attachment":[{"href":"https:\/\/oriamendi.eus\/es\/wp-json\/wp\/v2\/media?parent=7660"}],"wp:term":[{"taxonomy":"category","embeddable":true,"href":"https:\/\/oriamendi.eus\/es\/wp-json\/wp\/v2\/categories?post=7660"},{"taxonomy":"post_tag","embeddable":true,"href":"https:\/\/oriamendi.eus\/es\/wp-json\/wp\/v2\/tags?post=7660"}],"curies":[{"name":"wp","href":"https:\/\/api.w.org\/{rel}","templated":true}]}}