                                        
                                        
                                        
                                        
                                        
                                        
                                        
                                        
                                        
                                        
                                        
                                        
                                        
                                        
                                        
                                        
                                        
                                        
{"id":7621,"date":"2023-12-06T18:05:07","date_gmt":"2023-12-06T17:05:07","guid":{"rendered":"https:\/\/oriamendi.eus\/?p=7621"},"modified":"2023-12-06T18:05:11","modified_gmt":"2023-12-06T17:05:11","slug":"no-soy-un-remontista-de-fuerza-pero-trabajo-mucho-en-defensa-e-intento-acabar-el-tanto","status":"publish","type":"post","link":"https:\/\/oriamendi.eus\/es\/2023\/12\/06\/no-soy-un-remontista-de-fuerza-pero-trabajo-mucho-en-defensa-e-intento-acabar-el-tanto\/","title":{"rendered":"\u00abNo soy un remontista de fuerza, pero trabajo mucho en defensa e intento acabar el tanto\u00bb"},"content":{"rendered":"\n<p><strong>MATTIN ARLUZIAGA (HERNANI, 19 A\u00d1OS)<\/strong><\/p>\n\n\n\n<p>El hernaniarra Mattin Arluziaga debutar\u00e1 ma\u00f1ana como profesional. Es delantero y naci\u00f3 en 2004. Sustituye a Urrutia II y acompa\u00f1ar\u00e1 a Zaldua ante Loitegi y Eskudero.<br>Esperaba debutar, pero quiz\u00e1 no tan r\u00e1pido. \u00abCuando me dijeron que ten\u00eda que debutar me qued\u00e9 sorprendido. En principio ten\u00eda que haber saltado a profesionales a principios de 2024, pero no me esperaba entrar en el campeonato por la lesi\u00f3n de Urrutia II. Estar presente es un honor. Estoy muy contento por el debut\u00bb.<br>Aunque es joven y no tiene experiencia en profesionales se ve capaz de estar a la altura. \u00abEstoy nervioso, es normal. Significa que tengo ganas y eso es necesario para jugar bien. Ese punto de tensi\u00f3n ayuda, estar tranquilo no creo que sea lo mejor\u00bb.<br>Es delantero y se define como trabajador. \u00abSoy un trabajador. No doy un tanto perdido e intento acabar el tanto. Jugar con fuerza no es mi mejor opci\u00f3n y dir\u00eda que trabajo mucho en defensa \u00ab.<br>Mattin Arluziaga ha saltado al remonte desde la pelota de mano como muchos de los remontistas de hoy en d\u00eda. \u00abMi padre me dijo que probara el remonte. Me acerqu\u00e9 a Galarreta y me gust\u00f3. Los compaginaba, pero a causa de los dolores de mano me fui desmotivando con la pelota a mano. Segu\u00ed jugando a remonte a gusto y ahora estoy a tope, con muchas ganas de darlo todo\u00bb.<br>Al principio notaba mucha diferencia respecto a la pelota a mano. \u00abLa forma de golpear la pelota es muy diferente, pero te acostumbras. Al principio le daba mal al remonte y ahora le pego mal con la mano. Estoy muy a gusto \u00ab.<br>Sobre el partido espera que \u00able demos trabajo, y por supuesto que intentaremos ganar. Espero un partido complicado. Hay mucha paridad atr\u00e1s y se puede decidir delante. En esa lucha intentar\u00e9 mover a Loitegi. Es un chico con muchas fuerza y tengo que moverle \u00ab.<br>Conoce bien a los rivales. \u00abEntrenamos juntos y con Eskudero he metido muchas horas en Galarreta. S\u00e9 el tipo de remontista que es. Hace mucho da\u00f1o desde el saque y tendr\u00e9 trabajo en el saque-resto \u00ab.<\/p>\n","protected":false},"excerpt":{"rendered":"<p>MATTIN ARLUZIAGA (HERNANI, 19 A\u00d1OS) El hernaniarra Mattin Arluziaga debutar\u00e1 ma\u00f1ana como profesional. Es delantero y naci\u00f3 en 2004. Sustituye a Urrutia II y acompa\u00f1ar\u00e1 a Zaldua ante Loitegi y Eskudero.Esperaba debutar, pero quiz\u00e1 no tan r\u00e1pido. \u00abCuando me dijeron que ten\u00eda que debutar me qued\u00e9 sorprendido. En principio ten\u00eda que haber saltado a profesionales [&hellip;]<\/p>\n","protected":false},"author":5,"featured_media":7610,"comment_status":"closed","ping_status":"open","sticky":false,"template":"","format":"standard","meta":{"_et_pb_use_builder":"","_et_pb_old_content":"","_et_gb_content_width":"","footnotes":""},"categories":[1],"tags":[],"yoast_head":"<!-- This site is optimized with the Yoast SEO plugin v21.8 - https:\/\/yoast.com\/wordpress\/plugins\/seo\/ -->\n<title>&quot;No soy un remontista de fuerza, pero trabajo mucho en defensa e intento acabar el tanto&quot; | Oriamendi 2010<\/title>\n<meta name=\"robots\" content=\"index, follow, max-snippet:-1, max-image-preview:large, max-video-preview:-1\" \/>\n<link rel=\"canonical\" href=\"https:\/\/oriamendi.eus\/es\/2023\/12\/06\/no-soy-un-remontista-de-fuerza-pero-trabajo-mucho-en-defensa-e-intento-acabar-el-tanto\/\" \/>\n<meta property=\"og:locale\" content=\"es_ES\" \/>\n<meta property=\"og:type\" content=\"article\" \/>\n<meta property=\"og:title\" content=\"&quot;No soy un remontista de fuerza, pero trabajo mucho en defensa e intento acabar el tanto&quot; | Oriamendi 2010\" \/>\n<meta property=\"og:description\" content=\"MATTIN ARLUZIAGA (HERNANI, 19 A\u00d1OS) El hernaniarra Mattin Arluziaga debutar\u00e1 ma\u00f1ana como profesional. Es delantero y naci\u00f3 en 2004. Sustituye a Urrutia II y acompa\u00f1ar\u00e1 a Zaldua ante Loitegi y Eskudero.Esperaba debutar, pero quiz\u00e1 no tan r\u00e1pido. \u00abCuando me dijeron que ten\u00eda que debutar me qued\u00e9 sorprendido. En principio ten\u00eda que haber saltado a profesionales [&hellip;]\" \/>\n<meta property=\"og:url\" content=\"https:\/\/oriamendi.eus\/es\/2023\/12\/06\/no-soy-un-remontista-de-fuerza-pero-trabajo-mucho-en-defensa-e-intento-acabar-el-tanto\/\" \/>\n<meta property=\"og:site_name\" content=\"Oriamendi 2010\" \/>\n<meta property=\"article:publisher\" content=\"https:\/\/www.facebook.com\/oriamendi2010remonte\/\" \/>\n<meta property=\"article:published_time\" content=\"2023-12-06T17:05:07+00:00\" \/>\n<meta property=\"article:modified_time\" content=\"2023-12-06T17:05:11+00:00\" \/>\n<meta property=\"og:image\" content=\"https:\/\/oriamendi.eus\/wp-content\/uploads\/2023\/12\/remontista-_0025_arluciaga-2.jpg\" \/>\n\t<meta property=\"og:image:width\" content=\"1200\" \/>\n\t<meta property=\"og:image:height\" content=\"1200\" \/>\n\t<meta property=\"og:image:type\" content=\"image\/jpeg\" \/>\n<meta name=\"author\" content=\"I\u00f1igo Go\u00f1i\" \/>\n<meta name=\"twitter:card\" content=\"summary_large_image\" \/>\n<meta name=\"twitter:creator\" content=\"@oriamendi2010\" \/>\n<meta name=\"twitter:site\" content=\"@oriamendi2010\" \/>\n<meta name=\"twitter:label1\" content=\"Escrito por\" \/>\n\t<meta name=\"twitter:data1\" content=\"I\u00f1igo Go\u00f1i\" \/>\n\t<meta name=\"twitter:label2\" content=\"Tiempo de lectura\" \/>\n\t<meta name=\"twitter:data2\" content=\"2 minutos\" \/>\n<script type=\"application\/ld+json\" class=\"yoast-schema-graph\">{\"@context\":\"https:\/\/schema.org\",\"@graph\":[{\"@type\":\"Article\",\"@id\":\"https:\/\/oriamendi.eus\/es\/2023\/12\/06\/no-soy-un-remontista-de-fuerza-pero-trabajo-mucho-en-defensa-e-intento-acabar-el-tanto\/#article\",\"isPartOf\":{\"@id\":\"https:\/\/oriamendi.eus\/es\/2023\/12\/06\/no-soy-un-remontista-de-fuerza-pero-trabajo-mucho-en-defensa-e-intento-acabar-el-tanto\/\"},\"author\":{\"name\":\"I\u00f1igo Go\u00f1i\",\"@id\":\"https:\/\/oriamendi.eus\/es\/#\/schema\/person\/c0bd06c6c747674306a5c82563e2339a\"},\"headline\":\"\u00abNo soy un remontista de fuerza, pero trabajo mucho en defensa e intento acabar el tanto\u00bb\",\"datePublished\":\"2023-12-06T17:05:07+00:00\",\"dateModified\":\"2023-12-06T17:05:11+00:00\",\"mainEntityOfPage\":{\"@id\":\"https:\/\/oriamendi.eus\/es\/2023\/12\/06\/no-soy-un-remontista-de-fuerza-pero-trabajo-mucho-en-defensa-e-intento-acabar-el-tanto\/\"},\"wordCount\":382,\"publisher\":{\"@id\":\"https:\/\/oriamendi.eus\/es\/#organization\"},\"articleSection\":[\"Sin categorizar\"],\"inLanguage\":\"es\"},{\"@type\":\"WebPage\",\"@id\":\"https:\/\/oriamendi.eus\/es\/2023\/12\/06\/no-soy-un-remontista-de-fuerza-pero-trabajo-mucho-en-defensa-e-intento-acabar-el-tanto\/\",\"url\":\"https:\/\/oriamendi.eus\/es\/2023\/12\/06\/no-soy-un-remontista-de-fuerza-pero-trabajo-mucho-en-defensa-e-intento-acabar-el-tanto\/\",\"name\":\"\\\"No soy un remontista de fuerza, pero trabajo mucho en defensa e intento acabar el tanto\\\" | Oriamendi 2010\",\"isPartOf\":{\"@id\":\"https:\/\/oriamendi.eus\/es\/#website\"},\"datePublished\":\"2023-12-06T17:05:07+00:00\",\"dateModified\":\"2023-12-06T17:05:11+00:00\",\"breadcrumb\":{\"@id\":\"https:\/\/oriamendi.eus\/es\/2023\/12\/06\/no-soy-un-remontista-de-fuerza-pero-trabajo-mucho-en-defensa-e-intento-acabar-el-tanto\/#breadcrumb\"},\"inLanguage\":\"es\",\"potentialAction\":[{\"@type\":\"ReadAction\",\"target\":[\"https:\/\/oriamendi.eus\/es\/2023\/12\/06\/no-soy-un-remontista-de-fuerza-pero-trabajo-mucho-en-defensa-e-intento-acabar-el-tanto\/\"]}]},{\"@type\":\"BreadcrumbList\",\"@id\":\"https:\/\/oriamendi.eus\/es\/2023\/12\/06\/no-soy-un-remontista-de-fuerza-pero-trabajo-mucho-en-defensa-e-intento-acabar-el-tanto\/#breadcrumb\",\"itemListElement\":[{\"@type\":\"ListItem\",\"position\":1,\"name\":\"Portada\",\"item\":\"https:\/\/oriamendi.eus\/es\/\"},{\"@type\":\"ListItem\",\"position\":2,\"name\":\"\u00abNo soy un remontista de fuerza, pero trabajo mucho en defensa e intento acabar el tanto\u00bb\"}]},{\"@type\":\"WebSite\",\"@id\":\"https:\/\/oriamendi.eus\/es\/#website\",\"url\":\"https:\/\/oriamendi.eus\/es\/\",\"name\":\"Oriamendi\",\"description\":\"Remonte en Galarreta. Hernani. Gipuzkoa\",\"publisher\":{\"@id\":\"https:\/\/oriamendi.eus\/es\/#organization\"},\"potentialAction\":[{\"@type\":\"SearchAction\",\"target\":{\"@type\":\"EntryPoint\",\"urlTemplate\":\"https:\/\/oriamendi.eus\/es\/?s={search_term_string}\"},\"query-input\":\"required name=search_term_string\"}],\"inLanguage\":\"es\"},{\"@type\":\"Organization\",\"@id\":\"https:\/\/oriamendi.eus\/es\/#organization\",\"name\":\"Oriamendi\",\"url\":\"https:\/\/oriamendi.eus\/es\/\",\"logo\":{\"@type\":\"ImageObject\",\"inLanguage\":\"es\",\"@id\":\"https:\/\/oriamendi.eus\/es\/#\/schema\/logo\/image\/\",\"url\":\"https:\/\/oriamendi.eus\/wp-content\/uploads\/2020\/06\/logo-oriamendi.png\",\"contentUrl\":\"https:\/\/oriamendi.eus\/wp-content\/uploads\/2020\/06\/logo-oriamendi.png\",\"width\":300,\"height\":90,\"caption\":\"Oriamendi\"},\"image\":{\"@id\":\"https:\/\/oriamendi.eus\/es\/#\/schema\/logo\/image\/\"},\"sameAs\":[\"https:\/\/www.facebook.com\/oriamendi2010remonte\/\",\"https:\/\/twitter.com\/oriamendi2010\",\"https:\/\/www.instagram.com\/galarretajaialai\/\",\"https:\/\/www.youtube.com\/channel\/UC8gVNzQqB1iwnC-_rI-ihmA\/featured\"]},{\"@type\":\"Person\",\"@id\":\"https:\/\/oriamendi.eus\/es\/#\/schema\/person\/c0bd06c6c747674306a5c82563e2339a\",\"name\":\"I\u00f1igo Go\u00f1i\",\"image\":{\"@type\":\"ImageObject\",\"inLanguage\":\"es\",\"@id\":\"https:\/\/oriamendi.eus\/es\/#\/schema\/person\/image\/\",\"url\":\"https:\/\/secure.gravatar.com\/avatar\/fbb07ffc7b803bbfcc2b6419c06abd3a?s=96&d=mm&r=g\",\"contentUrl\":\"https:\/\/secure.gravatar.com\/avatar\/fbb07ffc7b803bbfcc2b6419c06abd3a?s=96&d=mm&r=g\",\"caption\":\"I\u00f1igo Go\u00f1i\"},\"url\":\"https:\/\/oriamendi.eus\/es\/author\/om-berriak\/\"}]}<\/script>\n<!-- \/ Yoast SEO plugin. -->","yoast_head_json":{"title":"\"No soy un remontista de fuerza, pero trabajo mucho en defensa e intento acabar el tanto\" | Oriamendi 2010","robots":{"index":"index","follow":"follow","max-snippet":"max-snippet:-1","max-image-preview":"max-image-preview:large","max-video-preview":"max-video-preview:-1"},"canonical":"https:\/\/oriamendi.eus\/es\/2023\/12\/06\/no-soy-un-remontista-de-fuerza-pero-trabajo-mucho-en-defensa-e-intento-acabar-el-tanto\/","og_locale":"es_ES","og_type":"article","og_title":"\"No soy un remontista de fuerza, pero trabajo mucho en defensa e intento acabar el tanto\" | Oriamendi 2010","og_description":"MATTIN ARLUZIAGA (HERNANI, 19 A\u00d1OS) El hernaniarra Mattin Arluziaga debutar\u00e1 ma\u00f1ana como profesional. Es delantero y naci\u00f3 en 2004. Sustituye a Urrutia II y acompa\u00f1ar\u00e1 a Zaldua ante Loitegi y Eskudero.Esperaba debutar, pero quiz\u00e1 no tan r\u00e1pido. \u00abCuando me dijeron que ten\u00eda que debutar me qued\u00e9 sorprendido. En principio ten\u00eda que haber saltado a profesionales [&hellip;]","og_url":"https:\/\/oriamendi.eus\/es\/2023\/12\/06\/no-soy-un-remontista-de-fuerza-pero-trabajo-mucho-en-defensa-e-intento-acabar-el-tanto\/","og_site_name":"Oriamendi 2010","article_publisher":"https:\/\/www.facebook.com\/oriamendi2010remonte\/","article_published_time":"2023-12-06T17:05:07+00:00","article_modified_time":"2023-12-06T17:05:11+00:00","og_image":[{"width":1200,"height":1200,"url":"https:\/\/oriamendi.eus\/wp-content\/uploads\/2023\/12\/remontista-_0025_arluciaga-2.jpg","type":"image\/jpeg"}],"author":"I\u00f1igo Go\u00f1i","twitter_card":"summary_large_image","twitter_creator":"@oriamendi2010","twitter_site":"@oriamendi2010","twitter_misc":{"Escrito por":"I\u00f1igo Go\u00f1i","Tiempo de lectura":"2 minutos"},"schema":{"@context":"https:\/\/schema.org","@graph":[{"@type":"Article","@id":"https:\/\/oriamendi.eus\/es\/2023\/12\/06\/no-soy-un-remontista-de-fuerza-pero-trabajo-mucho-en-defensa-e-intento-acabar-el-tanto\/#article","isPartOf":{"@id":"https:\/\/oriamendi.eus\/es\/2023\/12\/06\/no-soy-un-remontista-de-fuerza-pero-trabajo-mucho-en-defensa-e-intento-acabar-el-tanto\/"},"author":{"name":"I\u00f1igo Go\u00f1i","@id":"https:\/\/oriamendi.eus\/es\/#\/schema\/person\/c0bd06c6c747674306a5c82563e2339a"},"headline":"\u00abNo soy un remontista de fuerza, pero trabajo mucho en defensa e intento acabar el tanto\u00bb","datePublished":"2023-12-06T17:05:07+00:00","dateModified":"2023-12-06T17:05:11+00:00","mainEntityOfPage":{"@id":"https:\/\/oriamendi.eus\/es\/2023\/12\/06\/no-soy-un-remontista-de-fuerza-pero-trabajo-mucho-en-defensa-e-intento-acabar-el-tanto\/"},"wordCount":382,"publisher":{"@id":"https:\/\/oriamendi.eus\/es\/#organization"},"articleSection":["Sin categorizar"],"inLanguage":"es"},{"@type":"WebPage","@id":"https:\/\/oriamendi.eus\/es\/2023\/12\/06\/no-soy-un-remontista-de-fuerza-pero-trabajo-mucho-en-defensa-e-intento-acabar-el-tanto\/","url":"https:\/\/oriamendi.eus\/es\/2023\/12\/06\/no-soy-un-remontista-de-fuerza-pero-trabajo-mucho-en-defensa-e-intento-acabar-el-tanto\/","name":"\"No soy un remontista de fuerza, pero trabajo mucho en defensa e intento acabar el tanto\" | Oriamendi 2010","isPartOf":{"@id":"https:\/\/oriamendi.eus\/es\/#website"},"datePublished":"2023-12-06T17:05:07+00:00","dateModified":"2023-12-06T17:05:11+00:00","breadcrumb":{"@id":"https:\/\/oriamendi.eus\/es\/2023\/12\/06\/no-soy-un-remontista-de-fuerza-pero-trabajo-mucho-en-defensa-e-intento-acabar-el-tanto\/#breadcrumb"},"inLanguage":"es","potentialAction":[{"@type":"ReadAction","target":["https:\/\/oriamendi.eus\/es\/2023\/12\/06\/no-soy-un-remontista-de-fuerza-pero-trabajo-mucho-en-defensa-e-intento-acabar-el-tanto\/"]}]},{"@type":"BreadcrumbList","@id":"https:\/\/oriamendi.eus\/es\/2023\/12\/06\/no-soy-un-remontista-de-fuerza-pero-trabajo-mucho-en-defensa-e-intento-acabar-el-tanto\/#breadcrumb","itemListElement":[{"@type":"ListItem","position":1,"name":"Portada","item":"https:\/\/oriamendi.eus\/es\/"},{"@type":"ListItem","position":2,"name":"\u00abNo soy un remontista de fuerza, pero trabajo mucho en defensa e intento acabar el tanto\u00bb"}]},{"@type":"WebSite","@id":"https:\/\/oriamendi.eus\/es\/#website","url":"https:\/\/oriamendi.eus\/es\/","name":"Oriamendi","description":"Remonte en Galarreta. Hernani. Gipuzkoa","publisher":{"@id":"https:\/\/oriamendi.eus\/es\/#organization"},"potentialAction":[{"@type":"SearchAction","target":{"@type":"EntryPoint","urlTemplate":"https:\/\/oriamendi.eus\/es\/?s={search_term_string}"},"query-input":"required name=search_term_string"}],"inLanguage":"es"},{"@type":"Organization","@id":"https:\/\/oriamendi.eus\/es\/#organization","name":"Oriamendi","url":"https:\/\/oriamendi.eus\/es\/","logo":{"@type":"ImageObject","inLanguage":"es","@id":"https:\/\/oriamendi.eus\/es\/#\/schema\/logo\/image\/","url":"https:\/\/oriamendi.eus\/wp-content\/uploads\/2020\/06\/logo-oriamendi.png","contentUrl":"https:\/\/oriamendi.eus\/wp-content\/uploads\/2020\/06\/logo-oriamendi.png","width":300,"height":90,"caption":"Oriamendi"},"image":{"@id":"https:\/\/oriamendi.eus\/es\/#\/schema\/logo\/image\/"},"sameAs":["https:\/\/www.facebook.com\/oriamendi2010remonte\/","https:\/\/twitter.com\/oriamendi2010","https:\/\/www.instagram.com\/galarretajaialai\/","https:\/\/www.youtube.com\/channel\/UC8gVNzQqB1iwnC-_rI-ihmA\/featured"]},{"@type":"Person","@id":"https:\/\/oriamendi.eus\/es\/#\/schema\/person\/c0bd06c6c747674306a5c82563e2339a","name":"I\u00f1igo Go\u00f1i","image":{"@type":"ImageObject","inLanguage":"es","@id":"https:\/\/oriamendi.eus\/es\/#\/schema\/person\/image\/","url":"https:\/\/secure.gravatar.com\/avatar\/fbb07ffc7b803bbfcc2b6419c06abd3a?s=96&d=mm&r=g","contentUrl":"https:\/\/secure.gravatar.com\/avatar\/fbb07ffc7b803bbfcc2b6419c06abd3a?s=96&d=mm&r=g","caption":"I\u00f1igo Go\u00f1i"},"url":"https:\/\/oriamendi.eus\/es\/author\/om-berriak\/"}]}},"_links":{"self":[{"href":"https:\/\/oriamendi.eus\/es\/wp-json\/wp\/v2\/posts\/7621"}],"collection":[{"href":"https:\/\/oriamendi.eus\/es\/wp-json\/wp\/v2\/posts"}],"about":[{"href":"https:\/\/oriamendi.eus\/es\/wp-json\/wp\/v2\/types\/post"}],"author":[{"embeddable":true,"href":"https:\/\/oriamendi.eus\/es\/wp-json\/wp\/v2\/users\/5"}],"replies":[{"embeddable":true,"href":"https:\/\/oriamendi.eus\/es\/wp-json\/wp\/v2\/comments?post=7621"}],"version-history":[{"count":1,"href":"https:\/\/oriamendi.eus\/es\/wp-json\/wp\/v2\/posts\/7621\/revisions"}],"predecessor-version":[{"id":7622,"href":"https:\/\/oriamendi.eus\/es\/wp-json\/wp\/v2\/posts\/7621\/revisions\/7622"}],"wp:featuredmedia":[{"embeddable":true,"href":"https:\/\/oriamendi.eus\/es\/wp-json\/wp\/v2\/media\/7610"}],"wp:attachment":[{"href":"https:\/\/oriamendi.eus\/es\/wp-json\/wp\/v2\/media?parent=7621"}],"wp:term":[{"taxonomy":"category","embeddable":true,"href":"https:\/\/oriamendi.eus\/es\/wp-json\/wp\/v2\/categories?post=7621"},{"taxonomy":"post_tag","embeddable":true,"href":"https:\/\/oriamendi.eus\/es\/wp-json\/wp\/v2\/tags?post=7621"}],"curies":[{"name":"wp","href":"https:\/\/api.w.org\/{rel}","templated":true}]}}