                                        
                                        
                                        
                                        
                                        
                                        
                                        
                                        
                                        
                                        
                                        
                                        
                                        
                                        
                                        
                                        
                                        
                                        
{"id":7598,"date":"2023-12-05T12:24:40","date_gmt":"2023-12-05T11:24:40","guid":{"rendered":"https:\/\/oriamendi.eus\/?p=7598"},"modified":"2023-12-05T12:24:42","modified_gmt":"2023-12-05T11:24:42","slug":"ansa-ii-y-martirena-se-jugaran-el-pase-a-la-final-contra-aldabe-y-barrenetxea-iv","status":"publish","type":"post","link":"https:\/\/oriamendi.eus\/es\/2023\/12\/05\/ansa-ii-y-martirena-se-jugaran-el-pase-a-la-final-contra-aldabe-y-barrenetxea-iv\/","title":{"rendered":"Ansa II y Martirena se jugar\u00e1n el pase a la final contra Aldabe y Barrenetxea IV"},"content":{"rendered":"\n<p><strong>Se imponen 2-1(6-15, 15-11, 8-6) a Ezkurra II y Larra\u00f1aga y tambi\u00e9n pasan a semifinales como m\u00ednimo<\/strong><\/p>\n\n\n\n<figure class=\"wp-block-image size-full\"><img fetchpriority=\"high\" fetchpriority=\"high\" decoding=\"async\" width=\"576\" height=\"1024\" src=\"https:\/\/oriamendi.eus\/wp-content\/uploads\/2023\/12\/IMG-20231205-WA0004.jpg\" alt=\"\" class=\"wp-image-7601\" srcset=\"https:\/\/oriamendi.eus\/wp-content\/uploads\/2023\/12\/IMG-20231205-WA0004.jpg 576w, https:\/\/oriamendi.eus\/wp-content\/uploads\/2023\/12\/IMG-20231205-WA0004-480x853.jpg 480w\" sizes=\"(min-width: 0px) and (max-width: 480px) 480px, (min-width: 481px) 576px, 100vw\" \/><\/figure>\n\n\n\n<p><br>Ansa II y Martirena se impusieron 2-1\u00a0(6-15, 15-11, 8-6) a Ezkurra II y Larra\u00f1aga en el Campeonato de Remonte Parejas y se jugar\u00e1n el pase a la final del campeonato en el \u00faltimo partido ante Aldabe y Barrenetxea IV. La clasificaci\u00f3n a la semifinal ya la tienen asegurada, pero una victoria en el \u00faltimo partido les colocar\u00eda primeros de grupo y en la gran final. Por su parte Ezkurra II y Larra\u00f1aga siguen sin conocer la victoria, pero su pase a la semifinal sigue abierta, aunque m\u00e1s complicada que antes del partido. Con dos puntos son cuartos en la liguilla.\u00a0<\/p>\n\n\n\n<p>Tuvieron cerca la victoria los azules, pero en el \u00faltimo set, tras el empate a seis, los dos \u00faltimos tantos cayeron del lado colorado. El \u00faltimo fue un dos paredes con algo de fortuna de Ansa. Entr\u00f3 a una pelota dif\u00edcil de bote corrido y le sali\u00f3 un dos paredes perfecto para cerrar el partido 8-6. El partido fue bonito y sobre todo emocionante.\u00a0<\/p>\n\n\n\n<p>En el primer set solo hubo una pareja sobre la cancha. Los azules entraron muy bien en el partido con Ezkurra amo y se\u00f1or. Ansa y Martirena entraron fr\u00edos con un parcial negativo de 2-13 para los azules. El set termin\u00f3 6-15 con nueve tantos de Ezkurra II.<\/p>\n\n\n\n<p>En el segundo set cambi\u00f3 la decoraci\u00f3n del partido. Ansa II supo jugarle a un Ezkurra poderoso. Empez\u00f3 a variar el juego y eso permiti\u00f3 a los colorados igualar el partido. Martirena tambi\u00e9n mejor\u00f3 mucho y se apoderaron del set 15-11. Tambi\u00e9n contribuy\u00f3 que Ezkurra cometi\u00f3 hasta seis errores.\u00a0<\/p>\n\n\n\n<p>Lo mejor del partido lleg\u00f3 en el desempate. Comenzaron fuertes Ansa y Martirena (4-1), pero Ezkurra y Larra\u00f1aga empataron el partido a cinco. En el 7-6 lleg\u00f3 el tanto afortunado para los colorados que sellaron el partido 8-6. Apenas hubo fallos en un set entretenido.<\/p>\n\n\n\n<figure class=\"wp-block-image size-full\"><img decoding=\"async\" width=\"576\" height=\"1024\" src=\"https:\/\/oriamendi.eus\/wp-content\/uploads\/2023\/12\/IMG-20231205-WA0006.jpg\" alt=\"\" class=\"wp-image-7603\" srcset=\"https:\/\/oriamendi.eus\/wp-content\/uploads\/2023\/12\/IMG-20231205-WA0006.jpg 576w, https:\/\/oriamendi.eus\/wp-content\/uploads\/2023\/12\/IMG-20231205-WA0006-480x853.jpg 480w\" sizes=\"(min-width: 0px) and (max-width: 480px) 480px, (min-width: 481px) 576px, 100vw\" \/><\/figure>\n\n\n\n<p><strong>Irazu y Apezetxea remontan en el partido de Segunda<\/strong><br>Irazu y Apezetxea se impusieron 1-2 (15-8, 11-15, 5-8)\u00a0a Gurrutxaga y Zubiri en el duelo de zagueros goizuetarras, en el partido de Segunda. El trascurso del choque fue casi id\u00e9ntico al de Primera. Gurrutxaga y Zubiri ganaron el primer set 15-8 con un Zubiri dominador. Con siete tantos mand\u00f3 en el primer set. Cambiaron las tornas en el segundo. Apezetxea despert\u00f3 y con ocho tantos, cinco de saque, igual\u00f3 el partido a un set (11-15), con la inestimable colaboraci\u00f3n de Irazu. En el set decisivo empataron a cinco, pero los \u00faltimos tres tantos cayeron del lado azul.\u00a0<\/p>\n","protected":false},"excerpt":{"rendered":"<p>Se imponen 2-1(6-15, 15-11, 8-6) a Ezkurra II y Larra\u00f1aga y tambi\u00e9n pasan a semifinales como m\u00ednimo Ansa II y Martirena se impusieron 2-1\u00a0(6-15, 15-11, 8-6) a Ezkurra II y Larra\u00f1aga en el Campeonato de Remonte Parejas y se jugar\u00e1n el pase a la final del campeonato en el \u00faltimo partido ante Aldabe y Barrenetxea [&hellip;]<\/p>\n","protected":false},"author":5,"featured_media":7599,"comment_status":"closed","ping_status":"open","sticky":false,"template":"","format":"standard","meta":{"_et_pb_use_builder":"off","_et_pb_old_content":"","_et_gb_content_width":"","footnotes":""},"categories":[1],"tags":[],"yoast_head":"<!-- This site is optimized with the Yoast SEO plugin v21.8 - https:\/\/yoast.com\/wordpress\/plugins\/seo\/ -->\n<title>Ansa II y Martirena se jugar\u00e1n el pase a la final contra Aldabe y Barrenetxea IV | Oriamendi 2010<\/title>\n<meta name=\"robots\" content=\"index, follow, max-snippet:-1, max-image-preview:large, max-video-preview:-1\" \/>\n<link rel=\"canonical\" href=\"https:\/\/oriamendi.eus\/es\/2023\/12\/05\/ansa-ii-y-martirena-se-jugaran-el-pase-a-la-final-contra-aldabe-y-barrenetxea-iv\/\" \/>\n<meta property=\"og:locale\" content=\"es_ES\" \/>\n<meta property=\"og:type\" content=\"article\" \/>\n<meta property=\"og:title\" content=\"Ansa II y Martirena se jugar\u00e1n el pase a la final contra Aldabe y Barrenetxea IV | Oriamendi 2010\" \/>\n<meta property=\"og:description\" content=\"Se imponen 2-1(6-15, 15-11, 8-6) a Ezkurra II y Larra\u00f1aga y tambi\u00e9n pasan a semifinales como m\u00ednimo Ansa II y Martirena se impusieron 2-1\u00a0(6-15, 15-11, 8-6) a Ezkurra II y Larra\u00f1aga en el Campeonato de Remonte Parejas y se jugar\u00e1n el pase a la final del campeonato en el \u00faltimo partido ante Aldabe y Barrenetxea [&hellip;]\" \/>\n<meta property=\"og:url\" content=\"https:\/\/oriamendi.eus\/es\/2023\/12\/05\/ansa-ii-y-martirena-se-jugaran-el-pase-a-la-final-contra-aldabe-y-barrenetxea-iv\/\" \/>\n<meta property=\"og:site_name\" content=\"Oriamendi 2010\" \/>\n<meta property=\"article:publisher\" content=\"https:\/\/www.facebook.com\/oriamendi2010remonte\/\" \/>\n<meta property=\"article:published_time\" content=\"2023-12-05T11:24:40+00:00\" \/>\n<meta property=\"article:modified_time\" content=\"2023-12-05T11:24:42+00:00\" \/>\n<meta property=\"og:image\" content=\"https:\/\/oriamendi.eus\/wp-content\/uploads\/2023\/12\/IMG-20231205-WA0005.jpg\" \/>\n\t<meta property=\"og:image:width\" content=\"1024\" \/>\n\t<meta property=\"og:image:height\" content=\"604\" \/>\n\t<meta property=\"og:image:type\" content=\"image\/jpeg\" \/>\n<meta name=\"author\" content=\"I\u00f1igo Go\u00f1i\" \/>\n<meta name=\"twitter:card\" content=\"summary_large_image\" \/>\n<meta name=\"twitter:creator\" content=\"@oriamendi2010\" \/>\n<meta name=\"twitter:site\" content=\"@oriamendi2010\" \/>\n<meta name=\"twitter:label1\" content=\"Escrito por\" \/>\n\t<meta name=\"twitter:data1\" content=\"I\u00f1igo Go\u00f1i\" \/>\n\t<meta name=\"twitter:label2\" content=\"Tiempo de lectura\" \/>\n\t<meta name=\"twitter:data2\" content=\"3 minutos\" \/>\n<script type=\"application\/ld+json\" class=\"yoast-schema-graph\">{\"@context\":\"https:\/\/schema.org\",\"@graph\":[{\"@type\":\"Article\",\"@id\":\"https:\/\/oriamendi.eus\/es\/2023\/12\/05\/ansa-ii-y-martirena-se-jugaran-el-pase-a-la-final-contra-aldabe-y-barrenetxea-iv\/#article\",\"isPartOf\":{\"@id\":\"https:\/\/oriamendi.eus\/es\/2023\/12\/05\/ansa-ii-y-martirena-se-jugaran-el-pase-a-la-final-contra-aldabe-y-barrenetxea-iv\/\"},\"author\":{\"name\":\"I\u00f1igo Go\u00f1i\",\"@id\":\"https:\/\/oriamendi.eus\/es\/#\/schema\/person\/c0bd06c6c747674306a5c82563e2339a\"},\"headline\":\"Ansa II y Martirena se jugar\u00e1n el pase a la final contra Aldabe y Barrenetxea IV\",\"datePublished\":\"2023-12-05T11:24:40+00:00\",\"dateModified\":\"2023-12-05T11:24:42+00:00\",\"mainEntityOfPage\":{\"@id\":\"https:\/\/oriamendi.eus\/es\/2023\/12\/05\/ansa-ii-y-martirena-se-jugaran-el-pase-a-la-final-contra-aldabe-y-barrenetxea-iv\/\"},\"wordCount\":467,\"publisher\":{\"@id\":\"https:\/\/oriamendi.eus\/es\/#organization\"},\"articleSection\":[\"Sin categorizar\"],\"inLanguage\":\"es\"},{\"@type\":\"WebPage\",\"@id\":\"https:\/\/oriamendi.eus\/es\/2023\/12\/05\/ansa-ii-y-martirena-se-jugaran-el-pase-a-la-final-contra-aldabe-y-barrenetxea-iv\/\",\"url\":\"https:\/\/oriamendi.eus\/es\/2023\/12\/05\/ansa-ii-y-martirena-se-jugaran-el-pase-a-la-final-contra-aldabe-y-barrenetxea-iv\/\",\"name\":\"Ansa II y Martirena se jugar\u00e1n el pase a la final contra Aldabe y Barrenetxea IV | Oriamendi 2010\",\"isPartOf\":{\"@id\":\"https:\/\/oriamendi.eus\/es\/#website\"},\"datePublished\":\"2023-12-05T11:24:40+00:00\",\"dateModified\":\"2023-12-05T11:24:42+00:00\",\"breadcrumb\":{\"@id\":\"https:\/\/oriamendi.eus\/es\/2023\/12\/05\/ansa-ii-y-martirena-se-jugaran-el-pase-a-la-final-contra-aldabe-y-barrenetxea-iv\/#breadcrumb\"},\"inLanguage\":\"es\",\"potentialAction\":[{\"@type\":\"ReadAction\",\"target\":[\"https:\/\/oriamendi.eus\/es\/2023\/12\/05\/ansa-ii-y-martirena-se-jugaran-el-pase-a-la-final-contra-aldabe-y-barrenetxea-iv\/\"]}]},{\"@type\":\"BreadcrumbList\",\"@id\":\"https:\/\/oriamendi.eus\/es\/2023\/12\/05\/ansa-ii-y-martirena-se-jugaran-el-pase-a-la-final-contra-aldabe-y-barrenetxea-iv\/#breadcrumb\",\"itemListElement\":[{\"@type\":\"ListItem\",\"position\":1,\"name\":\"Portada\",\"item\":\"https:\/\/oriamendi.eus\/es\/\"},{\"@type\":\"ListItem\",\"position\":2,\"name\":\"Ansa II y Martirena se jugar\u00e1n el pase a la final contra Aldabe y Barrenetxea IV\"}]},{\"@type\":\"WebSite\",\"@id\":\"https:\/\/oriamendi.eus\/es\/#website\",\"url\":\"https:\/\/oriamendi.eus\/es\/\",\"name\":\"Oriamendi\",\"description\":\"Remonte en Galarreta. Hernani. Gipuzkoa\",\"publisher\":{\"@id\":\"https:\/\/oriamendi.eus\/es\/#organization\"},\"potentialAction\":[{\"@type\":\"SearchAction\",\"target\":{\"@type\":\"EntryPoint\",\"urlTemplate\":\"https:\/\/oriamendi.eus\/es\/?s={search_term_string}\"},\"query-input\":\"required name=search_term_string\"}],\"inLanguage\":\"es\"},{\"@type\":\"Organization\",\"@id\":\"https:\/\/oriamendi.eus\/es\/#organization\",\"name\":\"Oriamendi\",\"url\":\"https:\/\/oriamendi.eus\/es\/\",\"logo\":{\"@type\":\"ImageObject\",\"inLanguage\":\"es\",\"@id\":\"https:\/\/oriamendi.eus\/es\/#\/schema\/logo\/image\/\",\"url\":\"https:\/\/oriamendi.eus\/wp-content\/uploads\/2020\/06\/logo-oriamendi.png\",\"contentUrl\":\"https:\/\/oriamendi.eus\/wp-content\/uploads\/2020\/06\/logo-oriamendi.png\",\"width\":300,\"height\":90,\"caption\":\"Oriamendi\"},\"image\":{\"@id\":\"https:\/\/oriamendi.eus\/es\/#\/schema\/logo\/image\/\"},\"sameAs\":[\"https:\/\/www.facebook.com\/oriamendi2010remonte\/\",\"https:\/\/twitter.com\/oriamendi2010\",\"https:\/\/www.instagram.com\/galarretajaialai\/\",\"https:\/\/www.youtube.com\/channel\/UC8gVNzQqB1iwnC-_rI-ihmA\/featured\"]},{\"@type\":\"Person\",\"@id\":\"https:\/\/oriamendi.eus\/es\/#\/schema\/person\/c0bd06c6c747674306a5c82563e2339a\",\"name\":\"I\u00f1igo Go\u00f1i\",\"image\":{\"@type\":\"ImageObject\",\"inLanguage\":\"es\",\"@id\":\"https:\/\/oriamendi.eus\/es\/#\/schema\/person\/image\/\",\"url\":\"https:\/\/secure.gravatar.com\/avatar\/fbb07ffc7b803bbfcc2b6419c06abd3a?s=96&d=mm&r=g\",\"contentUrl\":\"https:\/\/secure.gravatar.com\/avatar\/fbb07ffc7b803bbfcc2b6419c06abd3a?s=96&d=mm&r=g\",\"caption\":\"I\u00f1igo Go\u00f1i\"},\"url\":\"https:\/\/oriamendi.eus\/es\/author\/om-berriak\/\"}]}<\/script>\n<!-- \/ Yoast SEO plugin. -->","yoast_head_json":{"title":"Ansa II y Martirena se jugar\u00e1n el pase a la final contra Aldabe y Barrenetxea IV | Oriamendi 2010","robots":{"index":"index","follow":"follow","max-snippet":"max-snippet:-1","max-image-preview":"max-image-preview:large","max-video-preview":"max-video-preview:-1"},"canonical":"https:\/\/oriamendi.eus\/es\/2023\/12\/05\/ansa-ii-y-martirena-se-jugaran-el-pase-a-la-final-contra-aldabe-y-barrenetxea-iv\/","og_locale":"es_ES","og_type":"article","og_title":"Ansa II y Martirena se jugar\u00e1n el pase a la final contra Aldabe y Barrenetxea IV | Oriamendi 2010","og_description":"Se imponen 2-1(6-15, 15-11, 8-6) a Ezkurra II y Larra\u00f1aga y tambi\u00e9n pasan a semifinales como m\u00ednimo Ansa II y Martirena se impusieron 2-1\u00a0(6-15, 15-11, 8-6) a Ezkurra II y Larra\u00f1aga en el Campeonato de Remonte Parejas y se jugar\u00e1n el pase a la final del campeonato en el \u00faltimo partido ante Aldabe y Barrenetxea [&hellip;]","og_url":"https:\/\/oriamendi.eus\/es\/2023\/12\/05\/ansa-ii-y-martirena-se-jugaran-el-pase-a-la-final-contra-aldabe-y-barrenetxea-iv\/","og_site_name":"Oriamendi 2010","article_publisher":"https:\/\/www.facebook.com\/oriamendi2010remonte\/","article_published_time":"2023-12-05T11:24:40+00:00","article_modified_time":"2023-12-05T11:24:42+00:00","og_image":[{"width":1024,"height":604,"url":"https:\/\/oriamendi.eus\/wp-content\/uploads\/2023\/12\/IMG-20231205-WA0005.jpg","type":"image\/jpeg"}],"author":"I\u00f1igo Go\u00f1i","twitter_card":"summary_large_image","twitter_creator":"@oriamendi2010","twitter_site":"@oriamendi2010","twitter_misc":{"Escrito por":"I\u00f1igo Go\u00f1i","Tiempo de lectura":"3 minutos"},"schema":{"@context":"https:\/\/schema.org","@graph":[{"@type":"Article","@id":"https:\/\/oriamendi.eus\/es\/2023\/12\/05\/ansa-ii-y-martirena-se-jugaran-el-pase-a-la-final-contra-aldabe-y-barrenetxea-iv\/#article","isPartOf":{"@id":"https:\/\/oriamendi.eus\/es\/2023\/12\/05\/ansa-ii-y-martirena-se-jugaran-el-pase-a-la-final-contra-aldabe-y-barrenetxea-iv\/"},"author":{"name":"I\u00f1igo Go\u00f1i","@id":"https:\/\/oriamendi.eus\/es\/#\/schema\/person\/c0bd06c6c747674306a5c82563e2339a"},"headline":"Ansa II y Martirena se jugar\u00e1n el pase a la final contra Aldabe y Barrenetxea IV","datePublished":"2023-12-05T11:24:40+00:00","dateModified":"2023-12-05T11:24:42+00:00","mainEntityOfPage":{"@id":"https:\/\/oriamendi.eus\/es\/2023\/12\/05\/ansa-ii-y-martirena-se-jugaran-el-pase-a-la-final-contra-aldabe-y-barrenetxea-iv\/"},"wordCount":467,"publisher":{"@id":"https:\/\/oriamendi.eus\/es\/#organization"},"articleSection":["Sin categorizar"],"inLanguage":"es"},{"@type":"WebPage","@id":"https:\/\/oriamendi.eus\/es\/2023\/12\/05\/ansa-ii-y-martirena-se-jugaran-el-pase-a-la-final-contra-aldabe-y-barrenetxea-iv\/","url":"https:\/\/oriamendi.eus\/es\/2023\/12\/05\/ansa-ii-y-martirena-se-jugaran-el-pase-a-la-final-contra-aldabe-y-barrenetxea-iv\/","name":"Ansa II y Martirena se jugar\u00e1n el pase a la final contra Aldabe y Barrenetxea IV | Oriamendi 2010","isPartOf":{"@id":"https:\/\/oriamendi.eus\/es\/#website"},"datePublished":"2023-12-05T11:24:40+00:00","dateModified":"2023-12-05T11:24:42+00:00","breadcrumb":{"@id":"https:\/\/oriamendi.eus\/es\/2023\/12\/05\/ansa-ii-y-martirena-se-jugaran-el-pase-a-la-final-contra-aldabe-y-barrenetxea-iv\/#breadcrumb"},"inLanguage":"es","potentialAction":[{"@type":"ReadAction","target":["https:\/\/oriamendi.eus\/es\/2023\/12\/05\/ansa-ii-y-martirena-se-jugaran-el-pase-a-la-final-contra-aldabe-y-barrenetxea-iv\/"]}]},{"@type":"BreadcrumbList","@id":"https:\/\/oriamendi.eus\/es\/2023\/12\/05\/ansa-ii-y-martirena-se-jugaran-el-pase-a-la-final-contra-aldabe-y-barrenetxea-iv\/#breadcrumb","itemListElement":[{"@type":"ListItem","position":1,"name":"Portada","item":"https:\/\/oriamendi.eus\/es\/"},{"@type":"ListItem","position":2,"name":"Ansa II y Martirena se jugar\u00e1n el pase a la final contra Aldabe y Barrenetxea IV"}]},{"@type":"WebSite","@id":"https:\/\/oriamendi.eus\/es\/#website","url":"https:\/\/oriamendi.eus\/es\/","name":"Oriamendi","description":"Remonte en Galarreta. Hernani. Gipuzkoa","publisher":{"@id":"https:\/\/oriamendi.eus\/es\/#organization"},"potentialAction":[{"@type":"SearchAction","target":{"@type":"EntryPoint","urlTemplate":"https:\/\/oriamendi.eus\/es\/?s={search_term_string}"},"query-input":"required name=search_term_string"}],"inLanguage":"es"},{"@type":"Organization","@id":"https:\/\/oriamendi.eus\/es\/#organization","name":"Oriamendi","url":"https:\/\/oriamendi.eus\/es\/","logo":{"@type":"ImageObject","inLanguage":"es","@id":"https:\/\/oriamendi.eus\/es\/#\/schema\/logo\/image\/","url":"https:\/\/oriamendi.eus\/wp-content\/uploads\/2020\/06\/logo-oriamendi.png","contentUrl":"https:\/\/oriamendi.eus\/wp-content\/uploads\/2020\/06\/logo-oriamendi.png","width":300,"height":90,"caption":"Oriamendi"},"image":{"@id":"https:\/\/oriamendi.eus\/es\/#\/schema\/logo\/image\/"},"sameAs":["https:\/\/www.facebook.com\/oriamendi2010remonte\/","https:\/\/twitter.com\/oriamendi2010","https:\/\/www.instagram.com\/galarretajaialai\/","https:\/\/www.youtube.com\/channel\/UC8gVNzQqB1iwnC-_rI-ihmA\/featured"]},{"@type":"Person","@id":"https:\/\/oriamendi.eus\/es\/#\/schema\/person\/c0bd06c6c747674306a5c82563e2339a","name":"I\u00f1igo Go\u00f1i","image":{"@type":"ImageObject","inLanguage":"es","@id":"https:\/\/oriamendi.eus\/es\/#\/schema\/person\/image\/","url":"https:\/\/secure.gravatar.com\/avatar\/fbb07ffc7b803bbfcc2b6419c06abd3a?s=96&d=mm&r=g","contentUrl":"https:\/\/secure.gravatar.com\/avatar\/fbb07ffc7b803bbfcc2b6419c06abd3a?s=96&d=mm&r=g","caption":"I\u00f1igo Go\u00f1i"},"url":"https:\/\/oriamendi.eus\/es\/author\/om-berriak\/"}]}},"_links":{"self":[{"href":"https:\/\/oriamendi.eus\/es\/wp-json\/wp\/v2\/posts\/7598"}],"collection":[{"href":"https:\/\/oriamendi.eus\/es\/wp-json\/wp\/v2\/posts"}],"about":[{"href":"https:\/\/oriamendi.eus\/es\/wp-json\/wp\/v2\/types\/post"}],"author":[{"embeddable":true,"href":"https:\/\/oriamendi.eus\/es\/wp-json\/wp\/v2\/users\/5"}],"replies":[{"embeddable":true,"href":"https:\/\/oriamendi.eus\/es\/wp-json\/wp\/v2\/comments?post=7598"}],"version-history":[{"count":1,"href":"https:\/\/oriamendi.eus\/es\/wp-json\/wp\/v2\/posts\/7598\/revisions"}],"predecessor-version":[{"id":7605,"href":"https:\/\/oriamendi.eus\/es\/wp-json\/wp\/v2\/posts\/7598\/revisions\/7605"}],"wp:featuredmedia":[{"embeddable":true,"href":"https:\/\/oriamendi.eus\/es\/wp-json\/wp\/v2\/media\/7599"}],"wp:attachment":[{"href":"https:\/\/oriamendi.eus\/es\/wp-json\/wp\/v2\/media?parent=7598"}],"wp:term":[{"taxonomy":"category","embeddable":true,"href":"https:\/\/oriamendi.eus\/es\/wp-json\/wp\/v2\/categories?post=7598"},{"taxonomy":"post_tag","embeddable":true,"href":"https:\/\/oriamendi.eus\/es\/wp-json\/wp\/v2\/tags?post=7598"}],"curies":[{"name":"wp","href":"https:\/\/api.w.org\/{rel}","templated":true}]}}