                                        
                                        
                                        
                                        
                                        
                                        
                                        
                                        
                                        
                                        
                                        
                                        
                                        
                                        
                                        
                                        
                                        
                                        
{"id":7556,"date":"2023-11-18T20:24:47","date_gmt":"2023-11-18T19:24:47","guid":{"rendered":"https:\/\/oriamendi.eus\/?p=7556"},"modified":"2023-11-20T11:07:30","modified_gmt":"2023-11-20T10:07:30","slug":"aldabe-y-barrenetxea-iv-alcanzan-el-liderato-con-una-clara-segunda-victoria","status":"publish","type":"post","link":"https:\/\/oriamendi.eus\/es\/2023\/11\/18\/aldabe-y-barrenetxea-iv-alcanzan-el-liderato-con-una-clara-segunda-victoria\/","title":{"rendered":"Aldabe y Barrenetxea IV alcanzan el liderato con una clara segunda victoria"},"content":{"rendered":"\n<p><strong><br>Se imponen 2-0 (15-7 y 15-14) a Ezkurra II y Larra\u00f1aga que no conocen la victoria<\/strong><\/p>\n\n\n\n<p>Aldabe y Barrenetxea IV se impusieron 2-0 a Ezkurra II y Larra\u00f1aga en el partido que cerraba la segunda jornada del Campeonato de Remonte Parejas-Fundaci\u00f3n Orona. Este resultado deja a Aldabe y Barrenetxea IV en el liderato de la liguilla con ocho puntos, mientras Ezkurra y Larra\u00f1aga suman un punto y cierran la tabla, empatados con Urriza y Azpiroz.&nbsp;<\/p>\n\n\n\n<p>Aldabe y Barrenetxea fueron muy superiores en el primer set, en el que vencieron 15-7, pero el segundo set fue el m\u00e1s igualado y mejor de todo el campeonato en el que los colorados cerraron el partido por 15-14.<\/p>\n\n\n\n<p>El primer set no tuvo mucha historia. Barrenetxea, que fue el mejor del partido fue amo y se\u00f1or y comand\u00f3 el marcador de principio a fin. Larra\u00f1aga no entraba en juego y Ezkurra, que hizo seis tantos, comet\u00eda tambi\u00e9n errores y no hubo emoci\u00f3n. Aldabe acompa\u00f1aba a la perfecci\u00f3n al zaguero y en todo el partido solo cometi\u00f3 un error.&nbsp;<\/p>\n\n\n\n<p>El segundo set fue diferente. Hubo muchas m\u00e1s emoci\u00f3n y sobre todo buen juego. Barrenetxea y Ezkurra se lucieron y fue una lucha encarnizaba entre un delantero enchufado y un zaguero con juego. La pelota se mov\u00eda con mucha velocidad ofreciendo los mejores momentos, hasta la fecha, de todo el campeonato. El set fue igualado a tres, a seis, a siete, a ocho y tras el empate a once los azules cogieron una renta de dos tantos, 11-13. El empate a un set estaba cerca, pero tres errores no forzados de los azules, dos de Larra\u00f1aga y uno de Ezkurra, les pon\u00eda a un tanto de la victoria a los colorados. Empataron a catorce y en el tanto decisivo Ezkurra arrim\u00f3 la pelota al diez, pero Barrenetxea la cogi\u00f3 al vuelo y pas\u00f3 a todos para cerrar el choque 15-14. Barrenetxea estuvo dominador a lo largo de todo el encuentro.\u00a0<\/p>\n\n\n\n<p><\/p>\n\n\n\n<figure class=\"wp-block-image size-large\"><img fetchpriority=\"high\" fetchpriority=\"high\" decoding=\"async\" width=\"576\" height=\"1024\" src=\"https:\/\/oriamendi.eus\/wp-content\/uploads\/2023\/11\/IMG-20231118-WA0024-576x1024.jpg\" alt=\"\" class=\"wp-image-7561\" srcset=\"https:\/\/oriamendi.eus\/wp-content\/uploads\/2023\/11\/IMG-20231118-WA0024-576x1024.jpg 576w, https:\/\/oriamendi.eus\/wp-content\/uploads\/2023\/11\/IMG-20231118-WA0024-480x853.jpg 480w\" sizes=\"(min-width: 0px) and (max-width: 480px) 480px, (min-width: 481px) 576px, 100vw\" \/><\/figure>\n\n\n\n<p><br><strong>Irazu y Apezetxea muy superiores a Urrutia II y Zaldua<\/strong><br>En el primer partido y correspondiente al Campeonato de Promoci\u00f3n Apezetxea estuvo espectacular y junto a Irazu se llevaron los cuatro puntos con parciales de 9-15 y 7-15. Urrutia estuvo desdibujado ante un Irazu enchufado y un Apezetxea espectacular que sum\u00f3 hasta 17 tantos en total.\u00a0<\/p>\n\n\n\n<p><\/p>\n\n\n\n<figure class=\"wp-block-image size-full\"><img decoding=\"async\" width=\"576\" height=\"1024\" src=\"https:\/\/oriamendi.eus\/wp-content\/uploads\/2023\/11\/IMG-20231118-WA0023.jpg\" alt=\"\" class=\"wp-image-7557\" srcset=\"https:\/\/oriamendi.eus\/wp-content\/uploads\/2023\/11\/IMG-20231118-WA0023.jpg 576w, https:\/\/oriamendi.eus\/wp-content\/uploads\/2023\/11\/IMG-20231118-WA0023-480x853.jpg 480w\" sizes=\"(min-width: 0px) and (max-width: 480px) 480px, (min-width: 481px) 576px, 100vw\" \/><\/figure>\n","protected":false},"excerpt":{"rendered":"<p>Se imponen 2-0 (15-7 y 15-14) a Ezkurra II y Larra\u00f1aga que no conocen la victoria Aldabe y Barrenetxea IV se impusieron 2-0 a Ezkurra II y Larra\u00f1aga en el partido que cerraba la segunda jornada del Campeonato de Remonte Parejas-Fundaci\u00f3n Orona. Este resultado deja a Aldabe y Barrenetxea IV en el liderato de la [&hellip;]<\/p>\n","protected":false},"author":5,"featured_media":7568,"comment_status":"closed","ping_status":"open","sticky":false,"template":"","format":"standard","meta":{"_et_pb_use_builder":"off","_et_pb_old_content":"","_et_gb_content_width":"","footnotes":""},"categories":[1],"tags":[],"yoast_head":"<!-- This site is optimized with the Yoast SEO plugin v21.8 - https:\/\/yoast.com\/wordpress\/plugins\/seo\/ -->\n<title>Aldabe y Barrenetxea IV alcanzan el liderato con una clara segunda victoria | Oriamendi 2010<\/title>\n<meta name=\"robots\" content=\"index, follow, max-snippet:-1, max-image-preview:large, max-video-preview:-1\" \/>\n<link rel=\"canonical\" href=\"https:\/\/oriamendi.eus\/es\/2023\/11\/18\/aldabe-y-barrenetxea-iv-alcanzan-el-liderato-con-una-clara-segunda-victoria\/\" \/>\n<meta property=\"og:locale\" content=\"es_ES\" \/>\n<meta property=\"og:type\" content=\"article\" \/>\n<meta property=\"og:title\" content=\"Aldabe y Barrenetxea IV alcanzan el liderato con una clara segunda victoria | Oriamendi 2010\" \/>\n<meta property=\"og:description\" content=\"Se imponen 2-0 (15-7 y 15-14) a Ezkurra II y Larra\u00f1aga que no conocen la victoria Aldabe y Barrenetxea IV se impusieron 2-0 a Ezkurra II y Larra\u00f1aga en el partido que cerraba la segunda jornada del Campeonato de Remonte Parejas-Fundaci\u00f3n Orona. Este resultado deja a Aldabe y Barrenetxea IV en el liderato de la [&hellip;]\" \/>\n<meta property=\"og:url\" content=\"https:\/\/oriamendi.eus\/es\/2023\/11\/18\/aldabe-y-barrenetxea-iv-alcanzan-el-liderato-con-una-clara-segunda-victoria\/\" \/>\n<meta property=\"og:site_name\" content=\"Oriamendi 2010\" \/>\n<meta property=\"article:publisher\" content=\"https:\/\/www.facebook.com\/oriamendi2010remonte\/\" \/>\n<meta property=\"article:published_time\" content=\"2023-11-18T19:24:47+00:00\" \/>\n<meta property=\"article:modified_time\" content=\"2023-11-20T10:07:30+00:00\" \/>\n<meta property=\"og:image\" content=\"https:\/\/oriamendi.eus\/wp-content\/uploads\/2023\/11\/IMG_20230923_173200_2000_x_1334_pixel.jpg\" \/>\n\t<meta property=\"og:image:width\" content=\"1200\" \/>\n\t<meta property=\"og:image:height\" content=\"800\" \/>\n\t<meta property=\"og:image:type\" content=\"image\/jpeg\" \/>\n<meta name=\"author\" content=\"I\u00f1igo Go\u00f1i\" \/>\n<meta name=\"twitter:card\" content=\"summary_large_image\" \/>\n<meta name=\"twitter:creator\" content=\"@oriamendi2010\" \/>\n<meta name=\"twitter:site\" content=\"@oriamendi2010\" \/>\n<meta name=\"twitter:label1\" content=\"Escrito por\" \/>\n\t<meta name=\"twitter:data1\" content=\"I\u00f1igo Go\u00f1i\" \/>\n\t<meta name=\"twitter:label2\" content=\"Tiempo de lectura\" \/>\n\t<meta name=\"twitter:data2\" content=\"3 minutos\" \/>\n<script type=\"application\/ld+json\" class=\"yoast-schema-graph\">{\"@context\":\"https:\/\/schema.org\",\"@graph\":[{\"@type\":\"Article\",\"@id\":\"https:\/\/oriamendi.eus\/es\/2023\/11\/18\/aldabe-y-barrenetxea-iv-alcanzan-el-liderato-con-una-clara-segunda-victoria\/#article\",\"isPartOf\":{\"@id\":\"https:\/\/oriamendi.eus\/es\/2023\/11\/18\/aldabe-y-barrenetxea-iv-alcanzan-el-liderato-con-una-clara-segunda-victoria\/\"},\"author\":{\"name\":\"I\u00f1igo Go\u00f1i\",\"@id\":\"https:\/\/oriamendi.eus\/es\/#\/schema\/person\/c0bd06c6c747674306a5c82563e2339a\"},\"headline\":\"Aldabe y Barrenetxea IV alcanzan el liderato con una clara segunda victoria\",\"datePublished\":\"2023-11-18T19:24:47+00:00\",\"dateModified\":\"2023-11-20T10:07:30+00:00\",\"mainEntityOfPage\":{\"@id\":\"https:\/\/oriamendi.eus\/es\/2023\/11\/18\/aldabe-y-barrenetxea-iv-alcanzan-el-liderato-con-una-clara-segunda-victoria\/\"},\"wordCount\":411,\"publisher\":{\"@id\":\"https:\/\/oriamendi.eus\/es\/#organization\"},\"articleSection\":[\"Sin categorizar\"],\"inLanguage\":\"es\"},{\"@type\":\"WebPage\",\"@id\":\"https:\/\/oriamendi.eus\/es\/2023\/11\/18\/aldabe-y-barrenetxea-iv-alcanzan-el-liderato-con-una-clara-segunda-victoria\/\",\"url\":\"https:\/\/oriamendi.eus\/es\/2023\/11\/18\/aldabe-y-barrenetxea-iv-alcanzan-el-liderato-con-una-clara-segunda-victoria\/\",\"name\":\"Aldabe y Barrenetxea IV alcanzan el liderato con una clara segunda victoria | Oriamendi 2010\",\"isPartOf\":{\"@id\":\"https:\/\/oriamendi.eus\/es\/#website\"},\"datePublished\":\"2023-11-18T19:24:47+00:00\",\"dateModified\":\"2023-11-20T10:07:30+00:00\",\"breadcrumb\":{\"@id\":\"https:\/\/oriamendi.eus\/es\/2023\/11\/18\/aldabe-y-barrenetxea-iv-alcanzan-el-liderato-con-una-clara-segunda-victoria\/#breadcrumb\"},\"inLanguage\":\"es\",\"potentialAction\":[{\"@type\":\"ReadAction\",\"target\":[\"https:\/\/oriamendi.eus\/es\/2023\/11\/18\/aldabe-y-barrenetxea-iv-alcanzan-el-liderato-con-una-clara-segunda-victoria\/\"]}]},{\"@type\":\"BreadcrumbList\",\"@id\":\"https:\/\/oriamendi.eus\/es\/2023\/11\/18\/aldabe-y-barrenetxea-iv-alcanzan-el-liderato-con-una-clara-segunda-victoria\/#breadcrumb\",\"itemListElement\":[{\"@type\":\"ListItem\",\"position\":1,\"name\":\"Portada\",\"item\":\"https:\/\/oriamendi.eus\/es\/\"},{\"@type\":\"ListItem\",\"position\":2,\"name\":\"Aldabe y Barrenetxea IV alcanzan el liderato con una clara segunda victoria\"}]},{\"@type\":\"WebSite\",\"@id\":\"https:\/\/oriamendi.eus\/es\/#website\",\"url\":\"https:\/\/oriamendi.eus\/es\/\",\"name\":\"Oriamendi\",\"description\":\"Remonte en Galarreta. Hernani. Gipuzkoa\",\"publisher\":{\"@id\":\"https:\/\/oriamendi.eus\/es\/#organization\"},\"potentialAction\":[{\"@type\":\"SearchAction\",\"target\":{\"@type\":\"EntryPoint\",\"urlTemplate\":\"https:\/\/oriamendi.eus\/es\/?s={search_term_string}\"},\"query-input\":\"required name=search_term_string\"}],\"inLanguage\":\"es\"},{\"@type\":\"Organization\",\"@id\":\"https:\/\/oriamendi.eus\/es\/#organization\",\"name\":\"Oriamendi\",\"url\":\"https:\/\/oriamendi.eus\/es\/\",\"logo\":{\"@type\":\"ImageObject\",\"inLanguage\":\"es\",\"@id\":\"https:\/\/oriamendi.eus\/es\/#\/schema\/logo\/image\/\",\"url\":\"https:\/\/oriamendi.eus\/wp-content\/uploads\/2020\/06\/logo-oriamendi.png\",\"contentUrl\":\"https:\/\/oriamendi.eus\/wp-content\/uploads\/2020\/06\/logo-oriamendi.png\",\"width\":300,\"height\":90,\"caption\":\"Oriamendi\"},\"image\":{\"@id\":\"https:\/\/oriamendi.eus\/es\/#\/schema\/logo\/image\/\"},\"sameAs\":[\"https:\/\/www.facebook.com\/oriamendi2010remonte\/\",\"https:\/\/twitter.com\/oriamendi2010\",\"https:\/\/www.instagram.com\/galarretajaialai\/\",\"https:\/\/www.youtube.com\/channel\/UC8gVNzQqB1iwnC-_rI-ihmA\/featured\"]},{\"@type\":\"Person\",\"@id\":\"https:\/\/oriamendi.eus\/es\/#\/schema\/person\/c0bd06c6c747674306a5c82563e2339a\",\"name\":\"I\u00f1igo Go\u00f1i\",\"image\":{\"@type\":\"ImageObject\",\"inLanguage\":\"es\",\"@id\":\"https:\/\/oriamendi.eus\/es\/#\/schema\/person\/image\/\",\"url\":\"https:\/\/secure.gravatar.com\/avatar\/fbb07ffc7b803bbfcc2b6419c06abd3a?s=96&d=mm&r=g\",\"contentUrl\":\"https:\/\/secure.gravatar.com\/avatar\/fbb07ffc7b803bbfcc2b6419c06abd3a?s=96&d=mm&r=g\",\"caption\":\"I\u00f1igo Go\u00f1i\"},\"url\":\"https:\/\/oriamendi.eus\/es\/author\/om-berriak\/\"}]}<\/script>\n<!-- \/ Yoast SEO plugin. -->","yoast_head_json":{"title":"Aldabe y Barrenetxea IV alcanzan el liderato con una clara segunda victoria | Oriamendi 2010","robots":{"index":"index","follow":"follow","max-snippet":"max-snippet:-1","max-image-preview":"max-image-preview:large","max-video-preview":"max-video-preview:-1"},"canonical":"https:\/\/oriamendi.eus\/es\/2023\/11\/18\/aldabe-y-barrenetxea-iv-alcanzan-el-liderato-con-una-clara-segunda-victoria\/","og_locale":"es_ES","og_type":"article","og_title":"Aldabe y Barrenetxea IV alcanzan el liderato con una clara segunda victoria | Oriamendi 2010","og_description":"Se imponen 2-0 (15-7 y 15-14) a Ezkurra II y Larra\u00f1aga que no conocen la victoria Aldabe y Barrenetxea IV se impusieron 2-0 a Ezkurra II y Larra\u00f1aga en el partido que cerraba la segunda jornada del Campeonato de Remonte Parejas-Fundaci\u00f3n Orona. Este resultado deja a Aldabe y Barrenetxea IV en el liderato de la [&hellip;]","og_url":"https:\/\/oriamendi.eus\/es\/2023\/11\/18\/aldabe-y-barrenetxea-iv-alcanzan-el-liderato-con-una-clara-segunda-victoria\/","og_site_name":"Oriamendi 2010","article_publisher":"https:\/\/www.facebook.com\/oriamendi2010remonte\/","article_published_time":"2023-11-18T19:24:47+00:00","article_modified_time":"2023-11-20T10:07:30+00:00","og_image":[{"width":1200,"height":800,"url":"https:\/\/oriamendi.eus\/wp-content\/uploads\/2023\/11\/IMG_20230923_173200_2000_x_1334_pixel.jpg","type":"image\/jpeg"}],"author":"I\u00f1igo Go\u00f1i","twitter_card":"summary_large_image","twitter_creator":"@oriamendi2010","twitter_site":"@oriamendi2010","twitter_misc":{"Escrito por":"I\u00f1igo Go\u00f1i","Tiempo de lectura":"3 minutos"},"schema":{"@context":"https:\/\/schema.org","@graph":[{"@type":"Article","@id":"https:\/\/oriamendi.eus\/es\/2023\/11\/18\/aldabe-y-barrenetxea-iv-alcanzan-el-liderato-con-una-clara-segunda-victoria\/#article","isPartOf":{"@id":"https:\/\/oriamendi.eus\/es\/2023\/11\/18\/aldabe-y-barrenetxea-iv-alcanzan-el-liderato-con-una-clara-segunda-victoria\/"},"author":{"name":"I\u00f1igo Go\u00f1i","@id":"https:\/\/oriamendi.eus\/es\/#\/schema\/person\/c0bd06c6c747674306a5c82563e2339a"},"headline":"Aldabe y Barrenetxea IV alcanzan el liderato con una clara segunda victoria","datePublished":"2023-11-18T19:24:47+00:00","dateModified":"2023-11-20T10:07:30+00:00","mainEntityOfPage":{"@id":"https:\/\/oriamendi.eus\/es\/2023\/11\/18\/aldabe-y-barrenetxea-iv-alcanzan-el-liderato-con-una-clara-segunda-victoria\/"},"wordCount":411,"publisher":{"@id":"https:\/\/oriamendi.eus\/es\/#organization"},"articleSection":["Sin categorizar"],"inLanguage":"es"},{"@type":"WebPage","@id":"https:\/\/oriamendi.eus\/es\/2023\/11\/18\/aldabe-y-barrenetxea-iv-alcanzan-el-liderato-con-una-clara-segunda-victoria\/","url":"https:\/\/oriamendi.eus\/es\/2023\/11\/18\/aldabe-y-barrenetxea-iv-alcanzan-el-liderato-con-una-clara-segunda-victoria\/","name":"Aldabe y Barrenetxea IV alcanzan el liderato con una clara segunda victoria | Oriamendi 2010","isPartOf":{"@id":"https:\/\/oriamendi.eus\/es\/#website"},"datePublished":"2023-11-18T19:24:47+00:00","dateModified":"2023-11-20T10:07:30+00:00","breadcrumb":{"@id":"https:\/\/oriamendi.eus\/es\/2023\/11\/18\/aldabe-y-barrenetxea-iv-alcanzan-el-liderato-con-una-clara-segunda-victoria\/#breadcrumb"},"inLanguage":"es","potentialAction":[{"@type":"ReadAction","target":["https:\/\/oriamendi.eus\/es\/2023\/11\/18\/aldabe-y-barrenetxea-iv-alcanzan-el-liderato-con-una-clara-segunda-victoria\/"]}]},{"@type":"BreadcrumbList","@id":"https:\/\/oriamendi.eus\/es\/2023\/11\/18\/aldabe-y-barrenetxea-iv-alcanzan-el-liderato-con-una-clara-segunda-victoria\/#breadcrumb","itemListElement":[{"@type":"ListItem","position":1,"name":"Portada","item":"https:\/\/oriamendi.eus\/es\/"},{"@type":"ListItem","position":2,"name":"Aldabe y Barrenetxea IV alcanzan el liderato con una clara segunda victoria"}]},{"@type":"WebSite","@id":"https:\/\/oriamendi.eus\/es\/#website","url":"https:\/\/oriamendi.eus\/es\/","name":"Oriamendi","description":"Remonte en Galarreta. Hernani. Gipuzkoa","publisher":{"@id":"https:\/\/oriamendi.eus\/es\/#organization"},"potentialAction":[{"@type":"SearchAction","target":{"@type":"EntryPoint","urlTemplate":"https:\/\/oriamendi.eus\/es\/?s={search_term_string}"},"query-input":"required name=search_term_string"}],"inLanguage":"es"},{"@type":"Organization","@id":"https:\/\/oriamendi.eus\/es\/#organization","name":"Oriamendi","url":"https:\/\/oriamendi.eus\/es\/","logo":{"@type":"ImageObject","inLanguage":"es","@id":"https:\/\/oriamendi.eus\/es\/#\/schema\/logo\/image\/","url":"https:\/\/oriamendi.eus\/wp-content\/uploads\/2020\/06\/logo-oriamendi.png","contentUrl":"https:\/\/oriamendi.eus\/wp-content\/uploads\/2020\/06\/logo-oriamendi.png","width":300,"height":90,"caption":"Oriamendi"},"image":{"@id":"https:\/\/oriamendi.eus\/es\/#\/schema\/logo\/image\/"},"sameAs":["https:\/\/www.facebook.com\/oriamendi2010remonte\/","https:\/\/twitter.com\/oriamendi2010","https:\/\/www.instagram.com\/galarretajaialai\/","https:\/\/www.youtube.com\/channel\/UC8gVNzQqB1iwnC-_rI-ihmA\/featured"]},{"@type":"Person","@id":"https:\/\/oriamendi.eus\/es\/#\/schema\/person\/c0bd06c6c747674306a5c82563e2339a","name":"I\u00f1igo Go\u00f1i","image":{"@type":"ImageObject","inLanguage":"es","@id":"https:\/\/oriamendi.eus\/es\/#\/schema\/person\/image\/","url":"https:\/\/secure.gravatar.com\/avatar\/fbb07ffc7b803bbfcc2b6419c06abd3a?s=96&d=mm&r=g","contentUrl":"https:\/\/secure.gravatar.com\/avatar\/fbb07ffc7b803bbfcc2b6419c06abd3a?s=96&d=mm&r=g","caption":"I\u00f1igo Go\u00f1i"},"url":"https:\/\/oriamendi.eus\/es\/author\/om-berriak\/"}]}},"_links":{"self":[{"href":"https:\/\/oriamendi.eus\/es\/wp-json\/wp\/v2\/posts\/7556"}],"collection":[{"href":"https:\/\/oriamendi.eus\/es\/wp-json\/wp\/v2\/posts"}],"about":[{"href":"https:\/\/oriamendi.eus\/es\/wp-json\/wp\/v2\/types\/post"}],"author":[{"embeddable":true,"href":"https:\/\/oriamendi.eus\/es\/wp-json\/wp\/v2\/users\/5"}],"replies":[{"embeddable":true,"href":"https:\/\/oriamendi.eus\/es\/wp-json\/wp\/v2\/comments?post=7556"}],"version-history":[{"count":3,"href":"https:\/\/oriamendi.eus\/es\/wp-json\/wp\/v2\/posts\/7556\/revisions"}],"predecessor-version":[{"id":7571,"href":"https:\/\/oriamendi.eus\/es\/wp-json\/wp\/v2\/posts\/7556\/revisions\/7571"}],"wp:featuredmedia":[{"embeddable":true,"href":"https:\/\/oriamendi.eus\/es\/wp-json\/wp\/v2\/media\/7568"}],"wp:attachment":[{"href":"https:\/\/oriamendi.eus\/es\/wp-json\/wp\/v2\/media?parent=7556"}],"wp:term":[{"taxonomy":"category","embeddable":true,"href":"https:\/\/oriamendi.eus\/es\/wp-json\/wp\/v2\/categories?post=7556"},{"taxonomy":"post_tag","embeddable":true,"href":"https:\/\/oriamendi.eus\/es\/wp-json\/wp\/v2\/tags?post=7556"}],"curies":[{"name":"wp","href":"https:\/\/api.w.org\/{rel}","templated":true}]}}