                                        
                                        
                                        
                                        
                                        
                                        
                                        
                                        
                                        
                                        
                                        
                                        
                                        
                                        
                                        
                                        
                                        
                                        
{"id":7486,"date":"2023-10-23T14:54:25","date_gmt":"2023-10-23T12:54:25","guid":{"rendered":"https:\/\/oriamendi.eus\/?p=7486"},"modified":"2023-10-23T14:54:27","modified_gmt":"2023-10-23T12:54:27","slug":"final-navarra-en-el-torneo-de-azpeitia","status":"publish","type":"post","link":"https:\/\/oriamendi.eus\/es\/2023\/10\/23\/final-navarra-en-el-torneo-de-azpeitia\/","title":{"rendered":"Final navarra en el Torneo de Azpeitia"},"content":{"rendered":"\n<p><strong>Aldabe y Juanenea se enfrentar\u00e1n a Ezkurra II y Martirena el pr\u00f3ximo viernes<\/strong><\/p>\n\n\n\n<p>Dicen que nadie es profeta en su tierra y este a\u00f1o esa frase se puede aplicar al Torneo de Azpeitia de remonte. El viernes se decidi\u00f3 la composici\u00f3n de la final del campeonato y la final ser\u00e1 enteramente navarra. <\/p>\n\n\n\n<p>Aldabe y Juanenea se medir\u00e1n a Ezkurra II y Martirena en la final del 27 de octubre en el front\u00f3n Izarraitz.\u00a0En la \u00faltima jornada las parejas se la jugaban el todo por el todo y hubo claros ganadores. En el primer partido y decisivo Aldabe y Juanenea se impon\u00edan 0-2 a Ansa II-Zubiri con dos parciales de 11-15 y 14-15. En el segundo Ezkurra y Martirena certificaban el pase con una victoria clara de 2-0 con parciales de 15-4 y 15-13. Los ganadores fueron claramente superiores en ambos partidos.<\/p>\n\n\n\n<p>Juanenea marc\u00f3 la diferencia en el primer partido. Domin\u00f3 a Zubiri en el primer set sobre todo mostr\u00e1ndose m\u00e1s seguro. Juanenea hizo los tres \u00faltimos tantos y se llevaron los azules el parcial. El segundo set fue m\u00e1s igualado, aunque en los tantos decisivos estuvieron m\u00e1s acertados Aldabe y Juanenea, que formaron m\u00e1s pareja que Ansa y Zubiri.\u00a0<\/p>\n\n\n\n<p>El segundo partido fue todav\u00eda m\u00e1s claro para Ezkurra II y Martirena. Comenzaron arrasando 15-4 ante unos desdibujados Loitegi y Azpiroz, que mejoraron mucho en el segundo set. Ezkurra mandaba en los cuadros delanteros. Se vio m\u00e1s peloteo en ese segundo set con Azpiroz afinado. Martirena destac\u00f3 con el saque ya que hizo hasta seis tantos en el segundo set.\u00a0<\/p>\n","protected":false},"excerpt":{"rendered":"<p>Aldabe y Juanenea se enfrentar\u00e1n a Ezkurra II y Martirena el pr\u00f3ximo viernes Dicen que nadie es profeta en su tierra y este a\u00f1o esa frase se puede aplicar al Torneo de Azpeitia de remonte. El viernes se decidi\u00f3 la composici\u00f3n de la final del campeonato y la final ser\u00e1 enteramente navarra. Aldabe y Juanenea [&hellip;]<\/p>\n","protected":false},"author":5,"featured_media":7488,"comment_status":"closed","ping_status":"open","sticky":false,"template":"","format":"standard","meta":{"_et_pb_use_builder":"off","_et_pb_old_content":"","_et_gb_content_width":"","footnotes":""},"categories":[1],"tags":[],"yoast_head":"<!-- This site is optimized with the Yoast SEO plugin v21.8 - https:\/\/yoast.com\/wordpress\/plugins\/seo\/ -->\n<title>Final navarra en el Torneo de Azpeitia | Oriamendi 2010<\/title>\n<meta name=\"robots\" content=\"index, follow, max-snippet:-1, max-image-preview:large, max-video-preview:-1\" \/>\n<link rel=\"canonical\" href=\"https:\/\/oriamendi.eus\/es\/2023\/10\/23\/final-navarra-en-el-torneo-de-azpeitia\/\" \/>\n<meta property=\"og:locale\" content=\"es_ES\" \/>\n<meta property=\"og:type\" content=\"article\" \/>\n<meta property=\"og:title\" content=\"Final navarra en el Torneo de Azpeitia | Oriamendi 2010\" \/>\n<meta property=\"og:description\" content=\"Aldabe y Juanenea se enfrentar\u00e1n a Ezkurra II y Martirena el pr\u00f3ximo viernes Dicen que nadie es profeta en su tierra y este a\u00f1o esa frase se puede aplicar al Torneo de Azpeitia de remonte. El viernes se decidi\u00f3 la composici\u00f3n de la final del campeonato y la final ser\u00e1 enteramente navarra. Aldabe y Juanenea [&hellip;]\" \/>\n<meta property=\"og:url\" content=\"https:\/\/oriamendi.eus\/es\/2023\/10\/23\/final-navarra-en-el-torneo-de-azpeitia\/\" \/>\n<meta property=\"og:site_name\" content=\"Oriamendi 2010\" \/>\n<meta property=\"article:publisher\" content=\"https:\/\/www.facebook.com\/oriamendi2010remonte\/\" \/>\n<meta property=\"article:published_time\" content=\"2023-10-23T12:54:25+00:00\" \/>\n<meta property=\"article:modified_time\" content=\"2023-10-23T12:54:27+00:00\" \/>\n<meta property=\"og:image\" content=\"https:\/\/oriamendi.eus\/wp-content\/uploads\/2023\/10\/IMG_6440.jpg\" \/>\n\t<meta property=\"og:image:width\" content=\"1200\" \/>\n\t<meta property=\"og:image:height\" content=\"800\" \/>\n\t<meta property=\"og:image:type\" content=\"image\/jpeg\" \/>\n<meta name=\"author\" content=\"I\u00f1igo Go\u00f1i\" \/>\n<meta name=\"twitter:card\" content=\"summary_large_image\" \/>\n<meta name=\"twitter:creator\" content=\"@oriamendi2010\" \/>\n<meta name=\"twitter:site\" content=\"@oriamendi2010\" \/>\n<meta name=\"twitter:label1\" content=\"Escrito por\" \/>\n\t<meta name=\"twitter:data1\" content=\"I\u00f1igo Go\u00f1i\" \/>\n\t<meta name=\"twitter:label2\" content=\"Tiempo de lectura\" \/>\n\t<meta name=\"twitter:data2\" content=\"2 minutos\" \/>\n<script type=\"application\/ld+json\" class=\"yoast-schema-graph\">{\"@context\":\"https:\/\/schema.org\",\"@graph\":[{\"@type\":\"Article\",\"@id\":\"https:\/\/oriamendi.eus\/es\/2023\/10\/23\/final-navarra-en-el-torneo-de-azpeitia\/#article\",\"isPartOf\":{\"@id\":\"https:\/\/oriamendi.eus\/es\/2023\/10\/23\/final-navarra-en-el-torneo-de-azpeitia\/\"},\"author\":{\"name\":\"I\u00f1igo Go\u00f1i\",\"@id\":\"https:\/\/oriamendi.eus\/es\/#\/schema\/person\/c0bd06c6c747674306a5c82563e2339a\"},\"headline\":\"Final navarra en el Torneo de Azpeitia\",\"datePublished\":\"2023-10-23T12:54:25+00:00\",\"dateModified\":\"2023-10-23T12:54:27+00:00\",\"mainEntityOfPage\":{\"@id\":\"https:\/\/oriamendi.eus\/es\/2023\/10\/23\/final-navarra-en-el-torneo-de-azpeitia\/\"},\"wordCount\":281,\"publisher\":{\"@id\":\"https:\/\/oriamendi.eus\/es\/#organization\"},\"articleSection\":[\"Sin categorizar\"],\"inLanguage\":\"es\"},{\"@type\":\"WebPage\",\"@id\":\"https:\/\/oriamendi.eus\/es\/2023\/10\/23\/final-navarra-en-el-torneo-de-azpeitia\/\",\"url\":\"https:\/\/oriamendi.eus\/es\/2023\/10\/23\/final-navarra-en-el-torneo-de-azpeitia\/\",\"name\":\"Final navarra en el Torneo de Azpeitia | Oriamendi 2010\",\"isPartOf\":{\"@id\":\"https:\/\/oriamendi.eus\/es\/#website\"},\"datePublished\":\"2023-10-23T12:54:25+00:00\",\"dateModified\":\"2023-10-23T12:54:27+00:00\",\"breadcrumb\":{\"@id\":\"https:\/\/oriamendi.eus\/es\/2023\/10\/23\/final-navarra-en-el-torneo-de-azpeitia\/#breadcrumb\"},\"inLanguage\":\"es\",\"potentialAction\":[{\"@type\":\"ReadAction\",\"target\":[\"https:\/\/oriamendi.eus\/es\/2023\/10\/23\/final-navarra-en-el-torneo-de-azpeitia\/\"]}]},{\"@type\":\"BreadcrumbList\",\"@id\":\"https:\/\/oriamendi.eus\/es\/2023\/10\/23\/final-navarra-en-el-torneo-de-azpeitia\/#breadcrumb\",\"itemListElement\":[{\"@type\":\"ListItem\",\"position\":1,\"name\":\"Portada\",\"item\":\"https:\/\/oriamendi.eus\/es\/\"},{\"@type\":\"ListItem\",\"position\":2,\"name\":\"Final navarra en el Torneo de Azpeitia\"}]},{\"@type\":\"WebSite\",\"@id\":\"https:\/\/oriamendi.eus\/es\/#website\",\"url\":\"https:\/\/oriamendi.eus\/es\/\",\"name\":\"Oriamendi\",\"description\":\"Remonte en Galarreta. Hernani. Gipuzkoa\",\"publisher\":{\"@id\":\"https:\/\/oriamendi.eus\/es\/#organization\"},\"potentialAction\":[{\"@type\":\"SearchAction\",\"target\":{\"@type\":\"EntryPoint\",\"urlTemplate\":\"https:\/\/oriamendi.eus\/es\/?s={search_term_string}\"},\"query-input\":\"required name=search_term_string\"}],\"inLanguage\":\"es\"},{\"@type\":\"Organization\",\"@id\":\"https:\/\/oriamendi.eus\/es\/#organization\",\"name\":\"Oriamendi\",\"url\":\"https:\/\/oriamendi.eus\/es\/\",\"logo\":{\"@type\":\"ImageObject\",\"inLanguage\":\"es\",\"@id\":\"https:\/\/oriamendi.eus\/es\/#\/schema\/logo\/image\/\",\"url\":\"https:\/\/oriamendi.eus\/wp-content\/uploads\/2020\/06\/logo-oriamendi.png\",\"contentUrl\":\"https:\/\/oriamendi.eus\/wp-content\/uploads\/2020\/06\/logo-oriamendi.png\",\"width\":300,\"height\":90,\"caption\":\"Oriamendi\"},\"image\":{\"@id\":\"https:\/\/oriamendi.eus\/es\/#\/schema\/logo\/image\/\"},\"sameAs\":[\"https:\/\/www.facebook.com\/oriamendi2010remonte\/\",\"https:\/\/twitter.com\/oriamendi2010\",\"https:\/\/www.instagram.com\/galarretajaialai\/\",\"https:\/\/www.youtube.com\/channel\/UC8gVNzQqB1iwnC-_rI-ihmA\/featured\"]},{\"@type\":\"Person\",\"@id\":\"https:\/\/oriamendi.eus\/es\/#\/schema\/person\/c0bd06c6c747674306a5c82563e2339a\",\"name\":\"I\u00f1igo Go\u00f1i\",\"image\":{\"@type\":\"ImageObject\",\"inLanguage\":\"es\",\"@id\":\"https:\/\/oriamendi.eus\/es\/#\/schema\/person\/image\/\",\"url\":\"https:\/\/secure.gravatar.com\/avatar\/fbb07ffc7b803bbfcc2b6419c06abd3a?s=96&d=mm&r=g\",\"contentUrl\":\"https:\/\/secure.gravatar.com\/avatar\/fbb07ffc7b803bbfcc2b6419c06abd3a?s=96&d=mm&r=g\",\"caption\":\"I\u00f1igo Go\u00f1i\"},\"url\":\"https:\/\/oriamendi.eus\/es\/author\/om-berriak\/\"}]}<\/script>\n<!-- \/ Yoast SEO plugin. -->","yoast_head_json":{"title":"Final navarra en el Torneo de Azpeitia | Oriamendi 2010","robots":{"index":"index","follow":"follow","max-snippet":"max-snippet:-1","max-image-preview":"max-image-preview:large","max-video-preview":"max-video-preview:-1"},"canonical":"https:\/\/oriamendi.eus\/es\/2023\/10\/23\/final-navarra-en-el-torneo-de-azpeitia\/","og_locale":"es_ES","og_type":"article","og_title":"Final navarra en el Torneo de Azpeitia | Oriamendi 2010","og_description":"Aldabe y Juanenea se enfrentar\u00e1n a Ezkurra II y Martirena el pr\u00f3ximo viernes Dicen que nadie es profeta en su tierra y este a\u00f1o esa frase se puede aplicar al Torneo de Azpeitia de remonte. El viernes se decidi\u00f3 la composici\u00f3n de la final del campeonato y la final ser\u00e1 enteramente navarra. Aldabe y Juanenea [&hellip;]","og_url":"https:\/\/oriamendi.eus\/es\/2023\/10\/23\/final-navarra-en-el-torneo-de-azpeitia\/","og_site_name":"Oriamendi 2010","article_publisher":"https:\/\/www.facebook.com\/oriamendi2010remonte\/","article_published_time":"2023-10-23T12:54:25+00:00","article_modified_time":"2023-10-23T12:54:27+00:00","og_image":[{"width":1200,"height":800,"url":"https:\/\/oriamendi.eus\/wp-content\/uploads\/2023\/10\/IMG_6440.jpg","type":"image\/jpeg"}],"author":"I\u00f1igo Go\u00f1i","twitter_card":"summary_large_image","twitter_creator":"@oriamendi2010","twitter_site":"@oriamendi2010","twitter_misc":{"Escrito por":"I\u00f1igo Go\u00f1i","Tiempo de lectura":"2 minutos"},"schema":{"@context":"https:\/\/schema.org","@graph":[{"@type":"Article","@id":"https:\/\/oriamendi.eus\/es\/2023\/10\/23\/final-navarra-en-el-torneo-de-azpeitia\/#article","isPartOf":{"@id":"https:\/\/oriamendi.eus\/es\/2023\/10\/23\/final-navarra-en-el-torneo-de-azpeitia\/"},"author":{"name":"I\u00f1igo Go\u00f1i","@id":"https:\/\/oriamendi.eus\/es\/#\/schema\/person\/c0bd06c6c747674306a5c82563e2339a"},"headline":"Final navarra en el Torneo de Azpeitia","datePublished":"2023-10-23T12:54:25+00:00","dateModified":"2023-10-23T12:54:27+00:00","mainEntityOfPage":{"@id":"https:\/\/oriamendi.eus\/es\/2023\/10\/23\/final-navarra-en-el-torneo-de-azpeitia\/"},"wordCount":281,"publisher":{"@id":"https:\/\/oriamendi.eus\/es\/#organization"},"articleSection":["Sin categorizar"],"inLanguage":"es"},{"@type":"WebPage","@id":"https:\/\/oriamendi.eus\/es\/2023\/10\/23\/final-navarra-en-el-torneo-de-azpeitia\/","url":"https:\/\/oriamendi.eus\/es\/2023\/10\/23\/final-navarra-en-el-torneo-de-azpeitia\/","name":"Final navarra en el Torneo de Azpeitia | Oriamendi 2010","isPartOf":{"@id":"https:\/\/oriamendi.eus\/es\/#website"},"datePublished":"2023-10-23T12:54:25+00:00","dateModified":"2023-10-23T12:54:27+00:00","breadcrumb":{"@id":"https:\/\/oriamendi.eus\/es\/2023\/10\/23\/final-navarra-en-el-torneo-de-azpeitia\/#breadcrumb"},"inLanguage":"es","potentialAction":[{"@type":"ReadAction","target":["https:\/\/oriamendi.eus\/es\/2023\/10\/23\/final-navarra-en-el-torneo-de-azpeitia\/"]}]},{"@type":"BreadcrumbList","@id":"https:\/\/oriamendi.eus\/es\/2023\/10\/23\/final-navarra-en-el-torneo-de-azpeitia\/#breadcrumb","itemListElement":[{"@type":"ListItem","position":1,"name":"Portada","item":"https:\/\/oriamendi.eus\/es\/"},{"@type":"ListItem","position":2,"name":"Final navarra en el Torneo de Azpeitia"}]},{"@type":"WebSite","@id":"https:\/\/oriamendi.eus\/es\/#website","url":"https:\/\/oriamendi.eus\/es\/","name":"Oriamendi","description":"Remonte en Galarreta. Hernani. Gipuzkoa","publisher":{"@id":"https:\/\/oriamendi.eus\/es\/#organization"},"potentialAction":[{"@type":"SearchAction","target":{"@type":"EntryPoint","urlTemplate":"https:\/\/oriamendi.eus\/es\/?s={search_term_string}"},"query-input":"required name=search_term_string"}],"inLanguage":"es"},{"@type":"Organization","@id":"https:\/\/oriamendi.eus\/es\/#organization","name":"Oriamendi","url":"https:\/\/oriamendi.eus\/es\/","logo":{"@type":"ImageObject","inLanguage":"es","@id":"https:\/\/oriamendi.eus\/es\/#\/schema\/logo\/image\/","url":"https:\/\/oriamendi.eus\/wp-content\/uploads\/2020\/06\/logo-oriamendi.png","contentUrl":"https:\/\/oriamendi.eus\/wp-content\/uploads\/2020\/06\/logo-oriamendi.png","width":300,"height":90,"caption":"Oriamendi"},"image":{"@id":"https:\/\/oriamendi.eus\/es\/#\/schema\/logo\/image\/"},"sameAs":["https:\/\/www.facebook.com\/oriamendi2010remonte\/","https:\/\/twitter.com\/oriamendi2010","https:\/\/www.instagram.com\/galarretajaialai\/","https:\/\/www.youtube.com\/channel\/UC8gVNzQqB1iwnC-_rI-ihmA\/featured"]},{"@type":"Person","@id":"https:\/\/oriamendi.eus\/es\/#\/schema\/person\/c0bd06c6c747674306a5c82563e2339a","name":"I\u00f1igo Go\u00f1i","image":{"@type":"ImageObject","inLanguage":"es","@id":"https:\/\/oriamendi.eus\/es\/#\/schema\/person\/image\/","url":"https:\/\/secure.gravatar.com\/avatar\/fbb07ffc7b803bbfcc2b6419c06abd3a?s=96&d=mm&r=g","contentUrl":"https:\/\/secure.gravatar.com\/avatar\/fbb07ffc7b803bbfcc2b6419c06abd3a?s=96&d=mm&r=g","caption":"I\u00f1igo Go\u00f1i"},"url":"https:\/\/oriamendi.eus\/es\/author\/om-berriak\/"}]}},"_links":{"self":[{"href":"https:\/\/oriamendi.eus\/es\/wp-json\/wp\/v2\/posts\/7486"}],"collection":[{"href":"https:\/\/oriamendi.eus\/es\/wp-json\/wp\/v2\/posts"}],"about":[{"href":"https:\/\/oriamendi.eus\/es\/wp-json\/wp\/v2\/types\/post"}],"author":[{"embeddable":true,"href":"https:\/\/oriamendi.eus\/es\/wp-json\/wp\/v2\/users\/5"}],"replies":[{"embeddable":true,"href":"https:\/\/oriamendi.eus\/es\/wp-json\/wp\/v2\/comments?post=7486"}],"version-history":[{"count":1,"href":"https:\/\/oriamendi.eus\/es\/wp-json\/wp\/v2\/posts\/7486\/revisions"}],"predecessor-version":[{"id":7487,"href":"https:\/\/oriamendi.eus\/es\/wp-json\/wp\/v2\/posts\/7486\/revisions\/7487"}],"wp:featuredmedia":[{"embeddable":true,"href":"https:\/\/oriamendi.eus\/es\/wp-json\/wp\/v2\/media\/7488"}],"wp:attachment":[{"href":"https:\/\/oriamendi.eus\/es\/wp-json\/wp\/v2\/media?parent=7486"}],"wp:term":[{"taxonomy":"category","embeddable":true,"href":"https:\/\/oriamendi.eus\/es\/wp-json\/wp\/v2\/categories?post=7486"},{"taxonomy":"post_tag","embeddable":true,"href":"https:\/\/oriamendi.eus\/es\/wp-json\/wp\/v2\/tags?post=7486"}],"curies":[{"name":"wp","href":"https:\/\/api.w.org\/{rel}","templated":true}]}}