                                        
                                        
                                        
                                        
                                        
                                        
                                        
                                        
                                        
                                        
                                        
                                        
                                        
                                        
                                        
                                        
                                        
                                        
{"id":7476,"date":"2023-10-04T17:35:31","date_gmt":"2023-10-04T15:35:31","guid":{"rendered":"https:\/\/oriamendi.eus\/?p=7476"},"modified":"2023-10-04T17:35:33","modified_gmt":"2023-10-04T15:35:33","slug":"comienza-pasado-manana-el-torneo-de-remonte-de-azpeitia-y-se-disputara-los-proximos-cuatro-viernes-en-el-izarraitz","status":"publish","type":"post","link":"https:\/\/oriamendi.eus\/es\/2023\/10\/04\/comienza-pasado-manana-el-torneo-de-remonte-de-azpeitia-y-se-disputara-los-proximos-cuatro-viernes-en-el-izarraitz\/","title":{"rendered":"Comienza pasado ma\u00f1ana el Torneo de Remonte de Azpeitia y se disputar\u00e1 los pr\u00f3ximos cuatro viernes en el Izarraitz"},"content":{"rendered":"\n<p><strong>Este viernes comenzar\u00e1 la 22\u00aa edici\u00f3n del Campeonato de Remonte de Azpeitia. Pasado ma\u00f1ana se disputar\u00e1 la primera jornada y en el primer partido se enfrentar\u00e1n Aldabe-Juanenea y Gurrutxaga-Larra\u00f1aga, y en el segundo partido, Urriza-Apezetxea y Ezkurra II-Martirena. Los d\u00edas 13 y 20 de octubre se celebrar\u00e1n las otras dos jornadas de la fase de liguilla, y la gran final ser\u00e1 el 27 de octubre. Todas las jornadas comenzar\u00e1n a las 19:00 horas en el front\u00f3n Izarraitz.<\/strong><\/p>\n\n\n\n<p>Los pr\u00f3ximos cuatro viernes por la tarde el front\u00f3n Izarraitz ser\u00e1 escenario del remonte, ya que se disputa el Campeonato de Azpeitia de Remonte. Este a\u00f1o se celebra la 22\u00aa edici\u00f3n del campeonato y el martes se dieron a conocer los pormenores del mismo. All\u00ed estuvieron Xabier Gonz\u00e1lez, gerente de la empresa Oriamendi 2010; Jon Oteiza, presidente de la comisi\u00f3n de deportes del ayuntamiento; Carlos Larra\u00f1aga, representante de Epi, empresa patrocinadora del torneo, y varios de los pelotaris que participar\u00e1n en el torneo. Todos ellos invitaron a los vecinos a disfrutar del remonte, expuesto al front\u00f3n los cuatro viernes de octubre.<\/p>\n\n\n\n<p>Doce pelotaris participar\u00e1n en el campeonato, divididos en dos equipos de tres parejas. En un grupo participar\u00e1n Urriza-Apezetxea, Ezkurra II.a-Martiarena y Loitegi-Azpiroz; y en el otro, Gurrutxaga-Larra\u00f1aga, Ansa II.a-Zubiri y Aldabe-Juanenea. Cada uno de estos equipos disputar\u00e1 liguillas independientes, en las que todos tendr\u00e1n que competir contra todos. Los partidos se disputar\u00e1n en forma de set: en principio, dos sets a 15 tantos cada uno, y si cada pareja ganara un set, disputar\u00edan un tercer set a 5 tantos para determinar el ganador del partido. El saque del primer set lo decidir\u00e1 la chapa lanzada por el \u00e1rbitro; el del segundo set lo sacar\u00e1 la pareja que haya perdido el primer set; y el del tercer set, la pareja con m\u00e1s tantos hasta ese momento. Si hubiera empate, el \u00e1rbitro lanzar\u00eda la chapa para decidir.<\/p>\n\n\n\n<p>La clasificaci\u00f3n de la liguilla decidir\u00e1 qui\u00e9n jugar\u00e1 la final. Las parejas que lideran la clasificaci\u00f3n de ambos equipos se medir\u00e1n entre s\u00ed. Si dos parejas estuvieran empatadas, el pase a la final ser\u00eda para la pareja que mejor ha sido en el partido entre ellos. Si tres o m\u00e1s parejas empatan, tendr\u00e1n en cuenta el tanteo global.<\/p>\n\n\n\n<p>El viernes se disputar\u00e1 la primera jornada, en la que se enfrentar\u00e1n Aldabe-Juanenea y Gurrutxaga-Larra\u00f1aga; en la otra, Urriza-Apezetxea y Ezkurra II-Martirena. Las otras dos jornadas ser\u00e1n el 13 y 20 de octubre; y la gran final ser\u00e1 el 27 de octubre. A las 19:00 horas comenzar\u00e1n todas las jornadas, que tendr\u00e1n lugar en el front\u00f3n Izarraitz.<\/p>\n\n\n\n<p><strong>Invitaciones <\/strong><\/p>\n\n\n\n<p>Las entradas costar\u00e1n cinco euros, pero los ciudadanos podr\u00e1n conseguir invitaciones en la oficina de turismo de Loiola y en la Feria de la Cerveza del ISB, y Gonz\u00e1lez adelant\u00f3 que se realizar\u00e1n sorteos en los partidos.<\/p>\n\n\n\n<p>El d\u00eda de la final, a partir de las 17:30 horas, el responsable de la empresa Oriamendi 2010 anunci\u00f3 la organizaci\u00f3n de Jai Alai Active Experience para ni\u00f1os. \u00abLa primera vez que lo hicimos fue antes de la pandemia en Azpeitia, vino un mont\u00f3n de ni\u00f1os a probar el remonte y quisi\u00e9ramos que este a\u00f1o hici\u00e9ramos lo mismo\u00bb.<\/p>\n\n\n\n<p>El acto de presentaci\u00f3n cont\u00f3 con el agradecimiento mutuo de representantes municipales de Azpeitia y de la empresa Oriamendi 2010. \u00abDurante muchos a\u00f1os el remonte ha tenido muchos profesionales y aficionados en la localidad y, unido a ello, es una alegr\u00eda ver a remontistas de la zona en el campeonato de este a\u00f1o\u00bb, destac\u00f3 Oteiza.<\/p>\n","protected":false},"excerpt":{"rendered":"<p>Este viernes comenzar\u00e1 la 22\u00aa edici\u00f3n del Campeonato de Remonte de Azpeitia. Pasado ma\u00f1ana se disputar\u00e1 la primera jornada y en el primer partido se enfrentar\u00e1n Aldabe-Juanenea y Gurrutxaga-Larra\u00f1aga, y en el segundo partido, Urriza-Apezetxea y Ezkurra II-Martirena. Los d\u00edas 13 y 20 de octubre se celebrar\u00e1n las otras dos jornadas de la fase de [&hellip;]<\/p>\n","protected":false},"author":5,"featured_media":7475,"comment_status":"closed","ping_status":"open","sticky":false,"template":"","format":"standard","meta":{"_et_pb_use_builder":"off","_et_pb_old_content":"","_et_gb_content_width":"","footnotes":""},"categories":[1],"tags":[],"yoast_head":"<!-- This site is optimized with the Yoast SEO plugin v21.8 - https:\/\/yoast.com\/wordpress\/plugins\/seo\/ -->\n<title>Comienza pasado ma\u00f1ana el Torneo de Remonte de Azpeitia y se disputar\u00e1 los pr\u00f3ximos cuatro viernes en el Izarraitz | Oriamendi 2010<\/title>\n<meta name=\"robots\" content=\"index, follow, max-snippet:-1, max-image-preview:large, max-video-preview:-1\" \/>\n<link rel=\"canonical\" href=\"https:\/\/oriamendi.eus\/es\/2023\/10\/04\/comienza-pasado-manana-el-torneo-de-remonte-de-azpeitia-y-se-disputara-los-proximos-cuatro-viernes-en-el-izarraitz\/\" \/>\n<meta property=\"og:locale\" content=\"es_ES\" \/>\n<meta property=\"og:type\" content=\"article\" \/>\n<meta property=\"og:title\" content=\"Comienza pasado ma\u00f1ana el Torneo de Remonte de Azpeitia y se disputar\u00e1 los pr\u00f3ximos cuatro viernes en el Izarraitz | Oriamendi 2010\" \/>\n<meta property=\"og:description\" content=\"Este viernes comenzar\u00e1 la 22\u00aa edici\u00f3n del Campeonato de Remonte de Azpeitia. Pasado ma\u00f1ana se disputar\u00e1 la primera jornada y en el primer partido se enfrentar\u00e1n Aldabe-Juanenea y Gurrutxaga-Larra\u00f1aga, y en el segundo partido, Urriza-Apezetxea y Ezkurra II-Martirena. Los d\u00edas 13 y 20 de octubre se celebrar\u00e1n las otras dos jornadas de la fase de [&hellip;]\" \/>\n<meta property=\"og:url\" content=\"https:\/\/oriamendi.eus\/es\/2023\/10\/04\/comienza-pasado-manana-el-torneo-de-remonte-de-azpeitia-y-se-disputara-los-proximos-cuatro-viernes-en-el-izarraitz\/\" \/>\n<meta property=\"og:site_name\" content=\"Oriamendi 2010\" \/>\n<meta property=\"article:publisher\" content=\"https:\/\/www.facebook.com\/oriamendi2010remonte\/\" \/>\n<meta property=\"article:published_time\" content=\"2023-10-04T15:35:31+00:00\" \/>\n<meta property=\"article:modified_time\" content=\"2023-10-04T15:35:33+00:00\" \/>\n<meta property=\"og:image\" content=\"https:\/\/oriamendi.eus\/wp-content\/uploads\/2023\/10\/IMG_7146_tokikom_700x700.jpg\" \/>\n\t<meta property=\"og:image:width\" content=\"700\" \/>\n\t<meta property=\"og:image:height\" content=\"467\" \/>\n\t<meta property=\"og:image:type\" content=\"image\/jpeg\" \/>\n<meta name=\"author\" content=\"I\u00f1igo Go\u00f1i\" \/>\n<meta name=\"twitter:card\" content=\"summary_large_image\" \/>\n<meta name=\"twitter:creator\" content=\"@oriamendi2010\" \/>\n<meta name=\"twitter:site\" content=\"@oriamendi2010\" \/>\n<meta name=\"twitter:label1\" content=\"Escrito por\" \/>\n\t<meta name=\"twitter:data1\" content=\"I\u00f1igo Go\u00f1i\" \/>\n\t<meta name=\"twitter:label2\" content=\"Tiempo de lectura\" \/>\n\t<meta name=\"twitter:data2\" content=\"3 minutos\" \/>\n<script type=\"application\/ld+json\" class=\"yoast-schema-graph\">{\"@context\":\"https:\/\/schema.org\",\"@graph\":[{\"@type\":\"Article\",\"@id\":\"https:\/\/oriamendi.eus\/es\/2023\/10\/04\/comienza-pasado-manana-el-torneo-de-remonte-de-azpeitia-y-se-disputara-los-proximos-cuatro-viernes-en-el-izarraitz\/#article\",\"isPartOf\":{\"@id\":\"https:\/\/oriamendi.eus\/es\/2023\/10\/04\/comienza-pasado-manana-el-torneo-de-remonte-de-azpeitia-y-se-disputara-los-proximos-cuatro-viernes-en-el-izarraitz\/\"},\"author\":{\"name\":\"I\u00f1igo Go\u00f1i\",\"@id\":\"https:\/\/oriamendi.eus\/es\/#\/schema\/person\/c0bd06c6c747674306a5c82563e2339a\"},\"headline\":\"Comienza pasado ma\u00f1ana el Torneo de Remonte de Azpeitia y se disputar\u00e1 los pr\u00f3ximos cuatro viernes en el Izarraitz\",\"datePublished\":\"2023-10-04T15:35:31+00:00\",\"dateModified\":\"2023-10-04T15:35:33+00:00\",\"mainEntityOfPage\":{\"@id\":\"https:\/\/oriamendi.eus\/es\/2023\/10\/04\/comienza-pasado-manana-el-torneo-de-remonte-de-azpeitia-y-se-disputara-los-proximos-cuatro-viernes-en-el-izarraitz\/\"},\"wordCount\":640,\"publisher\":{\"@id\":\"https:\/\/oriamendi.eus\/es\/#organization\"},\"articleSection\":[\"Sin categorizar\"],\"inLanguage\":\"es\"},{\"@type\":\"WebPage\",\"@id\":\"https:\/\/oriamendi.eus\/es\/2023\/10\/04\/comienza-pasado-manana-el-torneo-de-remonte-de-azpeitia-y-se-disputara-los-proximos-cuatro-viernes-en-el-izarraitz\/\",\"url\":\"https:\/\/oriamendi.eus\/es\/2023\/10\/04\/comienza-pasado-manana-el-torneo-de-remonte-de-azpeitia-y-se-disputara-los-proximos-cuatro-viernes-en-el-izarraitz\/\",\"name\":\"Comienza pasado ma\u00f1ana el Torneo de Remonte de Azpeitia y se disputar\u00e1 los pr\u00f3ximos cuatro viernes en el Izarraitz | Oriamendi 2010\",\"isPartOf\":{\"@id\":\"https:\/\/oriamendi.eus\/es\/#website\"},\"datePublished\":\"2023-10-04T15:35:31+00:00\",\"dateModified\":\"2023-10-04T15:35:33+00:00\",\"breadcrumb\":{\"@id\":\"https:\/\/oriamendi.eus\/es\/2023\/10\/04\/comienza-pasado-manana-el-torneo-de-remonte-de-azpeitia-y-se-disputara-los-proximos-cuatro-viernes-en-el-izarraitz\/#breadcrumb\"},\"inLanguage\":\"es\",\"potentialAction\":[{\"@type\":\"ReadAction\",\"target\":[\"https:\/\/oriamendi.eus\/es\/2023\/10\/04\/comienza-pasado-manana-el-torneo-de-remonte-de-azpeitia-y-se-disputara-los-proximos-cuatro-viernes-en-el-izarraitz\/\"]}]},{\"@type\":\"BreadcrumbList\",\"@id\":\"https:\/\/oriamendi.eus\/es\/2023\/10\/04\/comienza-pasado-manana-el-torneo-de-remonte-de-azpeitia-y-se-disputara-los-proximos-cuatro-viernes-en-el-izarraitz\/#breadcrumb\",\"itemListElement\":[{\"@type\":\"ListItem\",\"position\":1,\"name\":\"Portada\",\"item\":\"https:\/\/oriamendi.eus\/es\/\"},{\"@type\":\"ListItem\",\"position\":2,\"name\":\"Comienza pasado ma\u00f1ana el Torneo de Remonte de Azpeitia y se disputar\u00e1 los pr\u00f3ximos cuatro viernes en el Izarraitz\"}]},{\"@type\":\"WebSite\",\"@id\":\"https:\/\/oriamendi.eus\/es\/#website\",\"url\":\"https:\/\/oriamendi.eus\/es\/\",\"name\":\"Oriamendi\",\"description\":\"Remonte en Galarreta. Hernani. Gipuzkoa\",\"publisher\":{\"@id\":\"https:\/\/oriamendi.eus\/es\/#organization\"},\"potentialAction\":[{\"@type\":\"SearchAction\",\"target\":{\"@type\":\"EntryPoint\",\"urlTemplate\":\"https:\/\/oriamendi.eus\/es\/?s={search_term_string}\"},\"query-input\":\"required name=search_term_string\"}],\"inLanguage\":\"es\"},{\"@type\":\"Organization\",\"@id\":\"https:\/\/oriamendi.eus\/es\/#organization\",\"name\":\"Oriamendi\",\"url\":\"https:\/\/oriamendi.eus\/es\/\",\"logo\":{\"@type\":\"ImageObject\",\"inLanguage\":\"es\",\"@id\":\"https:\/\/oriamendi.eus\/es\/#\/schema\/logo\/image\/\",\"url\":\"https:\/\/oriamendi.eus\/wp-content\/uploads\/2020\/06\/logo-oriamendi.png\",\"contentUrl\":\"https:\/\/oriamendi.eus\/wp-content\/uploads\/2020\/06\/logo-oriamendi.png\",\"width\":300,\"height\":90,\"caption\":\"Oriamendi\"},\"image\":{\"@id\":\"https:\/\/oriamendi.eus\/es\/#\/schema\/logo\/image\/\"},\"sameAs\":[\"https:\/\/www.facebook.com\/oriamendi2010remonte\/\",\"https:\/\/twitter.com\/oriamendi2010\",\"https:\/\/www.instagram.com\/galarretajaialai\/\",\"https:\/\/www.youtube.com\/channel\/UC8gVNzQqB1iwnC-_rI-ihmA\/featured\"]},{\"@type\":\"Person\",\"@id\":\"https:\/\/oriamendi.eus\/es\/#\/schema\/person\/c0bd06c6c747674306a5c82563e2339a\",\"name\":\"I\u00f1igo Go\u00f1i\",\"image\":{\"@type\":\"ImageObject\",\"inLanguage\":\"es\",\"@id\":\"https:\/\/oriamendi.eus\/es\/#\/schema\/person\/image\/\",\"url\":\"https:\/\/secure.gravatar.com\/avatar\/fbb07ffc7b803bbfcc2b6419c06abd3a?s=96&d=mm&r=g\",\"contentUrl\":\"https:\/\/secure.gravatar.com\/avatar\/fbb07ffc7b803bbfcc2b6419c06abd3a?s=96&d=mm&r=g\",\"caption\":\"I\u00f1igo Go\u00f1i\"},\"url\":\"https:\/\/oriamendi.eus\/es\/author\/om-berriak\/\"}]}<\/script>\n<!-- \/ Yoast SEO plugin. -->","yoast_head_json":{"title":"Comienza pasado ma\u00f1ana el Torneo de Remonte de Azpeitia y se disputar\u00e1 los pr\u00f3ximos cuatro viernes en el Izarraitz | Oriamendi 2010","robots":{"index":"index","follow":"follow","max-snippet":"max-snippet:-1","max-image-preview":"max-image-preview:large","max-video-preview":"max-video-preview:-1"},"canonical":"https:\/\/oriamendi.eus\/es\/2023\/10\/04\/comienza-pasado-manana-el-torneo-de-remonte-de-azpeitia-y-se-disputara-los-proximos-cuatro-viernes-en-el-izarraitz\/","og_locale":"es_ES","og_type":"article","og_title":"Comienza pasado ma\u00f1ana el Torneo de Remonte de Azpeitia y se disputar\u00e1 los pr\u00f3ximos cuatro viernes en el Izarraitz | Oriamendi 2010","og_description":"Este viernes comenzar\u00e1 la 22\u00aa edici\u00f3n del Campeonato de Remonte de Azpeitia. Pasado ma\u00f1ana se disputar\u00e1 la primera jornada y en el primer partido se enfrentar\u00e1n Aldabe-Juanenea y Gurrutxaga-Larra\u00f1aga, y en el segundo partido, Urriza-Apezetxea y Ezkurra II-Martirena. Los d\u00edas 13 y 20 de octubre se celebrar\u00e1n las otras dos jornadas de la fase de [&hellip;]","og_url":"https:\/\/oriamendi.eus\/es\/2023\/10\/04\/comienza-pasado-manana-el-torneo-de-remonte-de-azpeitia-y-se-disputara-los-proximos-cuatro-viernes-en-el-izarraitz\/","og_site_name":"Oriamendi 2010","article_publisher":"https:\/\/www.facebook.com\/oriamendi2010remonte\/","article_published_time":"2023-10-04T15:35:31+00:00","article_modified_time":"2023-10-04T15:35:33+00:00","og_image":[{"width":700,"height":467,"url":"https:\/\/oriamendi.eus\/wp-content\/uploads\/2023\/10\/IMG_7146_tokikom_700x700.jpg","type":"image\/jpeg"}],"author":"I\u00f1igo Go\u00f1i","twitter_card":"summary_large_image","twitter_creator":"@oriamendi2010","twitter_site":"@oriamendi2010","twitter_misc":{"Escrito por":"I\u00f1igo Go\u00f1i","Tiempo de lectura":"3 minutos"},"schema":{"@context":"https:\/\/schema.org","@graph":[{"@type":"Article","@id":"https:\/\/oriamendi.eus\/es\/2023\/10\/04\/comienza-pasado-manana-el-torneo-de-remonte-de-azpeitia-y-se-disputara-los-proximos-cuatro-viernes-en-el-izarraitz\/#article","isPartOf":{"@id":"https:\/\/oriamendi.eus\/es\/2023\/10\/04\/comienza-pasado-manana-el-torneo-de-remonte-de-azpeitia-y-se-disputara-los-proximos-cuatro-viernes-en-el-izarraitz\/"},"author":{"name":"I\u00f1igo Go\u00f1i","@id":"https:\/\/oriamendi.eus\/es\/#\/schema\/person\/c0bd06c6c747674306a5c82563e2339a"},"headline":"Comienza pasado ma\u00f1ana el Torneo de Remonte de Azpeitia y se disputar\u00e1 los pr\u00f3ximos cuatro viernes en el Izarraitz","datePublished":"2023-10-04T15:35:31+00:00","dateModified":"2023-10-04T15:35:33+00:00","mainEntityOfPage":{"@id":"https:\/\/oriamendi.eus\/es\/2023\/10\/04\/comienza-pasado-manana-el-torneo-de-remonte-de-azpeitia-y-se-disputara-los-proximos-cuatro-viernes-en-el-izarraitz\/"},"wordCount":640,"publisher":{"@id":"https:\/\/oriamendi.eus\/es\/#organization"},"articleSection":["Sin categorizar"],"inLanguage":"es"},{"@type":"WebPage","@id":"https:\/\/oriamendi.eus\/es\/2023\/10\/04\/comienza-pasado-manana-el-torneo-de-remonte-de-azpeitia-y-se-disputara-los-proximos-cuatro-viernes-en-el-izarraitz\/","url":"https:\/\/oriamendi.eus\/es\/2023\/10\/04\/comienza-pasado-manana-el-torneo-de-remonte-de-azpeitia-y-se-disputara-los-proximos-cuatro-viernes-en-el-izarraitz\/","name":"Comienza pasado ma\u00f1ana el Torneo de Remonte de Azpeitia y se disputar\u00e1 los pr\u00f3ximos cuatro viernes en el Izarraitz | Oriamendi 2010","isPartOf":{"@id":"https:\/\/oriamendi.eus\/es\/#website"},"datePublished":"2023-10-04T15:35:31+00:00","dateModified":"2023-10-04T15:35:33+00:00","breadcrumb":{"@id":"https:\/\/oriamendi.eus\/es\/2023\/10\/04\/comienza-pasado-manana-el-torneo-de-remonte-de-azpeitia-y-se-disputara-los-proximos-cuatro-viernes-en-el-izarraitz\/#breadcrumb"},"inLanguage":"es","potentialAction":[{"@type":"ReadAction","target":["https:\/\/oriamendi.eus\/es\/2023\/10\/04\/comienza-pasado-manana-el-torneo-de-remonte-de-azpeitia-y-se-disputara-los-proximos-cuatro-viernes-en-el-izarraitz\/"]}]},{"@type":"BreadcrumbList","@id":"https:\/\/oriamendi.eus\/es\/2023\/10\/04\/comienza-pasado-manana-el-torneo-de-remonte-de-azpeitia-y-se-disputara-los-proximos-cuatro-viernes-en-el-izarraitz\/#breadcrumb","itemListElement":[{"@type":"ListItem","position":1,"name":"Portada","item":"https:\/\/oriamendi.eus\/es\/"},{"@type":"ListItem","position":2,"name":"Comienza pasado ma\u00f1ana el Torneo de Remonte de Azpeitia y se disputar\u00e1 los pr\u00f3ximos cuatro viernes en el Izarraitz"}]},{"@type":"WebSite","@id":"https:\/\/oriamendi.eus\/es\/#website","url":"https:\/\/oriamendi.eus\/es\/","name":"Oriamendi","description":"Remonte en Galarreta. Hernani. Gipuzkoa","publisher":{"@id":"https:\/\/oriamendi.eus\/es\/#organization"},"potentialAction":[{"@type":"SearchAction","target":{"@type":"EntryPoint","urlTemplate":"https:\/\/oriamendi.eus\/es\/?s={search_term_string}"},"query-input":"required name=search_term_string"}],"inLanguage":"es"},{"@type":"Organization","@id":"https:\/\/oriamendi.eus\/es\/#organization","name":"Oriamendi","url":"https:\/\/oriamendi.eus\/es\/","logo":{"@type":"ImageObject","inLanguage":"es","@id":"https:\/\/oriamendi.eus\/es\/#\/schema\/logo\/image\/","url":"https:\/\/oriamendi.eus\/wp-content\/uploads\/2020\/06\/logo-oriamendi.png","contentUrl":"https:\/\/oriamendi.eus\/wp-content\/uploads\/2020\/06\/logo-oriamendi.png","width":300,"height":90,"caption":"Oriamendi"},"image":{"@id":"https:\/\/oriamendi.eus\/es\/#\/schema\/logo\/image\/"},"sameAs":["https:\/\/www.facebook.com\/oriamendi2010remonte\/","https:\/\/twitter.com\/oriamendi2010","https:\/\/www.instagram.com\/galarretajaialai\/","https:\/\/www.youtube.com\/channel\/UC8gVNzQqB1iwnC-_rI-ihmA\/featured"]},{"@type":"Person","@id":"https:\/\/oriamendi.eus\/es\/#\/schema\/person\/c0bd06c6c747674306a5c82563e2339a","name":"I\u00f1igo Go\u00f1i","image":{"@type":"ImageObject","inLanguage":"es","@id":"https:\/\/oriamendi.eus\/es\/#\/schema\/person\/image\/","url":"https:\/\/secure.gravatar.com\/avatar\/fbb07ffc7b803bbfcc2b6419c06abd3a?s=96&d=mm&r=g","contentUrl":"https:\/\/secure.gravatar.com\/avatar\/fbb07ffc7b803bbfcc2b6419c06abd3a?s=96&d=mm&r=g","caption":"I\u00f1igo Go\u00f1i"},"url":"https:\/\/oriamendi.eus\/es\/author\/om-berriak\/"}]}},"_links":{"self":[{"href":"https:\/\/oriamendi.eus\/es\/wp-json\/wp\/v2\/posts\/7476"}],"collection":[{"href":"https:\/\/oriamendi.eus\/es\/wp-json\/wp\/v2\/posts"}],"about":[{"href":"https:\/\/oriamendi.eus\/es\/wp-json\/wp\/v2\/types\/post"}],"author":[{"embeddable":true,"href":"https:\/\/oriamendi.eus\/es\/wp-json\/wp\/v2\/users\/5"}],"replies":[{"embeddable":true,"href":"https:\/\/oriamendi.eus\/es\/wp-json\/wp\/v2\/comments?post=7476"}],"version-history":[{"count":1,"href":"https:\/\/oriamendi.eus\/es\/wp-json\/wp\/v2\/posts\/7476\/revisions"}],"predecessor-version":[{"id":7477,"href":"https:\/\/oriamendi.eus\/es\/wp-json\/wp\/v2\/posts\/7476\/revisions\/7477"}],"wp:featuredmedia":[{"embeddable":true,"href":"https:\/\/oriamendi.eus\/es\/wp-json\/wp\/v2\/media\/7475"}],"wp:attachment":[{"href":"https:\/\/oriamendi.eus\/es\/wp-json\/wp\/v2\/media?parent=7476"}],"wp:term":[{"taxonomy":"category","embeddable":true,"href":"https:\/\/oriamendi.eus\/es\/wp-json\/wp\/v2\/categories?post=7476"},{"taxonomy":"post_tag","embeddable":true,"href":"https:\/\/oriamendi.eus\/es\/wp-json\/wp\/v2\/tags?post=7476"}],"curies":[{"name":"wp","href":"https:\/\/api.w.org\/{rel}","templated":true}]}}