                                        
                                        
                                        
                                        
                                        
                                        
                                        
                                        
                                        
                                        
                                        
                                        
                                        
                                        
                                        
                                        
                                        
                                        
{"id":7435,"date":"2023-09-02T18:13:27","date_gmt":"2023-09-02T16:13:27","guid":{"rendered":"https:\/\/oriamendi.eus\/?p=7435"},"modified":"2023-09-02T18:13:56","modified_gmt":"2023-09-02T16:13:56","slug":"juanenea-y-ansa-ii-disputaran-la-final-del-torneo-eusko-label","status":"publish","type":"post","link":"https:\/\/oriamendi.eus\/es\/2023\/09\/02\/juanenea-y-ansa-ii-disputaran-la-final-del-torneo-eusko-label\/","title":{"rendered":"Juanenea y Ansa II disputar\u00e1n la final del Torneo Eusko Label"},"content":{"rendered":"\n<p><strong>El de Saldias se impone 21-30 a Barrenetxea IV en la semifinal\u00a0<\/strong><\/p>\n\n\n\n<p><br>El Torneo Eusko Label de remonte vivir\u00e1 el pr\u00f3ximo s\u00e1bado 9 de setiembre una final in\u00e9dita entre Ansa II y Juanenea. Ambos disputar\u00e1n su primera final y por lo tanto, habr\u00e1 nuevo campe\u00f3n.<\/p>\n\n\n\n<p>Juanenea se impuso 21-30 a Barrenetxea IV en la semifinal. Un Juanenea que jug\u00f3 un partidazo de una hora y en el que super\u00f3 en el peloteo a Barrenetxea. El partido tuvo dos partes diferentes. En el primero hubo mucha t\u00e1ctica con el saque y en el resto. Se hac\u00edan da\u00f1o m\u00e1s con el saque que con el peloteo. Hab\u00eda mucha igualdad, aunque era el zaguero de Hernani quien llevaba la iniciativa. Hubo empates a uno, a 3, a 4, a 5 y tras una ventaja de tres tantos para Barrenetxea, en el 9-6, volvieron los empates a nueve y diez. En el mejor momento del hernaniarra lleg\u00f3 su m\u00e1xima ventaja en el 18-14.\u00a0<\/p>\n\n\n\n<p>El siguiente tanto cambi\u00f3 por completo la decoraci\u00f3n del partido. Barrenetxea domin\u00f3 el tanto, pero Juanenea hizo defensas impresionantes y tras una gran recuperaci\u00f3n el tanto cay\u00f3 de su lado. Fue un punto de inflexi\u00f3n. El de Saldias cogi\u00f3 mucha confianza y conect\u00f3 cuatro tantos de saque consecutivos para adelantarse 18-19.\u00a0No solo hizo tantos de saque, en el peloteo pas\u00f3 a dominar conectando pelotazos espectaculares y Barrenetxea, por el contrario, perd\u00eda confianza. <\/p>\n\n\n\n<p>El parcial final fue de 3-16 que llev\u00f3 a Juanenea a la final y la renta aument\u00f3 poco a poco hasta los nueve definitivos. Gan\u00f3 con todo merecimiento y sobre todo, con mucha confianza en su remonte. Juanenea hizo hasta 17 tantos en el peloteo y diez en el saque. Barrenetxea se vio perjudicado con tres faltas de saque, pero en el peloteo no cometi\u00f3 apenas fallos, fueron aciertos del rival. Hizo cinco tantos de saque y 13 en el peloteo.\u00a0<\/p>\n","protected":false},"excerpt":{"rendered":"<p>El de Saldias se impone 21-30 a Barrenetxea IV en la semifinal\u00a0 El Torneo Eusko Label de remonte vivir\u00e1 el pr\u00f3ximo s\u00e1bado 9 de setiembre una final in\u00e9dita entre Ansa II y Juanenea. Ambos disputar\u00e1n su primera final y por lo tanto, habr\u00e1 nuevo campe\u00f3n. Juanenea se impuso 21-30 a Barrenetxea IV en la semifinal. [&hellip;]<\/p>\n","protected":false},"author":5,"featured_media":7436,"comment_status":"closed","ping_status":"open","sticky":false,"template":"","format":"standard","meta":{"_et_pb_use_builder":"off","_et_pb_old_content":"","_et_gb_content_width":"","footnotes":""},"categories":[1],"tags":[],"yoast_head":"<!-- This site is optimized with the Yoast SEO plugin v21.8 - https:\/\/yoast.com\/wordpress\/plugins\/seo\/ -->\n<title>Juanenea y Ansa II disputar\u00e1n la final del Torneo Eusko Label | Oriamendi 2010<\/title>\n<meta name=\"robots\" content=\"index, follow, max-snippet:-1, max-image-preview:large, max-video-preview:-1\" \/>\n<link rel=\"canonical\" href=\"https:\/\/oriamendi.eus\/es\/2023\/09\/02\/juanenea-y-ansa-ii-disputaran-la-final-del-torneo-eusko-label\/\" \/>\n<meta property=\"og:locale\" content=\"es_ES\" \/>\n<meta property=\"og:type\" content=\"article\" \/>\n<meta property=\"og:title\" content=\"Juanenea y Ansa II disputar\u00e1n la final del Torneo Eusko Label | Oriamendi 2010\" \/>\n<meta property=\"og:description\" content=\"El de Saldias se impone 21-30 a Barrenetxea IV en la semifinal\u00a0 El Torneo Eusko Label de remonte vivir\u00e1 el pr\u00f3ximo s\u00e1bado 9 de setiembre una final in\u00e9dita entre Ansa II y Juanenea. Ambos disputar\u00e1n su primera final y por lo tanto, habr\u00e1 nuevo campe\u00f3n. Juanenea se impuso 21-30 a Barrenetxea IV en la semifinal. [&hellip;]\" \/>\n<meta property=\"og:url\" content=\"https:\/\/oriamendi.eus\/es\/2023\/09\/02\/juanenea-y-ansa-ii-disputaran-la-final-del-torneo-eusko-label\/\" \/>\n<meta property=\"og:site_name\" content=\"Oriamendi 2010\" \/>\n<meta property=\"article:publisher\" content=\"https:\/\/www.facebook.com\/oriamendi2010remonte\/\" \/>\n<meta property=\"article:published_time\" content=\"2023-09-02T16:13:27+00:00\" \/>\n<meta property=\"article:modified_time\" content=\"2023-09-02T16:13:56+00:00\" \/>\n<meta property=\"og:image\" content=\"https:\/\/oriamendi.eus\/wp-content\/uploads\/2023\/09\/IMG_20230902_180558_2000_x_1334_pixel.jpg\" \/>\n\t<meta property=\"og:image:width\" content=\"1200\" \/>\n\t<meta property=\"og:image:height\" content=\"800\" \/>\n\t<meta property=\"og:image:type\" content=\"image\/jpeg\" \/>\n<meta name=\"author\" content=\"I\u00f1igo Go\u00f1i\" \/>\n<meta name=\"twitter:card\" content=\"summary_large_image\" \/>\n<meta name=\"twitter:creator\" content=\"@oriamendi2010\" \/>\n<meta name=\"twitter:site\" content=\"@oriamendi2010\" \/>\n<meta name=\"twitter:label1\" content=\"Escrito por\" \/>\n\t<meta name=\"twitter:data1\" content=\"I\u00f1igo Go\u00f1i\" \/>\n\t<meta name=\"twitter:label2\" content=\"Tiempo de lectura\" \/>\n\t<meta name=\"twitter:data2\" content=\"2 minutos\" \/>\n<script type=\"application\/ld+json\" class=\"yoast-schema-graph\">{\"@context\":\"https:\/\/schema.org\",\"@graph\":[{\"@type\":\"Article\",\"@id\":\"https:\/\/oriamendi.eus\/es\/2023\/09\/02\/juanenea-y-ansa-ii-disputaran-la-final-del-torneo-eusko-label\/#article\",\"isPartOf\":{\"@id\":\"https:\/\/oriamendi.eus\/es\/2023\/09\/02\/juanenea-y-ansa-ii-disputaran-la-final-del-torneo-eusko-label\/\"},\"author\":{\"name\":\"I\u00f1igo Go\u00f1i\",\"@id\":\"https:\/\/oriamendi.eus\/es\/#\/schema\/person\/c0bd06c6c747674306a5c82563e2339a\"},\"headline\":\"Juanenea y Ansa II disputar\u00e1n la final del Torneo Eusko Label\",\"datePublished\":\"2023-09-02T16:13:27+00:00\",\"dateModified\":\"2023-09-02T16:13:56+00:00\",\"mainEntityOfPage\":{\"@id\":\"https:\/\/oriamendi.eus\/es\/2023\/09\/02\/juanenea-y-ansa-ii-disputaran-la-final-del-torneo-eusko-label\/\"},\"wordCount\":334,\"publisher\":{\"@id\":\"https:\/\/oriamendi.eus\/es\/#organization\"},\"articleSection\":[\"Sin categorizar\"],\"inLanguage\":\"es\"},{\"@type\":\"WebPage\",\"@id\":\"https:\/\/oriamendi.eus\/es\/2023\/09\/02\/juanenea-y-ansa-ii-disputaran-la-final-del-torneo-eusko-label\/\",\"url\":\"https:\/\/oriamendi.eus\/es\/2023\/09\/02\/juanenea-y-ansa-ii-disputaran-la-final-del-torneo-eusko-label\/\",\"name\":\"Juanenea y Ansa II disputar\u00e1n la final del Torneo Eusko Label | Oriamendi 2010\",\"isPartOf\":{\"@id\":\"https:\/\/oriamendi.eus\/es\/#website\"},\"datePublished\":\"2023-09-02T16:13:27+00:00\",\"dateModified\":\"2023-09-02T16:13:56+00:00\",\"breadcrumb\":{\"@id\":\"https:\/\/oriamendi.eus\/es\/2023\/09\/02\/juanenea-y-ansa-ii-disputaran-la-final-del-torneo-eusko-label\/#breadcrumb\"},\"inLanguage\":\"es\",\"potentialAction\":[{\"@type\":\"ReadAction\",\"target\":[\"https:\/\/oriamendi.eus\/es\/2023\/09\/02\/juanenea-y-ansa-ii-disputaran-la-final-del-torneo-eusko-label\/\"]}]},{\"@type\":\"BreadcrumbList\",\"@id\":\"https:\/\/oriamendi.eus\/es\/2023\/09\/02\/juanenea-y-ansa-ii-disputaran-la-final-del-torneo-eusko-label\/#breadcrumb\",\"itemListElement\":[{\"@type\":\"ListItem\",\"position\":1,\"name\":\"Portada\",\"item\":\"https:\/\/oriamendi.eus\/es\/\"},{\"@type\":\"ListItem\",\"position\":2,\"name\":\"Juanenea y Ansa II disputar\u00e1n la final del Torneo Eusko Label\"}]},{\"@type\":\"WebSite\",\"@id\":\"https:\/\/oriamendi.eus\/es\/#website\",\"url\":\"https:\/\/oriamendi.eus\/es\/\",\"name\":\"Oriamendi\",\"description\":\"Remonte en Galarreta. Hernani. Gipuzkoa\",\"publisher\":{\"@id\":\"https:\/\/oriamendi.eus\/es\/#organization\"},\"potentialAction\":[{\"@type\":\"SearchAction\",\"target\":{\"@type\":\"EntryPoint\",\"urlTemplate\":\"https:\/\/oriamendi.eus\/es\/?s={search_term_string}\"},\"query-input\":\"required name=search_term_string\"}],\"inLanguage\":\"es\"},{\"@type\":\"Organization\",\"@id\":\"https:\/\/oriamendi.eus\/es\/#organization\",\"name\":\"Oriamendi\",\"url\":\"https:\/\/oriamendi.eus\/es\/\",\"logo\":{\"@type\":\"ImageObject\",\"inLanguage\":\"es\",\"@id\":\"https:\/\/oriamendi.eus\/es\/#\/schema\/logo\/image\/\",\"url\":\"https:\/\/oriamendi.eus\/wp-content\/uploads\/2020\/06\/logo-oriamendi.png\",\"contentUrl\":\"https:\/\/oriamendi.eus\/wp-content\/uploads\/2020\/06\/logo-oriamendi.png\",\"width\":300,\"height\":90,\"caption\":\"Oriamendi\"},\"image\":{\"@id\":\"https:\/\/oriamendi.eus\/es\/#\/schema\/logo\/image\/\"},\"sameAs\":[\"https:\/\/www.facebook.com\/oriamendi2010remonte\/\",\"https:\/\/twitter.com\/oriamendi2010\",\"https:\/\/www.instagram.com\/galarretajaialai\/\",\"https:\/\/www.youtube.com\/channel\/UC8gVNzQqB1iwnC-_rI-ihmA\/featured\"]},{\"@type\":\"Person\",\"@id\":\"https:\/\/oriamendi.eus\/es\/#\/schema\/person\/c0bd06c6c747674306a5c82563e2339a\",\"name\":\"I\u00f1igo Go\u00f1i\",\"image\":{\"@type\":\"ImageObject\",\"inLanguage\":\"es\",\"@id\":\"https:\/\/oriamendi.eus\/es\/#\/schema\/person\/image\/\",\"url\":\"https:\/\/secure.gravatar.com\/avatar\/fbb07ffc7b803bbfcc2b6419c06abd3a?s=96&d=mm&r=g\",\"contentUrl\":\"https:\/\/secure.gravatar.com\/avatar\/fbb07ffc7b803bbfcc2b6419c06abd3a?s=96&d=mm&r=g\",\"caption\":\"I\u00f1igo Go\u00f1i\"},\"url\":\"https:\/\/oriamendi.eus\/es\/author\/om-berriak\/\"}]}<\/script>\n<!-- \/ Yoast SEO plugin. -->","yoast_head_json":{"title":"Juanenea y Ansa II disputar\u00e1n la final del Torneo Eusko Label | Oriamendi 2010","robots":{"index":"index","follow":"follow","max-snippet":"max-snippet:-1","max-image-preview":"max-image-preview:large","max-video-preview":"max-video-preview:-1"},"canonical":"https:\/\/oriamendi.eus\/es\/2023\/09\/02\/juanenea-y-ansa-ii-disputaran-la-final-del-torneo-eusko-label\/","og_locale":"es_ES","og_type":"article","og_title":"Juanenea y Ansa II disputar\u00e1n la final del Torneo Eusko Label | Oriamendi 2010","og_description":"El de Saldias se impone 21-30 a Barrenetxea IV en la semifinal\u00a0 El Torneo Eusko Label de remonte vivir\u00e1 el pr\u00f3ximo s\u00e1bado 9 de setiembre una final in\u00e9dita entre Ansa II y Juanenea. Ambos disputar\u00e1n su primera final y por lo tanto, habr\u00e1 nuevo campe\u00f3n. Juanenea se impuso 21-30 a Barrenetxea IV en la semifinal. [&hellip;]","og_url":"https:\/\/oriamendi.eus\/es\/2023\/09\/02\/juanenea-y-ansa-ii-disputaran-la-final-del-torneo-eusko-label\/","og_site_name":"Oriamendi 2010","article_publisher":"https:\/\/www.facebook.com\/oriamendi2010remonte\/","article_published_time":"2023-09-02T16:13:27+00:00","article_modified_time":"2023-09-02T16:13:56+00:00","og_image":[{"width":1200,"height":800,"url":"https:\/\/oriamendi.eus\/wp-content\/uploads\/2023\/09\/IMG_20230902_180558_2000_x_1334_pixel.jpg","type":"image\/jpeg"}],"author":"I\u00f1igo Go\u00f1i","twitter_card":"summary_large_image","twitter_creator":"@oriamendi2010","twitter_site":"@oriamendi2010","twitter_misc":{"Escrito por":"I\u00f1igo Go\u00f1i","Tiempo de lectura":"2 minutos"},"schema":{"@context":"https:\/\/schema.org","@graph":[{"@type":"Article","@id":"https:\/\/oriamendi.eus\/es\/2023\/09\/02\/juanenea-y-ansa-ii-disputaran-la-final-del-torneo-eusko-label\/#article","isPartOf":{"@id":"https:\/\/oriamendi.eus\/es\/2023\/09\/02\/juanenea-y-ansa-ii-disputaran-la-final-del-torneo-eusko-label\/"},"author":{"name":"I\u00f1igo Go\u00f1i","@id":"https:\/\/oriamendi.eus\/es\/#\/schema\/person\/c0bd06c6c747674306a5c82563e2339a"},"headline":"Juanenea y Ansa II disputar\u00e1n la final del Torneo Eusko Label","datePublished":"2023-09-02T16:13:27+00:00","dateModified":"2023-09-02T16:13:56+00:00","mainEntityOfPage":{"@id":"https:\/\/oriamendi.eus\/es\/2023\/09\/02\/juanenea-y-ansa-ii-disputaran-la-final-del-torneo-eusko-label\/"},"wordCount":334,"publisher":{"@id":"https:\/\/oriamendi.eus\/es\/#organization"},"articleSection":["Sin categorizar"],"inLanguage":"es"},{"@type":"WebPage","@id":"https:\/\/oriamendi.eus\/es\/2023\/09\/02\/juanenea-y-ansa-ii-disputaran-la-final-del-torneo-eusko-label\/","url":"https:\/\/oriamendi.eus\/es\/2023\/09\/02\/juanenea-y-ansa-ii-disputaran-la-final-del-torneo-eusko-label\/","name":"Juanenea y Ansa II disputar\u00e1n la final del Torneo Eusko Label | Oriamendi 2010","isPartOf":{"@id":"https:\/\/oriamendi.eus\/es\/#website"},"datePublished":"2023-09-02T16:13:27+00:00","dateModified":"2023-09-02T16:13:56+00:00","breadcrumb":{"@id":"https:\/\/oriamendi.eus\/es\/2023\/09\/02\/juanenea-y-ansa-ii-disputaran-la-final-del-torneo-eusko-label\/#breadcrumb"},"inLanguage":"es","potentialAction":[{"@type":"ReadAction","target":["https:\/\/oriamendi.eus\/es\/2023\/09\/02\/juanenea-y-ansa-ii-disputaran-la-final-del-torneo-eusko-label\/"]}]},{"@type":"BreadcrumbList","@id":"https:\/\/oriamendi.eus\/es\/2023\/09\/02\/juanenea-y-ansa-ii-disputaran-la-final-del-torneo-eusko-label\/#breadcrumb","itemListElement":[{"@type":"ListItem","position":1,"name":"Portada","item":"https:\/\/oriamendi.eus\/es\/"},{"@type":"ListItem","position":2,"name":"Juanenea y Ansa II disputar\u00e1n la final del Torneo Eusko Label"}]},{"@type":"WebSite","@id":"https:\/\/oriamendi.eus\/es\/#website","url":"https:\/\/oriamendi.eus\/es\/","name":"Oriamendi","description":"Remonte en Galarreta. Hernani. Gipuzkoa","publisher":{"@id":"https:\/\/oriamendi.eus\/es\/#organization"},"potentialAction":[{"@type":"SearchAction","target":{"@type":"EntryPoint","urlTemplate":"https:\/\/oriamendi.eus\/es\/?s={search_term_string}"},"query-input":"required name=search_term_string"}],"inLanguage":"es"},{"@type":"Organization","@id":"https:\/\/oriamendi.eus\/es\/#organization","name":"Oriamendi","url":"https:\/\/oriamendi.eus\/es\/","logo":{"@type":"ImageObject","inLanguage":"es","@id":"https:\/\/oriamendi.eus\/es\/#\/schema\/logo\/image\/","url":"https:\/\/oriamendi.eus\/wp-content\/uploads\/2020\/06\/logo-oriamendi.png","contentUrl":"https:\/\/oriamendi.eus\/wp-content\/uploads\/2020\/06\/logo-oriamendi.png","width":300,"height":90,"caption":"Oriamendi"},"image":{"@id":"https:\/\/oriamendi.eus\/es\/#\/schema\/logo\/image\/"},"sameAs":["https:\/\/www.facebook.com\/oriamendi2010remonte\/","https:\/\/twitter.com\/oriamendi2010","https:\/\/www.instagram.com\/galarretajaialai\/","https:\/\/www.youtube.com\/channel\/UC8gVNzQqB1iwnC-_rI-ihmA\/featured"]},{"@type":"Person","@id":"https:\/\/oriamendi.eus\/es\/#\/schema\/person\/c0bd06c6c747674306a5c82563e2339a","name":"I\u00f1igo Go\u00f1i","image":{"@type":"ImageObject","inLanguage":"es","@id":"https:\/\/oriamendi.eus\/es\/#\/schema\/person\/image\/","url":"https:\/\/secure.gravatar.com\/avatar\/fbb07ffc7b803bbfcc2b6419c06abd3a?s=96&d=mm&r=g","contentUrl":"https:\/\/secure.gravatar.com\/avatar\/fbb07ffc7b803bbfcc2b6419c06abd3a?s=96&d=mm&r=g","caption":"I\u00f1igo Go\u00f1i"},"url":"https:\/\/oriamendi.eus\/es\/author\/om-berriak\/"}]}},"_links":{"self":[{"href":"https:\/\/oriamendi.eus\/es\/wp-json\/wp\/v2\/posts\/7435"}],"collection":[{"href":"https:\/\/oriamendi.eus\/es\/wp-json\/wp\/v2\/posts"}],"about":[{"href":"https:\/\/oriamendi.eus\/es\/wp-json\/wp\/v2\/types\/post"}],"author":[{"embeddable":true,"href":"https:\/\/oriamendi.eus\/es\/wp-json\/wp\/v2\/users\/5"}],"replies":[{"embeddable":true,"href":"https:\/\/oriamendi.eus\/es\/wp-json\/wp\/v2\/comments?post=7435"}],"version-history":[{"count":2,"href":"https:\/\/oriamendi.eus\/es\/wp-json\/wp\/v2\/posts\/7435\/revisions"}],"predecessor-version":[{"id":7439,"href":"https:\/\/oriamendi.eus\/es\/wp-json\/wp\/v2\/posts\/7435\/revisions\/7439"}],"wp:featuredmedia":[{"embeddable":true,"href":"https:\/\/oriamendi.eus\/es\/wp-json\/wp\/v2\/media\/7436"}],"wp:attachment":[{"href":"https:\/\/oriamendi.eus\/es\/wp-json\/wp\/v2\/media?parent=7435"}],"wp:term":[{"taxonomy":"category","embeddable":true,"href":"https:\/\/oriamendi.eus\/es\/wp-json\/wp\/v2\/categories?post=7435"},{"taxonomy":"post_tag","embeddable":true,"href":"https:\/\/oriamendi.eus\/es\/wp-json\/wp\/v2\/tags?post=7435"}],"curies":[{"name":"wp","href":"https:\/\/api.w.org\/{rel}","templated":true}]}}