                                        
                                        
                                        
                                        
                                        
                                        
                                        
                                        
                                        
                                        
                                        
                                        
                                        
                                        
                                        
                                        
                                        
                                        
{"id":7396,"date":"2023-08-19T20:45:52","date_gmt":"2023-08-19T18:45:52","guid":{"rendered":"https:\/\/oriamendi.eus\/?p=7396"},"modified":"2023-08-21T10:57:19","modified_gmt":"2023-08-21T08:57:19","slug":"juanenea-se-lesiona-cuando-perdia-26-17-ante-barrenetxea-iv-y-abre-la-puerta-a-urriza","status":"publish","type":"post","link":"https:\/\/oriamendi.eus\/es\/2023\/08\/19\/juanenea-se-lesiona-cuando-perdia-26-17-ante-barrenetxea-iv-y-abre-la-puerta-a-urriza\/","title":{"rendered":"Juanenea se lesiona cuando perd\u00eda 26-17 ante Barrenetxea IV y abre la puerta a Urriza"},"content":{"rendered":"\n<p>La mala suerte acompa\u00f1a a Aritz Juanenea. Ten\u00eda todo de cara para pasar como m\u00ednimo a semifinales, pero se ha lesionado contra Barrenetxea cuando perd\u00eda 26-17. Este resultado deja al zaguero de Hernani l\u00edder con ocho puntos, a Ansa segundo con seis, a Juanenea con cuatro y a Urriza sin puntos. Urriza sigue vivo en el Torneo Eusko Label y ahora depende de la evoluci\u00f3n de la lesi\u00f3n de Juanenea.<\/p>\n\n\n\n<p>Si no puede jugar el \u00faltimo partido sumar\u00eda menos uno y en caso de que gane Urriza a Barrenetxea le pasar\u00eda en la clasificaci\u00f3n por lo que el defensor del t\u00edtulo tiene todav\u00eda opci\u00f3n de seguir en el campeonato. La \u00faltima jornada enfrentar\u00e1 a Urriza con Barrenetxea IV y a Ansa con Juanenea, pero lo dicho hay que esperar para saber el alcance de la lesi\u00f3n de Juanenea.El partido entre Barrenetxea IV y Juanenea fue dominado por el hernaniarra sobre todo al inicio del mismo. <\/p>\n\n\n\n<p>Se adelant\u00f3 10-1 y dominaba desde el saque. Juanenea se ve\u00eda impotente ante el rival. El zaguero de Saldias buscaba soluciones y las encontr\u00f3 pasando a restar de atr\u00e1s. Cogi\u00f3 m\u00e1s confianza entrando m\u00e1s al peloteo y se igual\u00f3 la contienda. En el peloteo hab\u00eda m\u00e1s igualdad e incluso era Juanenea quien empezaba a recortar distancia. Primero se puso a siete tantos, 13-6 y luego a seis tantos, 16-10, para acercarse a cuatro tantos, en el 17-13. Barrenetxea volvi\u00f3 a irse en el marcador 21-13 y volv\u00eda la m\u00e1xima de nueve tantos en el 25-16. La diferencia era al saque y al resto. Barrenetxea llevaba siete tantos de saque y seis al resto por solo un saque y otro resto de Juanenea.&nbsp;<\/p>\n\n\n\n<p>Ah\u00ed lleg\u00f3 la lesi\u00f3n de Juanenea. Hab\u00eda puesto con un resto el 25-17, pero le sinti\u00f3 un tir\u00f3n en ese resto. Luego sac\u00f3, pero se retir\u00f3 al vestuario cuando Barrenetxea hizo el 26. Fue en la parte trasera de la pierna, seg\u00fan parece en el muslo. Una pena y ahora todos esperan la evoluci\u00f3n del remontista navarro. <\/p>\n\n\n\n<p><\/p>\n\n\n\n<p><strong>Clasificaci\u00f3n<\/strong><\/p>\n\n\n\n<ol><li>Barrenetxea IV 8 puntos 2 partidos<\/li><li>Ansa II 6 puntos 2 partidos<\/li><li>Juanenea 4 puntos 2 partidos<\/li><li>Urriza 0 puntos 2 partidos<\/li><\/ol>\n\n\n\n<p><\/p>\n\n\n\n<figure class=\"wp-block-image size-large\"><img fetchpriority=\"high\" fetchpriority=\"high\" decoding=\"async\" width=\"576\" height=\"1024\" src=\"https:\/\/oriamendi.eus\/wp-content\/uploads\/2023\/08\/abuztuak-19-\u2013-8-1-576x1024.jpg\" alt=\"\" class=\"wp-image-7409\" srcset=\"https:\/\/oriamendi.eus\/wp-content\/uploads\/2023\/08\/abuztuak-19-\u2013-8-1-576x1024.jpg 576w, https:\/\/oriamendi.eus\/wp-content\/uploads\/2023\/08\/abuztuak-19-\u2013-8-1-169x300.jpg 169w, https:\/\/oriamendi.eus\/wp-content\/uploads\/2023\/08\/abuztuak-19-\u2013-8-1-480x853.jpg 480w, https:\/\/oriamendi.eus\/wp-content\/uploads\/2023\/08\/abuztuak-19-\u2013-8-1.jpg 675w\" sizes=\"(max-width: 576px) 100vw, 576px\" \/><\/figure>\n","protected":false},"excerpt":{"rendered":"<p>La mala suerte acompa\u00f1a a Aritz Juanenea. Ten\u00eda todo de cara para pasar como m\u00ednimo a semifinales, pero se ha lesionado contra Barrenetxea cuando perd\u00eda 26-17. Este resultado deja al zaguero de Hernani l\u00edder con ocho puntos, a Ansa segundo con seis, a Juanenea con cuatro y a Urriza sin puntos. Urriza sigue vivo en [&hellip;]<\/p>\n","protected":false},"author":5,"featured_media":6778,"comment_status":"closed","ping_status":"open","sticky":false,"template":"","format":"standard","meta":{"_et_pb_use_builder":"off","_et_pb_old_content":"","_et_gb_content_width":"","footnotes":""},"categories":[1],"tags":[],"yoast_head":"<!-- This site is optimized with the Yoast SEO plugin v21.8 - https:\/\/yoast.com\/wordpress\/plugins\/seo\/ -->\n<title>Juanenea se lesiona cuando perd\u00eda 26-17 ante Barrenetxea IV y abre la puerta a Urriza | Oriamendi 2010<\/title>\n<meta name=\"robots\" content=\"index, follow, max-snippet:-1, max-image-preview:large, max-video-preview:-1\" \/>\n<link rel=\"canonical\" href=\"https:\/\/oriamendi.eus\/es\/2023\/08\/19\/juanenea-se-lesiona-cuando-perdia-26-17-ante-barrenetxea-iv-y-abre-la-puerta-a-urriza\/\" \/>\n<meta property=\"og:locale\" content=\"es_ES\" \/>\n<meta property=\"og:type\" content=\"article\" \/>\n<meta property=\"og:title\" content=\"Juanenea se lesiona cuando perd\u00eda 26-17 ante Barrenetxea IV y abre la puerta a Urriza | Oriamendi 2010\" \/>\n<meta property=\"og:description\" content=\"La mala suerte acompa\u00f1a a Aritz Juanenea. Ten\u00eda todo de cara para pasar como m\u00ednimo a semifinales, pero se ha lesionado contra Barrenetxea cuando perd\u00eda 26-17. Este resultado deja al zaguero de Hernani l\u00edder con ocho puntos, a Ansa segundo con seis, a Juanenea con cuatro y a Urriza sin puntos. Urriza sigue vivo en [&hellip;]\" \/>\n<meta property=\"og:url\" content=\"https:\/\/oriamendi.eus\/es\/2023\/08\/19\/juanenea-se-lesiona-cuando-perdia-26-17-ante-barrenetxea-iv-y-abre-la-puerta-a-urriza\/\" \/>\n<meta property=\"og:site_name\" content=\"Oriamendi 2010\" \/>\n<meta property=\"article:publisher\" content=\"https:\/\/www.facebook.com\/oriamendi2010remonte\/\" \/>\n<meta property=\"article:published_time\" content=\"2023-08-19T18:45:52+00:00\" \/>\n<meta property=\"article:modified_time\" content=\"2023-08-21T08:57:19+00:00\" \/>\n<meta property=\"og:image\" content=\"https:\/\/oriamendi.eus\/wp-content\/uploads\/2022\/09\/2022BARRENETXE-URRIZ-FINAL.jpg\" \/>\n\t<meta property=\"og:image:width\" content=\"1200\" \/>\n\t<meta property=\"og:image:height\" content=\"799\" \/>\n\t<meta property=\"og:image:type\" content=\"image\/jpeg\" \/>\n<meta name=\"author\" content=\"I\u00f1igo Go\u00f1i\" \/>\n<meta name=\"twitter:card\" content=\"summary_large_image\" \/>\n<meta name=\"twitter:creator\" content=\"@oriamendi2010\" \/>\n<meta name=\"twitter:site\" content=\"@oriamendi2010\" \/>\n<meta name=\"twitter:label1\" content=\"Escrito por\" \/>\n\t<meta name=\"twitter:data1\" content=\"I\u00f1igo Go\u00f1i\" \/>\n\t<meta name=\"twitter:label2\" content=\"Tiempo de lectura\" \/>\n\t<meta name=\"twitter:data2\" content=\"2 minutos\" \/>\n<script type=\"application\/ld+json\" class=\"yoast-schema-graph\">{\"@context\":\"https:\/\/schema.org\",\"@graph\":[{\"@type\":\"Article\",\"@id\":\"https:\/\/oriamendi.eus\/es\/2023\/08\/19\/juanenea-se-lesiona-cuando-perdia-26-17-ante-barrenetxea-iv-y-abre-la-puerta-a-urriza\/#article\",\"isPartOf\":{\"@id\":\"https:\/\/oriamendi.eus\/es\/2023\/08\/19\/juanenea-se-lesiona-cuando-perdia-26-17-ante-barrenetxea-iv-y-abre-la-puerta-a-urriza\/\"},\"author\":{\"name\":\"I\u00f1igo Go\u00f1i\",\"@id\":\"https:\/\/oriamendi.eus\/es\/#\/schema\/person\/c0bd06c6c747674306a5c82563e2339a\"},\"headline\":\"Juanenea se lesiona cuando perd\u00eda 26-17 ante Barrenetxea IV y abre la puerta a Urriza\",\"datePublished\":\"2023-08-19T18:45:52+00:00\",\"dateModified\":\"2023-08-21T08:57:19+00:00\",\"mainEntityOfPage\":{\"@id\":\"https:\/\/oriamendi.eus\/es\/2023\/08\/19\/juanenea-se-lesiona-cuando-perdia-26-17-ante-barrenetxea-iv-y-abre-la-puerta-a-urriza\/\"},\"wordCount\":394,\"publisher\":{\"@id\":\"https:\/\/oriamendi.eus\/es\/#organization\"},\"articleSection\":[\"Sin categorizar\"],\"inLanguage\":\"es\"},{\"@type\":\"WebPage\",\"@id\":\"https:\/\/oriamendi.eus\/es\/2023\/08\/19\/juanenea-se-lesiona-cuando-perdia-26-17-ante-barrenetxea-iv-y-abre-la-puerta-a-urriza\/\",\"url\":\"https:\/\/oriamendi.eus\/es\/2023\/08\/19\/juanenea-se-lesiona-cuando-perdia-26-17-ante-barrenetxea-iv-y-abre-la-puerta-a-urriza\/\",\"name\":\"Juanenea se lesiona cuando perd\u00eda 26-17 ante Barrenetxea IV y abre la puerta a Urriza | Oriamendi 2010\",\"isPartOf\":{\"@id\":\"https:\/\/oriamendi.eus\/es\/#website\"},\"datePublished\":\"2023-08-19T18:45:52+00:00\",\"dateModified\":\"2023-08-21T08:57:19+00:00\",\"breadcrumb\":{\"@id\":\"https:\/\/oriamendi.eus\/es\/2023\/08\/19\/juanenea-se-lesiona-cuando-perdia-26-17-ante-barrenetxea-iv-y-abre-la-puerta-a-urriza\/#breadcrumb\"},\"inLanguage\":\"es\",\"potentialAction\":[{\"@type\":\"ReadAction\",\"target\":[\"https:\/\/oriamendi.eus\/es\/2023\/08\/19\/juanenea-se-lesiona-cuando-perdia-26-17-ante-barrenetxea-iv-y-abre-la-puerta-a-urriza\/\"]}]},{\"@type\":\"BreadcrumbList\",\"@id\":\"https:\/\/oriamendi.eus\/es\/2023\/08\/19\/juanenea-se-lesiona-cuando-perdia-26-17-ante-barrenetxea-iv-y-abre-la-puerta-a-urriza\/#breadcrumb\",\"itemListElement\":[{\"@type\":\"ListItem\",\"position\":1,\"name\":\"Portada\",\"item\":\"https:\/\/oriamendi.eus\/es\/\"},{\"@type\":\"ListItem\",\"position\":2,\"name\":\"Juanenea se lesiona cuando perd\u00eda 26-17 ante Barrenetxea IV y abre la puerta a Urriza\"}]},{\"@type\":\"WebSite\",\"@id\":\"https:\/\/oriamendi.eus\/es\/#website\",\"url\":\"https:\/\/oriamendi.eus\/es\/\",\"name\":\"Oriamendi\",\"description\":\"Remonte en Galarreta. Hernani. Gipuzkoa\",\"publisher\":{\"@id\":\"https:\/\/oriamendi.eus\/es\/#organization\"},\"potentialAction\":[{\"@type\":\"SearchAction\",\"target\":{\"@type\":\"EntryPoint\",\"urlTemplate\":\"https:\/\/oriamendi.eus\/es\/?s={search_term_string}\"},\"query-input\":\"required name=search_term_string\"}],\"inLanguage\":\"es\"},{\"@type\":\"Organization\",\"@id\":\"https:\/\/oriamendi.eus\/es\/#organization\",\"name\":\"Oriamendi\",\"url\":\"https:\/\/oriamendi.eus\/es\/\",\"logo\":{\"@type\":\"ImageObject\",\"inLanguage\":\"es\",\"@id\":\"https:\/\/oriamendi.eus\/es\/#\/schema\/logo\/image\/\",\"url\":\"https:\/\/oriamendi.eus\/wp-content\/uploads\/2020\/06\/logo-oriamendi.png\",\"contentUrl\":\"https:\/\/oriamendi.eus\/wp-content\/uploads\/2020\/06\/logo-oriamendi.png\",\"width\":300,\"height\":90,\"caption\":\"Oriamendi\"},\"image\":{\"@id\":\"https:\/\/oriamendi.eus\/es\/#\/schema\/logo\/image\/\"},\"sameAs\":[\"https:\/\/www.facebook.com\/oriamendi2010remonte\/\",\"https:\/\/twitter.com\/oriamendi2010\",\"https:\/\/www.instagram.com\/galarretajaialai\/\",\"https:\/\/www.youtube.com\/channel\/UC8gVNzQqB1iwnC-_rI-ihmA\/featured\"]},{\"@type\":\"Person\",\"@id\":\"https:\/\/oriamendi.eus\/es\/#\/schema\/person\/c0bd06c6c747674306a5c82563e2339a\",\"name\":\"I\u00f1igo Go\u00f1i\",\"image\":{\"@type\":\"ImageObject\",\"inLanguage\":\"es\",\"@id\":\"https:\/\/oriamendi.eus\/es\/#\/schema\/person\/image\/\",\"url\":\"https:\/\/secure.gravatar.com\/avatar\/fbb07ffc7b803bbfcc2b6419c06abd3a?s=96&d=mm&r=g\",\"contentUrl\":\"https:\/\/secure.gravatar.com\/avatar\/fbb07ffc7b803bbfcc2b6419c06abd3a?s=96&d=mm&r=g\",\"caption\":\"I\u00f1igo Go\u00f1i\"},\"url\":\"https:\/\/oriamendi.eus\/es\/author\/om-berriak\/\"}]}<\/script>\n<!-- \/ Yoast SEO plugin. -->","yoast_head_json":{"title":"Juanenea se lesiona cuando perd\u00eda 26-17 ante Barrenetxea IV y abre la puerta a Urriza | Oriamendi 2010","robots":{"index":"index","follow":"follow","max-snippet":"max-snippet:-1","max-image-preview":"max-image-preview:large","max-video-preview":"max-video-preview:-1"},"canonical":"https:\/\/oriamendi.eus\/es\/2023\/08\/19\/juanenea-se-lesiona-cuando-perdia-26-17-ante-barrenetxea-iv-y-abre-la-puerta-a-urriza\/","og_locale":"es_ES","og_type":"article","og_title":"Juanenea se lesiona cuando perd\u00eda 26-17 ante Barrenetxea IV y abre la puerta a Urriza | Oriamendi 2010","og_description":"La mala suerte acompa\u00f1a a Aritz Juanenea. Ten\u00eda todo de cara para pasar como m\u00ednimo a semifinales, pero se ha lesionado contra Barrenetxea cuando perd\u00eda 26-17. Este resultado deja al zaguero de Hernani l\u00edder con ocho puntos, a Ansa segundo con seis, a Juanenea con cuatro y a Urriza sin puntos. Urriza sigue vivo en [&hellip;]","og_url":"https:\/\/oriamendi.eus\/es\/2023\/08\/19\/juanenea-se-lesiona-cuando-perdia-26-17-ante-barrenetxea-iv-y-abre-la-puerta-a-urriza\/","og_site_name":"Oriamendi 2010","article_publisher":"https:\/\/www.facebook.com\/oriamendi2010remonte\/","article_published_time":"2023-08-19T18:45:52+00:00","article_modified_time":"2023-08-21T08:57:19+00:00","og_image":[{"width":1200,"height":799,"url":"https:\/\/oriamendi.eus\/wp-content\/uploads\/2022\/09\/2022BARRENETXE-URRIZ-FINAL.jpg","type":"image\/jpeg"}],"author":"I\u00f1igo Go\u00f1i","twitter_card":"summary_large_image","twitter_creator":"@oriamendi2010","twitter_site":"@oriamendi2010","twitter_misc":{"Escrito por":"I\u00f1igo Go\u00f1i","Tiempo de lectura":"2 minutos"},"schema":{"@context":"https:\/\/schema.org","@graph":[{"@type":"Article","@id":"https:\/\/oriamendi.eus\/es\/2023\/08\/19\/juanenea-se-lesiona-cuando-perdia-26-17-ante-barrenetxea-iv-y-abre-la-puerta-a-urriza\/#article","isPartOf":{"@id":"https:\/\/oriamendi.eus\/es\/2023\/08\/19\/juanenea-se-lesiona-cuando-perdia-26-17-ante-barrenetxea-iv-y-abre-la-puerta-a-urriza\/"},"author":{"name":"I\u00f1igo Go\u00f1i","@id":"https:\/\/oriamendi.eus\/es\/#\/schema\/person\/c0bd06c6c747674306a5c82563e2339a"},"headline":"Juanenea se lesiona cuando perd\u00eda 26-17 ante Barrenetxea IV y abre la puerta a Urriza","datePublished":"2023-08-19T18:45:52+00:00","dateModified":"2023-08-21T08:57:19+00:00","mainEntityOfPage":{"@id":"https:\/\/oriamendi.eus\/es\/2023\/08\/19\/juanenea-se-lesiona-cuando-perdia-26-17-ante-barrenetxea-iv-y-abre-la-puerta-a-urriza\/"},"wordCount":394,"publisher":{"@id":"https:\/\/oriamendi.eus\/es\/#organization"},"articleSection":["Sin categorizar"],"inLanguage":"es"},{"@type":"WebPage","@id":"https:\/\/oriamendi.eus\/es\/2023\/08\/19\/juanenea-se-lesiona-cuando-perdia-26-17-ante-barrenetxea-iv-y-abre-la-puerta-a-urriza\/","url":"https:\/\/oriamendi.eus\/es\/2023\/08\/19\/juanenea-se-lesiona-cuando-perdia-26-17-ante-barrenetxea-iv-y-abre-la-puerta-a-urriza\/","name":"Juanenea se lesiona cuando perd\u00eda 26-17 ante Barrenetxea IV y abre la puerta a Urriza | Oriamendi 2010","isPartOf":{"@id":"https:\/\/oriamendi.eus\/es\/#website"},"datePublished":"2023-08-19T18:45:52+00:00","dateModified":"2023-08-21T08:57:19+00:00","breadcrumb":{"@id":"https:\/\/oriamendi.eus\/es\/2023\/08\/19\/juanenea-se-lesiona-cuando-perdia-26-17-ante-barrenetxea-iv-y-abre-la-puerta-a-urriza\/#breadcrumb"},"inLanguage":"es","potentialAction":[{"@type":"ReadAction","target":["https:\/\/oriamendi.eus\/es\/2023\/08\/19\/juanenea-se-lesiona-cuando-perdia-26-17-ante-barrenetxea-iv-y-abre-la-puerta-a-urriza\/"]}]},{"@type":"BreadcrumbList","@id":"https:\/\/oriamendi.eus\/es\/2023\/08\/19\/juanenea-se-lesiona-cuando-perdia-26-17-ante-barrenetxea-iv-y-abre-la-puerta-a-urriza\/#breadcrumb","itemListElement":[{"@type":"ListItem","position":1,"name":"Portada","item":"https:\/\/oriamendi.eus\/es\/"},{"@type":"ListItem","position":2,"name":"Juanenea se lesiona cuando perd\u00eda 26-17 ante Barrenetxea IV y abre la puerta a Urriza"}]},{"@type":"WebSite","@id":"https:\/\/oriamendi.eus\/es\/#website","url":"https:\/\/oriamendi.eus\/es\/","name":"Oriamendi","description":"Remonte en Galarreta. Hernani. Gipuzkoa","publisher":{"@id":"https:\/\/oriamendi.eus\/es\/#organization"},"potentialAction":[{"@type":"SearchAction","target":{"@type":"EntryPoint","urlTemplate":"https:\/\/oriamendi.eus\/es\/?s={search_term_string}"},"query-input":"required name=search_term_string"}],"inLanguage":"es"},{"@type":"Organization","@id":"https:\/\/oriamendi.eus\/es\/#organization","name":"Oriamendi","url":"https:\/\/oriamendi.eus\/es\/","logo":{"@type":"ImageObject","inLanguage":"es","@id":"https:\/\/oriamendi.eus\/es\/#\/schema\/logo\/image\/","url":"https:\/\/oriamendi.eus\/wp-content\/uploads\/2020\/06\/logo-oriamendi.png","contentUrl":"https:\/\/oriamendi.eus\/wp-content\/uploads\/2020\/06\/logo-oriamendi.png","width":300,"height":90,"caption":"Oriamendi"},"image":{"@id":"https:\/\/oriamendi.eus\/es\/#\/schema\/logo\/image\/"},"sameAs":["https:\/\/www.facebook.com\/oriamendi2010remonte\/","https:\/\/twitter.com\/oriamendi2010","https:\/\/www.instagram.com\/galarretajaialai\/","https:\/\/www.youtube.com\/channel\/UC8gVNzQqB1iwnC-_rI-ihmA\/featured"]},{"@type":"Person","@id":"https:\/\/oriamendi.eus\/es\/#\/schema\/person\/c0bd06c6c747674306a5c82563e2339a","name":"I\u00f1igo Go\u00f1i","image":{"@type":"ImageObject","inLanguage":"es","@id":"https:\/\/oriamendi.eus\/es\/#\/schema\/person\/image\/","url":"https:\/\/secure.gravatar.com\/avatar\/fbb07ffc7b803bbfcc2b6419c06abd3a?s=96&d=mm&r=g","contentUrl":"https:\/\/secure.gravatar.com\/avatar\/fbb07ffc7b803bbfcc2b6419c06abd3a?s=96&d=mm&r=g","caption":"I\u00f1igo Go\u00f1i"},"url":"https:\/\/oriamendi.eus\/es\/author\/om-berriak\/"}]}},"_links":{"self":[{"href":"https:\/\/oriamendi.eus\/es\/wp-json\/wp\/v2\/posts\/7396"}],"collection":[{"href":"https:\/\/oriamendi.eus\/es\/wp-json\/wp\/v2\/posts"}],"about":[{"href":"https:\/\/oriamendi.eus\/es\/wp-json\/wp\/v2\/types\/post"}],"author":[{"embeddable":true,"href":"https:\/\/oriamendi.eus\/es\/wp-json\/wp\/v2\/users\/5"}],"replies":[{"embeddable":true,"href":"https:\/\/oriamendi.eus\/es\/wp-json\/wp\/v2\/comments?post=7396"}],"version-history":[{"count":4,"href":"https:\/\/oriamendi.eus\/es\/wp-json\/wp\/v2\/posts\/7396\/revisions"}],"predecessor-version":[{"id":7411,"href":"https:\/\/oriamendi.eus\/es\/wp-json\/wp\/v2\/posts\/7396\/revisions\/7411"}],"wp:featuredmedia":[{"embeddable":true,"href":"https:\/\/oriamendi.eus\/es\/wp-json\/wp\/v2\/media\/6778"}],"wp:attachment":[{"href":"https:\/\/oriamendi.eus\/es\/wp-json\/wp\/v2\/media?parent=7396"}],"wp:term":[{"taxonomy":"category","embeddable":true,"href":"https:\/\/oriamendi.eus\/es\/wp-json\/wp\/v2\/categories?post=7396"},{"taxonomy":"post_tag","embeddable":true,"href":"https:\/\/oriamendi.eus\/es\/wp-json\/wp\/v2\/tags?post=7396"}],"curies":[{"name":"wp","href":"https:\/\/api.w.org\/{rel}","templated":true}]}}