                                        
                                        
                                        
                                        
                                        
                                        
                                        
                                        
                                        
                                        
                                        
                                        
                                        
                                        
                                        
                                        
                                        
                                        
{"id":7385,"date":"2023-08-17T19:29:02","date_gmt":"2023-08-17T17:29:02","guid":{"rendered":"https:\/\/oriamendi.eus\/?p=7385"},"modified":"2023-08-18T18:36:37","modified_gmt":"2023-08-18T16:36:37","slug":"la-victoria-de-ansa-deja-contra-las-cuerdas-al-multicampeon-urriza","status":"publish","type":"post","link":"https:\/\/oriamendi.eus\/es\/2023\/08\/17\/la-victoria-de-ansa-deja-contra-las-cuerdas-al-multicampeon-urriza\/","title":{"rendered":"La victoria de Ansa deja contra las cuerdas al multicampe\u00f3n Urriza"},"content":{"rendered":"\n<p><strong>El de Urnieta gana con todo merecimiento 23-30 y evita la eliminaci\u00f3n<\/strong><\/p>\n\n\n\n<p><\/p>\n\n\n\n<p>El defensor del t\u00edtulo del Torneo Eusko Label, Javier Urriza est\u00e1 contra las cuerdas. Imanol Ansa le ha ganado 23-30 esta tarde en Galarreta y con cero puntos en dos partidos necesita que le favorezcan todos los resultados en los tres partidos que restan. Si el s\u00e1bado por ejemplo Juanenea suma un punto y Barrenetxea gana el partido quedar\u00eda eliminado. Si Barrenetxea sumara un punto necesitar\u00eda dejar en menos uno al hernaniarra en el \u00faltimo partido. lo tiene complicado.<\/p>\n\n\n\n<p>Ansa gan\u00f3 con todo merecimiento. Jug\u00f3 bien de principio a fin y solo tuvo una peque\u00f1a laguna en las faltas de saque. En el resto de facetas estuvo impecable. Urriza sali\u00f3 quiz\u00e1s presionado y eso hizo que del empate a uno se pasara ya a un claro 3-10 a favor de Ansa.<\/p>\n\n\n\n<p>El delantero de Pamplona se acerc\u00f3 a un tanto en su mejor momento, 10-11, pero el delantero de Urnieta se volvi\u00f3 a escapar en el marcador 11-18. Hubo un tanto que quiz\u00e1s pas\u00f3 factura a Urriza. En el 11-14 lleg\u00f3 bien a una dejada, pero meti\u00f3 la cesta de abajo y s ele fue arriba. A partir de ah\u00ed se le vio algo m\u00e1s descentrado y sin estar c\u00f3modo sobre la cancha.<\/p>\n\n\n\n<p>Ansa, sin embargo, volaba y los siete tantos de ventaja se convirtieron en diez en el 12-22.. Recort\u00f3 hasta los siete tantos la desventaja, 18-25, pero se qued\u00f3 ah\u00ed ya que perdi\u00f3 23-30.&nbsp;Ansa jug\u00f3 con decisi\u00f3n y estuvo impecable en el peloteo. Hizo siete tantos de saque y tambi\u00e9n cometi\u00f3 tres faltas de saque. Eso s\u00ed, en el peloteo solo hizo un fallo. Urriza no hizo da\u00f1o con su pelotazo y cometi\u00f3 m\u00e1s fallos de lo habitual; seis en el peloteo y dos con el saque.&nbsp;<\/p>\n\n\n\n<p>El partido dur\u00f3 una hora y a pesar de que el dinero sali\u00f3 60 a 100 a favor de Urriza el partido ense\u00f1\u00f3 lo contrario y deja a Ansa l\u00edder con seis puntos en dos partidos y a Urriza con cero a falta de solo un partido.&nbsp;<\/p>\n\n\n\n<p><\/p>\n\n\n\n<figure class=\"wp-block-image size-large\"><img fetchpriority=\"high\" fetchpriority=\"high\" decoding=\"async\" width=\"576\" height=\"1024\" src=\"https:\/\/oriamendi.eus\/wp-content\/uploads\/2023\/08\/abuztuak-17-\u2013-7-1-576x1024.jpg\" alt=\"\" class=\"wp-image-7393\" srcset=\"https:\/\/oriamendi.eus\/wp-content\/uploads\/2023\/08\/abuztuak-17-\u2013-7-1-576x1024.jpg 576w, https:\/\/oriamendi.eus\/wp-content\/uploads\/2023\/08\/abuztuak-17-\u2013-7-1-169x300.jpg 169w, https:\/\/oriamendi.eus\/wp-content\/uploads\/2023\/08\/abuztuak-17-\u2013-7-1-480x853.jpg 480w, https:\/\/oriamendi.eus\/wp-content\/uploads\/2023\/08\/abuztuak-17-\u2013-7-1.jpg 675w\" sizes=\"(max-width: 576px) 100vw, 576px\" \/><\/figure>\n","protected":false},"excerpt":{"rendered":"<p>El de Urnieta gana con todo merecimiento 23-30 y evita la eliminaci\u00f3n El defensor del t\u00edtulo del Torneo Eusko Label, Javier Urriza est\u00e1 contra las cuerdas. Imanol Ansa le ha ganado 23-30 esta tarde en Galarreta y con cero puntos en dos partidos necesita que le favorezcan todos los resultados en los tres partidos que [&hellip;]<\/p>\n","protected":false},"author":5,"featured_media":6963,"comment_status":"closed","ping_status":"open","sticky":false,"template":"","format":"standard","meta":{"_et_pb_use_builder":"off","_et_pb_old_content":"","_et_gb_content_width":"","footnotes":""},"categories":[1],"tags":[],"yoast_head":"<!-- This site is optimized with the Yoast SEO plugin v21.8 - https:\/\/yoast.com\/wordpress\/plugins\/seo\/ -->\n<title>La victoria de Ansa deja contra las cuerdas al multicampe\u00f3n Urriza | Oriamendi 2010<\/title>\n<meta name=\"robots\" content=\"index, follow, max-snippet:-1, max-image-preview:large, max-video-preview:-1\" \/>\n<link rel=\"canonical\" href=\"https:\/\/oriamendi.eus\/es\/2023\/08\/17\/la-victoria-de-ansa-deja-contra-las-cuerdas-al-multicampeon-urriza\/\" \/>\n<meta property=\"og:locale\" content=\"es_ES\" \/>\n<meta property=\"og:type\" content=\"article\" \/>\n<meta property=\"og:title\" content=\"La victoria de Ansa deja contra las cuerdas al multicampe\u00f3n Urriza | Oriamendi 2010\" \/>\n<meta property=\"og:description\" content=\"El de Urnieta gana con todo merecimiento 23-30 y evita la eliminaci\u00f3n El defensor del t\u00edtulo del Torneo Eusko Label, Javier Urriza est\u00e1 contra las cuerdas. Imanol Ansa le ha ganado 23-30 esta tarde en Galarreta y con cero puntos en dos partidos necesita que le favorezcan todos los resultados en los tres partidos que [&hellip;]\" \/>\n<meta property=\"og:url\" content=\"https:\/\/oriamendi.eus\/es\/2023\/08\/17\/la-victoria-de-ansa-deja-contra-las-cuerdas-al-multicampeon-urriza\/\" \/>\n<meta property=\"og:site_name\" content=\"Oriamendi 2010\" \/>\n<meta property=\"article:publisher\" content=\"https:\/\/www.facebook.com\/oriamendi2010remonte\/\" \/>\n<meta property=\"article:published_time\" content=\"2023-08-17T17:29:02+00:00\" \/>\n<meta property=\"article:modified_time\" content=\"2023-08-18T16:36:37+00:00\" \/>\n<meta property=\"og:image\" content=\"https:\/\/oriamendi.eus\/wp-content\/uploads\/2023\/02\/20230218171624__52A9115-01.jpeg\" \/>\n\t<meta property=\"og:image:width\" content=\"1200\" \/>\n\t<meta property=\"og:image:height\" content=\"800\" \/>\n\t<meta property=\"og:image:type\" content=\"image\/jpeg\" \/>\n<meta name=\"author\" content=\"I\u00f1igo Go\u00f1i\" \/>\n<meta name=\"twitter:card\" content=\"summary_large_image\" \/>\n<meta name=\"twitter:creator\" content=\"@oriamendi2010\" \/>\n<meta name=\"twitter:site\" content=\"@oriamendi2010\" \/>\n<meta name=\"twitter:label1\" content=\"Escrito por\" \/>\n\t<meta name=\"twitter:data1\" content=\"I\u00f1igo Go\u00f1i\" \/>\n\t<meta name=\"twitter:label2\" content=\"Tiempo de lectura\" \/>\n\t<meta name=\"twitter:data2\" content=\"2 minutos\" \/>\n<script type=\"application\/ld+json\" class=\"yoast-schema-graph\">{\"@context\":\"https:\/\/schema.org\",\"@graph\":[{\"@type\":\"Article\",\"@id\":\"https:\/\/oriamendi.eus\/es\/2023\/08\/17\/la-victoria-de-ansa-deja-contra-las-cuerdas-al-multicampeon-urriza\/#article\",\"isPartOf\":{\"@id\":\"https:\/\/oriamendi.eus\/es\/2023\/08\/17\/la-victoria-de-ansa-deja-contra-las-cuerdas-al-multicampeon-urriza\/\"},\"author\":{\"name\":\"I\u00f1igo Go\u00f1i\",\"@id\":\"https:\/\/oriamendi.eus\/es\/#\/schema\/person\/c0bd06c6c747674306a5c82563e2339a\"},\"headline\":\"La victoria de Ansa deja contra las cuerdas al multicampe\u00f3n Urriza\",\"datePublished\":\"2023-08-17T17:29:02+00:00\",\"dateModified\":\"2023-08-18T16:36:37+00:00\",\"mainEntityOfPage\":{\"@id\":\"https:\/\/oriamendi.eus\/es\/2023\/08\/17\/la-victoria-de-ansa-deja-contra-las-cuerdas-al-multicampeon-urriza\/\"},\"wordCount\":377,\"publisher\":{\"@id\":\"https:\/\/oriamendi.eus\/es\/#organization\"},\"articleSection\":[\"Sin categorizar\"],\"inLanguage\":\"es\"},{\"@type\":\"WebPage\",\"@id\":\"https:\/\/oriamendi.eus\/es\/2023\/08\/17\/la-victoria-de-ansa-deja-contra-las-cuerdas-al-multicampeon-urriza\/\",\"url\":\"https:\/\/oriamendi.eus\/es\/2023\/08\/17\/la-victoria-de-ansa-deja-contra-las-cuerdas-al-multicampeon-urriza\/\",\"name\":\"La victoria de Ansa deja contra las cuerdas al multicampe\u00f3n Urriza | Oriamendi 2010\",\"isPartOf\":{\"@id\":\"https:\/\/oriamendi.eus\/es\/#website\"},\"datePublished\":\"2023-08-17T17:29:02+00:00\",\"dateModified\":\"2023-08-18T16:36:37+00:00\",\"breadcrumb\":{\"@id\":\"https:\/\/oriamendi.eus\/es\/2023\/08\/17\/la-victoria-de-ansa-deja-contra-las-cuerdas-al-multicampeon-urriza\/#breadcrumb\"},\"inLanguage\":\"es\",\"potentialAction\":[{\"@type\":\"ReadAction\",\"target\":[\"https:\/\/oriamendi.eus\/es\/2023\/08\/17\/la-victoria-de-ansa-deja-contra-las-cuerdas-al-multicampeon-urriza\/\"]}]},{\"@type\":\"BreadcrumbList\",\"@id\":\"https:\/\/oriamendi.eus\/es\/2023\/08\/17\/la-victoria-de-ansa-deja-contra-las-cuerdas-al-multicampeon-urriza\/#breadcrumb\",\"itemListElement\":[{\"@type\":\"ListItem\",\"position\":1,\"name\":\"Portada\",\"item\":\"https:\/\/oriamendi.eus\/es\/\"},{\"@type\":\"ListItem\",\"position\":2,\"name\":\"La victoria de Ansa deja contra las cuerdas al multicampe\u00f3n Urriza\"}]},{\"@type\":\"WebSite\",\"@id\":\"https:\/\/oriamendi.eus\/es\/#website\",\"url\":\"https:\/\/oriamendi.eus\/es\/\",\"name\":\"Oriamendi\",\"description\":\"Remonte en Galarreta. Hernani. Gipuzkoa\",\"publisher\":{\"@id\":\"https:\/\/oriamendi.eus\/es\/#organization\"},\"potentialAction\":[{\"@type\":\"SearchAction\",\"target\":{\"@type\":\"EntryPoint\",\"urlTemplate\":\"https:\/\/oriamendi.eus\/es\/?s={search_term_string}\"},\"query-input\":\"required name=search_term_string\"}],\"inLanguage\":\"es\"},{\"@type\":\"Organization\",\"@id\":\"https:\/\/oriamendi.eus\/es\/#organization\",\"name\":\"Oriamendi\",\"url\":\"https:\/\/oriamendi.eus\/es\/\",\"logo\":{\"@type\":\"ImageObject\",\"inLanguage\":\"es\",\"@id\":\"https:\/\/oriamendi.eus\/es\/#\/schema\/logo\/image\/\",\"url\":\"https:\/\/oriamendi.eus\/wp-content\/uploads\/2020\/06\/logo-oriamendi.png\",\"contentUrl\":\"https:\/\/oriamendi.eus\/wp-content\/uploads\/2020\/06\/logo-oriamendi.png\",\"width\":300,\"height\":90,\"caption\":\"Oriamendi\"},\"image\":{\"@id\":\"https:\/\/oriamendi.eus\/es\/#\/schema\/logo\/image\/\"},\"sameAs\":[\"https:\/\/www.facebook.com\/oriamendi2010remonte\/\",\"https:\/\/twitter.com\/oriamendi2010\",\"https:\/\/www.instagram.com\/galarretajaialai\/\",\"https:\/\/www.youtube.com\/channel\/UC8gVNzQqB1iwnC-_rI-ihmA\/featured\"]},{\"@type\":\"Person\",\"@id\":\"https:\/\/oriamendi.eus\/es\/#\/schema\/person\/c0bd06c6c747674306a5c82563e2339a\",\"name\":\"I\u00f1igo Go\u00f1i\",\"image\":{\"@type\":\"ImageObject\",\"inLanguage\":\"es\",\"@id\":\"https:\/\/oriamendi.eus\/es\/#\/schema\/person\/image\/\",\"url\":\"https:\/\/secure.gravatar.com\/avatar\/fbb07ffc7b803bbfcc2b6419c06abd3a?s=96&d=mm&r=g\",\"contentUrl\":\"https:\/\/secure.gravatar.com\/avatar\/fbb07ffc7b803bbfcc2b6419c06abd3a?s=96&d=mm&r=g\",\"caption\":\"I\u00f1igo Go\u00f1i\"},\"url\":\"https:\/\/oriamendi.eus\/es\/author\/om-berriak\/\"}]}<\/script>\n<!-- \/ Yoast SEO plugin. -->","yoast_head_json":{"title":"La victoria de Ansa deja contra las cuerdas al multicampe\u00f3n Urriza | Oriamendi 2010","robots":{"index":"index","follow":"follow","max-snippet":"max-snippet:-1","max-image-preview":"max-image-preview:large","max-video-preview":"max-video-preview:-1"},"canonical":"https:\/\/oriamendi.eus\/es\/2023\/08\/17\/la-victoria-de-ansa-deja-contra-las-cuerdas-al-multicampeon-urriza\/","og_locale":"es_ES","og_type":"article","og_title":"La victoria de Ansa deja contra las cuerdas al multicampe\u00f3n Urriza | Oriamendi 2010","og_description":"El de Urnieta gana con todo merecimiento 23-30 y evita la eliminaci\u00f3n El defensor del t\u00edtulo del Torneo Eusko Label, Javier Urriza est\u00e1 contra las cuerdas. Imanol Ansa le ha ganado 23-30 esta tarde en Galarreta y con cero puntos en dos partidos necesita que le favorezcan todos los resultados en los tres partidos que [&hellip;]","og_url":"https:\/\/oriamendi.eus\/es\/2023\/08\/17\/la-victoria-de-ansa-deja-contra-las-cuerdas-al-multicampeon-urriza\/","og_site_name":"Oriamendi 2010","article_publisher":"https:\/\/www.facebook.com\/oriamendi2010remonte\/","article_published_time":"2023-08-17T17:29:02+00:00","article_modified_time":"2023-08-18T16:36:37+00:00","og_image":[{"width":1200,"height":800,"url":"https:\/\/oriamendi.eus\/wp-content\/uploads\/2023\/02\/20230218171624__52A9115-01.jpeg","type":"image\/jpeg"}],"author":"I\u00f1igo Go\u00f1i","twitter_card":"summary_large_image","twitter_creator":"@oriamendi2010","twitter_site":"@oriamendi2010","twitter_misc":{"Escrito por":"I\u00f1igo Go\u00f1i","Tiempo de lectura":"2 minutos"},"schema":{"@context":"https:\/\/schema.org","@graph":[{"@type":"Article","@id":"https:\/\/oriamendi.eus\/es\/2023\/08\/17\/la-victoria-de-ansa-deja-contra-las-cuerdas-al-multicampeon-urriza\/#article","isPartOf":{"@id":"https:\/\/oriamendi.eus\/es\/2023\/08\/17\/la-victoria-de-ansa-deja-contra-las-cuerdas-al-multicampeon-urriza\/"},"author":{"name":"I\u00f1igo Go\u00f1i","@id":"https:\/\/oriamendi.eus\/es\/#\/schema\/person\/c0bd06c6c747674306a5c82563e2339a"},"headline":"La victoria de Ansa deja contra las cuerdas al multicampe\u00f3n Urriza","datePublished":"2023-08-17T17:29:02+00:00","dateModified":"2023-08-18T16:36:37+00:00","mainEntityOfPage":{"@id":"https:\/\/oriamendi.eus\/es\/2023\/08\/17\/la-victoria-de-ansa-deja-contra-las-cuerdas-al-multicampeon-urriza\/"},"wordCount":377,"publisher":{"@id":"https:\/\/oriamendi.eus\/es\/#organization"},"articleSection":["Sin categorizar"],"inLanguage":"es"},{"@type":"WebPage","@id":"https:\/\/oriamendi.eus\/es\/2023\/08\/17\/la-victoria-de-ansa-deja-contra-las-cuerdas-al-multicampeon-urriza\/","url":"https:\/\/oriamendi.eus\/es\/2023\/08\/17\/la-victoria-de-ansa-deja-contra-las-cuerdas-al-multicampeon-urriza\/","name":"La victoria de Ansa deja contra las cuerdas al multicampe\u00f3n Urriza | Oriamendi 2010","isPartOf":{"@id":"https:\/\/oriamendi.eus\/es\/#website"},"datePublished":"2023-08-17T17:29:02+00:00","dateModified":"2023-08-18T16:36:37+00:00","breadcrumb":{"@id":"https:\/\/oriamendi.eus\/es\/2023\/08\/17\/la-victoria-de-ansa-deja-contra-las-cuerdas-al-multicampeon-urriza\/#breadcrumb"},"inLanguage":"es","potentialAction":[{"@type":"ReadAction","target":["https:\/\/oriamendi.eus\/es\/2023\/08\/17\/la-victoria-de-ansa-deja-contra-las-cuerdas-al-multicampeon-urriza\/"]}]},{"@type":"BreadcrumbList","@id":"https:\/\/oriamendi.eus\/es\/2023\/08\/17\/la-victoria-de-ansa-deja-contra-las-cuerdas-al-multicampeon-urriza\/#breadcrumb","itemListElement":[{"@type":"ListItem","position":1,"name":"Portada","item":"https:\/\/oriamendi.eus\/es\/"},{"@type":"ListItem","position":2,"name":"La victoria de Ansa deja contra las cuerdas al multicampe\u00f3n Urriza"}]},{"@type":"WebSite","@id":"https:\/\/oriamendi.eus\/es\/#website","url":"https:\/\/oriamendi.eus\/es\/","name":"Oriamendi","description":"Remonte en Galarreta. Hernani. Gipuzkoa","publisher":{"@id":"https:\/\/oriamendi.eus\/es\/#organization"},"potentialAction":[{"@type":"SearchAction","target":{"@type":"EntryPoint","urlTemplate":"https:\/\/oriamendi.eus\/es\/?s={search_term_string}"},"query-input":"required name=search_term_string"}],"inLanguage":"es"},{"@type":"Organization","@id":"https:\/\/oriamendi.eus\/es\/#organization","name":"Oriamendi","url":"https:\/\/oriamendi.eus\/es\/","logo":{"@type":"ImageObject","inLanguage":"es","@id":"https:\/\/oriamendi.eus\/es\/#\/schema\/logo\/image\/","url":"https:\/\/oriamendi.eus\/wp-content\/uploads\/2020\/06\/logo-oriamendi.png","contentUrl":"https:\/\/oriamendi.eus\/wp-content\/uploads\/2020\/06\/logo-oriamendi.png","width":300,"height":90,"caption":"Oriamendi"},"image":{"@id":"https:\/\/oriamendi.eus\/es\/#\/schema\/logo\/image\/"},"sameAs":["https:\/\/www.facebook.com\/oriamendi2010remonte\/","https:\/\/twitter.com\/oriamendi2010","https:\/\/www.instagram.com\/galarretajaialai\/","https:\/\/www.youtube.com\/channel\/UC8gVNzQqB1iwnC-_rI-ihmA\/featured"]},{"@type":"Person","@id":"https:\/\/oriamendi.eus\/es\/#\/schema\/person\/c0bd06c6c747674306a5c82563e2339a","name":"I\u00f1igo Go\u00f1i","image":{"@type":"ImageObject","inLanguage":"es","@id":"https:\/\/oriamendi.eus\/es\/#\/schema\/person\/image\/","url":"https:\/\/secure.gravatar.com\/avatar\/fbb07ffc7b803bbfcc2b6419c06abd3a?s=96&d=mm&r=g","contentUrl":"https:\/\/secure.gravatar.com\/avatar\/fbb07ffc7b803bbfcc2b6419c06abd3a?s=96&d=mm&r=g","caption":"I\u00f1igo Go\u00f1i"},"url":"https:\/\/oriamendi.eus\/es\/author\/om-berriak\/"}]}},"_links":{"self":[{"href":"https:\/\/oriamendi.eus\/es\/wp-json\/wp\/v2\/posts\/7385"}],"collection":[{"href":"https:\/\/oriamendi.eus\/es\/wp-json\/wp\/v2\/posts"}],"about":[{"href":"https:\/\/oriamendi.eus\/es\/wp-json\/wp\/v2\/types\/post"}],"author":[{"embeddable":true,"href":"https:\/\/oriamendi.eus\/es\/wp-json\/wp\/v2\/users\/5"}],"replies":[{"embeddable":true,"href":"https:\/\/oriamendi.eus\/es\/wp-json\/wp\/v2\/comments?post=7385"}],"version-history":[{"count":3,"href":"https:\/\/oriamendi.eus\/es\/wp-json\/wp\/v2\/posts\/7385\/revisions"}],"predecessor-version":[{"id":7395,"href":"https:\/\/oriamendi.eus\/es\/wp-json\/wp\/v2\/posts\/7385\/revisions\/7395"}],"wp:featuredmedia":[{"embeddable":true,"href":"https:\/\/oriamendi.eus\/es\/wp-json\/wp\/v2\/media\/6963"}],"wp:attachment":[{"href":"https:\/\/oriamendi.eus\/es\/wp-json\/wp\/v2\/media?parent=7385"}],"wp:term":[{"taxonomy":"category","embeddable":true,"href":"https:\/\/oriamendi.eus\/es\/wp-json\/wp\/v2\/categories?post=7385"},{"taxonomy":"post_tag","embeddable":true,"href":"https:\/\/oriamendi.eus\/es\/wp-json\/wp\/v2\/tags?post=7385"}],"curies":[{"name":"wp","href":"https:\/\/api.w.org\/{rel}","templated":true}]}}