                                        
                                        
                                        
                                        
                                        
                                        
                                        
                                        
                                        
                                        
                                        
                                        
                                        
                                        
                                        
                                        
                                        
                                        
{"id":7380,"date":"2023-08-12T20:52:10","date_gmt":"2023-08-12T18:52:10","guid":{"rendered":"https:\/\/oriamendi.eus\/?p=7380"},"modified":"2023-08-12T20:52:13","modified_gmt":"2023-08-12T18:52:13","slug":"barrenetxea-suma-la-primera-victoria-en-el-partido-del-campeonato","status":"publish","type":"post","link":"https:\/\/oriamendi.eus\/es\/2023\/08\/12\/barrenetxea-suma-la-primera-victoria-en-el-partido-del-campeonato\/","title":{"rendered":"Barrenetxea suma la primera victoria en el partido del campeonato"},"content":{"rendered":"\n<p><strong>Se impone 30-27 a Ansa en un aut\u00e9ntico partidazo que tuvo de todo<\/strong><\/p>\n\n\n\n<p>Barrenetxea IV se impuso 30-27 a Ansa II en un espect\u00e1culo que costar\u00e1 que se vuelva a ver a lo largo del Torneo Eusko Label. La pelota anduvo a una velocidad endiablada y los remontistas demostraron estar en una condici\u00f3n f\u00edsica envidiable. De piernas estuvieron perfectos. El zaguero hernaniarra despleg\u00f3 su mejor repertorio ante un Ansa que no se rindi\u00f3 nunca y dio una lecci\u00f3n de resiliencia.\u00a0<\/p>\n\n\n\n<p>Barrenetxea comenz\u00f3 como un cicl\u00f3n jugando de forma perfecta, ante un Ansa que se ve\u00eda impotente ante el vendaval que se le ven\u00eda encima. El hernaniarra sacaba, peloteaba, defend\u00eda, restaba&#8230; a la perfecci\u00f3n y ese juego superlativo que llev\u00f3 a coger una ventaja enorme de 15 tantos de diferencia en el 20-5.<\/p>\n\n\n\n<p>El delantero urnietarra no se achic\u00f3 y no se rindi\u00f3. Sigui\u00f3 metido en el partido y comenz\u00f3 a recortar la ventaja. Del 20-5 se pas\u00f3 a un 23-11 y de ah\u00ed lleg\u00f3 la mayor tacada del choque. Ansa pas\u00f3 a comandar el partido 23-24. Fue un 0-13 y un 3-19 de mucho m\u00e9rito. No fue que Barrenetxea bajara sus prestaciones fallando pelotas. Fue casi todo m\u00e9rito de Ansa.\u00a0<\/p>\n\n\n\n<p>Se cambiaron las tornas y Ansa era el que sacando del ancho hac\u00eda da\u00f1o a Barrenetxea. Ambos terminaron con diez tantos de saque, pero de los de verdad, de los que van por la pared o son imposibles para el restador. No hab\u00eda regalos de nadie. En el 23-24 se produjo un tanto duro y peleado que cay\u00f3 del lado del colorado, que supon\u00eda el 24 iguales.\u00a0<\/p>\n\n\n\n<p>Ah\u00ed comenzaba un nuevo partido a seis. Barrenetxea volv\u00eda a entonarse para adelantarse 27-24, pero nada estaba decidido y menos viendo como hab\u00eda transcurrido el partido. Ansa resurg\u00eda de nuevo para empatar a 27, pero los \u00faltimos tres tantos cayeron del lado del zaguero. El 28 y 29 llegaron tras dos brillantes pelotazos y el tanto final fue un saque milim\u00e9trico sacado del choco hacia el ancho. <\/p>\n\n\n\n<p>El 30-27 cerraba un partido maravilloso. Los espectadores aplaud\u00edan sabedores que hab\u00edan presenciado un partido que se ve pocas veces.\u00a0Ansa, que tuvo cerca el menos uno, sum\u00f3 dos puntos m\u00e1s que merecidos, mientras Barrenetxea sumaba cuatro puntos. Ambos merec\u00edan la victoria, pero solo puede ganar uno.\u00a0<\/p>\n\n\n\n<p><strong>Clasificaci\u00f3n<\/strong><br>1. Juanenea 4 puntos<br>2. Barrenetxea IV 4 puntos<br>3. Ansa II 2 puntos<br>4. Urriza 0 puntos<\/p>\n","protected":false},"excerpt":{"rendered":"<p>Se impone 30-27 a Ansa en un aut\u00e9ntico partidazo que tuvo de todo Barrenetxea IV se impuso 30-27 a Ansa II en un espect\u00e1culo que costar\u00e1 que se vuelva a ver a lo largo del Torneo Eusko Label. La pelota anduvo a una velocidad endiablada y los remontistas demostraron estar en una condici\u00f3n f\u00edsica envidiable. [&hellip;]<\/p>\n","protected":false},"author":5,"featured_media":7188,"comment_status":"closed","ping_status":"open","sticky":false,"template":"","format":"standard","meta":{"_et_pb_use_builder":"off","_et_pb_old_content":"","_et_gb_content_width":"","footnotes":""},"categories":[1],"tags":[],"yoast_head":"<!-- This site is optimized with the Yoast SEO plugin v21.8 - https:\/\/yoast.com\/wordpress\/plugins\/seo\/ -->\n<title>Barrenetxea suma la primera victoria en el partido del campeonato | Oriamendi 2010<\/title>\n<meta name=\"robots\" content=\"index, follow, max-snippet:-1, max-image-preview:large, max-video-preview:-1\" \/>\n<link rel=\"canonical\" href=\"https:\/\/oriamendi.eus\/es\/2023\/08\/12\/barrenetxea-suma-la-primera-victoria-en-el-partido-del-campeonato\/\" \/>\n<meta property=\"og:locale\" content=\"es_ES\" \/>\n<meta property=\"og:type\" content=\"article\" \/>\n<meta property=\"og:title\" content=\"Barrenetxea suma la primera victoria en el partido del campeonato | Oriamendi 2010\" \/>\n<meta property=\"og:description\" content=\"Se impone 30-27 a Ansa en un aut\u00e9ntico partidazo que tuvo de todo Barrenetxea IV se impuso 30-27 a Ansa II en un espect\u00e1culo que costar\u00e1 que se vuelva a ver a lo largo del Torneo Eusko Label. La pelota anduvo a una velocidad endiablada y los remontistas demostraron estar en una condici\u00f3n f\u00edsica envidiable. [&hellip;]\" \/>\n<meta property=\"og:url\" content=\"https:\/\/oriamendi.eus\/es\/2023\/08\/12\/barrenetxea-suma-la-primera-victoria-en-el-partido-del-campeonato\/\" \/>\n<meta property=\"og:site_name\" content=\"Oriamendi 2010\" \/>\n<meta property=\"article:publisher\" content=\"https:\/\/www.facebook.com\/oriamendi2010remonte\/\" \/>\n<meta property=\"article:published_time\" content=\"2023-08-12T18:52:10+00:00\" \/>\n<meta property=\"article:modified_time\" content=\"2023-08-12T18:52:13+00:00\" \/>\n<meta property=\"og:image\" content=\"https:\/\/oriamendi.eus\/wp-content\/uploads\/2023\/05\/52A7675.jpg\" \/>\n\t<meta property=\"og:image:width\" content=\"1200\" \/>\n\t<meta property=\"og:image:height\" content=\"800\" \/>\n\t<meta property=\"og:image:type\" content=\"image\/jpeg\" \/>\n<meta name=\"author\" content=\"I\u00f1igo Go\u00f1i\" \/>\n<meta name=\"twitter:card\" content=\"summary_large_image\" \/>\n<meta name=\"twitter:creator\" content=\"@oriamendi2010\" \/>\n<meta name=\"twitter:site\" content=\"@oriamendi2010\" \/>\n<meta name=\"twitter:label1\" content=\"Escrito por\" \/>\n\t<meta name=\"twitter:data1\" content=\"I\u00f1igo Go\u00f1i\" \/>\n\t<meta name=\"twitter:label2\" content=\"Tiempo de lectura\" \/>\n\t<meta name=\"twitter:data2\" content=\"2 minutos\" \/>\n<script type=\"application\/ld+json\" class=\"yoast-schema-graph\">{\"@context\":\"https:\/\/schema.org\",\"@graph\":[{\"@type\":\"Article\",\"@id\":\"https:\/\/oriamendi.eus\/es\/2023\/08\/12\/barrenetxea-suma-la-primera-victoria-en-el-partido-del-campeonato\/#article\",\"isPartOf\":{\"@id\":\"https:\/\/oriamendi.eus\/es\/2023\/08\/12\/barrenetxea-suma-la-primera-victoria-en-el-partido-del-campeonato\/\"},\"author\":{\"name\":\"I\u00f1igo Go\u00f1i\",\"@id\":\"https:\/\/oriamendi.eus\/es\/#\/schema\/person\/c0bd06c6c747674306a5c82563e2339a\"},\"headline\":\"Barrenetxea suma la primera victoria en el partido del campeonato\",\"datePublished\":\"2023-08-12T18:52:10+00:00\",\"dateModified\":\"2023-08-12T18:52:13+00:00\",\"mainEntityOfPage\":{\"@id\":\"https:\/\/oriamendi.eus\/es\/2023\/08\/12\/barrenetxea-suma-la-primera-victoria-en-el-partido-del-campeonato\/\"},\"wordCount\":422,\"publisher\":{\"@id\":\"https:\/\/oriamendi.eus\/es\/#organization\"},\"articleSection\":[\"Sin categorizar\"],\"inLanguage\":\"es\"},{\"@type\":\"WebPage\",\"@id\":\"https:\/\/oriamendi.eus\/es\/2023\/08\/12\/barrenetxea-suma-la-primera-victoria-en-el-partido-del-campeonato\/\",\"url\":\"https:\/\/oriamendi.eus\/es\/2023\/08\/12\/barrenetxea-suma-la-primera-victoria-en-el-partido-del-campeonato\/\",\"name\":\"Barrenetxea suma la primera victoria en el partido del campeonato | Oriamendi 2010\",\"isPartOf\":{\"@id\":\"https:\/\/oriamendi.eus\/es\/#website\"},\"datePublished\":\"2023-08-12T18:52:10+00:00\",\"dateModified\":\"2023-08-12T18:52:13+00:00\",\"breadcrumb\":{\"@id\":\"https:\/\/oriamendi.eus\/es\/2023\/08\/12\/barrenetxea-suma-la-primera-victoria-en-el-partido-del-campeonato\/#breadcrumb\"},\"inLanguage\":\"es\",\"potentialAction\":[{\"@type\":\"ReadAction\",\"target\":[\"https:\/\/oriamendi.eus\/es\/2023\/08\/12\/barrenetxea-suma-la-primera-victoria-en-el-partido-del-campeonato\/\"]}]},{\"@type\":\"BreadcrumbList\",\"@id\":\"https:\/\/oriamendi.eus\/es\/2023\/08\/12\/barrenetxea-suma-la-primera-victoria-en-el-partido-del-campeonato\/#breadcrumb\",\"itemListElement\":[{\"@type\":\"ListItem\",\"position\":1,\"name\":\"Portada\",\"item\":\"https:\/\/oriamendi.eus\/es\/\"},{\"@type\":\"ListItem\",\"position\":2,\"name\":\"Barrenetxea suma la primera victoria en el partido del campeonato\"}]},{\"@type\":\"WebSite\",\"@id\":\"https:\/\/oriamendi.eus\/es\/#website\",\"url\":\"https:\/\/oriamendi.eus\/es\/\",\"name\":\"Oriamendi\",\"description\":\"Remonte en Galarreta. Hernani. Gipuzkoa\",\"publisher\":{\"@id\":\"https:\/\/oriamendi.eus\/es\/#organization\"},\"potentialAction\":[{\"@type\":\"SearchAction\",\"target\":{\"@type\":\"EntryPoint\",\"urlTemplate\":\"https:\/\/oriamendi.eus\/es\/?s={search_term_string}\"},\"query-input\":\"required name=search_term_string\"}],\"inLanguage\":\"es\"},{\"@type\":\"Organization\",\"@id\":\"https:\/\/oriamendi.eus\/es\/#organization\",\"name\":\"Oriamendi\",\"url\":\"https:\/\/oriamendi.eus\/es\/\",\"logo\":{\"@type\":\"ImageObject\",\"inLanguage\":\"es\",\"@id\":\"https:\/\/oriamendi.eus\/es\/#\/schema\/logo\/image\/\",\"url\":\"https:\/\/oriamendi.eus\/wp-content\/uploads\/2020\/06\/logo-oriamendi.png\",\"contentUrl\":\"https:\/\/oriamendi.eus\/wp-content\/uploads\/2020\/06\/logo-oriamendi.png\",\"width\":300,\"height\":90,\"caption\":\"Oriamendi\"},\"image\":{\"@id\":\"https:\/\/oriamendi.eus\/es\/#\/schema\/logo\/image\/\"},\"sameAs\":[\"https:\/\/www.facebook.com\/oriamendi2010remonte\/\",\"https:\/\/twitter.com\/oriamendi2010\",\"https:\/\/www.instagram.com\/galarretajaialai\/\",\"https:\/\/www.youtube.com\/channel\/UC8gVNzQqB1iwnC-_rI-ihmA\/featured\"]},{\"@type\":\"Person\",\"@id\":\"https:\/\/oriamendi.eus\/es\/#\/schema\/person\/c0bd06c6c747674306a5c82563e2339a\",\"name\":\"I\u00f1igo Go\u00f1i\",\"image\":{\"@type\":\"ImageObject\",\"inLanguage\":\"es\",\"@id\":\"https:\/\/oriamendi.eus\/es\/#\/schema\/person\/image\/\",\"url\":\"https:\/\/secure.gravatar.com\/avatar\/fbb07ffc7b803bbfcc2b6419c06abd3a?s=96&d=mm&r=g\",\"contentUrl\":\"https:\/\/secure.gravatar.com\/avatar\/fbb07ffc7b803bbfcc2b6419c06abd3a?s=96&d=mm&r=g\",\"caption\":\"I\u00f1igo Go\u00f1i\"},\"url\":\"https:\/\/oriamendi.eus\/es\/author\/om-berriak\/\"}]}<\/script>\n<!-- \/ Yoast SEO plugin. -->","yoast_head_json":{"title":"Barrenetxea suma la primera victoria en el partido del campeonato | Oriamendi 2010","robots":{"index":"index","follow":"follow","max-snippet":"max-snippet:-1","max-image-preview":"max-image-preview:large","max-video-preview":"max-video-preview:-1"},"canonical":"https:\/\/oriamendi.eus\/es\/2023\/08\/12\/barrenetxea-suma-la-primera-victoria-en-el-partido-del-campeonato\/","og_locale":"es_ES","og_type":"article","og_title":"Barrenetxea suma la primera victoria en el partido del campeonato | Oriamendi 2010","og_description":"Se impone 30-27 a Ansa en un aut\u00e9ntico partidazo que tuvo de todo Barrenetxea IV se impuso 30-27 a Ansa II en un espect\u00e1culo que costar\u00e1 que se vuelva a ver a lo largo del Torneo Eusko Label. La pelota anduvo a una velocidad endiablada y los remontistas demostraron estar en una condici\u00f3n f\u00edsica envidiable. [&hellip;]","og_url":"https:\/\/oriamendi.eus\/es\/2023\/08\/12\/barrenetxea-suma-la-primera-victoria-en-el-partido-del-campeonato\/","og_site_name":"Oriamendi 2010","article_publisher":"https:\/\/www.facebook.com\/oriamendi2010remonte\/","article_published_time":"2023-08-12T18:52:10+00:00","article_modified_time":"2023-08-12T18:52:13+00:00","og_image":[{"width":1200,"height":800,"url":"https:\/\/oriamendi.eus\/wp-content\/uploads\/2023\/05\/52A7675.jpg","type":"image\/jpeg"}],"author":"I\u00f1igo Go\u00f1i","twitter_card":"summary_large_image","twitter_creator":"@oriamendi2010","twitter_site":"@oriamendi2010","twitter_misc":{"Escrito por":"I\u00f1igo Go\u00f1i","Tiempo de lectura":"2 minutos"},"schema":{"@context":"https:\/\/schema.org","@graph":[{"@type":"Article","@id":"https:\/\/oriamendi.eus\/es\/2023\/08\/12\/barrenetxea-suma-la-primera-victoria-en-el-partido-del-campeonato\/#article","isPartOf":{"@id":"https:\/\/oriamendi.eus\/es\/2023\/08\/12\/barrenetxea-suma-la-primera-victoria-en-el-partido-del-campeonato\/"},"author":{"name":"I\u00f1igo Go\u00f1i","@id":"https:\/\/oriamendi.eus\/es\/#\/schema\/person\/c0bd06c6c747674306a5c82563e2339a"},"headline":"Barrenetxea suma la primera victoria en el partido del campeonato","datePublished":"2023-08-12T18:52:10+00:00","dateModified":"2023-08-12T18:52:13+00:00","mainEntityOfPage":{"@id":"https:\/\/oriamendi.eus\/es\/2023\/08\/12\/barrenetxea-suma-la-primera-victoria-en-el-partido-del-campeonato\/"},"wordCount":422,"publisher":{"@id":"https:\/\/oriamendi.eus\/es\/#organization"},"articleSection":["Sin categorizar"],"inLanguage":"es"},{"@type":"WebPage","@id":"https:\/\/oriamendi.eus\/es\/2023\/08\/12\/barrenetxea-suma-la-primera-victoria-en-el-partido-del-campeonato\/","url":"https:\/\/oriamendi.eus\/es\/2023\/08\/12\/barrenetxea-suma-la-primera-victoria-en-el-partido-del-campeonato\/","name":"Barrenetxea suma la primera victoria en el partido del campeonato | Oriamendi 2010","isPartOf":{"@id":"https:\/\/oriamendi.eus\/es\/#website"},"datePublished":"2023-08-12T18:52:10+00:00","dateModified":"2023-08-12T18:52:13+00:00","breadcrumb":{"@id":"https:\/\/oriamendi.eus\/es\/2023\/08\/12\/barrenetxea-suma-la-primera-victoria-en-el-partido-del-campeonato\/#breadcrumb"},"inLanguage":"es","potentialAction":[{"@type":"ReadAction","target":["https:\/\/oriamendi.eus\/es\/2023\/08\/12\/barrenetxea-suma-la-primera-victoria-en-el-partido-del-campeonato\/"]}]},{"@type":"BreadcrumbList","@id":"https:\/\/oriamendi.eus\/es\/2023\/08\/12\/barrenetxea-suma-la-primera-victoria-en-el-partido-del-campeonato\/#breadcrumb","itemListElement":[{"@type":"ListItem","position":1,"name":"Portada","item":"https:\/\/oriamendi.eus\/es\/"},{"@type":"ListItem","position":2,"name":"Barrenetxea suma la primera victoria en el partido del campeonato"}]},{"@type":"WebSite","@id":"https:\/\/oriamendi.eus\/es\/#website","url":"https:\/\/oriamendi.eus\/es\/","name":"Oriamendi","description":"Remonte en Galarreta. Hernani. Gipuzkoa","publisher":{"@id":"https:\/\/oriamendi.eus\/es\/#organization"},"potentialAction":[{"@type":"SearchAction","target":{"@type":"EntryPoint","urlTemplate":"https:\/\/oriamendi.eus\/es\/?s={search_term_string}"},"query-input":"required name=search_term_string"}],"inLanguage":"es"},{"@type":"Organization","@id":"https:\/\/oriamendi.eus\/es\/#organization","name":"Oriamendi","url":"https:\/\/oriamendi.eus\/es\/","logo":{"@type":"ImageObject","inLanguage":"es","@id":"https:\/\/oriamendi.eus\/es\/#\/schema\/logo\/image\/","url":"https:\/\/oriamendi.eus\/wp-content\/uploads\/2020\/06\/logo-oriamendi.png","contentUrl":"https:\/\/oriamendi.eus\/wp-content\/uploads\/2020\/06\/logo-oriamendi.png","width":300,"height":90,"caption":"Oriamendi"},"image":{"@id":"https:\/\/oriamendi.eus\/es\/#\/schema\/logo\/image\/"},"sameAs":["https:\/\/www.facebook.com\/oriamendi2010remonte\/","https:\/\/twitter.com\/oriamendi2010","https:\/\/www.instagram.com\/galarretajaialai\/","https:\/\/www.youtube.com\/channel\/UC8gVNzQqB1iwnC-_rI-ihmA\/featured"]},{"@type":"Person","@id":"https:\/\/oriamendi.eus\/es\/#\/schema\/person\/c0bd06c6c747674306a5c82563e2339a","name":"I\u00f1igo Go\u00f1i","image":{"@type":"ImageObject","inLanguage":"es","@id":"https:\/\/oriamendi.eus\/es\/#\/schema\/person\/image\/","url":"https:\/\/secure.gravatar.com\/avatar\/fbb07ffc7b803bbfcc2b6419c06abd3a?s=96&d=mm&r=g","contentUrl":"https:\/\/secure.gravatar.com\/avatar\/fbb07ffc7b803bbfcc2b6419c06abd3a?s=96&d=mm&r=g","caption":"I\u00f1igo Go\u00f1i"},"url":"https:\/\/oriamendi.eus\/es\/author\/om-berriak\/"}]}},"_links":{"self":[{"href":"https:\/\/oriamendi.eus\/es\/wp-json\/wp\/v2\/posts\/7380"}],"collection":[{"href":"https:\/\/oriamendi.eus\/es\/wp-json\/wp\/v2\/posts"}],"about":[{"href":"https:\/\/oriamendi.eus\/es\/wp-json\/wp\/v2\/types\/post"}],"author":[{"embeddable":true,"href":"https:\/\/oriamendi.eus\/es\/wp-json\/wp\/v2\/users\/5"}],"replies":[{"embeddable":true,"href":"https:\/\/oriamendi.eus\/es\/wp-json\/wp\/v2\/comments?post=7380"}],"version-history":[{"count":1,"href":"https:\/\/oriamendi.eus\/es\/wp-json\/wp\/v2\/posts\/7380\/revisions"}],"predecessor-version":[{"id":7381,"href":"https:\/\/oriamendi.eus\/es\/wp-json\/wp\/v2\/posts\/7380\/revisions\/7381"}],"wp:featuredmedia":[{"embeddable":true,"href":"https:\/\/oriamendi.eus\/es\/wp-json\/wp\/v2\/media\/7188"}],"wp:attachment":[{"href":"https:\/\/oriamendi.eus\/es\/wp-json\/wp\/v2\/media?parent=7380"}],"wp:term":[{"taxonomy":"category","embeddable":true,"href":"https:\/\/oriamendi.eus\/es\/wp-json\/wp\/v2\/categories?post=7380"},{"taxonomy":"post_tag","embeddable":true,"href":"https:\/\/oriamendi.eus\/es\/wp-json\/wp\/v2\/tags?post=7380"}],"curies":[{"name":"wp","href":"https:\/\/api.w.org\/{rel}","templated":true}]}}