                                        
                                        
                                        
                                        
                                        
                                        
                                        
                                        
                                        
                                        
                                        
                                        
                                        
                                        
                                        
                                        
                                        
                                        
{"id":7376,"date":"2023-08-10T21:09:50","date_gmt":"2023-08-10T19:09:50","guid":{"rendered":"https:\/\/oriamendi.eus\/?p=7376"},"modified":"2023-08-10T21:09:53","modified_gmt":"2023-08-10T19:09:53","slug":"juanenea-da-la-campanada-en-el-estreno-de-la-liguilla-del-torneo-eusko-label","status":"publish","type":"post","link":"https:\/\/oriamendi.eus\/es\/2023\/08\/10\/juanenea-da-la-campanada-en-el-estreno-de-la-liguilla-del-torneo-eusko-label\/","title":{"rendered":"Juanenea da la campanada en el estreno de la liguilla del Torneo Eusko Label"},"content":{"rendered":"\n<p><strong>El de Saldias se impone 23-30 a Urriza tras remontar un 16-10 en contra<\/strong><\/p>\n\n\n\n<p>Aritz Juanenea sorprendi\u00f3 a todos en el primer partido de la liguilla del Torneo Eusko Label individual de remonte despu\u00e9s de ganar 23-30 a Javier Urriza. El de Saldias sum\u00f3 los cuatro puntos de la victoria mientras Urriza se qued\u00f3 con cero puntos en el casillero de la clasificaci\u00f3n.<\/p>\n\n\n\n<p>La c\u00e1tedra daba favorito al campe\u00f3n, como es l\u00f3gico, pero Juanenea dio la campanada y eso que perd\u00eda 16-10 en el marcador, pero un parcial de 2-13 le puso por delante 18-23 y acert\u00f3 en cerrar el marcador. Nada m\u00e1s terminar el choque se emocion\u00f3 y mir\u00f3 al cielo en honor a Ainara Mariezkurrena, monta\u00f1era de Doneztebe que falleci\u00f3 el lunes en la monta\u00f1a oscense tras un accidente. <\/p>\n\n\n\n<p>Juanenea era amigo de la fallecida.El partido dur\u00f3 una hora y hubo mucho peloteo. Urriza comenz\u00f3 cubriendo mucha cancha y con peque\u00f1as diferencias a su favor. Se adelant\u00f3 4-1, 8-4, 13-6 y 16-10. A partir de ah\u00ed cambiaron las tornas. Urriza que estaba siendo m\u00e1s seguro empez\u00f3 a fallar m\u00e1s pelotas y Juanenea, al contrario comenz\u00f3 a dominar y fallar menos. En el peloteo se puso por encima y eso que en el 16-10 pareci\u00f3 que tuvo alg\u00fan problema en la pierna. No era as\u00ed.\u00a0El 16-11 fue un tanto peloteado y de ah\u00ed se pas\u00f3 a un 16-18 a favor del zaguero de Saldias. <\/p>\n\n\n\n<p>El parcial de 0-8 se extendi\u00f3 hasta el 18-23 para un 2-13 de parcial. Aguant\u00f3 las ventajas 20-25, 21-27 y el 23-30 definitivo.\u00a0A pesar de que el partido tuvo dos partes con diferente domin\u00f3, el juego no vari\u00f3. Uno y otro jugaron a pegar, a aguantar y no arriesgaron. Juanenea no cambi\u00f3 su modo de jugar, ni hizo nada inhabitual. Se limit\u00f3 a hacer un juego serio y duro, como en \u00e9l es lo normal. Fue m\u00e1s consistente que Urriza al final. <\/p>\n\n\n\n<p>En la segunda parte del choque Urriza hizo hasta seis fallos., que no comete. Hizo tres tantos de saque por siete de Juanenea. Al resto tambi\u00e9n hizo m\u00e1s tantos el de Saldias. Con el saque el de Pamplona estuvo a disgusto.\u00a0Juanenea cuando vio que el partido se le pon\u00eda de cara en el 16-18 creci\u00f3 exponencialmente en su confianza. Se llev\u00f3 el choque merecidamente ante un Urriza que no estuvo con la confianza habitual. Endurecer el partido en el peloteo esta vez no le sirvi\u00f3 para superar al rival.\u00a0<\/p>\n","protected":false},"excerpt":{"rendered":"<p>El de Saldias se impone 23-30 a Urriza tras remontar un 16-10 en contra Aritz Juanenea sorprendi\u00f3 a todos en el primer partido de la liguilla del Torneo Eusko Label individual de remonte despu\u00e9s de ganar 23-30 a Javier Urriza. El de Saldias sum\u00f3 los cuatro puntos de la victoria mientras Urriza se qued\u00f3 con [&hellip;]<\/p>\n","protected":false},"author":5,"featured_media":6990,"comment_status":"closed","ping_status":"open","sticky":false,"template":"","format":"standard","meta":{"_et_pb_use_builder":"off","_et_pb_old_content":"","_et_gb_content_width":"","footnotes":""},"categories":[1],"tags":[],"yoast_head":"<!-- This site is optimized with the Yoast SEO plugin v21.8 - https:\/\/yoast.com\/wordpress\/plugins\/seo\/ -->\n<title>Juanenea da la campanada en el estreno de la liguilla del Torneo Eusko Label | Oriamendi 2010<\/title>\n<meta name=\"robots\" content=\"index, follow, max-snippet:-1, max-image-preview:large, max-video-preview:-1\" \/>\n<link rel=\"canonical\" href=\"https:\/\/oriamendi.eus\/es\/2023\/08\/10\/juanenea-da-la-campanada-en-el-estreno-de-la-liguilla-del-torneo-eusko-label\/\" \/>\n<meta property=\"og:locale\" content=\"es_ES\" \/>\n<meta property=\"og:type\" content=\"article\" \/>\n<meta property=\"og:title\" content=\"Juanenea da la campanada en el estreno de la liguilla del Torneo Eusko Label | Oriamendi 2010\" \/>\n<meta property=\"og:description\" content=\"El de Saldias se impone 23-30 a Urriza tras remontar un 16-10 en contra Aritz Juanenea sorprendi\u00f3 a todos en el primer partido de la liguilla del Torneo Eusko Label individual de remonte despu\u00e9s de ganar 23-30 a Javier Urriza. El de Saldias sum\u00f3 los cuatro puntos de la victoria mientras Urriza se qued\u00f3 con [&hellip;]\" \/>\n<meta property=\"og:url\" content=\"https:\/\/oriamendi.eus\/es\/2023\/08\/10\/juanenea-da-la-campanada-en-el-estreno-de-la-liguilla-del-torneo-eusko-label\/\" \/>\n<meta property=\"og:site_name\" content=\"Oriamendi 2010\" \/>\n<meta property=\"article:publisher\" content=\"https:\/\/www.facebook.com\/oriamendi2010remonte\/\" \/>\n<meta property=\"article:published_time\" content=\"2023-08-10T19:09:50+00:00\" \/>\n<meta property=\"article:modified_time\" content=\"2023-08-10T19:09:53+00:00\" \/>\n<meta property=\"og:image\" content=\"https:\/\/oriamendi.eus\/wp-content\/uploads\/2023\/02\/Juanenea.jpg\" \/>\n\t<meta property=\"og:image:width\" content=\"1200\" \/>\n\t<meta property=\"og:image:height\" content=\"1200\" \/>\n\t<meta property=\"og:image:type\" content=\"image\/jpeg\" \/>\n<meta name=\"author\" content=\"I\u00f1igo Go\u00f1i\" \/>\n<meta name=\"twitter:card\" content=\"summary_large_image\" \/>\n<meta name=\"twitter:creator\" content=\"@oriamendi2010\" \/>\n<meta name=\"twitter:site\" content=\"@oriamendi2010\" \/>\n<meta name=\"twitter:label1\" content=\"Escrito por\" \/>\n\t<meta name=\"twitter:data1\" content=\"I\u00f1igo Go\u00f1i\" \/>\n\t<meta name=\"twitter:label2\" content=\"Tiempo de lectura\" \/>\n\t<meta name=\"twitter:data2\" content=\"2 minutos\" \/>\n<script type=\"application\/ld+json\" class=\"yoast-schema-graph\">{\"@context\":\"https:\/\/schema.org\",\"@graph\":[{\"@type\":\"Article\",\"@id\":\"https:\/\/oriamendi.eus\/es\/2023\/08\/10\/juanenea-da-la-campanada-en-el-estreno-de-la-liguilla-del-torneo-eusko-label\/#article\",\"isPartOf\":{\"@id\":\"https:\/\/oriamendi.eus\/es\/2023\/08\/10\/juanenea-da-la-campanada-en-el-estreno-de-la-liguilla-del-torneo-eusko-label\/\"},\"author\":{\"name\":\"I\u00f1igo Go\u00f1i\",\"@id\":\"https:\/\/oriamendi.eus\/es\/#\/schema\/person\/c0bd06c6c747674306a5c82563e2339a\"},\"headline\":\"Juanenea da la campanada en el estreno de la liguilla del Torneo Eusko Label\",\"datePublished\":\"2023-08-10T19:09:50+00:00\",\"dateModified\":\"2023-08-10T19:09:53+00:00\",\"mainEntityOfPage\":{\"@id\":\"https:\/\/oriamendi.eus\/es\/2023\/08\/10\/juanenea-da-la-campanada-en-el-estreno-de-la-liguilla-del-torneo-eusko-label\/\"},\"wordCount\":441,\"publisher\":{\"@id\":\"https:\/\/oriamendi.eus\/es\/#organization\"},\"articleSection\":[\"Sin categorizar\"],\"inLanguage\":\"es\"},{\"@type\":\"WebPage\",\"@id\":\"https:\/\/oriamendi.eus\/es\/2023\/08\/10\/juanenea-da-la-campanada-en-el-estreno-de-la-liguilla-del-torneo-eusko-label\/\",\"url\":\"https:\/\/oriamendi.eus\/es\/2023\/08\/10\/juanenea-da-la-campanada-en-el-estreno-de-la-liguilla-del-torneo-eusko-label\/\",\"name\":\"Juanenea da la campanada en el estreno de la liguilla del Torneo Eusko Label | Oriamendi 2010\",\"isPartOf\":{\"@id\":\"https:\/\/oriamendi.eus\/es\/#website\"},\"datePublished\":\"2023-08-10T19:09:50+00:00\",\"dateModified\":\"2023-08-10T19:09:53+00:00\",\"breadcrumb\":{\"@id\":\"https:\/\/oriamendi.eus\/es\/2023\/08\/10\/juanenea-da-la-campanada-en-el-estreno-de-la-liguilla-del-torneo-eusko-label\/#breadcrumb\"},\"inLanguage\":\"es\",\"potentialAction\":[{\"@type\":\"ReadAction\",\"target\":[\"https:\/\/oriamendi.eus\/es\/2023\/08\/10\/juanenea-da-la-campanada-en-el-estreno-de-la-liguilla-del-torneo-eusko-label\/\"]}]},{\"@type\":\"BreadcrumbList\",\"@id\":\"https:\/\/oriamendi.eus\/es\/2023\/08\/10\/juanenea-da-la-campanada-en-el-estreno-de-la-liguilla-del-torneo-eusko-label\/#breadcrumb\",\"itemListElement\":[{\"@type\":\"ListItem\",\"position\":1,\"name\":\"Portada\",\"item\":\"https:\/\/oriamendi.eus\/es\/\"},{\"@type\":\"ListItem\",\"position\":2,\"name\":\"Juanenea da la campanada en el estreno de la liguilla del Torneo Eusko Label\"}]},{\"@type\":\"WebSite\",\"@id\":\"https:\/\/oriamendi.eus\/es\/#website\",\"url\":\"https:\/\/oriamendi.eus\/es\/\",\"name\":\"Oriamendi\",\"description\":\"Remonte en Galarreta. Hernani. Gipuzkoa\",\"publisher\":{\"@id\":\"https:\/\/oriamendi.eus\/es\/#organization\"},\"potentialAction\":[{\"@type\":\"SearchAction\",\"target\":{\"@type\":\"EntryPoint\",\"urlTemplate\":\"https:\/\/oriamendi.eus\/es\/?s={search_term_string}\"},\"query-input\":\"required name=search_term_string\"}],\"inLanguage\":\"es\"},{\"@type\":\"Organization\",\"@id\":\"https:\/\/oriamendi.eus\/es\/#organization\",\"name\":\"Oriamendi\",\"url\":\"https:\/\/oriamendi.eus\/es\/\",\"logo\":{\"@type\":\"ImageObject\",\"inLanguage\":\"es\",\"@id\":\"https:\/\/oriamendi.eus\/es\/#\/schema\/logo\/image\/\",\"url\":\"https:\/\/oriamendi.eus\/wp-content\/uploads\/2020\/06\/logo-oriamendi.png\",\"contentUrl\":\"https:\/\/oriamendi.eus\/wp-content\/uploads\/2020\/06\/logo-oriamendi.png\",\"width\":300,\"height\":90,\"caption\":\"Oriamendi\"},\"image\":{\"@id\":\"https:\/\/oriamendi.eus\/es\/#\/schema\/logo\/image\/\"},\"sameAs\":[\"https:\/\/www.facebook.com\/oriamendi2010remonte\/\",\"https:\/\/twitter.com\/oriamendi2010\",\"https:\/\/www.instagram.com\/galarretajaialai\/\",\"https:\/\/www.youtube.com\/channel\/UC8gVNzQqB1iwnC-_rI-ihmA\/featured\"]},{\"@type\":\"Person\",\"@id\":\"https:\/\/oriamendi.eus\/es\/#\/schema\/person\/c0bd06c6c747674306a5c82563e2339a\",\"name\":\"I\u00f1igo Go\u00f1i\",\"image\":{\"@type\":\"ImageObject\",\"inLanguage\":\"es\",\"@id\":\"https:\/\/oriamendi.eus\/es\/#\/schema\/person\/image\/\",\"url\":\"https:\/\/secure.gravatar.com\/avatar\/fbb07ffc7b803bbfcc2b6419c06abd3a?s=96&d=mm&r=g\",\"contentUrl\":\"https:\/\/secure.gravatar.com\/avatar\/fbb07ffc7b803bbfcc2b6419c06abd3a?s=96&d=mm&r=g\",\"caption\":\"I\u00f1igo Go\u00f1i\"},\"url\":\"https:\/\/oriamendi.eus\/es\/author\/om-berriak\/\"}]}<\/script>\n<!-- \/ Yoast SEO plugin. -->","yoast_head_json":{"title":"Juanenea da la campanada en el estreno de la liguilla del Torneo Eusko Label | Oriamendi 2010","robots":{"index":"index","follow":"follow","max-snippet":"max-snippet:-1","max-image-preview":"max-image-preview:large","max-video-preview":"max-video-preview:-1"},"canonical":"https:\/\/oriamendi.eus\/es\/2023\/08\/10\/juanenea-da-la-campanada-en-el-estreno-de-la-liguilla-del-torneo-eusko-label\/","og_locale":"es_ES","og_type":"article","og_title":"Juanenea da la campanada en el estreno de la liguilla del Torneo Eusko Label | Oriamendi 2010","og_description":"El de Saldias se impone 23-30 a Urriza tras remontar un 16-10 en contra Aritz Juanenea sorprendi\u00f3 a todos en el primer partido de la liguilla del Torneo Eusko Label individual de remonte despu\u00e9s de ganar 23-30 a Javier Urriza. El de Saldias sum\u00f3 los cuatro puntos de la victoria mientras Urriza se qued\u00f3 con [&hellip;]","og_url":"https:\/\/oriamendi.eus\/es\/2023\/08\/10\/juanenea-da-la-campanada-en-el-estreno-de-la-liguilla-del-torneo-eusko-label\/","og_site_name":"Oriamendi 2010","article_publisher":"https:\/\/www.facebook.com\/oriamendi2010remonte\/","article_published_time":"2023-08-10T19:09:50+00:00","article_modified_time":"2023-08-10T19:09:53+00:00","og_image":[{"width":1200,"height":1200,"url":"https:\/\/oriamendi.eus\/wp-content\/uploads\/2023\/02\/Juanenea.jpg","type":"image\/jpeg"}],"author":"I\u00f1igo Go\u00f1i","twitter_card":"summary_large_image","twitter_creator":"@oriamendi2010","twitter_site":"@oriamendi2010","twitter_misc":{"Escrito por":"I\u00f1igo Go\u00f1i","Tiempo de lectura":"2 minutos"},"schema":{"@context":"https:\/\/schema.org","@graph":[{"@type":"Article","@id":"https:\/\/oriamendi.eus\/es\/2023\/08\/10\/juanenea-da-la-campanada-en-el-estreno-de-la-liguilla-del-torneo-eusko-label\/#article","isPartOf":{"@id":"https:\/\/oriamendi.eus\/es\/2023\/08\/10\/juanenea-da-la-campanada-en-el-estreno-de-la-liguilla-del-torneo-eusko-label\/"},"author":{"name":"I\u00f1igo Go\u00f1i","@id":"https:\/\/oriamendi.eus\/es\/#\/schema\/person\/c0bd06c6c747674306a5c82563e2339a"},"headline":"Juanenea da la campanada en el estreno de la liguilla del Torneo Eusko Label","datePublished":"2023-08-10T19:09:50+00:00","dateModified":"2023-08-10T19:09:53+00:00","mainEntityOfPage":{"@id":"https:\/\/oriamendi.eus\/es\/2023\/08\/10\/juanenea-da-la-campanada-en-el-estreno-de-la-liguilla-del-torneo-eusko-label\/"},"wordCount":441,"publisher":{"@id":"https:\/\/oriamendi.eus\/es\/#organization"},"articleSection":["Sin categorizar"],"inLanguage":"es"},{"@type":"WebPage","@id":"https:\/\/oriamendi.eus\/es\/2023\/08\/10\/juanenea-da-la-campanada-en-el-estreno-de-la-liguilla-del-torneo-eusko-label\/","url":"https:\/\/oriamendi.eus\/es\/2023\/08\/10\/juanenea-da-la-campanada-en-el-estreno-de-la-liguilla-del-torneo-eusko-label\/","name":"Juanenea da la campanada en el estreno de la liguilla del Torneo Eusko Label | Oriamendi 2010","isPartOf":{"@id":"https:\/\/oriamendi.eus\/es\/#website"},"datePublished":"2023-08-10T19:09:50+00:00","dateModified":"2023-08-10T19:09:53+00:00","breadcrumb":{"@id":"https:\/\/oriamendi.eus\/es\/2023\/08\/10\/juanenea-da-la-campanada-en-el-estreno-de-la-liguilla-del-torneo-eusko-label\/#breadcrumb"},"inLanguage":"es","potentialAction":[{"@type":"ReadAction","target":["https:\/\/oriamendi.eus\/es\/2023\/08\/10\/juanenea-da-la-campanada-en-el-estreno-de-la-liguilla-del-torneo-eusko-label\/"]}]},{"@type":"BreadcrumbList","@id":"https:\/\/oriamendi.eus\/es\/2023\/08\/10\/juanenea-da-la-campanada-en-el-estreno-de-la-liguilla-del-torneo-eusko-label\/#breadcrumb","itemListElement":[{"@type":"ListItem","position":1,"name":"Portada","item":"https:\/\/oriamendi.eus\/es\/"},{"@type":"ListItem","position":2,"name":"Juanenea da la campanada en el estreno de la liguilla del Torneo Eusko Label"}]},{"@type":"WebSite","@id":"https:\/\/oriamendi.eus\/es\/#website","url":"https:\/\/oriamendi.eus\/es\/","name":"Oriamendi","description":"Remonte en Galarreta. Hernani. Gipuzkoa","publisher":{"@id":"https:\/\/oriamendi.eus\/es\/#organization"},"potentialAction":[{"@type":"SearchAction","target":{"@type":"EntryPoint","urlTemplate":"https:\/\/oriamendi.eus\/es\/?s={search_term_string}"},"query-input":"required name=search_term_string"}],"inLanguage":"es"},{"@type":"Organization","@id":"https:\/\/oriamendi.eus\/es\/#organization","name":"Oriamendi","url":"https:\/\/oriamendi.eus\/es\/","logo":{"@type":"ImageObject","inLanguage":"es","@id":"https:\/\/oriamendi.eus\/es\/#\/schema\/logo\/image\/","url":"https:\/\/oriamendi.eus\/wp-content\/uploads\/2020\/06\/logo-oriamendi.png","contentUrl":"https:\/\/oriamendi.eus\/wp-content\/uploads\/2020\/06\/logo-oriamendi.png","width":300,"height":90,"caption":"Oriamendi"},"image":{"@id":"https:\/\/oriamendi.eus\/es\/#\/schema\/logo\/image\/"},"sameAs":["https:\/\/www.facebook.com\/oriamendi2010remonte\/","https:\/\/twitter.com\/oriamendi2010","https:\/\/www.instagram.com\/galarretajaialai\/","https:\/\/www.youtube.com\/channel\/UC8gVNzQqB1iwnC-_rI-ihmA\/featured"]},{"@type":"Person","@id":"https:\/\/oriamendi.eus\/es\/#\/schema\/person\/c0bd06c6c747674306a5c82563e2339a","name":"I\u00f1igo Go\u00f1i","image":{"@type":"ImageObject","inLanguage":"es","@id":"https:\/\/oriamendi.eus\/es\/#\/schema\/person\/image\/","url":"https:\/\/secure.gravatar.com\/avatar\/fbb07ffc7b803bbfcc2b6419c06abd3a?s=96&d=mm&r=g","contentUrl":"https:\/\/secure.gravatar.com\/avatar\/fbb07ffc7b803bbfcc2b6419c06abd3a?s=96&d=mm&r=g","caption":"I\u00f1igo Go\u00f1i"},"url":"https:\/\/oriamendi.eus\/es\/author\/om-berriak\/"}]}},"_links":{"self":[{"href":"https:\/\/oriamendi.eus\/es\/wp-json\/wp\/v2\/posts\/7376"}],"collection":[{"href":"https:\/\/oriamendi.eus\/es\/wp-json\/wp\/v2\/posts"}],"about":[{"href":"https:\/\/oriamendi.eus\/es\/wp-json\/wp\/v2\/types\/post"}],"author":[{"embeddable":true,"href":"https:\/\/oriamendi.eus\/es\/wp-json\/wp\/v2\/users\/5"}],"replies":[{"embeddable":true,"href":"https:\/\/oriamendi.eus\/es\/wp-json\/wp\/v2\/comments?post=7376"}],"version-history":[{"count":1,"href":"https:\/\/oriamendi.eus\/es\/wp-json\/wp\/v2\/posts\/7376\/revisions"}],"predecessor-version":[{"id":7377,"href":"https:\/\/oriamendi.eus\/es\/wp-json\/wp\/v2\/posts\/7376\/revisions\/7377"}],"wp:featuredmedia":[{"embeddable":true,"href":"https:\/\/oriamendi.eus\/es\/wp-json\/wp\/v2\/media\/6990"}],"wp:attachment":[{"href":"https:\/\/oriamendi.eus\/es\/wp-json\/wp\/v2\/media?parent=7376"}],"wp:term":[{"taxonomy":"category","embeddable":true,"href":"https:\/\/oriamendi.eus\/es\/wp-json\/wp\/v2\/categories?post=7376"},{"taxonomy":"post_tag","embeddable":true,"href":"https:\/\/oriamendi.eus\/es\/wp-json\/wp\/v2\/tags?post=7376"}],"curies":[{"name":"wp","href":"https:\/\/api.w.org\/{rel}","templated":true}]}}