                                        
                                        
                                        
                                        
                                        
                                        
                                        
                                        
                                        
                                        
                                        
                                        
                                        
                                        
                                        
                                        
                                        
                                        
{"id":7331,"date":"2023-07-27T19:54:17","date_gmt":"2023-07-27T17:54:17","guid":{"rendered":"https:\/\/oriamendi.eus\/?p=7331"},"modified":"2023-07-27T19:54:20","modified_gmt":"2023-07-27T17:54:20","slug":"larranaga-pasa-de-fase-en-el-torneo-individual-al-imponerse-a-goikoetxea","status":"publish","type":"post","link":"https:\/\/oriamendi.eus\/es\/2023\/07\/27\/larranaga-pasa-de-fase-en-el-torneo-individual-al-imponerse-a-goikoetxea\/","title":{"rendered":"Larra\u00f1aga pasa de fase en el Torneo Individual al imponerse a Goikoetxea"},"content":{"rendered":"\n<p><strong>El zaguero azkoitiarra comanda desde el inicio el partido y gana 22-30<\/strong><\/p>\n\n\n\n<p>Larra\u00f1aga acompa\u00f1ar\u00e1 a Azpiroz, Juanenea, Ansa II, Barrenetxea IV y Urriza en la presentaci\u00f3n del Torneo Kutxabank del pr\u00f3ximo martes 1 de agosto en Galarreta, a las 18.00 horas.\u00a0<\/p>\n\n\n\n<p>Se clasific\u00f3 despu\u00e9s de ganar 22-30 a Goikoetxea en la previa. Larra\u00f1aga fue mejor que el delantero urnietarra desde el inicio. Se adelant\u00f3 1-6 y eso le dio tranquilidad ante un Goikoetxea que cometi\u00f3 m\u00e1s errores que en el partido anterior. Larra\u00f1aga jug\u00f3 el partido m\u00e1s c\u00f3modo de los tres que ha disputado.<\/p>\n\n\n\n<p>Se esperaba un partido duro y no lo fue tanto. El inicio decant\u00f3 el duelo a favor del zaguero. Tras el inicio el azkoitiarra mantuvo las ventajas e incluso las aument\u00f3. Del 1-6 se pas\u00f3 al 8-13, 10-20 y 14-26. Reaccion\u00f3 Goikoetxea y se acerc\u00f3 a siete tantos, en el 20-27, pero en su mejor momento cometi\u00f3 una falta de saque que cort\u00f3 la posible remontada. En el 21-28 Goikoetxea cometi\u00f3 una segunda falta de saque que hac\u00eda imposible la remontada. El partido se cerr\u00f3 con el 22-30.\u00a0<\/p>\n\n\n\n<p>Larra\u00f1aga estuvo mejor con el saque e hizo ocho tantos de saque por cinco de Goikoetxea. En el peloteo estuvieron m\u00e1s igualados con 13 y 12 tantos por cabeza, pero el de Urnieta tambi\u00e9n cometi\u00f3 m\u00e1s errores.\u00a0<\/p>\n","protected":false},"excerpt":{"rendered":"<p>El zaguero azkoitiarra comanda desde el inicio el partido y gana 22-30 Larra\u00f1aga acompa\u00f1ar\u00e1 a Azpiroz, Juanenea, Ansa II, Barrenetxea IV y Urriza en la presentaci\u00f3n del Torneo Kutxabank del pr\u00f3ximo martes 1 de agosto en Galarreta, a las 18.00 horas.\u00a0 Se clasific\u00f3 despu\u00e9s de ganar 22-30 a Goikoetxea en la previa. Larra\u00f1aga fue mejor [&hellip;]<\/p>\n","protected":false},"author":5,"featured_media":6905,"comment_status":"closed","ping_status":"open","sticky":false,"template":"","format":"standard","meta":{"_et_pb_use_builder":"off","_et_pb_old_content":"","_et_gb_content_width":"","footnotes":""},"categories":[1],"tags":[],"yoast_head":"<!-- This site is optimized with the Yoast SEO plugin v21.8 - https:\/\/yoast.com\/wordpress\/plugins\/seo\/ -->\n<title>Larra\u00f1aga pasa de fase en el Torneo Individual al imponerse a Goikoetxea | Oriamendi 2010<\/title>\n<meta name=\"robots\" content=\"index, follow, max-snippet:-1, max-image-preview:large, max-video-preview:-1\" \/>\n<link rel=\"canonical\" href=\"https:\/\/oriamendi.eus\/es\/2023\/07\/27\/larranaga-pasa-de-fase-en-el-torneo-individual-al-imponerse-a-goikoetxea\/\" \/>\n<meta property=\"og:locale\" content=\"es_ES\" \/>\n<meta property=\"og:type\" content=\"article\" \/>\n<meta property=\"og:title\" content=\"Larra\u00f1aga pasa de fase en el Torneo Individual al imponerse a Goikoetxea | Oriamendi 2010\" \/>\n<meta property=\"og:description\" content=\"El zaguero azkoitiarra comanda desde el inicio el partido y gana 22-30 Larra\u00f1aga acompa\u00f1ar\u00e1 a Azpiroz, Juanenea, Ansa II, Barrenetxea IV y Urriza en la presentaci\u00f3n del Torneo Kutxabank del pr\u00f3ximo martes 1 de agosto en Galarreta, a las 18.00 horas.\u00a0 Se clasific\u00f3 despu\u00e9s de ganar 22-30 a Goikoetxea en la previa. Larra\u00f1aga fue mejor [&hellip;]\" \/>\n<meta property=\"og:url\" content=\"https:\/\/oriamendi.eus\/es\/2023\/07\/27\/larranaga-pasa-de-fase-en-el-torneo-individual-al-imponerse-a-goikoetxea\/\" \/>\n<meta property=\"og:site_name\" content=\"Oriamendi 2010\" \/>\n<meta property=\"article:publisher\" content=\"https:\/\/www.facebook.com\/oriamendi2010remonte\/\" \/>\n<meta property=\"article:published_time\" content=\"2023-07-27T17:54:17+00:00\" \/>\n<meta property=\"article:modified_time\" content=\"2023-07-27T17:54:20+00:00\" \/>\n<meta property=\"og:image\" content=\"https:\/\/oriamendi.eus\/wp-content\/uploads\/2022\/12\/IMG_20221226_113634_2000_x_1333_pixel.jpg\" \/>\n\t<meta property=\"og:image:width\" content=\"1200\" \/>\n\t<meta property=\"og:image:height\" content=\"800\" \/>\n\t<meta property=\"og:image:type\" content=\"image\/jpeg\" \/>\n<meta name=\"author\" content=\"I\u00f1igo Go\u00f1i\" \/>\n<meta name=\"twitter:card\" content=\"summary_large_image\" \/>\n<meta name=\"twitter:creator\" content=\"@oriamendi2010\" \/>\n<meta name=\"twitter:site\" content=\"@oriamendi2010\" \/>\n<meta name=\"twitter:label1\" content=\"Escrito por\" \/>\n\t<meta name=\"twitter:data1\" content=\"I\u00f1igo Go\u00f1i\" \/>\n\t<meta name=\"twitter:label2\" content=\"Tiempo de lectura\" \/>\n\t<meta name=\"twitter:data2\" content=\"1 minuto\" \/>\n<script type=\"application\/ld+json\" class=\"yoast-schema-graph\">{\"@context\":\"https:\/\/schema.org\",\"@graph\":[{\"@type\":\"Article\",\"@id\":\"https:\/\/oriamendi.eus\/es\/2023\/07\/27\/larranaga-pasa-de-fase-en-el-torneo-individual-al-imponerse-a-goikoetxea\/#article\",\"isPartOf\":{\"@id\":\"https:\/\/oriamendi.eus\/es\/2023\/07\/27\/larranaga-pasa-de-fase-en-el-torneo-individual-al-imponerse-a-goikoetxea\/\"},\"author\":{\"name\":\"I\u00f1igo Go\u00f1i\",\"@id\":\"https:\/\/oriamendi.eus\/es\/#\/schema\/person\/c0bd06c6c747674306a5c82563e2339a\"},\"headline\":\"Larra\u00f1aga pasa de fase en el Torneo Individual al imponerse a Goikoetxea\",\"datePublished\":\"2023-07-27T17:54:17+00:00\",\"dateModified\":\"2023-07-27T17:54:20+00:00\",\"mainEntityOfPage\":{\"@id\":\"https:\/\/oriamendi.eus\/es\/2023\/07\/27\/larranaga-pasa-de-fase-en-el-torneo-individual-al-imponerse-a-goikoetxea\/\"},\"wordCount\":243,\"publisher\":{\"@id\":\"https:\/\/oriamendi.eus\/es\/#organization\"},\"articleSection\":[\"Sin categorizar\"],\"inLanguage\":\"es\"},{\"@type\":\"WebPage\",\"@id\":\"https:\/\/oriamendi.eus\/es\/2023\/07\/27\/larranaga-pasa-de-fase-en-el-torneo-individual-al-imponerse-a-goikoetxea\/\",\"url\":\"https:\/\/oriamendi.eus\/es\/2023\/07\/27\/larranaga-pasa-de-fase-en-el-torneo-individual-al-imponerse-a-goikoetxea\/\",\"name\":\"Larra\u00f1aga pasa de fase en el Torneo Individual al imponerse a Goikoetxea | Oriamendi 2010\",\"isPartOf\":{\"@id\":\"https:\/\/oriamendi.eus\/es\/#website\"},\"datePublished\":\"2023-07-27T17:54:17+00:00\",\"dateModified\":\"2023-07-27T17:54:20+00:00\",\"breadcrumb\":{\"@id\":\"https:\/\/oriamendi.eus\/es\/2023\/07\/27\/larranaga-pasa-de-fase-en-el-torneo-individual-al-imponerse-a-goikoetxea\/#breadcrumb\"},\"inLanguage\":\"es\",\"potentialAction\":[{\"@type\":\"ReadAction\",\"target\":[\"https:\/\/oriamendi.eus\/es\/2023\/07\/27\/larranaga-pasa-de-fase-en-el-torneo-individual-al-imponerse-a-goikoetxea\/\"]}]},{\"@type\":\"BreadcrumbList\",\"@id\":\"https:\/\/oriamendi.eus\/es\/2023\/07\/27\/larranaga-pasa-de-fase-en-el-torneo-individual-al-imponerse-a-goikoetxea\/#breadcrumb\",\"itemListElement\":[{\"@type\":\"ListItem\",\"position\":1,\"name\":\"Portada\",\"item\":\"https:\/\/oriamendi.eus\/es\/\"},{\"@type\":\"ListItem\",\"position\":2,\"name\":\"Larra\u00f1aga pasa de fase en el Torneo Individual al imponerse a Goikoetxea\"}]},{\"@type\":\"WebSite\",\"@id\":\"https:\/\/oriamendi.eus\/es\/#website\",\"url\":\"https:\/\/oriamendi.eus\/es\/\",\"name\":\"Oriamendi\",\"description\":\"Remonte en Galarreta. Hernani. Gipuzkoa\",\"publisher\":{\"@id\":\"https:\/\/oriamendi.eus\/es\/#organization\"},\"potentialAction\":[{\"@type\":\"SearchAction\",\"target\":{\"@type\":\"EntryPoint\",\"urlTemplate\":\"https:\/\/oriamendi.eus\/es\/?s={search_term_string}\"},\"query-input\":\"required name=search_term_string\"}],\"inLanguage\":\"es\"},{\"@type\":\"Organization\",\"@id\":\"https:\/\/oriamendi.eus\/es\/#organization\",\"name\":\"Oriamendi\",\"url\":\"https:\/\/oriamendi.eus\/es\/\",\"logo\":{\"@type\":\"ImageObject\",\"inLanguage\":\"es\",\"@id\":\"https:\/\/oriamendi.eus\/es\/#\/schema\/logo\/image\/\",\"url\":\"https:\/\/oriamendi.eus\/wp-content\/uploads\/2020\/06\/logo-oriamendi.png\",\"contentUrl\":\"https:\/\/oriamendi.eus\/wp-content\/uploads\/2020\/06\/logo-oriamendi.png\",\"width\":300,\"height\":90,\"caption\":\"Oriamendi\"},\"image\":{\"@id\":\"https:\/\/oriamendi.eus\/es\/#\/schema\/logo\/image\/\"},\"sameAs\":[\"https:\/\/www.facebook.com\/oriamendi2010remonte\/\",\"https:\/\/twitter.com\/oriamendi2010\",\"https:\/\/www.instagram.com\/galarretajaialai\/\",\"https:\/\/www.youtube.com\/channel\/UC8gVNzQqB1iwnC-_rI-ihmA\/featured\"]},{\"@type\":\"Person\",\"@id\":\"https:\/\/oriamendi.eus\/es\/#\/schema\/person\/c0bd06c6c747674306a5c82563e2339a\",\"name\":\"I\u00f1igo Go\u00f1i\",\"image\":{\"@type\":\"ImageObject\",\"inLanguage\":\"es\",\"@id\":\"https:\/\/oriamendi.eus\/es\/#\/schema\/person\/image\/\",\"url\":\"https:\/\/secure.gravatar.com\/avatar\/fbb07ffc7b803bbfcc2b6419c06abd3a?s=96&d=mm&r=g\",\"contentUrl\":\"https:\/\/secure.gravatar.com\/avatar\/fbb07ffc7b803bbfcc2b6419c06abd3a?s=96&d=mm&r=g\",\"caption\":\"I\u00f1igo Go\u00f1i\"},\"url\":\"https:\/\/oriamendi.eus\/es\/author\/om-berriak\/\"}]}<\/script>\n<!-- \/ Yoast SEO plugin. -->","yoast_head_json":{"title":"Larra\u00f1aga pasa de fase en el Torneo Individual al imponerse a Goikoetxea | Oriamendi 2010","robots":{"index":"index","follow":"follow","max-snippet":"max-snippet:-1","max-image-preview":"max-image-preview:large","max-video-preview":"max-video-preview:-1"},"canonical":"https:\/\/oriamendi.eus\/es\/2023\/07\/27\/larranaga-pasa-de-fase-en-el-torneo-individual-al-imponerse-a-goikoetxea\/","og_locale":"es_ES","og_type":"article","og_title":"Larra\u00f1aga pasa de fase en el Torneo Individual al imponerse a Goikoetxea | Oriamendi 2010","og_description":"El zaguero azkoitiarra comanda desde el inicio el partido y gana 22-30 Larra\u00f1aga acompa\u00f1ar\u00e1 a Azpiroz, Juanenea, Ansa II, Barrenetxea IV y Urriza en la presentaci\u00f3n del Torneo Kutxabank del pr\u00f3ximo martes 1 de agosto en Galarreta, a las 18.00 horas.\u00a0 Se clasific\u00f3 despu\u00e9s de ganar 22-30 a Goikoetxea en la previa. Larra\u00f1aga fue mejor [&hellip;]","og_url":"https:\/\/oriamendi.eus\/es\/2023\/07\/27\/larranaga-pasa-de-fase-en-el-torneo-individual-al-imponerse-a-goikoetxea\/","og_site_name":"Oriamendi 2010","article_publisher":"https:\/\/www.facebook.com\/oriamendi2010remonte\/","article_published_time":"2023-07-27T17:54:17+00:00","article_modified_time":"2023-07-27T17:54:20+00:00","og_image":[{"width":1200,"height":800,"url":"https:\/\/oriamendi.eus\/wp-content\/uploads\/2022\/12\/IMG_20221226_113634_2000_x_1333_pixel.jpg","type":"image\/jpeg"}],"author":"I\u00f1igo Go\u00f1i","twitter_card":"summary_large_image","twitter_creator":"@oriamendi2010","twitter_site":"@oriamendi2010","twitter_misc":{"Escrito por":"I\u00f1igo Go\u00f1i","Tiempo de lectura":"1 minuto"},"schema":{"@context":"https:\/\/schema.org","@graph":[{"@type":"Article","@id":"https:\/\/oriamendi.eus\/es\/2023\/07\/27\/larranaga-pasa-de-fase-en-el-torneo-individual-al-imponerse-a-goikoetxea\/#article","isPartOf":{"@id":"https:\/\/oriamendi.eus\/es\/2023\/07\/27\/larranaga-pasa-de-fase-en-el-torneo-individual-al-imponerse-a-goikoetxea\/"},"author":{"name":"I\u00f1igo Go\u00f1i","@id":"https:\/\/oriamendi.eus\/es\/#\/schema\/person\/c0bd06c6c747674306a5c82563e2339a"},"headline":"Larra\u00f1aga pasa de fase en el Torneo Individual al imponerse a Goikoetxea","datePublished":"2023-07-27T17:54:17+00:00","dateModified":"2023-07-27T17:54:20+00:00","mainEntityOfPage":{"@id":"https:\/\/oriamendi.eus\/es\/2023\/07\/27\/larranaga-pasa-de-fase-en-el-torneo-individual-al-imponerse-a-goikoetxea\/"},"wordCount":243,"publisher":{"@id":"https:\/\/oriamendi.eus\/es\/#organization"},"articleSection":["Sin categorizar"],"inLanguage":"es"},{"@type":"WebPage","@id":"https:\/\/oriamendi.eus\/es\/2023\/07\/27\/larranaga-pasa-de-fase-en-el-torneo-individual-al-imponerse-a-goikoetxea\/","url":"https:\/\/oriamendi.eus\/es\/2023\/07\/27\/larranaga-pasa-de-fase-en-el-torneo-individual-al-imponerse-a-goikoetxea\/","name":"Larra\u00f1aga pasa de fase en el Torneo Individual al imponerse a Goikoetxea | Oriamendi 2010","isPartOf":{"@id":"https:\/\/oriamendi.eus\/es\/#website"},"datePublished":"2023-07-27T17:54:17+00:00","dateModified":"2023-07-27T17:54:20+00:00","breadcrumb":{"@id":"https:\/\/oriamendi.eus\/es\/2023\/07\/27\/larranaga-pasa-de-fase-en-el-torneo-individual-al-imponerse-a-goikoetxea\/#breadcrumb"},"inLanguage":"es","potentialAction":[{"@type":"ReadAction","target":["https:\/\/oriamendi.eus\/es\/2023\/07\/27\/larranaga-pasa-de-fase-en-el-torneo-individual-al-imponerse-a-goikoetxea\/"]}]},{"@type":"BreadcrumbList","@id":"https:\/\/oriamendi.eus\/es\/2023\/07\/27\/larranaga-pasa-de-fase-en-el-torneo-individual-al-imponerse-a-goikoetxea\/#breadcrumb","itemListElement":[{"@type":"ListItem","position":1,"name":"Portada","item":"https:\/\/oriamendi.eus\/es\/"},{"@type":"ListItem","position":2,"name":"Larra\u00f1aga pasa de fase en el Torneo Individual al imponerse a Goikoetxea"}]},{"@type":"WebSite","@id":"https:\/\/oriamendi.eus\/es\/#website","url":"https:\/\/oriamendi.eus\/es\/","name":"Oriamendi","description":"Remonte en Galarreta. Hernani. Gipuzkoa","publisher":{"@id":"https:\/\/oriamendi.eus\/es\/#organization"},"potentialAction":[{"@type":"SearchAction","target":{"@type":"EntryPoint","urlTemplate":"https:\/\/oriamendi.eus\/es\/?s={search_term_string}"},"query-input":"required name=search_term_string"}],"inLanguage":"es"},{"@type":"Organization","@id":"https:\/\/oriamendi.eus\/es\/#organization","name":"Oriamendi","url":"https:\/\/oriamendi.eus\/es\/","logo":{"@type":"ImageObject","inLanguage":"es","@id":"https:\/\/oriamendi.eus\/es\/#\/schema\/logo\/image\/","url":"https:\/\/oriamendi.eus\/wp-content\/uploads\/2020\/06\/logo-oriamendi.png","contentUrl":"https:\/\/oriamendi.eus\/wp-content\/uploads\/2020\/06\/logo-oriamendi.png","width":300,"height":90,"caption":"Oriamendi"},"image":{"@id":"https:\/\/oriamendi.eus\/es\/#\/schema\/logo\/image\/"},"sameAs":["https:\/\/www.facebook.com\/oriamendi2010remonte\/","https:\/\/twitter.com\/oriamendi2010","https:\/\/www.instagram.com\/galarretajaialai\/","https:\/\/www.youtube.com\/channel\/UC8gVNzQqB1iwnC-_rI-ihmA\/featured"]},{"@type":"Person","@id":"https:\/\/oriamendi.eus\/es\/#\/schema\/person\/c0bd06c6c747674306a5c82563e2339a","name":"I\u00f1igo Go\u00f1i","image":{"@type":"ImageObject","inLanguage":"es","@id":"https:\/\/oriamendi.eus\/es\/#\/schema\/person\/image\/","url":"https:\/\/secure.gravatar.com\/avatar\/fbb07ffc7b803bbfcc2b6419c06abd3a?s=96&d=mm&r=g","contentUrl":"https:\/\/secure.gravatar.com\/avatar\/fbb07ffc7b803bbfcc2b6419c06abd3a?s=96&d=mm&r=g","caption":"I\u00f1igo Go\u00f1i"},"url":"https:\/\/oriamendi.eus\/es\/author\/om-berriak\/"}]}},"_links":{"self":[{"href":"https:\/\/oriamendi.eus\/es\/wp-json\/wp\/v2\/posts\/7331"}],"collection":[{"href":"https:\/\/oriamendi.eus\/es\/wp-json\/wp\/v2\/posts"}],"about":[{"href":"https:\/\/oriamendi.eus\/es\/wp-json\/wp\/v2\/types\/post"}],"author":[{"embeddable":true,"href":"https:\/\/oriamendi.eus\/es\/wp-json\/wp\/v2\/users\/5"}],"replies":[{"embeddable":true,"href":"https:\/\/oriamendi.eus\/es\/wp-json\/wp\/v2\/comments?post=7331"}],"version-history":[{"count":1,"href":"https:\/\/oriamendi.eus\/es\/wp-json\/wp\/v2\/posts\/7331\/revisions"}],"predecessor-version":[{"id":7332,"href":"https:\/\/oriamendi.eus\/es\/wp-json\/wp\/v2\/posts\/7331\/revisions\/7332"}],"wp:featuredmedia":[{"embeddable":true,"href":"https:\/\/oriamendi.eus\/es\/wp-json\/wp\/v2\/media\/6905"}],"wp:attachment":[{"href":"https:\/\/oriamendi.eus\/es\/wp-json\/wp\/v2\/media?parent=7331"}],"wp:term":[{"taxonomy":"category","embeddable":true,"href":"https:\/\/oriamendi.eus\/es\/wp-json\/wp\/v2\/categories?post=7331"},{"taxonomy":"post_tag","embeddable":true,"href":"https:\/\/oriamendi.eus\/es\/wp-json\/wp\/v2\/tags?post=7331"}],"curies":[{"name":"wp","href":"https:\/\/api.w.org\/{rel}","templated":true}]}}