                                        
                                        
                                        
                                        
                                        
                                        
                                        
                                        
                                        
                                        
                                        
                                        
                                        
                                        
                                        
                                        
                                        
                                        
{"id":7326,"date":"2023-07-25T20:57:05","date_gmt":"2023-07-25T18:57:05","guid":{"rendered":"https:\/\/oriamendi.eus\/?p=7326"},"modified":"2023-07-25T20:57:08","modified_gmt":"2023-07-25T18:57:08","slug":"goikoetxea-y-larranaga-disputaran-la-plaza-en-la-siguiente-fase-del-torneo-individual","status":"publish","type":"post","link":"https:\/\/oriamendi.eus\/es\/2023\/07\/25\/goikoetxea-y-larranaga-disputaran-la-plaza-en-la-siguiente-fase-del-torneo-individual\/","title":{"rendered":"Goikoetxea y Larra\u00f1aga disputar\u00e1n la plaza en la siguiente fase del Torneo Individual"},"content":{"rendered":"\n<p><strong>Goikoetxea elimina a Aldabe y Larra\u00f1aga se deshace de Martirena<\/strong><\/p>\n\n\n\n<p><\/p>\n\n\n\n<p>Goikoetxea y Larra\u00f1aga se impusieron a Aldabe y Martirena en el Torneo Individual de remonte y ambos jugar\u00e1n el \u00faltimo partido parta entrar en la siguiente fase del campeonato m\u00e1s importante. Ambos se medir\u00e1n el jueves en Galarreta.<\/p>\n\n\n\n<p>Goikoetxea gan\u00f3 30-21 a Aldabe en el primer partido disputado en el front\u00f3n hernaniarra. El de Urnieta estuvo sensacional y su nivel de juego fue inabordable para un Aldabe, que lo intent\u00f3, pero que se vio superado por otro delantero que solo fall\u00f3 tres pelotas. El de Urnieta hizo de todo y bien.\u00a0Tras el empate a uno el ganador cogi\u00f3 ventajas de cinco-seis tantos y los mantuvo hasta la \u00faltima decena en los que aument\u00f3 la renta en nueve-diez tantos, Nunca vio peligrar una victoria s\u00f3lida y que lo deja como favorito para el jueves ante Larra\u00f1aga.<\/p>\n\n\n\n<p>Un Larra\u00f1aga que sufri\u00f3 lo indecible para ganar por la m\u00ednima, 29-30, a un Martirena que termin\u00f3 muy fuerte. Los primeros tantos fueron para Martirena, que se adelant\u00f3 4-0, pero Larra\u00f1aga le dio vuelta al marcador y se puso con ventajas de alrededor de cinco tantos desde\u00a0 5-9. Mantuvo esas ventajas hasta el 21-25, pero Martirena demostr\u00f3 su preparaci\u00f3n f\u00edsica. Sus entrenamientos est\u00e1n dando sus frutos y termin\u00f3 muy fuerte. Le dio vuelta al marcador y se puso por delante 28-25. Larra\u00f1aga no se rindi\u00f3 y empat\u00f3 a 28 y 29.<\/p>\n\n\n\n<p>En el \u00faltimo tanto Martirena rest\u00f3 muy bien a rebote, pero Larra\u00f1aga devolvi\u00f3 de rev\u00e9s un rebote que se envenen\u00f3 y termin\u00f3 en tanto. Al final fue un cara o cruz, que cay\u00f3 del lado del zaguero guipuzcoano. Fue un partido duro, emocionante e igualado.<\/p>\n","protected":false},"excerpt":{"rendered":"<p>Goikoetxea elimina a Aldabe y Larra\u00f1aga se deshace de Martirena Goikoetxea y Larra\u00f1aga se impusieron a Aldabe y Martirena en el Torneo Individual de remonte y ambos jugar\u00e1n el \u00faltimo partido parta entrar en la siguiente fase del campeonato m\u00e1s importante. Ambos se medir\u00e1n el jueves en Galarreta. Goikoetxea gan\u00f3 30-21 a Aldabe en el [&hellip;]<\/p>\n","protected":false},"author":5,"featured_media":6817,"comment_status":"closed","ping_status":"open","sticky":false,"template":"","format":"standard","meta":{"_et_pb_use_builder":"off","_et_pb_old_content":"","_et_gb_content_width":"","footnotes":""},"categories":[1],"tags":[],"yoast_head":"<!-- This site is optimized with the Yoast SEO plugin v21.8 - https:\/\/yoast.com\/wordpress\/plugins\/seo\/ -->\n<title>Goikoetxea y Larra\u00f1aga disputar\u00e1n la plaza en la siguiente fase del Torneo Individual | Oriamendi 2010<\/title>\n<meta name=\"robots\" content=\"index, follow, max-snippet:-1, max-image-preview:large, max-video-preview:-1\" \/>\n<link rel=\"canonical\" href=\"https:\/\/oriamendi.eus\/es\/2023\/07\/25\/goikoetxea-y-larranaga-disputaran-la-plaza-en-la-siguiente-fase-del-torneo-individual\/\" \/>\n<meta property=\"og:locale\" content=\"es_ES\" \/>\n<meta property=\"og:type\" content=\"article\" \/>\n<meta property=\"og:title\" content=\"Goikoetxea y Larra\u00f1aga disputar\u00e1n la plaza en la siguiente fase del Torneo Individual | Oriamendi 2010\" \/>\n<meta property=\"og:description\" content=\"Goikoetxea elimina a Aldabe y Larra\u00f1aga se deshace de Martirena Goikoetxea y Larra\u00f1aga se impusieron a Aldabe y Martirena en el Torneo Individual de remonte y ambos jugar\u00e1n el \u00faltimo partido parta entrar en la siguiente fase del campeonato m\u00e1s importante. Ambos se medir\u00e1n el jueves en Galarreta. Goikoetxea gan\u00f3 30-21 a Aldabe en el [&hellip;]\" \/>\n<meta property=\"og:url\" content=\"https:\/\/oriamendi.eus\/es\/2023\/07\/25\/goikoetxea-y-larranaga-disputaran-la-plaza-en-la-siguiente-fase-del-torneo-individual\/\" \/>\n<meta property=\"og:site_name\" content=\"Oriamendi 2010\" \/>\n<meta property=\"article:publisher\" content=\"https:\/\/www.facebook.com\/oriamendi2010remonte\/\" \/>\n<meta property=\"article:published_time\" content=\"2023-07-25T18:57:05+00:00\" \/>\n<meta property=\"article:modified_time\" content=\"2023-07-25T18:57:08+00:00\" \/>\n<meta property=\"og:image\" content=\"https:\/\/oriamendi.eus\/wp-content\/uploads\/2022\/10\/221025erremontea.jpg\" \/>\n\t<meta property=\"og:image:width\" content=\"1200\" \/>\n\t<meta property=\"og:image:height\" content=\"679\" \/>\n\t<meta property=\"og:image:type\" content=\"image\/jpeg\" \/>\n<meta name=\"author\" content=\"I\u00f1igo Go\u00f1i\" \/>\n<meta name=\"twitter:card\" content=\"summary_large_image\" \/>\n<meta name=\"twitter:creator\" content=\"@oriamendi2010\" \/>\n<meta name=\"twitter:site\" content=\"@oriamendi2010\" \/>\n<meta name=\"twitter:label1\" content=\"Escrito por\" \/>\n\t<meta name=\"twitter:data1\" content=\"I\u00f1igo Go\u00f1i\" \/>\n\t<meta name=\"twitter:label2\" content=\"Tiempo de lectura\" \/>\n\t<meta name=\"twitter:data2\" content=\"2 minutos\" \/>\n<script type=\"application\/ld+json\" class=\"yoast-schema-graph\">{\"@context\":\"https:\/\/schema.org\",\"@graph\":[{\"@type\":\"Article\",\"@id\":\"https:\/\/oriamendi.eus\/es\/2023\/07\/25\/goikoetxea-y-larranaga-disputaran-la-plaza-en-la-siguiente-fase-del-torneo-individual\/#article\",\"isPartOf\":{\"@id\":\"https:\/\/oriamendi.eus\/es\/2023\/07\/25\/goikoetxea-y-larranaga-disputaran-la-plaza-en-la-siguiente-fase-del-torneo-individual\/\"},\"author\":{\"name\":\"I\u00f1igo Go\u00f1i\",\"@id\":\"https:\/\/oriamendi.eus\/es\/#\/schema\/person\/c0bd06c6c747674306a5c82563e2339a\"},\"headline\":\"Goikoetxea y Larra\u00f1aga disputar\u00e1n la plaza en la siguiente fase del Torneo Individual\",\"datePublished\":\"2023-07-25T18:57:05+00:00\",\"dateModified\":\"2023-07-25T18:57:08+00:00\",\"mainEntityOfPage\":{\"@id\":\"https:\/\/oriamendi.eus\/es\/2023\/07\/25\/goikoetxea-y-larranaga-disputaran-la-plaza-en-la-siguiente-fase-del-torneo-individual\/\"},\"wordCount\":312,\"publisher\":{\"@id\":\"https:\/\/oriamendi.eus\/es\/#organization\"},\"articleSection\":[\"Sin categorizar\"],\"inLanguage\":\"es\"},{\"@type\":\"WebPage\",\"@id\":\"https:\/\/oriamendi.eus\/es\/2023\/07\/25\/goikoetxea-y-larranaga-disputaran-la-plaza-en-la-siguiente-fase-del-torneo-individual\/\",\"url\":\"https:\/\/oriamendi.eus\/es\/2023\/07\/25\/goikoetxea-y-larranaga-disputaran-la-plaza-en-la-siguiente-fase-del-torneo-individual\/\",\"name\":\"Goikoetxea y Larra\u00f1aga disputar\u00e1n la plaza en la siguiente fase del Torneo Individual | Oriamendi 2010\",\"isPartOf\":{\"@id\":\"https:\/\/oriamendi.eus\/es\/#website\"},\"datePublished\":\"2023-07-25T18:57:05+00:00\",\"dateModified\":\"2023-07-25T18:57:08+00:00\",\"breadcrumb\":{\"@id\":\"https:\/\/oriamendi.eus\/es\/2023\/07\/25\/goikoetxea-y-larranaga-disputaran-la-plaza-en-la-siguiente-fase-del-torneo-individual\/#breadcrumb\"},\"inLanguage\":\"es\",\"potentialAction\":[{\"@type\":\"ReadAction\",\"target\":[\"https:\/\/oriamendi.eus\/es\/2023\/07\/25\/goikoetxea-y-larranaga-disputaran-la-plaza-en-la-siguiente-fase-del-torneo-individual\/\"]}]},{\"@type\":\"BreadcrumbList\",\"@id\":\"https:\/\/oriamendi.eus\/es\/2023\/07\/25\/goikoetxea-y-larranaga-disputaran-la-plaza-en-la-siguiente-fase-del-torneo-individual\/#breadcrumb\",\"itemListElement\":[{\"@type\":\"ListItem\",\"position\":1,\"name\":\"Portada\",\"item\":\"https:\/\/oriamendi.eus\/es\/\"},{\"@type\":\"ListItem\",\"position\":2,\"name\":\"Goikoetxea y Larra\u00f1aga disputar\u00e1n la plaza en la siguiente fase del Torneo Individual\"}]},{\"@type\":\"WebSite\",\"@id\":\"https:\/\/oriamendi.eus\/es\/#website\",\"url\":\"https:\/\/oriamendi.eus\/es\/\",\"name\":\"Oriamendi\",\"description\":\"Remonte en Galarreta. Hernani. Gipuzkoa\",\"publisher\":{\"@id\":\"https:\/\/oriamendi.eus\/es\/#organization\"},\"potentialAction\":[{\"@type\":\"SearchAction\",\"target\":{\"@type\":\"EntryPoint\",\"urlTemplate\":\"https:\/\/oriamendi.eus\/es\/?s={search_term_string}\"},\"query-input\":\"required name=search_term_string\"}],\"inLanguage\":\"es\"},{\"@type\":\"Organization\",\"@id\":\"https:\/\/oriamendi.eus\/es\/#organization\",\"name\":\"Oriamendi\",\"url\":\"https:\/\/oriamendi.eus\/es\/\",\"logo\":{\"@type\":\"ImageObject\",\"inLanguage\":\"es\",\"@id\":\"https:\/\/oriamendi.eus\/es\/#\/schema\/logo\/image\/\",\"url\":\"https:\/\/oriamendi.eus\/wp-content\/uploads\/2020\/06\/logo-oriamendi.png\",\"contentUrl\":\"https:\/\/oriamendi.eus\/wp-content\/uploads\/2020\/06\/logo-oriamendi.png\",\"width\":300,\"height\":90,\"caption\":\"Oriamendi\"},\"image\":{\"@id\":\"https:\/\/oriamendi.eus\/es\/#\/schema\/logo\/image\/\"},\"sameAs\":[\"https:\/\/www.facebook.com\/oriamendi2010remonte\/\",\"https:\/\/twitter.com\/oriamendi2010\",\"https:\/\/www.instagram.com\/galarretajaialai\/\",\"https:\/\/www.youtube.com\/channel\/UC8gVNzQqB1iwnC-_rI-ihmA\/featured\"]},{\"@type\":\"Person\",\"@id\":\"https:\/\/oriamendi.eus\/es\/#\/schema\/person\/c0bd06c6c747674306a5c82563e2339a\",\"name\":\"I\u00f1igo Go\u00f1i\",\"image\":{\"@type\":\"ImageObject\",\"inLanguage\":\"es\",\"@id\":\"https:\/\/oriamendi.eus\/es\/#\/schema\/person\/image\/\",\"url\":\"https:\/\/secure.gravatar.com\/avatar\/fbb07ffc7b803bbfcc2b6419c06abd3a?s=96&d=mm&r=g\",\"contentUrl\":\"https:\/\/secure.gravatar.com\/avatar\/fbb07ffc7b803bbfcc2b6419c06abd3a?s=96&d=mm&r=g\",\"caption\":\"I\u00f1igo Go\u00f1i\"},\"url\":\"https:\/\/oriamendi.eus\/es\/author\/om-berriak\/\"}]}<\/script>\n<!-- \/ Yoast SEO plugin. -->","yoast_head_json":{"title":"Goikoetxea y Larra\u00f1aga disputar\u00e1n la plaza en la siguiente fase del Torneo Individual | Oriamendi 2010","robots":{"index":"index","follow":"follow","max-snippet":"max-snippet:-1","max-image-preview":"max-image-preview:large","max-video-preview":"max-video-preview:-1"},"canonical":"https:\/\/oriamendi.eus\/es\/2023\/07\/25\/goikoetxea-y-larranaga-disputaran-la-plaza-en-la-siguiente-fase-del-torneo-individual\/","og_locale":"es_ES","og_type":"article","og_title":"Goikoetxea y Larra\u00f1aga disputar\u00e1n la plaza en la siguiente fase del Torneo Individual | Oriamendi 2010","og_description":"Goikoetxea elimina a Aldabe y Larra\u00f1aga se deshace de Martirena Goikoetxea y Larra\u00f1aga se impusieron a Aldabe y Martirena en el Torneo Individual de remonte y ambos jugar\u00e1n el \u00faltimo partido parta entrar en la siguiente fase del campeonato m\u00e1s importante. Ambos se medir\u00e1n el jueves en Galarreta. Goikoetxea gan\u00f3 30-21 a Aldabe en el [&hellip;]","og_url":"https:\/\/oriamendi.eus\/es\/2023\/07\/25\/goikoetxea-y-larranaga-disputaran-la-plaza-en-la-siguiente-fase-del-torneo-individual\/","og_site_name":"Oriamendi 2010","article_publisher":"https:\/\/www.facebook.com\/oriamendi2010remonte\/","article_published_time":"2023-07-25T18:57:05+00:00","article_modified_time":"2023-07-25T18:57:08+00:00","og_image":[{"width":1200,"height":679,"url":"https:\/\/oriamendi.eus\/wp-content\/uploads\/2022\/10\/221025erremontea.jpg","type":"image\/jpeg"}],"author":"I\u00f1igo Go\u00f1i","twitter_card":"summary_large_image","twitter_creator":"@oriamendi2010","twitter_site":"@oriamendi2010","twitter_misc":{"Escrito por":"I\u00f1igo Go\u00f1i","Tiempo de lectura":"2 minutos"},"schema":{"@context":"https:\/\/schema.org","@graph":[{"@type":"Article","@id":"https:\/\/oriamendi.eus\/es\/2023\/07\/25\/goikoetxea-y-larranaga-disputaran-la-plaza-en-la-siguiente-fase-del-torneo-individual\/#article","isPartOf":{"@id":"https:\/\/oriamendi.eus\/es\/2023\/07\/25\/goikoetxea-y-larranaga-disputaran-la-plaza-en-la-siguiente-fase-del-torneo-individual\/"},"author":{"name":"I\u00f1igo Go\u00f1i","@id":"https:\/\/oriamendi.eus\/es\/#\/schema\/person\/c0bd06c6c747674306a5c82563e2339a"},"headline":"Goikoetxea y Larra\u00f1aga disputar\u00e1n la plaza en la siguiente fase del Torneo Individual","datePublished":"2023-07-25T18:57:05+00:00","dateModified":"2023-07-25T18:57:08+00:00","mainEntityOfPage":{"@id":"https:\/\/oriamendi.eus\/es\/2023\/07\/25\/goikoetxea-y-larranaga-disputaran-la-plaza-en-la-siguiente-fase-del-torneo-individual\/"},"wordCount":312,"publisher":{"@id":"https:\/\/oriamendi.eus\/es\/#organization"},"articleSection":["Sin categorizar"],"inLanguage":"es"},{"@type":"WebPage","@id":"https:\/\/oriamendi.eus\/es\/2023\/07\/25\/goikoetxea-y-larranaga-disputaran-la-plaza-en-la-siguiente-fase-del-torneo-individual\/","url":"https:\/\/oriamendi.eus\/es\/2023\/07\/25\/goikoetxea-y-larranaga-disputaran-la-plaza-en-la-siguiente-fase-del-torneo-individual\/","name":"Goikoetxea y Larra\u00f1aga disputar\u00e1n la plaza en la siguiente fase del Torneo Individual | Oriamendi 2010","isPartOf":{"@id":"https:\/\/oriamendi.eus\/es\/#website"},"datePublished":"2023-07-25T18:57:05+00:00","dateModified":"2023-07-25T18:57:08+00:00","breadcrumb":{"@id":"https:\/\/oriamendi.eus\/es\/2023\/07\/25\/goikoetxea-y-larranaga-disputaran-la-plaza-en-la-siguiente-fase-del-torneo-individual\/#breadcrumb"},"inLanguage":"es","potentialAction":[{"@type":"ReadAction","target":["https:\/\/oriamendi.eus\/es\/2023\/07\/25\/goikoetxea-y-larranaga-disputaran-la-plaza-en-la-siguiente-fase-del-torneo-individual\/"]}]},{"@type":"BreadcrumbList","@id":"https:\/\/oriamendi.eus\/es\/2023\/07\/25\/goikoetxea-y-larranaga-disputaran-la-plaza-en-la-siguiente-fase-del-torneo-individual\/#breadcrumb","itemListElement":[{"@type":"ListItem","position":1,"name":"Portada","item":"https:\/\/oriamendi.eus\/es\/"},{"@type":"ListItem","position":2,"name":"Goikoetxea y Larra\u00f1aga disputar\u00e1n la plaza en la siguiente fase del Torneo Individual"}]},{"@type":"WebSite","@id":"https:\/\/oriamendi.eus\/es\/#website","url":"https:\/\/oriamendi.eus\/es\/","name":"Oriamendi","description":"Remonte en Galarreta. Hernani. Gipuzkoa","publisher":{"@id":"https:\/\/oriamendi.eus\/es\/#organization"},"potentialAction":[{"@type":"SearchAction","target":{"@type":"EntryPoint","urlTemplate":"https:\/\/oriamendi.eus\/es\/?s={search_term_string}"},"query-input":"required name=search_term_string"}],"inLanguage":"es"},{"@type":"Organization","@id":"https:\/\/oriamendi.eus\/es\/#organization","name":"Oriamendi","url":"https:\/\/oriamendi.eus\/es\/","logo":{"@type":"ImageObject","inLanguage":"es","@id":"https:\/\/oriamendi.eus\/es\/#\/schema\/logo\/image\/","url":"https:\/\/oriamendi.eus\/wp-content\/uploads\/2020\/06\/logo-oriamendi.png","contentUrl":"https:\/\/oriamendi.eus\/wp-content\/uploads\/2020\/06\/logo-oriamendi.png","width":300,"height":90,"caption":"Oriamendi"},"image":{"@id":"https:\/\/oriamendi.eus\/es\/#\/schema\/logo\/image\/"},"sameAs":["https:\/\/www.facebook.com\/oriamendi2010remonte\/","https:\/\/twitter.com\/oriamendi2010","https:\/\/www.instagram.com\/galarretajaialai\/","https:\/\/www.youtube.com\/channel\/UC8gVNzQqB1iwnC-_rI-ihmA\/featured"]},{"@type":"Person","@id":"https:\/\/oriamendi.eus\/es\/#\/schema\/person\/c0bd06c6c747674306a5c82563e2339a","name":"I\u00f1igo Go\u00f1i","image":{"@type":"ImageObject","inLanguage":"es","@id":"https:\/\/oriamendi.eus\/es\/#\/schema\/person\/image\/","url":"https:\/\/secure.gravatar.com\/avatar\/fbb07ffc7b803bbfcc2b6419c06abd3a?s=96&d=mm&r=g","contentUrl":"https:\/\/secure.gravatar.com\/avatar\/fbb07ffc7b803bbfcc2b6419c06abd3a?s=96&d=mm&r=g","caption":"I\u00f1igo Go\u00f1i"},"url":"https:\/\/oriamendi.eus\/es\/author\/om-berriak\/"}]}},"_links":{"self":[{"href":"https:\/\/oriamendi.eus\/es\/wp-json\/wp\/v2\/posts\/7326"}],"collection":[{"href":"https:\/\/oriamendi.eus\/es\/wp-json\/wp\/v2\/posts"}],"about":[{"href":"https:\/\/oriamendi.eus\/es\/wp-json\/wp\/v2\/types\/post"}],"author":[{"embeddable":true,"href":"https:\/\/oriamendi.eus\/es\/wp-json\/wp\/v2\/users\/5"}],"replies":[{"embeddable":true,"href":"https:\/\/oriamendi.eus\/es\/wp-json\/wp\/v2\/comments?post=7326"}],"version-history":[{"count":1,"href":"https:\/\/oriamendi.eus\/es\/wp-json\/wp\/v2\/posts\/7326\/revisions"}],"predecessor-version":[{"id":7327,"href":"https:\/\/oriamendi.eus\/es\/wp-json\/wp\/v2\/posts\/7326\/revisions\/7327"}],"wp:featuredmedia":[{"embeddable":true,"href":"https:\/\/oriamendi.eus\/es\/wp-json\/wp\/v2\/media\/6817"}],"wp:attachment":[{"href":"https:\/\/oriamendi.eus\/es\/wp-json\/wp\/v2\/media?parent=7326"}],"wp:term":[{"taxonomy":"category","embeddable":true,"href":"https:\/\/oriamendi.eus\/es\/wp-json\/wp\/v2\/categories?post=7326"},{"taxonomy":"post_tag","embeddable":true,"href":"https:\/\/oriamendi.eus\/es\/wp-json\/wp\/v2\/tags?post=7326"}],"curies":[{"name":"wp","href":"https:\/\/api.w.org\/{rel}","templated":true}]}}