                                        
                                        
                                        
                                        
                                        
                                        
                                        
                                        
                                        
                                        
                                        
                                        
                                        
                                        
                                        
                                        
                                        
                                        
{"id":7301,"date":"2023-07-13T19:54:11","date_gmt":"2023-07-13T17:54:11","guid":{"rendered":"https:\/\/oriamendi.eus\/?p=7301"},"modified":"2023-07-13T19:54:14","modified_gmt":"2023-07-13T17:54:14","slug":"barrenetxea-y-juanenea-seran-los-rivales-de-azpiroz-y-larranaga-en-la-final","status":"publish","type":"post","link":"https:\/\/oriamendi.eus\/es\/2023\/07\/13\/barrenetxea-y-juanenea-seran-los-rivales-de-azpiroz-y-larranaga-en-la-final\/","title":{"rendered":"Barrenetxea y Juanenea ser\u00e1n los rivales de Azpiroz y Larra\u00f1aga en la final"},"content":{"rendered":"\n<p><strong>Los azules se imponen 1-2 a Segurola y Ansa II en la semifinal del Jai Alai Summer Season<\/strong><\/p>\n\n\n\n<p><strong><br><\/strong>Barrenetxea IV y Juanenea se han clasificado para la final del Jai Alai Summer Season despu\u00e9s de ganar 1-2, con parciales de 7-15, 15-6 y 2-5, a Segurola y Ansa II en la semifinal disputada en Galarreta.<\/p>\n\n\n\n<p>Por lo tanto, los azules ser\u00e1n los rivales de Azpiroz y Larra\u00f1aga en la final del s\u00e1bado por la noche en Galarreta. Antes, ma\u00f1ana, los protagonistas de la final elegir\u00e1n el material a partir de las 18:00 horas en Galarreta. El festival del s\u00e1bado comenzar\u00e1 a las 22:00 horas.<\/p>\n\n\n\n<p>La semifinal, al igual que el partido de la liguilla entre estas dos parejas fue una monta\u00f1a rusa. Hubo varios partidos dentro del mismo partido.En el primer set Barrenetxea y Juanenea tuvieron una superioridad absoluta. Barrenetxea mandaba ante unos fallones Segurola y Ansa, que regalaban hasta ocho pelotas. Los parciales de 1-6, 3-11 y 6-12 siempre fueron claros para los azules que cerraban el set 7-15.<\/p>\n\n\n\n<p>En el segundo cambiaba la decoraci\u00f3n por completo. Segurola y Ansa II mejoraron una barbaridad. Segurola fue el gran protagonista con diez tantos, cinco de ellos de dos paredes, antes unos desaparecidos Barrenetxea y Juanenea. El set termin\u00f3 con un contundente 15-6.<\/p>\n\n\n\n<p>Para fortuna de los azules quedaba el set de desempate y se enchufaron desde el primer tanto. Juanenea daba un gran pelotazo en el 0-1 y luego Barrenetxea hacia dos tantos m\u00e1s para poner un 0-3. Con el 0-4 todo parec\u00eda sentenciado y as\u00ed fue con el 2-5 final.\u00a0<\/p>\n","protected":false},"excerpt":{"rendered":"<p>Los azules se imponen 1-2 a Segurola y Ansa II en la semifinal del Jai Alai Summer Season Barrenetxea IV y Juanenea se han clasificado para la final del Jai Alai Summer Season despu\u00e9s de ganar 1-2, con parciales de 7-15, 15-6 y 2-5, a Segurola y Ansa II en la semifinal disputada en Galarreta. [&hellip;]<\/p>\n","protected":false},"author":5,"featured_media":7303,"comment_status":"closed","ping_status":"open","sticky":false,"template":"","format":"standard","meta":{"_et_pb_use_builder":"off","_et_pb_old_content":"","_et_gb_content_width":"","footnotes":""},"categories":[1],"tags":[],"yoast_head":"<!-- This site is optimized with the Yoast SEO plugin v21.8 - https:\/\/yoast.com\/wordpress\/plugins\/seo\/ -->\n<title>Barrenetxea y Juanenea ser\u00e1n los rivales de Azpiroz y Larra\u00f1aga en la final | Oriamendi 2010<\/title>\n<meta name=\"robots\" content=\"index, follow, max-snippet:-1, max-image-preview:large, max-video-preview:-1\" \/>\n<link rel=\"canonical\" href=\"https:\/\/oriamendi.eus\/es\/2023\/07\/13\/barrenetxea-y-juanenea-seran-los-rivales-de-azpiroz-y-larranaga-en-la-final\/\" \/>\n<meta property=\"og:locale\" content=\"es_ES\" \/>\n<meta property=\"og:type\" content=\"article\" \/>\n<meta property=\"og:title\" content=\"Barrenetxea y Juanenea ser\u00e1n los rivales de Azpiroz y Larra\u00f1aga en la final | Oriamendi 2010\" \/>\n<meta property=\"og:description\" content=\"Los azules se imponen 1-2 a Segurola y Ansa II en la semifinal del Jai Alai Summer Season Barrenetxea IV y Juanenea se han clasificado para la final del Jai Alai Summer Season despu\u00e9s de ganar 1-2, con parciales de 7-15, 15-6 y 2-5, a Segurola y Ansa II en la semifinal disputada en Galarreta. [&hellip;]\" \/>\n<meta property=\"og:url\" content=\"https:\/\/oriamendi.eus\/es\/2023\/07\/13\/barrenetxea-y-juanenea-seran-los-rivales-de-azpiroz-y-larranaga-en-la-final\/\" \/>\n<meta property=\"og:site_name\" content=\"Oriamendi 2010\" \/>\n<meta property=\"article:publisher\" content=\"https:\/\/www.facebook.com\/oriamendi2010remonte\/\" \/>\n<meta property=\"article:published_time\" content=\"2023-07-13T17:54:11+00:00\" \/>\n<meta property=\"article:modified_time\" content=\"2023-07-13T17:54:14+00:00\" \/>\n<meta property=\"og:image\" content=\"https:\/\/oriamendi.eus\/wp-content\/uploads\/2023\/07\/IMG_20230710_182822_2000_x_1333_pixel.jpg\" \/>\n\t<meta property=\"og:image:width\" content=\"1200\" \/>\n\t<meta property=\"og:image:height\" content=\"800\" \/>\n\t<meta property=\"og:image:type\" content=\"image\/jpeg\" \/>\n<meta name=\"author\" content=\"I\u00f1igo Go\u00f1i\" \/>\n<meta name=\"twitter:card\" content=\"summary_large_image\" \/>\n<meta name=\"twitter:creator\" content=\"@oriamendi2010\" \/>\n<meta name=\"twitter:site\" content=\"@oriamendi2010\" \/>\n<meta name=\"twitter:label1\" content=\"Escrito por\" \/>\n\t<meta name=\"twitter:data1\" content=\"I\u00f1igo Go\u00f1i\" \/>\n\t<meta name=\"twitter:label2\" content=\"Tiempo de lectura\" \/>\n\t<meta name=\"twitter:data2\" content=\"2 minutos\" \/>\n<script type=\"application\/ld+json\" class=\"yoast-schema-graph\">{\"@context\":\"https:\/\/schema.org\",\"@graph\":[{\"@type\":\"Article\",\"@id\":\"https:\/\/oriamendi.eus\/es\/2023\/07\/13\/barrenetxea-y-juanenea-seran-los-rivales-de-azpiroz-y-larranaga-en-la-final\/#article\",\"isPartOf\":{\"@id\":\"https:\/\/oriamendi.eus\/es\/2023\/07\/13\/barrenetxea-y-juanenea-seran-los-rivales-de-azpiroz-y-larranaga-en-la-final\/\"},\"author\":{\"name\":\"I\u00f1igo Go\u00f1i\",\"@id\":\"https:\/\/oriamendi.eus\/es\/#\/schema\/person\/c0bd06c6c747674306a5c82563e2339a\"},\"headline\":\"Barrenetxea y Juanenea ser\u00e1n los rivales de Azpiroz y Larra\u00f1aga en la final\",\"datePublished\":\"2023-07-13T17:54:11+00:00\",\"dateModified\":\"2023-07-13T17:54:14+00:00\",\"mainEntityOfPage\":{\"@id\":\"https:\/\/oriamendi.eus\/es\/2023\/07\/13\/barrenetxea-y-juanenea-seran-los-rivales-de-azpiroz-y-larranaga-en-la-final\/\"},\"wordCount\":286,\"publisher\":{\"@id\":\"https:\/\/oriamendi.eus\/es\/#organization\"},\"articleSection\":[\"Sin categorizar\"],\"inLanguage\":\"es\"},{\"@type\":\"WebPage\",\"@id\":\"https:\/\/oriamendi.eus\/es\/2023\/07\/13\/barrenetxea-y-juanenea-seran-los-rivales-de-azpiroz-y-larranaga-en-la-final\/\",\"url\":\"https:\/\/oriamendi.eus\/es\/2023\/07\/13\/barrenetxea-y-juanenea-seran-los-rivales-de-azpiroz-y-larranaga-en-la-final\/\",\"name\":\"Barrenetxea y Juanenea ser\u00e1n los rivales de Azpiroz y Larra\u00f1aga en la final | Oriamendi 2010\",\"isPartOf\":{\"@id\":\"https:\/\/oriamendi.eus\/es\/#website\"},\"datePublished\":\"2023-07-13T17:54:11+00:00\",\"dateModified\":\"2023-07-13T17:54:14+00:00\",\"breadcrumb\":{\"@id\":\"https:\/\/oriamendi.eus\/es\/2023\/07\/13\/barrenetxea-y-juanenea-seran-los-rivales-de-azpiroz-y-larranaga-en-la-final\/#breadcrumb\"},\"inLanguage\":\"es\",\"potentialAction\":[{\"@type\":\"ReadAction\",\"target\":[\"https:\/\/oriamendi.eus\/es\/2023\/07\/13\/barrenetxea-y-juanenea-seran-los-rivales-de-azpiroz-y-larranaga-en-la-final\/\"]}]},{\"@type\":\"BreadcrumbList\",\"@id\":\"https:\/\/oriamendi.eus\/es\/2023\/07\/13\/barrenetxea-y-juanenea-seran-los-rivales-de-azpiroz-y-larranaga-en-la-final\/#breadcrumb\",\"itemListElement\":[{\"@type\":\"ListItem\",\"position\":1,\"name\":\"Portada\",\"item\":\"https:\/\/oriamendi.eus\/es\/\"},{\"@type\":\"ListItem\",\"position\":2,\"name\":\"Barrenetxea y Juanenea ser\u00e1n los rivales de Azpiroz y Larra\u00f1aga en la final\"}]},{\"@type\":\"WebSite\",\"@id\":\"https:\/\/oriamendi.eus\/es\/#website\",\"url\":\"https:\/\/oriamendi.eus\/es\/\",\"name\":\"Oriamendi\",\"description\":\"Remonte en Galarreta. Hernani. Gipuzkoa\",\"publisher\":{\"@id\":\"https:\/\/oriamendi.eus\/es\/#organization\"},\"potentialAction\":[{\"@type\":\"SearchAction\",\"target\":{\"@type\":\"EntryPoint\",\"urlTemplate\":\"https:\/\/oriamendi.eus\/es\/?s={search_term_string}\"},\"query-input\":\"required name=search_term_string\"}],\"inLanguage\":\"es\"},{\"@type\":\"Organization\",\"@id\":\"https:\/\/oriamendi.eus\/es\/#organization\",\"name\":\"Oriamendi\",\"url\":\"https:\/\/oriamendi.eus\/es\/\",\"logo\":{\"@type\":\"ImageObject\",\"inLanguage\":\"es\",\"@id\":\"https:\/\/oriamendi.eus\/es\/#\/schema\/logo\/image\/\",\"url\":\"https:\/\/oriamendi.eus\/wp-content\/uploads\/2020\/06\/logo-oriamendi.png\",\"contentUrl\":\"https:\/\/oriamendi.eus\/wp-content\/uploads\/2020\/06\/logo-oriamendi.png\",\"width\":300,\"height\":90,\"caption\":\"Oriamendi\"},\"image\":{\"@id\":\"https:\/\/oriamendi.eus\/es\/#\/schema\/logo\/image\/\"},\"sameAs\":[\"https:\/\/www.facebook.com\/oriamendi2010remonte\/\",\"https:\/\/twitter.com\/oriamendi2010\",\"https:\/\/www.instagram.com\/galarretajaialai\/\",\"https:\/\/www.youtube.com\/channel\/UC8gVNzQqB1iwnC-_rI-ihmA\/featured\"]},{\"@type\":\"Person\",\"@id\":\"https:\/\/oriamendi.eus\/es\/#\/schema\/person\/c0bd06c6c747674306a5c82563e2339a\",\"name\":\"I\u00f1igo Go\u00f1i\",\"image\":{\"@type\":\"ImageObject\",\"inLanguage\":\"es\",\"@id\":\"https:\/\/oriamendi.eus\/es\/#\/schema\/person\/image\/\",\"url\":\"https:\/\/secure.gravatar.com\/avatar\/fbb07ffc7b803bbfcc2b6419c06abd3a?s=96&d=mm&r=g\",\"contentUrl\":\"https:\/\/secure.gravatar.com\/avatar\/fbb07ffc7b803bbfcc2b6419c06abd3a?s=96&d=mm&r=g\",\"caption\":\"I\u00f1igo Go\u00f1i\"},\"url\":\"https:\/\/oriamendi.eus\/es\/author\/om-berriak\/\"}]}<\/script>\n<!-- \/ Yoast SEO plugin. -->","yoast_head_json":{"title":"Barrenetxea y Juanenea ser\u00e1n los rivales de Azpiroz y Larra\u00f1aga en la final | Oriamendi 2010","robots":{"index":"index","follow":"follow","max-snippet":"max-snippet:-1","max-image-preview":"max-image-preview:large","max-video-preview":"max-video-preview:-1"},"canonical":"https:\/\/oriamendi.eus\/es\/2023\/07\/13\/barrenetxea-y-juanenea-seran-los-rivales-de-azpiroz-y-larranaga-en-la-final\/","og_locale":"es_ES","og_type":"article","og_title":"Barrenetxea y Juanenea ser\u00e1n los rivales de Azpiroz y Larra\u00f1aga en la final | Oriamendi 2010","og_description":"Los azules se imponen 1-2 a Segurola y Ansa II en la semifinal del Jai Alai Summer Season Barrenetxea IV y Juanenea se han clasificado para la final del Jai Alai Summer Season despu\u00e9s de ganar 1-2, con parciales de 7-15, 15-6 y 2-5, a Segurola y Ansa II en la semifinal disputada en Galarreta. [&hellip;]","og_url":"https:\/\/oriamendi.eus\/es\/2023\/07\/13\/barrenetxea-y-juanenea-seran-los-rivales-de-azpiroz-y-larranaga-en-la-final\/","og_site_name":"Oriamendi 2010","article_publisher":"https:\/\/www.facebook.com\/oriamendi2010remonte\/","article_published_time":"2023-07-13T17:54:11+00:00","article_modified_time":"2023-07-13T17:54:14+00:00","og_image":[{"width":1200,"height":800,"url":"https:\/\/oriamendi.eus\/wp-content\/uploads\/2023\/07\/IMG_20230710_182822_2000_x_1333_pixel.jpg","type":"image\/jpeg"}],"author":"I\u00f1igo Go\u00f1i","twitter_card":"summary_large_image","twitter_creator":"@oriamendi2010","twitter_site":"@oriamendi2010","twitter_misc":{"Escrito por":"I\u00f1igo Go\u00f1i","Tiempo de lectura":"2 minutos"},"schema":{"@context":"https:\/\/schema.org","@graph":[{"@type":"Article","@id":"https:\/\/oriamendi.eus\/es\/2023\/07\/13\/barrenetxea-y-juanenea-seran-los-rivales-de-azpiroz-y-larranaga-en-la-final\/#article","isPartOf":{"@id":"https:\/\/oriamendi.eus\/es\/2023\/07\/13\/barrenetxea-y-juanenea-seran-los-rivales-de-azpiroz-y-larranaga-en-la-final\/"},"author":{"name":"I\u00f1igo Go\u00f1i","@id":"https:\/\/oriamendi.eus\/es\/#\/schema\/person\/c0bd06c6c747674306a5c82563e2339a"},"headline":"Barrenetxea y Juanenea ser\u00e1n los rivales de Azpiroz y Larra\u00f1aga en la final","datePublished":"2023-07-13T17:54:11+00:00","dateModified":"2023-07-13T17:54:14+00:00","mainEntityOfPage":{"@id":"https:\/\/oriamendi.eus\/es\/2023\/07\/13\/barrenetxea-y-juanenea-seran-los-rivales-de-azpiroz-y-larranaga-en-la-final\/"},"wordCount":286,"publisher":{"@id":"https:\/\/oriamendi.eus\/es\/#organization"},"articleSection":["Sin categorizar"],"inLanguage":"es"},{"@type":"WebPage","@id":"https:\/\/oriamendi.eus\/es\/2023\/07\/13\/barrenetxea-y-juanenea-seran-los-rivales-de-azpiroz-y-larranaga-en-la-final\/","url":"https:\/\/oriamendi.eus\/es\/2023\/07\/13\/barrenetxea-y-juanenea-seran-los-rivales-de-azpiroz-y-larranaga-en-la-final\/","name":"Barrenetxea y Juanenea ser\u00e1n los rivales de Azpiroz y Larra\u00f1aga en la final | Oriamendi 2010","isPartOf":{"@id":"https:\/\/oriamendi.eus\/es\/#website"},"datePublished":"2023-07-13T17:54:11+00:00","dateModified":"2023-07-13T17:54:14+00:00","breadcrumb":{"@id":"https:\/\/oriamendi.eus\/es\/2023\/07\/13\/barrenetxea-y-juanenea-seran-los-rivales-de-azpiroz-y-larranaga-en-la-final\/#breadcrumb"},"inLanguage":"es","potentialAction":[{"@type":"ReadAction","target":["https:\/\/oriamendi.eus\/es\/2023\/07\/13\/barrenetxea-y-juanenea-seran-los-rivales-de-azpiroz-y-larranaga-en-la-final\/"]}]},{"@type":"BreadcrumbList","@id":"https:\/\/oriamendi.eus\/es\/2023\/07\/13\/barrenetxea-y-juanenea-seran-los-rivales-de-azpiroz-y-larranaga-en-la-final\/#breadcrumb","itemListElement":[{"@type":"ListItem","position":1,"name":"Portada","item":"https:\/\/oriamendi.eus\/es\/"},{"@type":"ListItem","position":2,"name":"Barrenetxea y Juanenea ser\u00e1n los rivales de Azpiroz y Larra\u00f1aga en la final"}]},{"@type":"WebSite","@id":"https:\/\/oriamendi.eus\/es\/#website","url":"https:\/\/oriamendi.eus\/es\/","name":"Oriamendi","description":"Remonte en Galarreta. Hernani. Gipuzkoa","publisher":{"@id":"https:\/\/oriamendi.eus\/es\/#organization"},"potentialAction":[{"@type":"SearchAction","target":{"@type":"EntryPoint","urlTemplate":"https:\/\/oriamendi.eus\/es\/?s={search_term_string}"},"query-input":"required name=search_term_string"}],"inLanguage":"es"},{"@type":"Organization","@id":"https:\/\/oriamendi.eus\/es\/#organization","name":"Oriamendi","url":"https:\/\/oriamendi.eus\/es\/","logo":{"@type":"ImageObject","inLanguage":"es","@id":"https:\/\/oriamendi.eus\/es\/#\/schema\/logo\/image\/","url":"https:\/\/oriamendi.eus\/wp-content\/uploads\/2020\/06\/logo-oriamendi.png","contentUrl":"https:\/\/oriamendi.eus\/wp-content\/uploads\/2020\/06\/logo-oriamendi.png","width":300,"height":90,"caption":"Oriamendi"},"image":{"@id":"https:\/\/oriamendi.eus\/es\/#\/schema\/logo\/image\/"},"sameAs":["https:\/\/www.facebook.com\/oriamendi2010remonte\/","https:\/\/twitter.com\/oriamendi2010","https:\/\/www.instagram.com\/galarretajaialai\/","https:\/\/www.youtube.com\/channel\/UC8gVNzQqB1iwnC-_rI-ihmA\/featured"]},{"@type":"Person","@id":"https:\/\/oriamendi.eus\/es\/#\/schema\/person\/c0bd06c6c747674306a5c82563e2339a","name":"I\u00f1igo Go\u00f1i","image":{"@type":"ImageObject","inLanguage":"es","@id":"https:\/\/oriamendi.eus\/es\/#\/schema\/person\/image\/","url":"https:\/\/secure.gravatar.com\/avatar\/fbb07ffc7b803bbfcc2b6419c06abd3a?s=96&d=mm&r=g","contentUrl":"https:\/\/secure.gravatar.com\/avatar\/fbb07ffc7b803bbfcc2b6419c06abd3a?s=96&d=mm&r=g","caption":"I\u00f1igo Go\u00f1i"},"url":"https:\/\/oriamendi.eus\/es\/author\/om-berriak\/"}]}},"_links":{"self":[{"href":"https:\/\/oriamendi.eus\/es\/wp-json\/wp\/v2\/posts\/7301"}],"collection":[{"href":"https:\/\/oriamendi.eus\/es\/wp-json\/wp\/v2\/posts"}],"about":[{"href":"https:\/\/oriamendi.eus\/es\/wp-json\/wp\/v2\/types\/post"}],"author":[{"embeddable":true,"href":"https:\/\/oriamendi.eus\/es\/wp-json\/wp\/v2\/users\/5"}],"replies":[{"embeddable":true,"href":"https:\/\/oriamendi.eus\/es\/wp-json\/wp\/v2\/comments?post=7301"}],"version-history":[{"count":1,"href":"https:\/\/oriamendi.eus\/es\/wp-json\/wp\/v2\/posts\/7301\/revisions"}],"predecessor-version":[{"id":7302,"href":"https:\/\/oriamendi.eus\/es\/wp-json\/wp\/v2\/posts\/7301\/revisions\/7302"}],"wp:featuredmedia":[{"embeddable":true,"href":"https:\/\/oriamendi.eus\/es\/wp-json\/wp\/v2\/media\/7303"}],"wp:attachment":[{"href":"https:\/\/oriamendi.eus\/es\/wp-json\/wp\/v2\/media?parent=7301"}],"wp:term":[{"taxonomy":"category","embeddable":true,"href":"https:\/\/oriamendi.eus\/es\/wp-json\/wp\/v2\/categories?post=7301"},{"taxonomy":"post_tag","embeddable":true,"href":"https:\/\/oriamendi.eus\/es\/wp-json\/wp\/v2\/tags?post=7301"}],"curies":[{"name":"wp","href":"https:\/\/api.w.org\/{rel}","templated":true}]}}