                                        
                                        
                                        
                                        
                                        
                                        
                                        
                                        
                                        
                                        
                                        
                                        
                                        
                                        
                                        
                                        
                                        
                                        
{"id":7295,"date":"2023-07-09T10:19:15","date_gmt":"2023-07-09T08:19:15","guid":{"rendered":"https:\/\/oriamendi.eus\/?p=7295"},"modified":"2023-07-09T10:19:17","modified_gmt":"2023-07-09T08:19:17","slug":"azpiroz-y-larranaga-se-clasifican-a-la-final-y-aldabe-y-urriza-quedan-eliminados-a-pesar-de-la-victoria","status":"publish","type":"post","link":"https:\/\/oriamendi.eus\/es\/2023\/07\/09\/azpiroz-y-larranaga-se-clasifican-a-la-final-y-aldabe-y-urriza-quedan-eliminados-a-pesar-de-la-victoria\/","title":{"rendered":"Azpiroz y Larra\u00f1aga se clasifican a la final y Aldabe y Urriza quedan eliminados a pesar de la victoria"},"content":{"rendered":"\n<p>La liguilla del Jai Alai Summer Season termin\u00f3 ayer de madrugada en Galarreta y salt\u00f3 cierta sorpresa. La victoria de Azpiroz-Larra\u00f1aga por 1-2 ante Barrenetxea y Juanenea con parciales de 11-15, 15-12 y 3-5, unido a la derrota de Segurola-Ansa II por 15-12 y 15-4 ante Aldabe-Urriza les otorg\u00f3 el pase directo a la final. Dej\u00f3 a Aldabe y Urriza fuera del campeonato, mientras Segurola-Ansa y Barrenetxea IV-Juanenea se enfrentar\u00e1n en la semifinal del jueves 13 de julio en Galarreta.\u00a0<\/p>\n\n\n\n<p>Aldabe y Urriza cumplieron en su partido ganando 2-0, pero necesitaban la victoria de Barrenetxea IV y Juanenea por 2-0 ante Azpiroz y Larra\u00f1aga, pero no fue posible. Al contrario la victoria de Azpiroz-Larra\u00f1aga dio vuelta por completo a la clasificaci\u00f3n en los primeros puestos, ya que del tercer puesto pasaron al primero.<\/p>\n\n\n\n<p>Cuando Aldabe y Urriza saltaron a la cancha en el tercer partido del festival ten\u00edan la esperanza de dejar en menos uno a Segurola y Ansa que les otorgaba el pase a la semifinal y a punto estuvieron de conseguirlo. La victoria de Azpiroz y Larra\u00f1aga en el primero les pon\u00eda dif\u00edcil la cosa,, pero no imposible. Un primer partido que fue de lo mejor visto hasta la fecha en el campeonato. Hubo emoci\u00f3n, buen juego e igualdad en todos los set. Azpiroz y Larra\u00f1aga sellaban el pase a la siguiente ronda en el primer set ganando 11-15. El premio pod\u00eda ser mayor y fueron a por ello a pesar de que en el segundo set reaccionaron Barrenetxea y Juanenea ganando 15-12. <\/p>\n\n\n\n<p>Todo qued\u00f3 por decidir en el desempate y ah\u00ed los azules estuvieron m\u00e1s acertados en los tantos decisivos para llevar la victoria por 3-5.\u00a0Destacaron los delanteros. Fueron los grandes protagonistas con los zagueros que aguantaban, pero sin arriesgar. En los dos primeros set Azpiroz y Barrenetxea hac\u00edan 17 tantos por cabeza. La t\u00f3nica se acentuaba en el desempate, ya que los delanteros hicieron todos los tantos. Barrenetxea hac\u00eda los tres de los colorados y Azpiroz los cinco de los azules.<\/p>\n\n\n\n<p>En el segundo partido Aldabe y Urriza necesitaban dejar en quince tantos a Segurola y Juanenea y casi lo lograron. Tras un primer set m\u00e1s igualado y en el que los colorados ganaban 15-12, en el segundo set llegaron los nervios para los azules. En el mejor d\u00eda de Urriza y en el peor de de Ansa II a punto estuvieron de quedarse fuera los azules, pero al final hicieron el cuarto tanto que les dejaba en cero puntos, sin sumar en negativo, y les dio el pase a pesar de perder el primer puesto que les met\u00eda directos a la final.<\/p>\n\n\n\n<p>\u00a0En el primer partido del festival, del grupo B, Loitegi y Aiestaran ganaron 1-2 en un buen partido a Irazu y Zubiri. Los ganadores fueron la pareja que m\u00e1s p\u00fablico llev\u00f3 a Galarreta y se clasificaron a la final con un buen Aiestaran. El primer set terminaba 15-13, pero los azules daban vuelta al partido ganando en el segundo 11-15 y 1-5 en el desempate.<\/p>\n\n\n\n<p><strong>Clasificaci\u00f3n\u00a0<br><\/strong>1. Azpiroz-Larra\u00f1aga 7 puntos<br>2. Segurola-Ansa 6 puntos<br>3. Barrenetxea-Juanenea 6 puntos<br>4. Aldabe-Urriza 5 puntos<\/p>\n","protected":false},"excerpt":{"rendered":"<p>La liguilla del Jai Alai Summer Season termin\u00f3 ayer de madrugada en Galarreta y salt\u00f3 cierta sorpresa. La victoria de Azpiroz-Larra\u00f1aga por 1-2 ante Barrenetxea y Juanenea con parciales de 11-15, 15-12 y 3-5, unido a la derrota de Segurola-Ansa II por 15-12 y 15-4 ante Aldabe-Urriza les otorg\u00f3 el pase directo a la final. [&hellip;]<\/p>\n","protected":false},"author":5,"featured_media":7271,"comment_status":"closed","ping_status":"open","sticky":false,"template":"","format":"standard","meta":{"_et_pb_use_builder":"off","_et_pb_old_content":"","_et_gb_content_width":"","footnotes":""},"categories":[1],"tags":[],"yoast_head":"<!-- This site is optimized with the Yoast SEO plugin v21.8 - https:\/\/yoast.com\/wordpress\/plugins\/seo\/ -->\n<title>Azpiroz y Larra\u00f1aga se clasifican a la final y Aldabe y Urriza quedan eliminados a pesar de la victoria | Oriamendi 2010<\/title>\n<meta name=\"robots\" content=\"index, follow, max-snippet:-1, max-image-preview:large, max-video-preview:-1\" \/>\n<link rel=\"canonical\" href=\"https:\/\/oriamendi.eus\/es\/2023\/07\/09\/azpiroz-y-larranaga-se-clasifican-a-la-final-y-aldabe-y-urriza-quedan-eliminados-a-pesar-de-la-victoria\/\" \/>\n<meta property=\"og:locale\" content=\"es_ES\" \/>\n<meta property=\"og:type\" content=\"article\" \/>\n<meta property=\"og:title\" content=\"Azpiroz y Larra\u00f1aga se clasifican a la final y Aldabe y Urriza quedan eliminados a pesar de la victoria | Oriamendi 2010\" \/>\n<meta property=\"og:description\" content=\"La liguilla del Jai Alai Summer Season termin\u00f3 ayer de madrugada en Galarreta y salt\u00f3 cierta sorpresa. La victoria de Azpiroz-Larra\u00f1aga por 1-2 ante Barrenetxea y Juanenea con parciales de 11-15, 15-12 y 3-5, unido a la derrota de Segurola-Ansa II por 15-12 y 15-4 ante Aldabe-Urriza les otorg\u00f3 el pase directo a la final. [&hellip;]\" \/>\n<meta property=\"og:url\" content=\"https:\/\/oriamendi.eus\/es\/2023\/07\/09\/azpiroz-y-larranaga-se-clasifican-a-la-final-y-aldabe-y-urriza-quedan-eliminados-a-pesar-de-la-victoria\/\" \/>\n<meta property=\"og:site_name\" content=\"Oriamendi 2010\" \/>\n<meta property=\"article:publisher\" content=\"https:\/\/www.facebook.com\/oriamendi2010remonte\/\" \/>\n<meta property=\"article:published_time\" content=\"2023-07-09T08:19:15+00:00\" \/>\n<meta property=\"article:modified_time\" content=\"2023-07-09T08:19:17+00:00\" \/>\n<meta property=\"og:image\" content=\"https:\/\/oriamendi.eus\/wp-content\/uploads\/2023\/06\/IMG_20230628_191116_2000_x_1333_pixel.jpg\" \/>\n\t<meta property=\"og:image:width\" content=\"1200\" \/>\n\t<meta property=\"og:image:height\" content=\"800\" \/>\n\t<meta property=\"og:image:type\" content=\"image\/jpeg\" \/>\n<meta name=\"author\" content=\"I\u00f1igo Go\u00f1i\" \/>\n<meta name=\"twitter:card\" content=\"summary_large_image\" \/>\n<meta name=\"twitter:creator\" content=\"@oriamendi2010\" \/>\n<meta name=\"twitter:site\" content=\"@oriamendi2010\" \/>\n<meta name=\"twitter:label1\" content=\"Escrito por\" \/>\n\t<meta name=\"twitter:data1\" content=\"I\u00f1igo Go\u00f1i\" \/>\n\t<meta name=\"twitter:label2\" content=\"Tiempo de lectura\" \/>\n\t<meta name=\"twitter:data2\" content=\"3 minutos\" \/>\n<script type=\"application\/ld+json\" class=\"yoast-schema-graph\">{\"@context\":\"https:\/\/schema.org\",\"@graph\":[{\"@type\":\"Article\",\"@id\":\"https:\/\/oriamendi.eus\/es\/2023\/07\/09\/azpiroz-y-larranaga-se-clasifican-a-la-final-y-aldabe-y-urriza-quedan-eliminados-a-pesar-de-la-victoria\/#article\",\"isPartOf\":{\"@id\":\"https:\/\/oriamendi.eus\/es\/2023\/07\/09\/azpiroz-y-larranaga-se-clasifican-a-la-final-y-aldabe-y-urriza-quedan-eliminados-a-pesar-de-la-victoria\/\"},\"author\":{\"name\":\"I\u00f1igo Go\u00f1i\",\"@id\":\"https:\/\/oriamendi.eus\/es\/#\/schema\/person\/c0bd06c6c747674306a5c82563e2339a\"},\"headline\":\"Azpiroz y Larra\u00f1aga se clasifican a la final y Aldabe y Urriza quedan eliminados a pesar de la victoria\",\"datePublished\":\"2023-07-09T08:19:15+00:00\",\"dateModified\":\"2023-07-09T08:19:17+00:00\",\"mainEntityOfPage\":{\"@id\":\"https:\/\/oriamendi.eus\/es\/2023\/07\/09\/azpiroz-y-larranaga-se-clasifican-a-la-final-y-aldabe-y-urriza-quedan-eliminados-a-pesar-de-la-victoria\/\"},\"wordCount\":553,\"publisher\":{\"@id\":\"https:\/\/oriamendi.eus\/es\/#organization\"},\"articleSection\":[\"Sin categorizar\"],\"inLanguage\":\"es\"},{\"@type\":\"WebPage\",\"@id\":\"https:\/\/oriamendi.eus\/es\/2023\/07\/09\/azpiroz-y-larranaga-se-clasifican-a-la-final-y-aldabe-y-urriza-quedan-eliminados-a-pesar-de-la-victoria\/\",\"url\":\"https:\/\/oriamendi.eus\/es\/2023\/07\/09\/azpiroz-y-larranaga-se-clasifican-a-la-final-y-aldabe-y-urriza-quedan-eliminados-a-pesar-de-la-victoria\/\",\"name\":\"Azpiroz y Larra\u00f1aga se clasifican a la final y Aldabe y Urriza quedan eliminados a pesar de la victoria | Oriamendi 2010\",\"isPartOf\":{\"@id\":\"https:\/\/oriamendi.eus\/es\/#website\"},\"datePublished\":\"2023-07-09T08:19:15+00:00\",\"dateModified\":\"2023-07-09T08:19:17+00:00\",\"breadcrumb\":{\"@id\":\"https:\/\/oriamendi.eus\/es\/2023\/07\/09\/azpiroz-y-larranaga-se-clasifican-a-la-final-y-aldabe-y-urriza-quedan-eliminados-a-pesar-de-la-victoria\/#breadcrumb\"},\"inLanguage\":\"es\",\"potentialAction\":[{\"@type\":\"ReadAction\",\"target\":[\"https:\/\/oriamendi.eus\/es\/2023\/07\/09\/azpiroz-y-larranaga-se-clasifican-a-la-final-y-aldabe-y-urriza-quedan-eliminados-a-pesar-de-la-victoria\/\"]}]},{\"@type\":\"BreadcrumbList\",\"@id\":\"https:\/\/oriamendi.eus\/es\/2023\/07\/09\/azpiroz-y-larranaga-se-clasifican-a-la-final-y-aldabe-y-urriza-quedan-eliminados-a-pesar-de-la-victoria\/#breadcrumb\",\"itemListElement\":[{\"@type\":\"ListItem\",\"position\":1,\"name\":\"Portada\",\"item\":\"https:\/\/oriamendi.eus\/es\/\"},{\"@type\":\"ListItem\",\"position\":2,\"name\":\"Azpiroz y Larra\u00f1aga se clasifican a la final y Aldabe y Urriza quedan eliminados a pesar de la victoria\"}]},{\"@type\":\"WebSite\",\"@id\":\"https:\/\/oriamendi.eus\/es\/#website\",\"url\":\"https:\/\/oriamendi.eus\/es\/\",\"name\":\"Oriamendi\",\"description\":\"Remonte en Galarreta. Hernani. Gipuzkoa\",\"publisher\":{\"@id\":\"https:\/\/oriamendi.eus\/es\/#organization\"},\"potentialAction\":[{\"@type\":\"SearchAction\",\"target\":{\"@type\":\"EntryPoint\",\"urlTemplate\":\"https:\/\/oriamendi.eus\/es\/?s={search_term_string}\"},\"query-input\":\"required name=search_term_string\"}],\"inLanguage\":\"es\"},{\"@type\":\"Organization\",\"@id\":\"https:\/\/oriamendi.eus\/es\/#organization\",\"name\":\"Oriamendi\",\"url\":\"https:\/\/oriamendi.eus\/es\/\",\"logo\":{\"@type\":\"ImageObject\",\"inLanguage\":\"es\",\"@id\":\"https:\/\/oriamendi.eus\/es\/#\/schema\/logo\/image\/\",\"url\":\"https:\/\/oriamendi.eus\/wp-content\/uploads\/2020\/06\/logo-oriamendi.png\",\"contentUrl\":\"https:\/\/oriamendi.eus\/wp-content\/uploads\/2020\/06\/logo-oriamendi.png\",\"width\":300,\"height\":90,\"caption\":\"Oriamendi\"},\"image\":{\"@id\":\"https:\/\/oriamendi.eus\/es\/#\/schema\/logo\/image\/\"},\"sameAs\":[\"https:\/\/www.facebook.com\/oriamendi2010remonte\/\",\"https:\/\/twitter.com\/oriamendi2010\",\"https:\/\/www.instagram.com\/galarretajaialai\/\",\"https:\/\/www.youtube.com\/channel\/UC8gVNzQqB1iwnC-_rI-ihmA\/featured\"]},{\"@type\":\"Person\",\"@id\":\"https:\/\/oriamendi.eus\/es\/#\/schema\/person\/c0bd06c6c747674306a5c82563e2339a\",\"name\":\"I\u00f1igo Go\u00f1i\",\"image\":{\"@type\":\"ImageObject\",\"inLanguage\":\"es\",\"@id\":\"https:\/\/oriamendi.eus\/es\/#\/schema\/person\/image\/\",\"url\":\"https:\/\/secure.gravatar.com\/avatar\/fbb07ffc7b803bbfcc2b6419c06abd3a?s=96&d=mm&r=g\",\"contentUrl\":\"https:\/\/secure.gravatar.com\/avatar\/fbb07ffc7b803bbfcc2b6419c06abd3a?s=96&d=mm&r=g\",\"caption\":\"I\u00f1igo Go\u00f1i\"},\"url\":\"https:\/\/oriamendi.eus\/es\/author\/om-berriak\/\"}]}<\/script>\n<!-- \/ Yoast SEO plugin. -->","yoast_head_json":{"title":"Azpiroz y Larra\u00f1aga se clasifican a la final y Aldabe y Urriza quedan eliminados a pesar de la victoria | Oriamendi 2010","robots":{"index":"index","follow":"follow","max-snippet":"max-snippet:-1","max-image-preview":"max-image-preview:large","max-video-preview":"max-video-preview:-1"},"canonical":"https:\/\/oriamendi.eus\/es\/2023\/07\/09\/azpiroz-y-larranaga-se-clasifican-a-la-final-y-aldabe-y-urriza-quedan-eliminados-a-pesar-de-la-victoria\/","og_locale":"es_ES","og_type":"article","og_title":"Azpiroz y Larra\u00f1aga se clasifican a la final y Aldabe y Urriza quedan eliminados a pesar de la victoria | Oriamendi 2010","og_description":"La liguilla del Jai Alai Summer Season termin\u00f3 ayer de madrugada en Galarreta y salt\u00f3 cierta sorpresa. La victoria de Azpiroz-Larra\u00f1aga por 1-2 ante Barrenetxea y Juanenea con parciales de 11-15, 15-12 y 3-5, unido a la derrota de Segurola-Ansa II por 15-12 y 15-4 ante Aldabe-Urriza les otorg\u00f3 el pase directo a la final. [&hellip;]","og_url":"https:\/\/oriamendi.eus\/es\/2023\/07\/09\/azpiroz-y-larranaga-se-clasifican-a-la-final-y-aldabe-y-urriza-quedan-eliminados-a-pesar-de-la-victoria\/","og_site_name":"Oriamendi 2010","article_publisher":"https:\/\/www.facebook.com\/oriamendi2010remonte\/","article_published_time":"2023-07-09T08:19:15+00:00","article_modified_time":"2023-07-09T08:19:17+00:00","og_image":[{"width":1200,"height":800,"url":"https:\/\/oriamendi.eus\/wp-content\/uploads\/2023\/06\/IMG_20230628_191116_2000_x_1333_pixel.jpg","type":"image\/jpeg"}],"author":"I\u00f1igo Go\u00f1i","twitter_card":"summary_large_image","twitter_creator":"@oriamendi2010","twitter_site":"@oriamendi2010","twitter_misc":{"Escrito por":"I\u00f1igo Go\u00f1i","Tiempo de lectura":"3 minutos"},"schema":{"@context":"https:\/\/schema.org","@graph":[{"@type":"Article","@id":"https:\/\/oriamendi.eus\/es\/2023\/07\/09\/azpiroz-y-larranaga-se-clasifican-a-la-final-y-aldabe-y-urriza-quedan-eliminados-a-pesar-de-la-victoria\/#article","isPartOf":{"@id":"https:\/\/oriamendi.eus\/es\/2023\/07\/09\/azpiroz-y-larranaga-se-clasifican-a-la-final-y-aldabe-y-urriza-quedan-eliminados-a-pesar-de-la-victoria\/"},"author":{"name":"I\u00f1igo Go\u00f1i","@id":"https:\/\/oriamendi.eus\/es\/#\/schema\/person\/c0bd06c6c747674306a5c82563e2339a"},"headline":"Azpiroz y Larra\u00f1aga se clasifican a la final y Aldabe y Urriza quedan eliminados a pesar de la victoria","datePublished":"2023-07-09T08:19:15+00:00","dateModified":"2023-07-09T08:19:17+00:00","mainEntityOfPage":{"@id":"https:\/\/oriamendi.eus\/es\/2023\/07\/09\/azpiroz-y-larranaga-se-clasifican-a-la-final-y-aldabe-y-urriza-quedan-eliminados-a-pesar-de-la-victoria\/"},"wordCount":553,"publisher":{"@id":"https:\/\/oriamendi.eus\/es\/#organization"},"articleSection":["Sin categorizar"],"inLanguage":"es"},{"@type":"WebPage","@id":"https:\/\/oriamendi.eus\/es\/2023\/07\/09\/azpiroz-y-larranaga-se-clasifican-a-la-final-y-aldabe-y-urriza-quedan-eliminados-a-pesar-de-la-victoria\/","url":"https:\/\/oriamendi.eus\/es\/2023\/07\/09\/azpiroz-y-larranaga-se-clasifican-a-la-final-y-aldabe-y-urriza-quedan-eliminados-a-pesar-de-la-victoria\/","name":"Azpiroz y Larra\u00f1aga se clasifican a la final y Aldabe y Urriza quedan eliminados a pesar de la victoria | Oriamendi 2010","isPartOf":{"@id":"https:\/\/oriamendi.eus\/es\/#website"},"datePublished":"2023-07-09T08:19:15+00:00","dateModified":"2023-07-09T08:19:17+00:00","breadcrumb":{"@id":"https:\/\/oriamendi.eus\/es\/2023\/07\/09\/azpiroz-y-larranaga-se-clasifican-a-la-final-y-aldabe-y-urriza-quedan-eliminados-a-pesar-de-la-victoria\/#breadcrumb"},"inLanguage":"es","potentialAction":[{"@type":"ReadAction","target":["https:\/\/oriamendi.eus\/es\/2023\/07\/09\/azpiroz-y-larranaga-se-clasifican-a-la-final-y-aldabe-y-urriza-quedan-eliminados-a-pesar-de-la-victoria\/"]}]},{"@type":"BreadcrumbList","@id":"https:\/\/oriamendi.eus\/es\/2023\/07\/09\/azpiroz-y-larranaga-se-clasifican-a-la-final-y-aldabe-y-urriza-quedan-eliminados-a-pesar-de-la-victoria\/#breadcrumb","itemListElement":[{"@type":"ListItem","position":1,"name":"Portada","item":"https:\/\/oriamendi.eus\/es\/"},{"@type":"ListItem","position":2,"name":"Azpiroz y Larra\u00f1aga se clasifican a la final y Aldabe y Urriza quedan eliminados a pesar de la victoria"}]},{"@type":"WebSite","@id":"https:\/\/oriamendi.eus\/es\/#website","url":"https:\/\/oriamendi.eus\/es\/","name":"Oriamendi","description":"Remonte en Galarreta. Hernani. Gipuzkoa","publisher":{"@id":"https:\/\/oriamendi.eus\/es\/#organization"},"potentialAction":[{"@type":"SearchAction","target":{"@type":"EntryPoint","urlTemplate":"https:\/\/oriamendi.eus\/es\/?s={search_term_string}"},"query-input":"required name=search_term_string"}],"inLanguage":"es"},{"@type":"Organization","@id":"https:\/\/oriamendi.eus\/es\/#organization","name":"Oriamendi","url":"https:\/\/oriamendi.eus\/es\/","logo":{"@type":"ImageObject","inLanguage":"es","@id":"https:\/\/oriamendi.eus\/es\/#\/schema\/logo\/image\/","url":"https:\/\/oriamendi.eus\/wp-content\/uploads\/2020\/06\/logo-oriamendi.png","contentUrl":"https:\/\/oriamendi.eus\/wp-content\/uploads\/2020\/06\/logo-oriamendi.png","width":300,"height":90,"caption":"Oriamendi"},"image":{"@id":"https:\/\/oriamendi.eus\/es\/#\/schema\/logo\/image\/"},"sameAs":["https:\/\/www.facebook.com\/oriamendi2010remonte\/","https:\/\/twitter.com\/oriamendi2010","https:\/\/www.instagram.com\/galarretajaialai\/","https:\/\/www.youtube.com\/channel\/UC8gVNzQqB1iwnC-_rI-ihmA\/featured"]},{"@type":"Person","@id":"https:\/\/oriamendi.eus\/es\/#\/schema\/person\/c0bd06c6c747674306a5c82563e2339a","name":"I\u00f1igo Go\u00f1i","image":{"@type":"ImageObject","inLanguage":"es","@id":"https:\/\/oriamendi.eus\/es\/#\/schema\/person\/image\/","url":"https:\/\/secure.gravatar.com\/avatar\/fbb07ffc7b803bbfcc2b6419c06abd3a?s=96&d=mm&r=g","contentUrl":"https:\/\/secure.gravatar.com\/avatar\/fbb07ffc7b803bbfcc2b6419c06abd3a?s=96&d=mm&r=g","caption":"I\u00f1igo Go\u00f1i"},"url":"https:\/\/oriamendi.eus\/es\/author\/om-berriak\/"}]}},"_links":{"self":[{"href":"https:\/\/oriamendi.eus\/es\/wp-json\/wp\/v2\/posts\/7295"}],"collection":[{"href":"https:\/\/oriamendi.eus\/es\/wp-json\/wp\/v2\/posts"}],"about":[{"href":"https:\/\/oriamendi.eus\/es\/wp-json\/wp\/v2\/types\/post"}],"author":[{"embeddable":true,"href":"https:\/\/oriamendi.eus\/es\/wp-json\/wp\/v2\/users\/5"}],"replies":[{"embeddable":true,"href":"https:\/\/oriamendi.eus\/es\/wp-json\/wp\/v2\/comments?post=7295"}],"version-history":[{"count":1,"href":"https:\/\/oriamendi.eus\/es\/wp-json\/wp\/v2\/posts\/7295\/revisions"}],"predecessor-version":[{"id":7296,"href":"https:\/\/oriamendi.eus\/es\/wp-json\/wp\/v2\/posts\/7295\/revisions\/7296"}],"wp:featuredmedia":[{"embeddable":true,"href":"https:\/\/oriamendi.eus\/es\/wp-json\/wp\/v2\/media\/7271"}],"wp:attachment":[{"href":"https:\/\/oriamendi.eus\/es\/wp-json\/wp\/v2\/media?parent=7295"}],"wp:term":[{"taxonomy":"category","embeddable":true,"href":"https:\/\/oriamendi.eus\/es\/wp-json\/wp\/v2\/categories?post=7295"},{"taxonomy":"post_tag","embeddable":true,"href":"https:\/\/oriamendi.eus\/es\/wp-json\/wp\/v2\/tags?post=7295"}],"curies":[{"name":"wp","href":"https:\/\/api.w.org\/{rel}","templated":true}]}}