                                        
                                        
                                        
                                        
                                        
                                        
                                        
                                        
                                        
                                        
                                        
                                        
                                        
                                        
                                        
                                        
                                        
                                        
{"id":7291,"date":"2023-07-07T11:54:00","date_gmt":"2023-07-07T09:54:00","guid":{"rendered":"https:\/\/oriamendi.eus\/?p=7291"},"modified":"2023-07-07T11:54:04","modified_gmt":"2023-07-07T09:54:04","slug":"aldabe-y-urriza-al-borde-de-la-eliminacion-del-jai-alai-summer-season","status":"publish","type":"post","link":"https:\/\/oriamendi.eus\/es\/2023\/07\/07\/aldabe-y-urriza-al-borde-de-la-eliminacion-del-jai-alai-summer-season\/","title":{"rendered":"Aldabe y Urriza al borde de la eliminaci\u00f3n del Jai Alai Summer Season"},"content":{"rendered":"\n<p><strong>Perdieron 1-2 ante Azpiroz y Larra\u00f1aga y Segurola-Ansa II tambi\u00e9n ganan 1-2 a Barrenetxea IV-Juanenea<\/strong><\/p>\n\n\n\n<p>La segunda jornada del Jai Alai Summer Season dej\u00f3 a Aldabe y Urriza al borde de la eliminaci\u00f3n despu\u00e9s de perder 1-2 ante Azpiroz y Larra\u00f1aga en un partido de muchas alternativas.\u00a0<\/p>\n\n\n\n<p>En el primer set Azpiroz y Larra\u00f1aga jugaron muy bien y se impusieron con autoridad, 6-15 a Aldabe y Urriza. En el segundo set cambi\u00f3 la decoraci\u00f3n del partido por completo y con los colorados desbocados endosaron un 15-3 a los azules para poner el empate a uno. En el desempate tambi\u00e9n hubo una vuelta importante. Aldabe y Urriza se adelantaron 3-1, pero un parcial de 0-4 con Azpiroz muy enchufado dio la victoria por 3-5 a los azules.<\/p>\n\n\n\n<p>El segundo partido fue casi id\u00e9ntico al primero. En el primer set Barrenetxea y Juanenea se adelantaban con facilidad 1-0 con un parcial de 15-6, pero Ansa y Segurola se enchufaban en el segundo set para empatar el duelo con otro parcial claro de 5-15.<\/p>\n\n\n\n<p>El set de desempate fue el mejor visto hasta la fecha. Se jug\u00f3 un gran remonte con los cuatro pelotaris al m\u00e1ximo y con nueve tantos de bella factura y jugados de poder a poder. Aqu\u00ed tambi\u00e9n se adelantaron los colorados 3-1, pero empataron a cuatro y en el \u00faltimo tanto Juanenea fue con todo a terminar el partido pero la pelota se le fue fuera.<\/p>\n\n\n\n<p>Con estos resultados Aldabe y Urriza necesitan ganar 2-0 a Segurola y Ansa en la tercera jornada del s\u00e1bado a la noche y tambi\u00e9n necesitan\u00a0 Barrenetxea y Juanenea ganan 2-0 a Azpiroz y Larra\u00f1aga. Por lo dem\u00e1s el finalista y los semifinalistas est\u00e1n por decidir.<\/p>\n\n\n\n<p><strong>Clasificaci\u00f3n\u00a0<\/strong><\/p>\n\n\n\n<p>1. Segurola-Ansa 6 puntos<br>2. Barrenetxea-Juanenea 5 puntos<br>3. Azpiroz-Larra\u00f1aga 4 puntos<br>4. Aldabe-Urriza 1 punto<\/p>\n","protected":false},"excerpt":{"rendered":"<p>Perdieron 1-2 ante Azpiroz y Larra\u00f1aga y Segurola-Ansa II tambi\u00e9n ganan 1-2 a Barrenetxea IV-Juanenea La segunda jornada del Jai Alai Summer Season dej\u00f3 a Aldabe y Urriza al borde de la eliminaci\u00f3n despu\u00e9s de perder 1-2 ante Azpiroz y Larra\u00f1aga en un partido de muchas alternativas.\u00a0 En el primer set Azpiroz y Larra\u00f1aga jugaron [&hellip;]<\/p>\n","protected":false},"author":5,"featured_media":7269,"comment_status":"closed","ping_status":"open","sticky":false,"template":"","format":"standard","meta":{"_et_pb_use_builder":"off","_et_pb_old_content":"","_et_gb_content_width":"","footnotes":""},"categories":[1],"tags":[],"yoast_head":"<!-- This site is optimized with the Yoast SEO plugin v21.8 - https:\/\/yoast.com\/wordpress\/plugins\/seo\/ -->\n<title>Aldabe y Urriza al borde de la eliminaci\u00f3n del Jai Alai Summer Season | Oriamendi 2010<\/title>\n<meta name=\"robots\" content=\"index, follow, max-snippet:-1, max-image-preview:large, max-video-preview:-1\" \/>\n<link rel=\"canonical\" href=\"https:\/\/oriamendi.eus\/es\/2023\/07\/07\/aldabe-y-urriza-al-borde-de-la-eliminacion-del-jai-alai-summer-season\/\" \/>\n<meta property=\"og:locale\" content=\"es_ES\" \/>\n<meta property=\"og:type\" content=\"article\" \/>\n<meta property=\"og:title\" content=\"Aldabe y Urriza al borde de la eliminaci\u00f3n del Jai Alai Summer Season | Oriamendi 2010\" \/>\n<meta property=\"og:description\" content=\"Perdieron 1-2 ante Azpiroz y Larra\u00f1aga y Segurola-Ansa II tambi\u00e9n ganan 1-2 a Barrenetxea IV-Juanenea La segunda jornada del Jai Alai Summer Season dej\u00f3 a Aldabe y Urriza al borde de la eliminaci\u00f3n despu\u00e9s de perder 1-2 ante Azpiroz y Larra\u00f1aga en un partido de muchas alternativas.\u00a0 En el primer set Azpiroz y Larra\u00f1aga jugaron [&hellip;]\" \/>\n<meta property=\"og:url\" content=\"https:\/\/oriamendi.eus\/es\/2023\/07\/07\/aldabe-y-urriza-al-borde-de-la-eliminacion-del-jai-alai-summer-season\/\" \/>\n<meta property=\"og:site_name\" content=\"Oriamendi 2010\" \/>\n<meta property=\"article:publisher\" content=\"https:\/\/www.facebook.com\/oriamendi2010remonte\/\" \/>\n<meta property=\"article:published_time\" content=\"2023-07-07T09:54:00+00:00\" \/>\n<meta property=\"article:modified_time\" content=\"2023-07-07T09:54:04+00:00\" \/>\n<meta property=\"og:image\" content=\"https:\/\/oriamendi.eus\/wp-content\/uploads\/2023\/06\/IMG_20230628_191109_2000_x_1333_pixel.jpg\" \/>\n\t<meta property=\"og:image:width\" content=\"1200\" \/>\n\t<meta property=\"og:image:height\" content=\"800\" \/>\n\t<meta property=\"og:image:type\" content=\"image\/jpeg\" \/>\n<meta name=\"author\" content=\"I\u00f1igo Go\u00f1i\" \/>\n<meta name=\"twitter:card\" content=\"summary_large_image\" \/>\n<meta name=\"twitter:creator\" content=\"@oriamendi2010\" \/>\n<meta name=\"twitter:site\" content=\"@oriamendi2010\" \/>\n<meta name=\"twitter:label1\" content=\"Escrito por\" \/>\n\t<meta name=\"twitter:data1\" content=\"I\u00f1igo Go\u00f1i\" \/>\n\t<meta name=\"twitter:label2\" content=\"Tiempo de lectura\" \/>\n\t<meta name=\"twitter:data2\" content=\"2 minutos\" \/>\n<script type=\"application\/ld+json\" class=\"yoast-schema-graph\">{\"@context\":\"https:\/\/schema.org\",\"@graph\":[{\"@type\":\"Article\",\"@id\":\"https:\/\/oriamendi.eus\/es\/2023\/07\/07\/aldabe-y-urriza-al-borde-de-la-eliminacion-del-jai-alai-summer-season\/#article\",\"isPartOf\":{\"@id\":\"https:\/\/oriamendi.eus\/es\/2023\/07\/07\/aldabe-y-urriza-al-borde-de-la-eliminacion-del-jai-alai-summer-season\/\"},\"author\":{\"name\":\"I\u00f1igo Go\u00f1i\",\"@id\":\"https:\/\/oriamendi.eus\/es\/#\/schema\/person\/c0bd06c6c747674306a5c82563e2339a\"},\"headline\":\"Aldabe y Urriza al borde de la eliminaci\u00f3n del Jai Alai Summer Season\",\"datePublished\":\"2023-07-07T09:54:00+00:00\",\"dateModified\":\"2023-07-07T09:54:04+00:00\",\"mainEntityOfPage\":{\"@id\":\"https:\/\/oriamendi.eus\/es\/2023\/07\/07\/aldabe-y-urriza-al-borde-de-la-eliminacion-del-jai-alai-summer-season\/\"},\"wordCount\":323,\"publisher\":{\"@id\":\"https:\/\/oriamendi.eus\/es\/#organization\"},\"articleSection\":[\"Sin categorizar\"],\"inLanguage\":\"es\"},{\"@type\":\"WebPage\",\"@id\":\"https:\/\/oriamendi.eus\/es\/2023\/07\/07\/aldabe-y-urriza-al-borde-de-la-eliminacion-del-jai-alai-summer-season\/\",\"url\":\"https:\/\/oriamendi.eus\/es\/2023\/07\/07\/aldabe-y-urriza-al-borde-de-la-eliminacion-del-jai-alai-summer-season\/\",\"name\":\"Aldabe y Urriza al borde de la eliminaci\u00f3n del Jai Alai Summer Season | Oriamendi 2010\",\"isPartOf\":{\"@id\":\"https:\/\/oriamendi.eus\/es\/#website\"},\"datePublished\":\"2023-07-07T09:54:00+00:00\",\"dateModified\":\"2023-07-07T09:54:04+00:00\",\"breadcrumb\":{\"@id\":\"https:\/\/oriamendi.eus\/es\/2023\/07\/07\/aldabe-y-urriza-al-borde-de-la-eliminacion-del-jai-alai-summer-season\/#breadcrumb\"},\"inLanguage\":\"es\",\"potentialAction\":[{\"@type\":\"ReadAction\",\"target\":[\"https:\/\/oriamendi.eus\/es\/2023\/07\/07\/aldabe-y-urriza-al-borde-de-la-eliminacion-del-jai-alai-summer-season\/\"]}]},{\"@type\":\"BreadcrumbList\",\"@id\":\"https:\/\/oriamendi.eus\/es\/2023\/07\/07\/aldabe-y-urriza-al-borde-de-la-eliminacion-del-jai-alai-summer-season\/#breadcrumb\",\"itemListElement\":[{\"@type\":\"ListItem\",\"position\":1,\"name\":\"Portada\",\"item\":\"https:\/\/oriamendi.eus\/es\/\"},{\"@type\":\"ListItem\",\"position\":2,\"name\":\"Aldabe y Urriza al borde de la eliminaci\u00f3n del Jai Alai Summer Season\"}]},{\"@type\":\"WebSite\",\"@id\":\"https:\/\/oriamendi.eus\/es\/#website\",\"url\":\"https:\/\/oriamendi.eus\/es\/\",\"name\":\"Oriamendi\",\"description\":\"Remonte en Galarreta. Hernani. Gipuzkoa\",\"publisher\":{\"@id\":\"https:\/\/oriamendi.eus\/es\/#organization\"},\"potentialAction\":[{\"@type\":\"SearchAction\",\"target\":{\"@type\":\"EntryPoint\",\"urlTemplate\":\"https:\/\/oriamendi.eus\/es\/?s={search_term_string}\"},\"query-input\":\"required name=search_term_string\"}],\"inLanguage\":\"es\"},{\"@type\":\"Organization\",\"@id\":\"https:\/\/oriamendi.eus\/es\/#organization\",\"name\":\"Oriamendi\",\"url\":\"https:\/\/oriamendi.eus\/es\/\",\"logo\":{\"@type\":\"ImageObject\",\"inLanguage\":\"es\",\"@id\":\"https:\/\/oriamendi.eus\/es\/#\/schema\/logo\/image\/\",\"url\":\"https:\/\/oriamendi.eus\/wp-content\/uploads\/2020\/06\/logo-oriamendi.png\",\"contentUrl\":\"https:\/\/oriamendi.eus\/wp-content\/uploads\/2020\/06\/logo-oriamendi.png\",\"width\":300,\"height\":90,\"caption\":\"Oriamendi\"},\"image\":{\"@id\":\"https:\/\/oriamendi.eus\/es\/#\/schema\/logo\/image\/\"},\"sameAs\":[\"https:\/\/www.facebook.com\/oriamendi2010remonte\/\",\"https:\/\/twitter.com\/oriamendi2010\",\"https:\/\/www.instagram.com\/galarretajaialai\/\",\"https:\/\/www.youtube.com\/channel\/UC8gVNzQqB1iwnC-_rI-ihmA\/featured\"]},{\"@type\":\"Person\",\"@id\":\"https:\/\/oriamendi.eus\/es\/#\/schema\/person\/c0bd06c6c747674306a5c82563e2339a\",\"name\":\"I\u00f1igo Go\u00f1i\",\"image\":{\"@type\":\"ImageObject\",\"inLanguage\":\"es\",\"@id\":\"https:\/\/oriamendi.eus\/es\/#\/schema\/person\/image\/\",\"url\":\"https:\/\/secure.gravatar.com\/avatar\/fbb07ffc7b803bbfcc2b6419c06abd3a?s=96&d=mm&r=g\",\"contentUrl\":\"https:\/\/secure.gravatar.com\/avatar\/fbb07ffc7b803bbfcc2b6419c06abd3a?s=96&d=mm&r=g\",\"caption\":\"I\u00f1igo Go\u00f1i\"},\"url\":\"https:\/\/oriamendi.eus\/es\/author\/om-berriak\/\"}]}<\/script>\n<!-- \/ Yoast SEO plugin. -->","yoast_head_json":{"title":"Aldabe y Urriza al borde de la eliminaci\u00f3n del Jai Alai Summer Season | Oriamendi 2010","robots":{"index":"index","follow":"follow","max-snippet":"max-snippet:-1","max-image-preview":"max-image-preview:large","max-video-preview":"max-video-preview:-1"},"canonical":"https:\/\/oriamendi.eus\/es\/2023\/07\/07\/aldabe-y-urriza-al-borde-de-la-eliminacion-del-jai-alai-summer-season\/","og_locale":"es_ES","og_type":"article","og_title":"Aldabe y Urriza al borde de la eliminaci\u00f3n del Jai Alai Summer Season | Oriamendi 2010","og_description":"Perdieron 1-2 ante Azpiroz y Larra\u00f1aga y Segurola-Ansa II tambi\u00e9n ganan 1-2 a Barrenetxea IV-Juanenea La segunda jornada del Jai Alai Summer Season dej\u00f3 a Aldabe y Urriza al borde de la eliminaci\u00f3n despu\u00e9s de perder 1-2 ante Azpiroz y Larra\u00f1aga en un partido de muchas alternativas.\u00a0 En el primer set Azpiroz y Larra\u00f1aga jugaron [&hellip;]","og_url":"https:\/\/oriamendi.eus\/es\/2023\/07\/07\/aldabe-y-urriza-al-borde-de-la-eliminacion-del-jai-alai-summer-season\/","og_site_name":"Oriamendi 2010","article_publisher":"https:\/\/www.facebook.com\/oriamendi2010remonte\/","article_published_time":"2023-07-07T09:54:00+00:00","article_modified_time":"2023-07-07T09:54:04+00:00","og_image":[{"width":1200,"height":800,"url":"https:\/\/oriamendi.eus\/wp-content\/uploads\/2023\/06\/IMG_20230628_191109_2000_x_1333_pixel.jpg","type":"image\/jpeg"}],"author":"I\u00f1igo Go\u00f1i","twitter_card":"summary_large_image","twitter_creator":"@oriamendi2010","twitter_site":"@oriamendi2010","twitter_misc":{"Escrito por":"I\u00f1igo Go\u00f1i","Tiempo de lectura":"2 minutos"},"schema":{"@context":"https:\/\/schema.org","@graph":[{"@type":"Article","@id":"https:\/\/oriamendi.eus\/es\/2023\/07\/07\/aldabe-y-urriza-al-borde-de-la-eliminacion-del-jai-alai-summer-season\/#article","isPartOf":{"@id":"https:\/\/oriamendi.eus\/es\/2023\/07\/07\/aldabe-y-urriza-al-borde-de-la-eliminacion-del-jai-alai-summer-season\/"},"author":{"name":"I\u00f1igo Go\u00f1i","@id":"https:\/\/oriamendi.eus\/es\/#\/schema\/person\/c0bd06c6c747674306a5c82563e2339a"},"headline":"Aldabe y Urriza al borde de la eliminaci\u00f3n del Jai Alai Summer Season","datePublished":"2023-07-07T09:54:00+00:00","dateModified":"2023-07-07T09:54:04+00:00","mainEntityOfPage":{"@id":"https:\/\/oriamendi.eus\/es\/2023\/07\/07\/aldabe-y-urriza-al-borde-de-la-eliminacion-del-jai-alai-summer-season\/"},"wordCount":323,"publisher":{"@id":"https:\/\/oriamendi.eus\/es\/#organization"},"articleSection":["Sin categorizar"],"inLanguage":"es"},{"@type":"WebPage","@id":"https:\/\/oriamendi.eus\/es\/2023\/07\/07\/aldabe-y-urriza-al-borde-de-la-eliminacion-del-jai-alai-summer-season\/","url":"https:\/\/oriamendi.eus\/es\/2023\/07\/07\/aldabe-y-urriza-al-borde-de-la-eliminacion-del-jai-alai-summer-season\/","name":"Aldabe y Urriza al borde de la eliminaci\u00f3n del Jai Alai Summer Season | Oriamendi 2010","isPartOf":{"@id":"https:\/\/oriamendi.eus\/es\/#website"},"datePublished":"2023-07-07T09:54:00+00:00","dateModified":"2023-07-07T09:54:04+00:00","breadcrumb":{"@id":"https:\/\/oriamendi.eus\/es\/2023\/07\/07\/aldabe-y-urriza-al-borde-de-la-eliminacion-del-jai-alai-summer-season\/#breadcrumb"},"inLanguage":"es","potentialAction":[{"@type":"ReadAction","target":["https:\/\/oriamendi.eus\/es\/2023\/07\/07\/aldabe-y-urriza-al-borde-de-la-eliminacion-del-jai-alai-summer-season\/"]}]},{"@type":"BreadcrumbList","@id":"https:\/\/oriamendi.eus\/es\/2023\/07\/07\/aldabe-y-urriza-al-borde-de-la-eliminacion-del-jai-alai-summer-season\/#breadcrumb","itemListElement":[{"@type":"ListItem","position":1,"name":"Portada","item":"https:\/\/oriamendi.eus\/es\/"},{"@type":"ListItem","position":2,"name":"Aldabe y Urriza al borde de la eliminaci\u00f3n del Jai Alai Summer Season"}]},{"@type":"WebSite","@id":"https:\/\/oriamendi.eus\/es\/#website","url":"https:\/\/oriamendi.eus\/es\/","name":"Oriamendi","description":"Remonte en Galarreta. Hernani. Gipuzkoa","publisher":{"@id":"https:\/\/oriamendi.eus\/es\/#organization"},"potentialAction":[{"@type":"SearchAction","target":{"@type":"EntryPoint","urlTemplate":"https:\/\/oriamendi.eus\/es\/?s={search_term_string}"},"query-input":"required name=search_term_string"}],"inLanguage":"es"},{"@type":"Organization","@id":"https:\/\/oriamendi.eus\/es\/#organization","name":"Oriamendi","url":"https:\/\/oriamendi.eus\/es\/","logo":{"@type":"ImageObject","inLanguage":"es","@id":"https:\/\/oriamendi.eus\/es\/#\/schema\/logo\/image\/","url":"https:\/\/oriamendi.eus\/wp-content\/uploads\/2020\/06\/logo-oriamendi.png","contentUrl":"https:\/\/oriamendi.eus\/wp-content\/uploads\/2020\/06\/logo-oriamendi.png","width":300,"height":90,"caption":"Oriamendi"},"image":{"@id":"https:\/\/oriamendi.eus\/es\/#\/schema\/logo\/image\/"},"sameAs":["https:\/\/www.facebook.com\/oriamendi2010remonte\/","https:\/\/twitter.com\/oriamendi2010","https:\/\/www.instagram.com\/galarretajaialai\/","https:\/\/www.youtube.com\/channel\/UC8gVNzQqB1iwnC-_rI-ihmA\/featured"]},{"@type":"Person","@id":"https:\/\/oriamendi.eus\/es\/#\/schema\/person\/c0bd06c6c747674306a5c82563e2339a","name":"I\u00f1igo Go\u00f1i","image":{"@type":"ImageObject","inLanguage":"es","@id":"https:\/\/oriamendi.eus\/es\/#\/schema\/person\/image\/","url":"https:\/\/secure.gravatar.com\/avatar\/fbb07ffc7b803bbfcc2b6419c06abd3a?s=96&d=mm&r=g","contentUrl":"https:\/\/secure.gravatar.com\/avatar\/fbb07ffc7b803bbfcc2b6419c06abd3a?s=96&d=mm&r=g","caption":"I\u00f1igo Go\u00f1i"},"url":"https:\/\/oriamendi.eus\/es\/author\/om-berriak\/"}]}},"_links":{"self":[{"href":"https:\/\/oriamendi.eus\/es\/wp-json\/wp\/v2\/posts\/7291"}],"collection":[{"href":"https:\/\/oriamendi.eus\/es\/wp-json\/wp\/v2\/posts"}],"about":[{"href":"https:\/\/oriamendi.eus\/es\/wp-json\/wp\/v2\/types\/post"}],"author":[{"embeddable":true,"href":"https:\/\/oriamendi.eus\/es\/wp-json\/wp\/v2\/users\/5"}],"replies":[{"embeddable":true,"href":"https:\/\/oriamendi.eus\/es\/wp-json\/wp\/v2\/comments?post=7291"}],"version-history":[{"count":1,"href":"https:\/\/oriamendi.eus\/es\/wp-json\/wp\/v2\/posts\/7291\/revisions"}],"predecessor-version":[{"id":7292,"href":"https:\/\/oriamendi.eus\/es\/wp-json\/wp\/v2\/posts\/7291\/revisions\/7292"}],"wp:featuredmedia":[{"embeddable":true,"href":"https:\/\/oriamendi.eus\/es\/wp-json\/wp\/v2\/media\/7269"}],"wp:attachment":[{"href":"https:\/\/oriamendi.eus\/es\/wp-json\/wp\/v2\/media?parent=7291"}],"wp:term":[{"taxonomy":"category","embeddable":true,"href":"https:\/\/oriamendi.eus\/es\/wp-json\/wp\/v2\/categories?post=7291"},{"taxonomy":"post_tag","embeddable":true,"href":"https:\/\/oriamendi.eus\/es\/wp-json\/wp\/v2\/tags?post=7291"}],"curies":[{"name":"wp","href":"https:\/\/api.w.org\/{rel}","templated":true}]}}