                                        
                                        
                                        
                                        
                                        
                                        
                                        
                                        
                                        
                                        
                                        
                                        
                                        
                                        
                                        
                                        
                                        
                                        
{"id":7284,"date":"2023-07-02T10:43:28","date_gmt":"2023-07-02T08:43:28","guid":{"rendered":"https:\/\/oriamendi.eus\/?p=7284"},"modified":"2023-07-02T10:43:31","modified_gmt":"2023-07-02T08:43:31","slug":"barrenetxea-iv-se-desenvuelve-en-la-delantera-como-los-grandes-delanteros","status":"publish","type":"post","link":"https:\/\/oriamendi.eus\/es\/2023\/07\/02\/barrenetxea-iv-se-desenvuelve-en-la-delantera-como-los-grandes-delanteros\/","title":{"rendered":"Barrenetxea IV se desenvuelve en la delantera como los grandes delanteros"},"content":{"rendered":"\n<p><\/p>\n\n\n\n<p><strong>Barrenetxea y Juanenea ganan 0-2 a Aldabe y Urriza, mientras Segurola y Ansa II ganan 2-1 a Azpiroz y Larra\u00f1aga<\/strong><\/p>\n\n\n\n<p><br>El Jai Alai Summer Season de remonte comenz\u00f3 con una velada de buen juego y buen remonte que gust\u00f3 mucho en Galarreta. Destac\u00f3 por encima de todo Barrenetxea IV, quien junto a Juanenea se impusieron 0-2 (13-15, 6-15) a Aldabe y Urriza.<\/p>\n\n\n\n<p>El zaguero hernaniarra reconvertido a delantero en este novedoso campeonato se desenvolvi\u00f3 como los mejores delanteros del remonte. Dio toda una exhibici\u00f3n e hizo tantos de todos los colores, defendi\u00f3 muy bien y se not\u00f3 que lleva toda la semana entrenando duro en los cuadros alegres. Hizo hasta 20 tantos por solo dos fallos cuando el partido ya estaba decidido.\u00a0<\/p>\n\n\n\n<p>El primer set fue el mejor con los cuatro pelotaris enchufados. Atr\u00e1s Juanenea estaba muy seguro y Urriza ayudaba mucho bajando y defendiendo. Barrenetxea con nueve tantos superaba a Aldabe y tras el empate a once y con un tanto de ventaja en el 13-14, los azules cerraban el primer set 13-15.<\/p>\n\n\n\n<p>El segundo no se pareci\u00f3 nada al primero. La superioridad azul fue clara y con Juanenea sacando mejor y con Urriza m\u00e1s est\u00e1tico y sin cubrir tanta cancha, los azules abrieron brecha desde el inicio, 10-1 y cerraron el partido con claridad.\u00a0<\/p>\n\n\n\n<p>El segundo partido fue m\u00e1s igualado. Segurola y Ansa ganaron 2-1 (14-15, 15-13, 5-1) a Azpiroz y Larra\u00f1aga. Salvo en el desempate hubo mucha emoci\u00f3n en los dos primeros set.\u00a0El primero fue muy revoltoso. Azpiroz y Larra\u00f1aga aganaban 7-12, pero Segurola y Ansa dieron la vuelta para ponerse 14-12 por delante, aunque al final otro 0-3 dio la victoria del primer set a los azules por 15-14. Fue un inicio de zagueros m\u00e1s que delanteros, que solo hicieron tres y dos tantos. Atr\u00e1s Ansa hizo muchos tantos, nueve, pero tambi\u00e9n fall\u00f3 m\u00e1s con cuatro pelotas y eso decant\u00f3 el marcador.<\/p>\n\n\n\n<p>En el segundo set Ansa se afianz\u00f3 y eso hizo que los colorados estuvieran m\u00e1s fiables. Fue un segundo set m\u00e1s de delanteros con siete tantos por cabeza. Ansa hizo 6 tantos y un solo error. Hubo empates a diez y a trece y al final los colorados pusieron el empate a uno.<\/p>\n\n\n\n<p>El tercer set no tuvo historia tras el empate a uno, tres tantos de Ansa y dos errores azules decidieron el partido a favor de los colorados.\u00a0 Ansa fue el mejor de los cuatro y golpe\u00f3 la pelota como si fuera un gran zaguero.\u00a0Gust\u00f3 el festival que tuvo buena entrada y un buen ambiente.\u00a0<br><\/p>\n\n\n\n<p><strong>Clasificaci\u00f3n\u00a0<\/strong><\/p>\n\n\n\n<p>1. Barrenetxea-Juanenea 4 puntos<\/p>\n\n\n\n<p>2. Segurola-Ansa 3 puntos<\/p>\n\n\n\n<p>3. Azpiroz-Larra\u00f1aga 1 punto<\/p>\n\n\n\n<p>4. Aldabe-Urriza 0 puntos<\/p>\n","protected":false},"excerpt":{"rendered":"<p>Barrenetxea y Juanenea ganan 0-2 a Aldabe y Urriza, mientras Segurola y Ansa II ganan 2-1 a Azpiroz y Larra\u00f1aga El Jai Alai Summer Season de remonte comenz\u00f3 con una velada de buen juego y buen remonte que gust\u00f3 mucho en Galarreta. Destac\u00f3 por encima de todo Barrenetxea IV, quien junto a Juanenea se impusieron [&hellip;]<\/p>\n","protected":false},"author":5,"featured_media":7286,"comment_status":"closed","ping_status":"open","sticky":false,"template":"","format":"standard","meta":{"_et_pb_use_builder":"off","_et_pb_old_content":"","_et_gb_content_width":"","footnotes":""},"categories":[1],"tags":[],"yoast_head":"<!-- This site is optimized with the Yoast SEO plugin v21.8 - https:\/\/yoast.com\/wordpress\/plugins\/seo\/ -->\n<title>Barrenetxea IV se desenvuelve en la delantera como los grandes delanteros | Oriamendi 2010<\/title>\n<meta name=\"robots\" content=\"index, follow, max-snippet:-1, max-image-preview:large, max-video-preview:-1\" \/>\n<link rel=\"canonical\" href=\"https:\/\/oriamendi.eus\/es\/2023\/07\/02\/barrenetxea-iv-se-desenvuelve-en-la-delantera-como-los-grandes-delanteros\/\" \/>\n<meta property=\"og:locale\" content=\"es_ES\" \/>\n<meta property=\"og:type\" content=\"article\" \/>\n<meta property=\"og:title\" content=\"Barrenetxea IV se desenvuelve en la delantera como los grandes delanteros | Oriamendi 2010\" \/>\n<meta property=\"og:description\" content=\"Barrenetxea y Juanenea ganan 0-2 a Aldabe y Urriza, mientras Segurola y Ansa II ganan 2-1 a Azpiroz y Larra\u00f1aga El Jai Alai Summer Season de remonte comenz\u00f3 con una velada de buen juego y buen remonte que gust\u00f3 mucho en Galarreta. Destac\u00f3 por encima de todo Barrenetxea IV, quien junto a Juanenea se impusieron [&hellip;]\" \/>\n<meta property=\"og:url\" content=\"https:\/\/oriamendi.eus\/es\/2023\/07\/02\/barrenetxea-iv-se-desenvuelve-en-la-delantera-como-los-grandes-delanteros\/\" \/>\n<meta property=\"og:site_name\" content=\"Oriamendi 2010\" \/>\n<meta property=\"article:publisher\" content=\"https:\/\/www.facebook.com\/oriamendi2010remonte\/\" \/>\n<meta property=\"article:published_time\" content=\"2023-07-02T08:43:28+00:00\" \/>\n<meta property=\"article:modified_time\" content=\"2023-07-02T08:43:31+00:00\" \/>\n<meta property=\"og:image\" content=\"https:\/\/oriamendi.eus\/wp-content\/uploads\/2023\/07\/IMG_20230628_191140_2000_x_1333_pixel.jpg\" \/>\n\t<meta property=\"og:image:width\" content=\"1200\" \/>\n\t<meta property=\"og:image:height\" content=\"800\" \/>\n\t<meta property=\"og:image:type\" content=\"image\/jpeg\" \/>\n<meta name=\"author\" content=\"I\u00f1igo Go\u00f1i\" \/>\n<meta name=\"twitter:card\" content=\"summary_large_image\" \/>\n<meta name=\"twitter:creator\" content=\"@oriamendi2010\" \/>\n<meta name=\"twitter:site\" content=\"@oriamendi2010\" \/>\n<meta name=\"twitter:label1\" content=\"Escrito por\" \/>\n\t<meta name=\"twitter:data1\" content=\"I\u00f1igo Go\u00f1i\" \/>\n\t<meta name=\"twitter:label2\" content=\"Tiempo de lectura\" \/>\n\t<meta name=\"twitter:data2\" content=\"2 minutos\" \/>\n<script type=\"application\/ld+json\" class=\"yoast-schema-graph\">{\"@context\":\"https:\/\/schema.org\",\"@graph\":[{\"@type\":\"Article\",\"@id\":\"https:\/\/oriamendi.eus\/es\/2023\/07\/02\/barrenetxea-iv-se-desenvuelve-en-la-delantera-como-los-grandes-delanteros\/#article\",\"isPartOf\":{\"@id\":\"https:\/\/oriamendi.eus\/es\/2023\/07\/02\/barrenetxea-iv-se-desenvuelve-en-la-delantera-como-los-grandes-delanteros\/\"},\"author\":{\"name\":\"I\u00f1igo Go\u00f1i\",\"@id\":\"https:\/\/oriamendi.eus\/es\/#\/schema\/person\/c0bd06c6c747674306a5c82563e2339a\"},\"headline\":\"Barrenetxea IV se desenvuelve en la delantera como los grandes delanteros\",\"datePublished\":\"2023-07-02T08:43:28+00:00\",\"dateModified\":\"2023-07-02T08:43:31+00:00\",\"mainEntityOfPage\":{\"@id\":\"https:\/\/oriamendi.eus\/es\/2023\/07\/02\/barrenetxea-iv-se-desenvuelve-en-la-delantera-como-los-grandes-delanteros\/\"},\"wordCount\":460,\"publisher\":{\"@id\":\"https:\/\/oriamendi.eus\/es\/#organization\"},\"articleSection\":[\"Sin categorizar\"],\"inLanguage\":\"es\"},{\"@type\":\"WebPage\",\"@id\":\"https:\/\/oriamendi.eus\/es\/2023\/07\/02\/barrenetxea-iv-se-desenvuelve-en-la-delantera-como-los-grandes-delanteros\/\",\"url\":\"https:\/\/oriamendi.eus\/es\/2023\/07\/02\/barrenetxea-iv-se-desenvuelve-en-la-delantera-como-los-grandes-delanteros\/\",\"name\":\"Barrenetxea IV se desenvuelve en la delantera como los grandes delanteros | Oriamendi 2010\",\"isPartOf\":{\"@id\":\"https:\/\/oriamendi.eus\/es\/#website\"},\"datePublished\":\"2023-07-02T08:43:28+00:00\",\"dateModified\":\"2023-07-02T08:43:31+00:00\",\"breadcrumb\":{\"@id\":\"https:\/\/oriamendi.eus\/es\/2023\/07\/02\/barrenetxea-iv-se-desenvuelve-en-la-delantera-como-los-grandes-delanteros\/#breadcrumb\"},\"inLanguage\":\"es\",\"potentialAction\":[{\"@type\":\"ReadAction\",\"target\":[\"https:\/\/oriamendi.eus\/es\/2023\/07\/02\/barrenetxea-iv-se-desenvuelve-en-la-delantera-como-los-grandes-delanteros\/\"]}]},{\"@type\":\"BreadcrumbList\",\"@id\":\"https:\/\/oriamendi.eus\/es\/2023\/07\/02\/barrenetxea-iv-se-desenvuelve-en-la-delantera-como-los-grandes-delanteros\/#breadcrumb\",\"itemListElement\":[{\"@type\":\"ListItem\",\"position\":1,\"name\":\"Portada\",\"item\":\"https:\/\/oriamendi.eus\/es\/\"},{\"@type\":\"ListItem\",\"position\":2,\"name\":\"Barrenetxea IV se desenvuelve en la delantera como los grandes delanteros\"}]},{\"@type\":\"WebSite\",\"@id\":\"https:\/\/oriamendi.eus\/es\/#website\",\"url\":\"https:\/\/oriamendi.eus\/es\/\",\"name\":\"Oriamendi\",\"description\":\"Remonte en Galarreta. Hernani. Gipuzkoa\",\"publisher\":{\"@id\":\"https:\/\/oriamendi.eus\/es\/#organization\"},\"potentialAction\":[{\"@type\":\"SearchAction\",\"target\":{\"@type\":\"EntryPoint\",\"urlTemplate\":\"https:\/\/oriamendi.eus\/es\/?s={search_term_string}\"},\"query-input\":\"required name=search_term_string\"}],\"inLanguage\":\"es\"},{\"@type\":\"Organization\",\"@id\":\"https:\/\/oriamendi.eus\/es\/#organization\",\"name\":\"Oriamendi\",\"url\":\"https:\/\/oriamendi.eus\/es\/\",\"logo\":{\"@type\":\"ImageObject\",\"inLanguage\":\"es\",\"@id\":\"https:\/\/oriamendi.eus\/es\/#\/schema\/logo\/image\/\",\"url\":\"https:\/\/oriamendi.eus\/wp-content\/uploads\/2020\/06\/logo-oriamendi.png\",\"contentUrl\":\"https:\/\/oriamendi.eus\/wp-content\/uploads\/2020\/06\/logo-oriamendi.png\",\"width\":300,\"height\":90,\"caption\":\"Oriamendi\"},\"image\":{\"@id\":\"https:\/\/oriamendi.eus\/es\/#\/schema\/logo\/image\/\"},\"sameAs\":[\"https:\/\/www.facebook.com\/oriamendi2010remonte\/\",\"https:\/\/twitter.com\/oriamendi2010\",\"https:\/\/www.instagram.com\/galarretajaialai\/\",\"https:\/\/www.youtube.com\/channel\/UC8gVNzQqB1iwnC-_rI-ihmA\/featured\"]},{\"@type\":\"Person\",\"@id\":\"https:\/\/oriamendi.eus\/es\/#\/schema\/person\/c0bd06c6c747674306a5c82563e2339a\",\"name\":\"I\u00f1igo Go\u00f1i\",\"image\":{\"@type\":\"ImageObject\",\"inLanguage\":\"es\",\"@id\":\"https:\/\/oriamendi.eus\/es\/#\/schema\/person\/image\/\",\"url\":\"https:\/\/secure.gravatar.com\/avatar\/fbb07ffc7b803bbfcc2b6419c06abd3a?s=96&d=mm&r=g\",\"contentUrl\":\"https:\/\/secure.gravatar.com\/avatar\/fbb07ffc7b803bbfcc2b6419c06abd3a?s=96&d=mm&r=g\",\"caption\":\"I\u00f1igo Go\u00f1i\"},\"url\":\"https:\/\/oriamendi.eus\/es\/author\/om-berriak\/\"}]}<\/script>\n<!-- \/ Yoast SEO plugin. -->","yoast_head_json":{"title":"Barrenetxea IV se desenvuelve en la delantera como los grandes delanteros | Oriamendi 2010","robots":{"index":"index","follow":"follow","max-snippet":"max-snippet:-1","max-image-preview":"max-image-preview:large","max-video-preview":"max-video-preview:-1"},"canonical":"https:\/\/oriamendi.eus\/es\/2023\/07\/02\/barrenetxea-iv-se-desenvuelve-en-la-delantera-como-los-grandes-delanteros\/","og_locale":"es_ES","og_type":"article","og_title":"Barrenetxea IV se desenvuelve en la delantera como los grandes delanteros | Oriamendi 2010","og_description":"Barrenetxea y Juanenea ganan 0-2 a Aldabe y Urriza, mientras Segurola y Ansa II ganan 2-1 a Azpiroz y Larra\u00f1aga El Jai Alai Summer Season de remonte comenz\u00f3 con una velada de buen juego y buen remonte que gust\u00f3 mucho en Galarreta. Destac\u00f3 por encima de todo Barrenetxea IV, quien junto a Juanenea se impusieron [&hellip;]","og_url":"https:\/\/oriamendi.eus\/es\/2023\/07\/02\/barrenetxea-iv-se-desenvuelve-en-la-delantera-como-los-grandes-delanteros\/","og_site_name":"Oriamendi 2010","article_publisher":"https:\/\/www.facebook.com\/oriamendi2010remonte\/","article_published_time":"2023-07-02T08:43:28+00:00","article_modified_time":"2023-07-02T08:43:31+00:00","og_image":[{"width":1200,"height":800,"url":"https:\/\/oriamendi.eus\/wp-content\/uploads\/2023\/07\/IMG_20230628_191140_2000_x_1333_pixel.jpg","type":"image\/jpeg"}],"author":"I\u00f1igo Go\u00f1i","twitter_card":"summary_large_image","twitter_creator":"@oriamendi2010","twitter_site":"@oriamendi2010","twitter_misc":{"Escrito por":"I\u00f1igo Go\u00f1i","Tiempo de lectura":"2 minutos"},"schema":{"@context":"https:\/\/schema.org","@graph":[{"@type":"Article","@id":"https:\/\/oriamendi.eus\/es\/2023\/07\/02\/barrenetxea-iv-se-desenvuelve-en-la-delantera-como-los-grandes-delanteros\/#article","isPartOf":{"@id":"https:\/\/oriamendi.eus\/es\/2023\/07\/02\/barrenetxea-iv-se-desenvuelve-en-la-delantera-como-los-grandes-delanteros\/"},"author":{"name":"I\u00f1igo Go\u00f1i","@id":"https:\/\/oriamendi.eus\/es\/#\/schema\/person\/c0bd06c6c747674306a5c82563e2339a"},"headline":"Barrenetxea IV se desenvuelve en la delantera como los grandes delanteros","datePublished":"2023-07-02T08:43:28+00:00","dateModified":"2023-07-02T08:43:31+00:00","mainEntityOfPage":{"@id":"https:\/\/oriamendi.eus\/es\/2023\/07\/02\/barrenetxea-iv-se-desenvuelve-en-la-delantera-como-los-grandes-delanteros\/"},"wordCount":460,"publisher":{"@id":"https:\/\/oriamendi.eus\/es\/#organization"},"articleSection":["Sin categorizar"],"inLanguage":"es"},{"@type":"WebPage","@id":"https:\/\/oriamendi.eus\/es\/2023\/07\/02\/barrenetxea-iv-se-desenvuelve-en-la-delantera-como-los-grandes-delanteros\/","url":"https:\/\/oriamendi.eus\/es\/2023\/07\/02\/barrenetxea-iv-se-desenvuelve-en-la-delantera-como-los-grandes-delanteros\/","name":"Barrenetxea IV se desenvuelve en la delantera como los grandes delanteros | Oriamendi 2010","isPartOf":{"@id":"https:\/\/oriamendi.eus\/es\/#website"},"datePublished":"2023-07-02T08:43:28+00:00","dateModified":"2023-07-02T08:43:31+00:00","breadcrumb":{"@id":"https:\/\/oriamendi.eus\/es\/2023\/07\/02\/barrenetxea-iv-se-desenvuelve-en-la-delantera-como-los-grandes-delanteros\/#breadcrumb"},"inLanguage":"es","potentialAction":[{"@type":"ReadAction","target":["https:\/\/oriamendi.eus\/es\/2023\/07\/02\/barrenetxea-iv-se-desenvuelve-en-la-delantera-como-los-grandes-delanteros\/"]}]},{"@type":"BreadcrumbList","@id":"https:\/\/oriamendi.eus\/es\/2023\/07\/02\/barrenetxea-iv-se-desenvuelve-en-la-delantera-como-los-grandes-delanteros\/#breadcrumb","itemListElement":[{"@type":"ListItem","position":1,"name":"Portada","item":"https:\/\/oriamendi.eus\/es\/"},{"@type":"ListItem","position":2,"name":"Barrenetxea IV se desenvuelve en la delantera como los grandes delanteros"}]},{"@type":"WebSite","@id":"https:\/\/oriamendi.eus\/es\/#website","url":"https:\/\/oriamendi.eus\/es\/","name":"Oriamendi","description":"Remonte en Galarreta. Hernani. Gipuzkoa","publisher":{"@id":"https:\/\/oriamendi.eus\/es\/#organization"},"potentialAction":[{"@type":"SearchAction","target":{"@type":"EntryPoint","urlTemplate":"https:\/\/oriamendi.eus\/es\/?s={search_term_string}"},"query-input":"required name=search_term_string"}],"inLanguage":"es"},{"@type":"Organization","@id":"https:\/\/oriamendi.eus\/es\/#organization","name":"Oriamendi","url":"https:\/\/oriamendi.eus\/es\/","logo":{"@type":"ImageObject","inLanguage":"es","@id":"https:\/\/oriamendi.eus\/es\/#\/schema\/logo\/image\/","url":"https:\/\/oriamendi.eus\/wp-content\/uploads\/2020\/06\/logo-oriamendi.png","contentUrl":"https:\/\/oriamendi.eus\/wp-content\/uploads\/2020\/06\/logo-oriamendi.png","width":300,"height":90,"caption":"Oriamendi"},"image":{"@id":"https:\/\/oriamendi.eus\/es\/#\/schema\/logo\/image\/"},"sameAs":["https:\/\/www.facebook.com\/oriamendi2010remonte\/","https:\/\/twitter.com\/oriamendi2010","https:\/\/www.instagram.com\/galarretajaialai\/","https:\/\/www.youtube.com\/channel\/UC8gVNzQqB1iwnC-_rI-ihmA\/featured"]},{"@type":"Person","@id":"https:\/\/oriamendi.eus\/es\/#\/schema\/person\/c0bd06c6c747674306a5c82563e2339a","name":"I\u00f1igo Go\u00f1i","image":{"@type":"ImageObject","inLanguage":"es","@id":"https:\/\/oriamendi.eus\/es\/#\/schema\/person\/image\/","url":"https:\/\/secure.gravatar.com\/avatar\/fbb07ffc7b803bbfcc2b6419c06abd3a?s=96&d=mm&r=g","contentUrl":"https:\/\/secure.gravatar.com\/avatar\/fbb07ffc7b803bbfcc2b6419c06abd3a?s=96&d=mm&r=g","caption":"I\u00f1igo Go\u00f1i"},"url":"https:\/\/oriamendi.eus\/es\/author\/om-berriak\/"}]}},"_links":{"self":[{"href":"https:\/\/oriamendi.eus\/es\/wp-json\/wp\/v2\/posts\/7284"}],"collection":[{"href":"https:\/\/oriamendi.eus\/es\/wp-json\/wp\/v2\/posts"}],"about":[{"href":"https:\/\/oriamendi.eus\/es\/wp-json\/wp\/v2\/types\/post"}],"author":[{"embeddable":true,"href":"https:\/\/oriamendi.eus\/es\/wp-json\/wp\/v2\/users\/5"}],"replies":[{"embeddable":true,"href":"https:\/\/oriamendi.eus\/es\/wp-json\/wp\/v2\/comments?post=7284"}],"version-history":[{"count":1,"href":"https:\/\/oriamendi.eus\/es\/wp-json\/wp\/v2\/posts\/7284\/revisions"}],"predecessor-version":[{"id":7285,"href":"https:\/\/oriamendi.eus\/es\/wp-json\/wp\/v2\/posts\/7284\/revisions\/7285"}],"wp:featuredmedia":[{"embeddable":true,"href":"https:\/\/oriamendi.eus\/es\/wp-json\/wp\/v2\/media\/7286"}],"wp:attachment":[{"href":"https:\/\/oriamendi.eus\/es\/wp-json\/wp\/v2\/media?parent=7284"}],"wp:term":[{"taxonomy":"category","embeddable":true,"href":"https:\/\/oriamendi.eus\/es\/wp-json\/wp\/v2\/categories?post=7284"},{"taxonomy":"post_tag","embeddable":true,"href":"https:\/\/oriamendi.eus\/es\/wp-json\/wp\/v2\/tags?post=7284"}],"curies":[{"name":"wp","href":"https:\/\/api.w.org\/{rel}","templated":true}]}}