                                        
                                        
                                        
                                        
                                        
                                        
                                        
                                        
                                        
                                        
                                        
                                        
                                        
                                        
                                        
                                        
                                        
                                        
{"id":7213,"date":"2023-05-23T09:48:50","date_gmt":"2023-05-23T07:48:50","guid":{"rendered":"https:\/\/oriamendi.eus\/?p=7213"},"modified":"2023-05-26T21:42:38","modified_gmt":"2023-05-26T19:42:38","slug":"ansa-ii-zaldua-i-se-quedan-practicamente-sin-opciones-de-estar-en-semifinales","status":"publish","type":"post","link":"https:\/\/oriamendi.eus\/es\/2023\/05\/23\/ansa-ii-zaldua-i-se-quedan-practicamente-sin-opciones-de-estar-en-semifinales\/","title":{"rendered":"Ansa II-Zaldua I se quedan pr\u00e1cticamente sin opciones de estar en semifinales"},"content":{"rendered":"\n<p><strong>Ezkurra II-Zubiri empatan con Goikoetxea-Barrenetxeaen la tabla tras ganar 0-2 a Ansa y Zaldua.<\/strong><\/p>\n\n\n\n<p>A<strong>ldabe-Azpiroz han ganado 0-2 a Segurola-Juanenea.<\/strong><\/p>\n\n\n\n<p><\/p>\n\n\n\n<p>A falta de una jornada para que finalice la liguilla del Sagardoaren Txapelketa la clasificaci\u00f3n est\u00e1 que arde. Ansa y Zaldua han perdido casi todas sus opciones de estar en semifinales tras caer ante Ezkurra II y Zubiri por 0-2 (12-15 y 8-15). Por el contrario, Ezkurra y Zubiri est\u00e1n a un paso de clasificarse tras empatar a puntos en el liderato  con Goikoetxea V-Barrenetxea IV a diez puntos.<br>El segundo partido del programa Erremontari no pudo dejar m\u00e1s igualada la clasificaci\u00f3n. Segurola y Juanenea perdieron 0-2 (12-15 y 5-15) ante Aldabe y Azpiroz y tres parejas quedan empatadas a ocho puntos en la clasificaci\u00f3n. Estas dos parejas y la de Urriza-Martirena. Todo se decidir\u00e1 en la \u00faltima jornada del lunes.<br>El primer partido del festival estuvo dominado por Ezkurra y Zubiri. En el primer set Zubiri marc\u00f3 la diferencia. Adelante el duelo fue re\u00f1ido entre Ansa y Ezkurra, pero atr\u00e1s Zubiri hizo cinco tantos, sin errores, y ah\u00ed se decidi\u00f3 el set. Zaldua hizo dos tantos y un error. Termin\u00f3 12-15. Los azules dominaron el segundo set. Ezkurra hizo 13 tantos, una cifra espectacular, y fue \u00e9l quien decidi\u00f3 el partido.<br>En el segundo partido, en un primer set igualado, Aldabe y Azpiroz ganaron con un parcial final de 0-6. Estaban 12-9 por detr\u00e1s, pero ganaron 12-15. Segurola se sali\u00f3 del partido despu\u00e9s de que el juez diera vuelta en un tanto. Aunque los dos siguientes tantos los hicieran ellos, a partir de ah\u00ed desapareci\u00f3. En el segundo set la diferencia fue brutal y Juanenea no pudo hacer nada. Azpiroz fue el mejor con 11 tantos y sin errores. Ya van unos cuantos partidos en el que Azpiroz no comete errores.<\/p>\n\n\n\n<p><strong>Clasificaci\u00f3n<\/strong><br>1. Oialume Zar 10 puntos 4 partidos<br>2. Gurutzeta X Chuleta 10 puntos 4 partidos<br>3. Alorrenea 8 puntos 4 partidos<br>4. Bereziartua 8 puntos 4 partidos<br>5. Petritegi 8 puntos 4 partidos<br>6. Aburuza 3 puntos 4 partidos<\/p>\n\n\n\n<p><\/p>\n\n\n\n<p><img fetchpriority=\"high\" fetchpriority=\"high\" decoding=\"async\" width=\"675\" height=\"1200\" class=\"wp-image-7218\" style=\"width: 150px\" src=\"https:\/\/oriamendi.eus\/wp-content\/uploads\/2023\/05\/31f37ac6-f29e-4c33-942e-3e79007c8e5f.jpeg\" alt=\"\" srcset=\"https:\/\/oriamendi.eus\/wp-content\/uploads\/2023\/05\/31f37ac6-f29e-4c33-942e-3e79007c8e5f.jpeg 675w, https:\/\/oriamendi.eus\/wp-content\/uploads\/2023\/05\/31f37ac6-f29e-4c33-942e-3e79007c8e5f-480x853.jpeg 480w\" sizes=\"(min-width: 0px) and (max-width: 480px) 480px, (min-width: 481px) 675px, 100vw\" \/><\/p>\n","protected":false},"excerpt":{"rendered":"<p>Ezkurra II-Zubiri empatan con Goikoetxea-Barrenetxeaen la tabla tras ganar 0-2 a Ansa y Zaldua. Aldabe-Azpiroz han ganado 0-2 a Segurola-Juanenea. A falta de una jornada para que finalice la liguilla del Sagardoaren Txapelketa la clasificaci\u00f3n est\u00e1 que arde. Ansa y Zaldua han perdido casi todas sus opciones de estar en semifinales tras caer ante Ezkurra [&hellip;]<\/p>\n","protected":false},"author":5,"featured_media":7212,"comment_status":"closed","ping_status":"open","sticky":false,"template":"","format":"standard","meta":{"_et_pb_use_builder":"off","_et_pb_old_content":"","_et_gb_content_width":"","footnotes":""},"categories":[1],"tags":[],"yoast_head":"<!-- This site is optimized with the Yoast SEO plugin v21.8 - https:\/\/yoast.com\/wordpress\/plugins\/seo\/ -->\n<title>Ansa II-Zaldua I se quedan pr\u00e1cticamente sin opciones de estar en semifinales | Oriamendi 2010<\/title>\n<meta name=\"robots\" content=\"index, follow, max-snippet:-1, max-image-preview:large, max-video-preview:-1\" \/>\n<link rel=\"canonical\" href=\"https:\/\/oriamendi.eus\/es\/2023\/05\/23\/ansa-ii-zaldua-i-se-quedan-practicamente-sin-opciones-de-estar-en-semifinales\/\" \/>\n<meta property=\"og:locale\" content=\"es_ES\" \/>\n<meta property=\"og:type\" content=\"article\" \/>\n<meta property=\"og:title\" content=\"Ansa II-Zaldua I se quedan pr\u00e1cticamente sin opciones de estar en semifinales | Oriamendi 2010\" \/>\n<meta property=\"og:description\" content=\"Ezkurra II-Zubiri empatan con Goikoetxea-Barrenetxeaen la tabla tras ganar 0-2 a Ansa y Zaldua. Aldabe-Azpiroz han ganado 0-2 a Segurola-Juanenea. A falta de una jornada para que finalice la liguilla del Sagardoaren Txapelketa la clasificaci\u00f3n est\u00e1 que arde. Ansa y Zaldua han perdido casi todas sus opciones de estar en semifinales tras caer ante Ezkurra [&hellip;]\" \/>\n<meta property=\"og:url\" content=\"https:\/\/oriamendi.eus\/es\/2023\/05\/23\/ansa-ii-zaldua-i-se-quedan-practicamente-sin-opciones-de-estar-en-semifinales\/\" \/>\n<meta property=\"og:site_name\" content=\"Oriamendi 2010\" \/>\n<meta property=\"article:publisher\" content=\"https:\/\/www.facebook.com\/oriamendi2010remonte\/\" \/>\n<meta property=\"article:published_time\" content=\"2023-05-23T07:48:50+00:00\" \/>\n<meta property=\"article:modified_time\" content=\"2023-05-26T19:42:38+00:00\" \/>\n<meta property=\"og:image\" content=\"https:\/\/oriamendi.eus\/wp-content\/uploads\/2023\/05\/52A7671.jpg\" \/>\n\t<meta property=\"og:image:width\" content=\"1200\" \/>\n\t<meta property=\"og:image:height\" content=\"800\" \/>\n\t<meta property=\"og:image:type\" content=\"image\/jpeg\" \/>\n<meta name=\"author\" content=\"I\u00f1igo Go\u00f1i\" \/>\n<meta name=\"twitter:card\" content=\"summary_large_image\" \/>\n<meta name=\"twitter:creator\" content=\"@oriamendi2010\" \/>\n<meta name=\"twitter:site\" content=\"@oriamendi2010\" \/>\n<meta name=\"twitter:label1\" content=\"Escrito por\" \/>\n\t<meta name=\"twitter:data1\" content=\"I\u00f1igo Go\u00f1i\" \/>\n\t<meta name=\"twitter:label2\" content=\"Tiempo de lectura\" \/>\n\t<meta name=\"twitter:data2\" content=\"2 minutos\" \/>\n<script type=\"application\/ld+json\" class=\"yoast-schema-graph\">{\"@context\":\"https:\/\/schema.org\",\"@graph\":[{\"@type\":\"Article\",\"@id\":\"https:\/\/oriamendi.eus\/es\/2023\/05\/23\/ansa-ii-zaldua-i-se-quedan-practicamente-sin-opciones-de-estar-en-semifinales\/#article\",\"isPartOf\":{\"@id\":\"https:\/\/oriamendi.eus\/es\/2023\/05\/23\/ansa-ii-zaldua-i-se-quedan-practicamente-sin-opciones-de-estar-en-semifinales\/\"},\"author\":{\"name\":\"I\u00f1igo Go\u00f1i\",\"@id\":\"https:\/\/oriamendi.eus\/es\/#\/schema\/person\/c0bd06c6c747674306a5c82563e2339a\"},\"headline\":\"Ansa II-Zaldua I se quedan pr\u00e1cticamente sin opciones de estar en semifinales\",\"datePublished\":\"2023-05-23T07:48:50+00:00\",\"dateModified\":\"2023-05-26T19:42:38+00:00\",\"mainEntityOfPage\":{\"@id\":\"https:\/\/oriamendi.eus\/es\/2023\/05\/23\/ansa-ii-zaldua-i-se-quedan-practicamente-sin-opciones-de-estar-en-semifinales\/\"},\"wordCount\":345,\"publisher\":{\"@id\":\"https:\/\/oriamendi.eus\/es\/#organization\"},\"articleSection\":[\"Sin categorizar\"],\"inLanguage\":\"es\"},{\"@type\":\"WebPage\",\"@id\":\"https:\/\/oriamendi.eus\/es\/2023\/05\/23\/ansa-ii-zaldua-i-se-quedan-practicamente-sin-opciones-de-estar-en-semifinales\/\",\"url\":\"https:\/\/oriamendi.eus\/es\/2023\/05\/23\/ansa-ii-zaldua-i-se-quedan-practicamente-sin-opciones-de-estar-en-semifinales\/\",\"name\":\"Ansa II-Zaldua I se quedan pr\u00e1cticamente sin opciones de estar en semifinales | Oriamendi 2010\",\"isPartOf\":{\"@id\":\"https:\/\/oriamendi.eus\/es\/#website\"},\"datePublished\":\"2023-05-23T07:48:50+00:00\",\"dateModified\":\"2023-05-26T19:42:38+00:00\",\"breadcrumb\":{\"@id\":\"https:\/\/oriamendi.eus\/es\/2023\/05\/23\/ansa-ii-zaldua-i-se-quedan-practicamente-sin-opciones-de-estar-en-semifinales\/#breadcrumb\"},\"inLanguage\":\"es\",\"potentialAction\":[{\"@type\":\"ReadAction\",\"target\":[\"https:\/\/oriamendi.eus\/es\/2023\/05\/23\/ansa-ii-zaldua-i-se-quedan-practicamente-sin-opciones-de-estar-en-semifinales\/\"]}]},{\"@type\":\"BreadcrumbList\",\"@id\":\"https:\/\/oriamendi.eus\/es\/2023\/05\/23\/ansa-ii-zaldua-i-se-quedan-practicamente-sin-opciones-de-estar-en-semifinales\/#breadcrumb\",\"itemListElement\":[{\"@type\":\"ListItem\",\"position\":1,\"name\":\"Portada\",\"item\":\"https:\/\/oriamendi.eus\/es\/\"},{\"@type\":\"ListItem\",\"position\":2,\"name\":\"Ansa II-Zaldua I se quedan pr\u00e1cticamente sin opciones de estar en semifinales\"}]},{\"@type\":\"WebSite\",\"@id\":\"https:\/\/oriamendi.eus\/es\/#website\",\"url\":\"https:\/\/oriamendi.eus\/es\/\",\"name\":\"Oriamendi\",\"description\":\"Remonte en Galarreta. Hernani. Gipuzkoa\",\"publisher\":{\"@id\":\"https:\/\/oriamendi.eus\/es\/#organization\"},\"potentialAction\":[{\"@type\":\"SearchAction\",\"target\":{\"@type\":\"EntryPoint\",\"urlTemplate\":\"https:\/\/oriamendi.eus\/es\/?s={search_term_string}\"},\"query-input\":\"required name=search_term_string\"}],\"inLanguage\":\"es\"},{\"@type\":\"Organization\",\"@id\":\"https:\/\/oriamendi.eus\/es\/#organization\",\"name\":\"Oriamendi\",\"url\":\"https:\/\/oriamendi.eus\/es\/\",\"logo\":{\"@type\":\"ImageObject\",\"inLanguage\":\"es\",\"@id\":\"https:\/\/oriamendi.eus\/es\/#\/schema\/logo\/image\/\",\"url\":\"https:\/\/oriamendi.eus\/wp-content\/uploads\/2020\/06\/logo-oriamendi.png\",\"contentUrl\":\"https:\/\/oriamendi.eus\/wp-content\/uploads\/2020\/06\/logo-oriamendi.png\",\"width\":300,\"height\":90,\"caption\":\"Oriamendi\"},\"image\":{\"@id\":\"https:\/\/oriamendi.eus\/es\/#\/schema\/logo\/image\/\"},\"sameAs\":[\"https:\/\/www.facebook.com\/oriamendi2010remonte\/\",\"https:\/\/twitter.com\/oriamendi2010\",\"https:\/\/www.instagram.com\/galarretajaialai\/\",\"https:\/\/www.youtube.com\/channel\/UC8gVNzQqB1iwnC-_rI-ihmA\/featured\"]},{\"@type\":\"Person\",\"@id\":\"https:\/\/oriamendi.eus\/es\/#\/schema\/person\/c0bd06c6c747674306a5c82563e2339a\",\"name\":\"I\u00f1igo Go\u00f1i\",\"image\":{\"@type\":\"ImageObject\",\"inLanguage\":\"es\",\"@id\":\"https:\/\/oriamendi.eus\/es\/#\/schema\/person\/image\/\",\"url\":\"https:\/\/secure.gravatar.com\/avatar\/fbb07ffc7b803bbfcc2b6419c06abd3a?s=96&d=mm&r=g\",\"contentUrl\":\"https:\/\/secure.gravatar.com\/avatar\/fbb07ffc7b803bbfcc2b6419c06abd3a?s=96&d=mm&r=g\",\"caption\":\"I\u00f1igo Go\u00f1i\"},\"url\":\"https:\/\/oriamendi.eus\/es\/author\/om-berriak\/\"}]}<\/script>\n<!-- \/ Yoast SEO plugin. -->","yoast_head_json":{"title":"Ansa II-Zaldua I se quedan pr\u00e1cticamente sin opciones de estar en semifinales | Oriamendi 2010","robots":{"index":"index","follow":"follow","max-snippet":"max-snippet:-1","max-image-preview":"max-image-preview:large","max-video-preview":"max-video-preview:-1"},"canonical":"https:\/\/oriamendi.eus\/es\/2023\/05\/23\/ansa-ii-zaldua-i-se-quedan-practicamente-sin-opciones-de-estar-en-semifinales\/","og_locale":"es_ES","og_type":"article","og_title":"Ansa II-Zaldua I se quedan pr\u00e1cticamente sin opciones de estar en semifinales | Oriamendi 2010","og_description":"Ezkurra II-Zubiri empatan con Goikoetxea-Barrenetxeaen la tabla tras ganar 0-2 a Ansa y Zaldua. Aldabe-Azpiroz han ganado 0-2 a Segurola-Juanenea. A falta de una jornada para que finalice la liguilla del Sagardoaren Txapelketa la clasificaci\u00f3n est\u00e1 que arde. Ansa y Zaldua han perdido casi todas sus opciones de estar en semifinales tras caer ante Ezkurra [&hellip;]","og_url":"https:\/\/oriamendi.eus\/es\/2023\/05\/23\/ansa-ii-zaldua-i-se-quedan-practicamente-sin-opciones-de-estar-en-semifinales\/","og_site_name":"Oriamendi 2010","article_publisher":"https:\/\/www.facebook.com\/oriamendi2010remonte\/","article_published_time":"2023-05-23T07:48:50+00:00","article_modified_time":"2023-05-26T19:42:38+00:00","og_image":[{"width":1200,"height":800,"url":"https:\/\/oriamendi.eus\/wp-content\/uploads\/2023\/05\/52A7671.jpg","type":"image\/jpeg"}],"author":"I\u00f1igo Go\u00f1i","twitter_card":"summary_large_image","twitter_creator":"@oriamendi2010","twitter_site":"@oriamendi2010","twitter_misc":{"Escrito por":"I\u00f1igo Go\u00f1i","Tiempo de lectura":"2 minutos"},"schema":{"@context":"https:\/\/schema.org","@graph":[{"@type":"Article","@id":"https:\/\/oriamendi.eus\/es\/2023\/05\/23\/ansa-ii-zaldua-i-se-quedan-practicamente-sin-opciones-de-estar-en-semifinales\/#article","isPartOf":{"@id":"https:\/\/oriamendi.eus\/es\/2023\/05\/23\/ansa-ii-zaldua-i-se-quedan-practicamente-sin-opciones-de-estar-en-semifinales\/"},"author":{"name":"I\u00f1igo Go\u00f1i","@id":"https:\/\/oriamendi.eus\/es\/#\/schema\/person\/c0bd06c6c747674306a5c82563e2339a"},"headline":"Ansa II-Zaldua I se quedan pr\u00e1cticamente sin opciones de estar en semifinales","datePublished":"2023-05-23T07:48:50+00:00","dateModified":"2023-05-26T19:42:38+00:00","mainEntityOfPage":{"@id":"https:\/\/oriamendi.eus\/es\/2023\/05\/23\/ansa-ii-zaldua-i-se-quedan-practicamente-sin-opciones-de-estar-en-semifinales\/"},"wordCount":345,"publisher":{"@id":"https:\/\/oriamendi.eus\/es\/#organization"},"articleSection":["Sin categorizar"],"inLanguage":"es"},{"@type":"WebPage","@id":"https:\/\/oriamendi.eus\/es\/2023\/05\/23\/ansa-ii-zaldua-i-se-quedan-practicamente-sin-opciones-de-estar-en-semifinales\/","url":"https:\/\/oriamendi.eus\/es\/2023\/05\/23\/ansa-ii-zaldua-i-se-quedan-practicamente-sin-opciones-de-estar-en-semifinales\/","name":"Ansa II-Zaldua I se quedan pr\u00e1cticamente sin opciones de estar en semifinales | Oriamendi 2010","isPartOf":{"@id":"https:\/\/oriamendi.eus\/es\/#website"},"datePublished":"2023-05-23T07:48:50+00:00","dateModified":"2023-05-26T19:42:38+00:00","breadcrumb":{"@id":"https:\/\/oriamendi.eus\/es\/2023\/05\/23\/ansa-ii-zaldua-i-se-quedan-practicamente-sin-opciones-de-estar-en-semifinales\/#breadcrumb"},"inLanguage":"es","potentialAction":[{"@type":"ReadAction","target":["https:\/\/oriamendi.eus\/es\/2023\/05\/23\/ansa-ii-zaldua-i-se-quedan-practicamente-sin-opciones-de-estar-en-semifinales\/"]}]},{"@type":"BreadcrumbList","@id":"https:\/\/oriamendi.eus\/es\/2023\/05\/23\/ansa-ii-zaldua-i-se-quedan-practicamente-sin-opciones-de-estar-en-semifinales\/#breadcrumb","itemListElement":[{"@type":"ListItem","position":1,"name":"Portada","item":"https:\/\/oriamendi.eus\/es\/"},{"@type":"ListItem","position":2,"name":"Ansa II-Zaldua I se quedan pr\u00e1cticamente sin opciones de estar en semifinales"}]},{"@type":"WebSite","@id":"https:\/\/oriamendi.eus\/es\/#website","url":"https:\/\/oriamendi.eus\/es\/","name":"Oriamendi","description":"Remonte en Galarreta. Hernani. Gipuzkoa","publisher":{"@id":"https:\/\/oriamendi.eus\/es\/#organization"},"potentialAction":[{"@type":"SearchAction","target":{"@type":"EntryPoint","urlTemplate":"https:\/\/oriamendi.eus\/es\/?s={search_term_string}"},"query-input":"required name=search_term_string"}],"inLanguage":"es"},{"@type":"Organization","@id":"https:\/\/oriamendi.eus\/es\/#organization","name":"Oriamendi","url":"https:\/\/oriamendi.eus\/es\/","logo":{"@type":"ImageObject","inLanguage":"es","@id":"https:\/\/oriamendi.eus\/es\/#\/schema\/logo\/image\/","url":"https:\/\/oriamendi.eus\/wp-content\/uploads\/2020\/06\/logo-oriamendi.png","contentUrl":"https:\/\/oriamendi.eus\/wp-content\/uploads\/2020\/06\/logo-oriamendi.png","width":300,"height":90,"caption":"Oriamendi"},"image":{"@id":"https:\/\/oriamendi.eus\/es\/#\/schema\/logo\/image\/"},"sameAs":["https:\/\/www.facebook.com\/oriamendi2010remonte\/","https:\/\/twitter.com\/oriamendi2010","https:\/\/www.instagram.com\/galarretajaialai\/","https:\/\/www.youtube.com\/channel\/UC8gVNzQqB1iwnC-_rI-ihmA\/featured"]},{"@type":"Person","@id":"https:\/\/oriamendi.eus\/es\/#\/schema\/person\/c0bd06c6c747674306a5c82563e2339a","name":"I\u00f1igo Go\u00f1i","image":{"@type":"ImageObject","inLanguage":"es","@id":"https:\/\/oriamendi.eus\/es\/#\/schema\/person\/image\/","url":"https:\/\/secure.gravatar.com\/avatar\/fbb07ffc7b803bbfcc2b6419c06abd3a?s=96&d=mm&r=g","contentUrl":"https:\/\/secure.gravatar.com\/avatar\/fbb07ffc7b803bbfcc2b6419c06abd3a?s=96&d=mm&r=g","caption":"I\u00f1igo Go\u00f1i"},"url":"https:\/\/oriamendi.eus\/es\/author\/om-berriak\/"}]}},"_links":{"self":[{"href":"https:\/\/oriamendi.eus\/es\/wp-json\/wp\/v2\/posts\/7213"}],"collection":[{"href":"https:\/\/oriamendi.eus\/es\/wp-json\/wp\/v2\/posts"}],"about":[{"href":"https:\/\/oriamendi.eus\/es\/wp-json\/wp\/v2\/types\/post"}],"author":[{"embeddable":true,"href":"https:\/\/oriamendi.eus\/es\/wp-json\/wp\/v2\/users\/5"}],"replies":[{"embeddable":true,"href":"https:\/\/oriamendi.eus\/es\/wp-json\/wp\/v2\/comments?post=7213"}],"version-history":[{"count":4,"href":"https:\/\/oriamendi.eus\/es\/wp-json\/wp\/v2\/posts\/7213\/revisions"}],"predecessor-version":[{"id":7220,"href":"https:\/\/oriamendi.eus\/es\/wp-json\/wp\/v2\/posts\/7213\/revisions\/7220"}],"wp:featuredmedia":[{"embeddable":true,"href":"https:\/\/oriamendi.eus\/es\/wp-json\/wp\/v2\/media\/7212"}],"wp:attachment":[{"href":"https:\/\/oriamendi.eus\/es\/wp-json\/wp\/v2\/media?parent=7213"}],"wp:term":[{"taxonomy":"category","embeddable":true,"href":"https:\/\/oriamendi.eus\/es\/wp-json\/wp\/v2\/categories?post=7213"},{"taxonomy":"post_tag","embeddable":true,"href":"https:\/\/oriamendi.eus\/es\/wp-json\/wp\/v2\/tags?post=7213"}],"curies":[{"name":"wp","href":"https:\/\/api.w.org\/{rel}","templated":true}]}}