                                        
                                        
                                        
                                        
                                        
                                        
                                        
                                        
                                        
                                        
                                        
                                        
                                        
                                        
                                        
                                        
                                        
                                        
{"id":7110,"date":"2023-04-02T07:14:15","date_gmt":"2023-04-02T05:14:15","guid":{"rendered":"https:\/\/oriamendi.eus\/?p=7110"},"modified":"2023-04-02T07:14:18","modified_gmt":"2023-04-02T05:14:18","slug":"goikoetxea-v-aiestaran-y-gurrutxaga-zaldua-i-son-los-finalistas-del-berria-txapelketa","status":"publish","type":"post","link":"https:\/\/oriamendi.eus\/es\/2023\/04\/02\/goikoetxea-v-aiestaran-y-gurrutxaga-zaldua-i-son-los-finalistas-del-berria-txapelketa\/","title":{"rendered":"Goikoetxea V-Aiestaran y Gurrutxaga-Zaldua I son los finalistas del Berria Txapelketa"},"content":{"rendered":"\n<p>Goikoetxea V-Aiestaran y Gurrutxaga-Zaldua I son los finalistas del Berria Txapelketa. En el primer partido del festival Goikoetxea V y Aiestaran se impusieron 30-35 a Zaldua II-Odei. Antes del partido ya se vislumbraba que los azules no eran menos que los colorados, a pesar de terminar segundos en su grupo y lo confirmaron en la semifinal. Fueron mejores y ganaron con autoridad la primera semifinal.\u00a0<\/p>\n\n\n\n<p>Dominaron el partido desde el inicio a pesar de que los colorados se acercaron al 9-10. A partir del 16-22 las diferencias aumentaron hasta el 22-30 y aunque al final se acercaron Zaldua II y Odei no pudieron ante la pegada de los azules. Goikoetxea aprovech\u00f3 su golpe para terminar con 18 tantos. Jug\u00f3 bien acompa\u00f1ado por un Aiestaran que volvi\u00f3 a jugar muy seguro con cinco tantos de saque, uno en el peloteo y pocos errores. En los colorados Zaldua hizo 12 tantos por tres errores y Odei termin\u00f3 con 11 y cuatro.<\/p>\n\n\n\n<p>En el tercer partido del festival Gurrutxaga y Zaldua I terminaron mejor que los rivales y ganaron 35-28. Comandaron el marcador, pero Irazu y Martirena siempre se mantuvieron cerca, hasta que del 22-21 se pas\u00f3 al 30-22 para terminar 35-28. Destacaron los dos debutantes en el campeonato. Gurrutxaga hizo las delicias del p\u00fablico con muchas jugadas para terminar con 16 tantos. Irazu no le fue a la zaga e hizo doce tantos por solo un error. Jugaron el mejor partido desde que debutaran hace poco m\u00e1s de un mes. Los zagueros sacaron bien, sobre todo Zaldua y ah\u00ed estuvo la clave. Termin\u00f3 con nueve tantos de saque y cinco en el peloteo por siete y tres de Martirena. La semana que viene disputar\u00e1n la final.<\/p>\n\n\n\n<p><br><strong>No defraud\u00f3 el estelar que ganaron Ansa y Barrenetxea<\/strong><br>El estelar no defraud\u00f3 y tras una hora y 25 minutos de lucha encarnizada Ansa y Barrenetxea ganaron 36-40 a Urriza y Larra\u00f1aga. Barrenetxea destac\u00f3 sobre el resto con 11 tantos en el peloteo, siete de saque y solo dos errores. El partido se mantuvo en un pa\u00f1uelo con constantes empates, pero al final llegaron m\u00e1s frescos los azules y terminaron imponi\u00e9ndose en los \u00faltimos tantos. Urriza trabaj\u00f3 muy bien y pelote\u00f3 una barbaridad. Acab\u00f3 con 19 tantos y tres errores. Ansa le hizo frente con 17 tantos, aunque tambi\u00e9n cometi\u00f3 m\u00e1s errores. Larra\u00f1aga aguant\u00f3 y reboteo bien, peor le falt\u00f3 quiz\u00e1s arriesgar m\u00e1s ya que hizo solo un tanto de saque y cinco en el peloteo. Los aficionados terminaron encantados con un estelar y partido de lujo.\u00a0<\/p>\n","protected":false},"excerpt":{"rendered":"<p>Goikoetxea V-Aiestaran y Gurrutxaga-Zaldua I son los finalistas del Berria Txapelketa. En el primer partido del festival Goikoetxea V y Aiestaran se impusieron 30-35 a Zaldua II-Odei. Antes del partido ya se vislumbraba que los azules no eran menos que los colorados, a pesar de terminar segundos en su grupo y lo confirmaron en la [&hellip;]<\/p>\n","protected":false},"author":5,"featured_media":7068,"comment_status":"closed","ping_status":"open","sticky":false,"template":"","format":"standard","meta":{"_et_pb_use_builder":"off","_et_pb_old_content":"","_et_gb_content_width":"","footnotes":""},"categories":[1],"tags":[],"yoast_head":"<!-- This site is optimized with the Yoast SEO plugin v21.8 - https:\/\/yoast.com\/wordpress\/plugins\/seo\/ -->\n<title>Goikoetxea V-Aiestaran y Gurrutxaga-Zaldua I son los finalistas del Berria Txapelketa | Oriamendi 2010<\/title>\n<meta name=\"robots\" content=\"index, follow, max-snippet:-1, max-image-preview:large, max-video-preview:-1\" \/>\n<link rel=\"canonical\" href=\"https:\/\/oriamendi.eus\/es\/2023\/04\/02\/goikoetxea-v-aiestaran-y-gurrutxaga-zaldua-i-son-los-finalistas-del-berria-txapelketa\/\" \/>\n<meta property=\"og:locale\" content=\"es_ES\" \/>\n<meta property=\"og:type\" content=\"article\" \/>\n<meta property=\"og:title\" content=\"Goikoetxea V-Aiestaran y Gurrutxaga-Zaldua I son los finalistas del Berria Txapelketa | Oriamendi 2010\" \/>\n<meta property=\"og:description\" content=\"Goikoetxea V-Aiestaran y Gurrutxaga-Zaldua I son los finalistas del Berria Txapelketa. En el primer partido del festival Goikoetxea V y Aiestaran se impusieron 30-35 a Zaldua II-Odei. Antes del partido ya se vislumbraba que los azules no eran menos que los colorados, a pesar de terminar segundos en su grupo y lo confirmaron en la [&hellip;]\" \/>\n<meta property=\"og:url\" content=\"https:\/\/oriamendi.eus\/es\/2023\/04\/02\/goikoetxea-v-aiestaran-y-gurrutxaga-zaldua-i-son-los-finalistas-del-berria-txapelketa\/\" \/>\n<meta property=\"og:site_name\" content=\"Oriamendi 2010\" \/>\n<meta property=\"article:publisher\" content=\"https:\/\/www.facebook.com\/oriamendi2010remonte\/\" \/>\n<meta property=\"article:published_time\" content=\"2023-04-02T05:14:15+00:00\" \/>\n<meta property=\"article:modified_time\" content=\"2023-04-02T05:14:18+00:00\" \/>\n<meta property=\"og:image\" content=\"https:\/\/oriamendi.eus\/wp-content\/uploads\/2023\/03\/gurru.jpg\" \/>\n\t<meta property=\"og:image:width\" content=\"1200\" \/>\n\t<meta property=\"og:image:height\" content=\"800\" \/>\n\t<meta property=\"og:image:type\" content=\"image\/jpeg\" \/>\n<meta name=\"author\" content=\"I\u00f1igo Go\u00f1i\" \/>\n<meta name=\"twitter:card\" content=\"summary_large_image\" \/>\n<meta name=\"twitter:creator\" content=\"@oriamendi2010\" \/>\n<meta name=\"twitter:site\" content=\"@oriamendi2010\" \/>\n<meta name=\"twitter:label1\" content=\"Escrito por\" \/>\n\t<meta name=\"twitter:data1\" content=\"I\u00f1igo Go\u00f1i\" \/>\n\t<meta name=\"twitter:label2\" content=\"Tiempo de lectura\" \/>\n\t<meta name=\"twitter:data2\" content=\"2 minutos\" \/>\n<script type=\"application\/ld+json\" class=\"yoast-schema-graph\">{\"@context\":\"https:\/\/schema.org\",\"@graph\":[{\"@type\":\"Article\",\"@id\":\"https:\/\/oriamendi.eus\/es\/2023\/04\/02\/goikoetxea-v-aiestaran-y-gurrutxaga-zaldua-i-son-los-finalistas-del-berria-txapelketa\/#article\",\"isPartOf\":{\"@id\":\"https:\/\/oriamendi.eus\/es\/2023\/04\/02\/goikoetxea-v-aiestaran-y-gurrutxaga-zaldua-i-son-los-finalistas-del-berria-txapelketa\/\"},\"author\":{\"name\":\"I\u00f1igo Go\u00f1i\",\"@id\":\"https:\/\/oriamendi.eus\/es\/#\/schema\/person\/c0bd06c6c747674306a5c82563e2339a\"},\"headline\":\"Goikoetxea V-Aiestaran y Gurrutxaga-Zaldua I son los finalistas del Berria Txapelketa\",\"datePublished\":\"2023-04-02T05:14:15+00:00\",\"dateModified\":\"2023-04-02T05:14:18+00:00\",\"mainEntityOfPage\":{\"@id\":\"https:\/\/oriamendi.eus\/es\/2023\/04\/02\/goikoetxea-v-aiestaran-y-gurrutxaga-zaldua-i-son-los-finalistas-del-berria-txapelketa\/\"},\"wordCount\":437,\"publisher\":{\"@id\":\"https:\/\/oriamendi.eus\/es\/#organization\"},\"articleSection\":[\"Sin categorizar\"],\"inLanguage\":\"es\"},{\"@type\":\"WebPage\",\"@id\":\"https:\/\/oriamendi.eus\/es\/2023\/04\/02\/goikoetxea-v-aiestaran-y-gurrutxaga-zaldua-i-son-los-finalistas-del-berria-txapelketa\/\",\"url\":\"https:\/\/oriamendi.eus\/es\/2023\/04\/02\/goikoetxea-v-aiestaran-y-gurrutxaga-zaldua-i-son-los-finalistas-del-berria-txapelketa\/\",\"name\":\"Goikoetxea V-Aiestaran y Gurrutxaga-Zaldua I son los finalistas del Berria Txapelketa | Oriamendi 2010\",\"isPartOf\":{\"@id\":\"https:\/\/oriamendi.eus\/es\/#website\"},\"datePublished\":\"2023-04-02T05:14:15+00:00\",\"dateModified\":\"2023-04-02T05:14:18+00:00\",\"breadcrumb\":{\"@id\":\"https:\/\/oriamendi.eus\/es\/2023\/04\/02\/goikoetxea-v-aiestaran-y-gurrutxaga-zaldua-i-son-los-finalistas-del-berria-txapelketa\/#breadcrumb\"},\"inLanguage\":\"es\",\"potentialAction\":[{\"@type\":\"ReadAction\",\"target\":[\"https:\/\/oriamendi.eus\/es\/2023\/04\/02\/goikoetxea-v-aiestaran-y-gurrutxaga-zaldua-i-son-los-finalistas-del-berria-txapelketa\/\"]}]},{\"@type\":\"BreadcrumbList\",\"@id\":\"https:\/\/oriamendi.eus\/es\/2023\/04\/02\/goikoetxea-v-aiestaran-y-gurrutxaga-zaldua-i-son-los-finalistas-del-berria-txapelketa\/#breadcrumb\",\"itemListElement\":[{\"@type\":\"ListItem\",\"position\":1,\"name\":\"Portada\",\"item\":\"https:\/\/oriamendi.eus\/es\/\"},{\"@type\":\"ListItem\",\"position\":2,\"name\":\"Goikoetxea V-Aiestaran y Gurrutxaga-Zaldua I son los finalistas del Berria Txapelketa\"}]},{\"@type\":\"WebSite\",\"@id\":\"https:\/\/oriamendi.eus\/es\/#website\",\"url\":\"https:\/\/oriamendi.eus\/es\/\",\"name\":\"Oriamendi\",\"description\":\"Remonte en Galarreta. Hernani. Gipuzkoa\",\"publisher\":{\"@id\":\"https:\/\/oriamendi.eus\/es\/#organization\"},\"potentialAction\":[{\"@type\":\"SearchAction\",\"target\":{\"@type\":\"EntryPoint\",\"urlTemplate\":\"https:\/\/oriamendi.eus\/es\/?s={search_term_string}\"},\"query-input\":\"required name=search_term_string\"}],\"inLanguage\":\"es\"},{\"@type\":\"Organization\",\"@id\":\"https:\/\/oriamendi.eus\/es\/#organization\",\"name\":\"Oriamendi\",\"url\":\"https:\/\/oriamendi.eus\/es\/\",\"logo\":{\"@type\":\"ImageObject\",\"inLanguage\":\"es\",\"@id\":\"https:\/\/oriamendi.eus\/es\/#\/schema\/logo\/image\/\",\"url\":\"https:\/\/oriamendi.eus\/wp-content\/uploads\/2020\/06\/logo-oriamendi.png\",\"contentUrl\":\"https:\/\/oriamendi.eus\/wp-content\/uploads\/2020\/06\/logo-oriamendi.png\",\"width\":300,\"height\":90,\"caption\":\"Oriamendi\"},\"image\":{\"@id\":\"https:\/\/oriamendi.eus\/es\/#\/schema\/logo\/image\/\"},\"sameAs\":[\"https:\/\/www.facebook.com\/oriamendi2010remonte\/\",\"https:\/\/twitter.com\/oriamendi2010\",\"https:\/\/www.instagram.com\/galarretajaialai\/\",\"https:\/\/www.youtube.com\/channel\/UC8gVNzQqB1iwnC-_rI-ihmA\/featured\"]},{\"@type\":\"Person\",\"@id\":\"https:\/\/oriamendi.eus\/es\/#\/schema\/person\/c0bd06c6c747674306a5c82563e2339a\",\"name\":\"I\u00f1igo Go\u00f1i\",\"image\":{\"@type\":\"ImageObject\",\"inLanguage\":\"es\",\"@id\":\"https:\/\/oriamendi.eus\/es\/#\/schema\/person\/image\/\",\"url\":\"https:\/\/secure.gravatar.com\/avatar\/fbb07ffc7b803bbfcc2b6419c06abd3a?s=96&d=mm&r=g\",\"contentUrl\":\"https:\/\/secure.gravatar.com\/avatar\/fbb07ffc7b803bbfcc2b6419c06abd3a?s=96&d=mm&r=g\",\"caption\":\"I\u00f1igo Go\u00f1i\"},\"url\":\"https:\/\/oriamendi.eus\/es\/author\/om-berriak\/\"}]}<\/script>\n<!-- \/ Yoast SEO plugin. -->","yoast_head_json":{"title":"Goikoetxea V-Aiestaran y Gurrutxaga-Zaldua I son los finalistas del Berria Txapelketa | Oriamendi 2010","robots":{"index":"index","follow":"follow","max-snippet":"max-snippet:-1","max-image-preview":"max-image-preview:large","max-video-preview":"max-video-preview:-1"},"canonical":"https:\/\/oriamendi.eus\/es\/2023\/04\/02\/goikoetxea-v-aiestaran-y-gurrutxaga-zaldua-i-son-los-finalistas-del-berria-txapelketa\/","og_locale":"es_ES","og_type":"article","og_title":"Goikoetxea V-Aiestaran y Gurrutxaga-Zaldua I son los finalistas del Berria Txapelketa | Oriamendi 2010","og_description":"Goikoetxea V-Aiestaran y Gurrutxaga-Zaldua I son los finalistas del Berria Txapelketa. En el primer partido del festival Goikoetxea V y Aiestaran se impusieron 30-35 a Zaldua II-Odei. Antes del partido ya se vislumbraba que los azules no eran menos que los colorados, a pesar de terminar segundos en su grupo y lo confirmaron en la [&hellip;]","og_url":"https:\/\/oriamendi.eus\/es\/2023\/04\/02\/goikoetxea-v-aiestaran-y-gurrutxaga-zaldua-i-son-los-finalistas-del-berria-txapelketa\/","og_site_name":"Oriamendi 2010","article_publisher":"https:\/\/www.facebook.com\/oriamendi2010remonte\/","article_published_time":"2023-04-02T05:14:15+00:00","article_modified_time":"2023-04-02T05:14:18+00:00","og_image":[{"width":1200,"height":800,"url":"https:\/\/oriamendi.eus\/wp-content\/uploads\/2023\/03\/gurru.jpg","type":"image\/jpeg"}],"author":"I\u00f1igo Go\u00f1i","twitter_card":"summary_large_image","twitter_creator":"@oriamendi2010","twitter_site":"@oriamendi2010","twitter_misc":{"Escrito por":"I\u00f1igo Go\u00f1i","Tiempo de lectura":"2 minutos"},"schema":{"@context":"https:\/\/schema.org","@graph":[{"@type":"Article","@id":"https:\/\/oriamendi.eus\/es\/2023\/04\/02\/goikoetxea-v-aiestaran-y-gurrutxaga-zaldua-i-son-los-finalistas-del-berria-txapelketa\/#article","isPartOf":{"@id":"https:\/\/oriamendi.eus\/es\/2023\/04\/02\/goikoetxea-v-aiestaran-y-gurrutxaga-zaldua-i-son-los-finalistas-del-berria-txapelketa\/"},"author":{"name":"I\u00f1igo Go\u00f1i","@id":"https:\/\/oriamendi.eus\/es\/#\/schema\/person\/c0bd06c6c747674306a5c82563e2339a"},"headline":"Goikoetxea V-Aiestaran y Gurrutxaga-Zaldua I son los finalistas del Berria Txapelketa","datePublished":"2023-04-02T05:14:15+00:00","dateModified":"2023-04-02T05:14:18+00:00","mainEntityOfPage":{"@id":"https:\/\/oriamendi.eus\/es\/2023\/04\/02\/goikoetxea-v-aiestaran-y-gurrutxaga-zaldua-i-son-los-finalistas-del-berria-txapelketa\/"},"wordCount":437,"publisher":{"@id":"https:\/\/oriamendi.eus\/es\/#organization"},"articleSection":["Sin categorizar"],"inLanguage":"es"},{"@type":"WebPage","@id":"https:\/\/oriamendi.eus\/es\/2023\/04\/02\/goikoetxea-v-aiestaran-y-gurrutxaga-zaldua-i-son-los-finalistas-del-berria-txapelketa\/","url":"https:\/\/oriamendi.eus\/es\/2023\/04\/02\/goikoetxea-v-aiestaran-y-gurrutxaga-zaldua-i-son-los-finalistas-del-berria-txapelketa\/","name":"Goikoetxea V-Aiestaran y Gurrutxaga-Zaldua I son los finalistas del Berria Txapelketa | Oriamendi 2010","isPartOf":{"@id":"https:\/\/oriamendi.eus\/es\/#website"},"datePublished":"2023-04-02T05:14:15+00:00","dateModified":"2023-04-02T05:14:18+00:00","breadcrumb":{"@id":"https:\/\/oriamendi.eus\/es\/2023\/04\/02\/goikoetxea-v-aiestaran-y-gurrutxaga-zaldua-i-son-los-finalistas-del-berria-txapelketa\/#breadcrumb"},"inLanguage":"es","potentialAction":[{"@type":"ReadAction","target":["https:\/\/oriamendi.eus\/es\/2023\/04\/02\/goikoetxea-v-aiestaran-y-gurrutxaga-zaldua-i-son-los-finalistas-del-berria-txapelketa\/"]}]},{"@type":"BreadcrumbList","@id":"https:\/\/oriamendi.eus\/es\/2023\/04\/02\/goikoetxea-v-aiestaran-y-gurrutxaga-zaldua-i-son-los-finalistas-del-berria-txapelketa\/#breadcrumb","itemListElement":[{"@type":"ListItem","position":1,"name":"Portada","item":"https:\/\/oriamendi.eus\/es\/"},{"@type":"ListItem","position":2,"name":"Goikoetxea V-Aiestaran y Gurrutxaga-Zaldua I son los finalistas del Berria Txapelketa"}]},{"@type":"WebSite","@id":"https:\/\/oriamendi.eus\/es\/#website","url":"https:\/\/oriamendi.eus\/es\/","name":"Oriamendi","description":"Remonte en Galarreta. Hernani. Gipuzkoa","publisher":{"@id":"https:\/\/oriamendi.eus\/es\/#organization"},"potentialAction":[{"@type":"SearchAction","target":{"@type":"EntryPoint","urlTemplate":"https:\/\/oriamendi.eus\/es\/?s={search_term_string}"},"query-input":"required name=search_term_string"}],"inLanguage":"es"},{"@type":"Organization","@id":"https:\/\/oriamendi.eus\/es\/#organization","name":"Oriamendi","url":"https:\/\/oriamendi.eus\/es\/","logo":{"@type":"ImageObject","inLanguage":"es","@id":"https:\/\/oriamendi.eus\/es\/#\/schema\/logo\/image\/","url":"https:\/\/oriamendi.eus\/wp-content\/uploads\/2020\/06\/logo-oriamendi.png","contentUrl":"https:\/\/oriamendi.eus\/wp-content\/uploads\/2020\/06\/logo-oriamendi.png","width":300,"height":90,"caption":"Oriamendi"},"image":{"@id":"https:\/\/oriamendi.eus\/es\/#\/schema\/logo\/image\/"},"sameAs":["https:\/\/www.facebook.com\/oriamendi2010remonte\/","https:\/\/twitter.com\/oriamendi2010","https:\/\/www.instagram.com\/galarretajaialai\/","https:\/\/www.youtube.com\/channel\/UC8gVNzQqB1iwnC-_rI-ihmA\/featured"]},{"@type":"Person","@id":"https:\/\/oriamendi.eus\/es\/#\/schema\/person\/c0bd06c6c747674306a5c82563e2339a","name":"I\u00f1igo Go\u00f1i","image":{"@type":"ImageObject","inLanguage":"es","@id":"https:\/\/oriamendi.eus\/es\/#\/schema\/person\/image\/","url":"https:\/\/secure.gravatar.com\/avatar\/fbb07ffc7b803bbfcc2b6419c06abd3a?s=96&d=mm&r=g","contentUrl":"https:\/\/secure.gravatar.com\/avatar\/fbb07ffc7b803bbfcc2b6419c06abd3a?s=96&d=mm&r=g","caption":"I\u00f1igo Go\u00f1i"},"url":"https:\/\/oriamendi.eus\/es\/author\/om-berriak\/"}]}},"_links":{"self":[{"href":"https:\/\/oriamendi.eus\/es\/wp-json\/wp\/v2\/posts\/7110"}],"collection":[{"href":"https:\/\/oriamendi.eus\/es\/wp-json\/wp\/v2\/posts"}],"about":[{"href":"https:\/\/oriamendi.eus\/es\/wp-json\/wp\/v2\/types\/post"}],"author":[{"embeddable":true,"href":"https:\/\/oriamendi.eus\/es\/wp-json\/wp\/v2\/users\/5"}],"replies":[{"embeddable":true,"href":"https:\/\/oriamendi.eus\/es\/wp-json\/wp\/v2\/comments?post=7110"}],"version-history":[{"count":1,"href":"https:\/\/oriamendi.eus\/es\/wp-json\/wp\/v2\/posts\/7110\/revisions"}],"predecessor-version":[{"id":7111,"href":"https:\/\/oriamendi.eus\/es\/wp-json\/wp\/v2\/posts\/7110\/revisions\/7111"}],"wp:featuredmedia":[{"embeddable":true,"href":"https:\/\/oriamendi.eus\/es\/wp-json\/wp\/v2\/media\/7068"}],"wp:attachment":[{"href":"https:\/\/oriamendi.eus\/es\/wp-json\/wp\/v2\/media?parent=7110"}],"wp:term":[{"taxonomy":"category","embeddable":true,"href":"https:\/\/oriamendi.eus\/es\/wp-json\/wp\/v2\/categories?post=7110"},{"taxonomy":"post_tag","embeddable":true,"href":"https:\/\/oriamendi.eus\/es\/wp-json\/wp\/v2\/tags?post=7110"}],"curies":[{"name":"wp","href":"https:\/\/api.w.org\/{rel}","templated":true}]}}