                                        
                                        
                                        
                                        
                                        
                                        
                                        
                                        
                                        
                                        
                                        
                                        
                                        
                                        
                                        
                                        
                                        
                                        
{"id":7081,"date":"2023-03-09T14:25:42","date_gmt":"2023-03-09T13:25:42","guid":{"rendered":"https:\/\/oriamendi.eus\/?p=7081"},"modified":"2023-03-09T14:25:44","modified_gmt":"2023-03-09T13:25:44","slug":"las-dos-txapelas-del-parejas-han-sido-muy-grandes-pero-me-quedo-con-el-companerismo-y-el-ambiente-entre-los-remontistas","status":"publish","type":"post","link":"https:\/\/oriamendi.eus\/es\/2023\/03\/09\/las-dos-txapelas-del-parejas-han-sido-muy-grandes-pero-me-quedo-con-el-companerismo-y-el-ambiente-entre-los-remontistas\/","title":{"rendered":"\u00abLas dos txapelas del Parejas han sido muy grandes, pero me quedo con el compa\u00f1erismo y el ambiente entre los remontistas\u00bb"},"content":{"rendered":"\n<p>Jagoba Labaka jugar\u00e1 su \u00faltimo partido como profesional del remonte el s\u00e1bado 11 de marzo en Galarreta. Se retira el pelotari azpeitiarra a los 32 a\u00f1os despu\u00e9s de una trayectoria deportiva profesional de 10 a\u00f1os y 8 meses meses con la empresa Oriamendi.<\/p>\n\n\n\n<p>Debut\u00f3 un 14 de julio de 2012 en Galarreta acompa\u00f1ado por Josetxo Ezkurra ante Otaegi y Aizpuru III con victoria por 16-35. Su \u00faltimo partido lo disputar\u00e1 junto a Javier Urriza, ante Aldabe y Larra\u00f1aga.<\/p>\n\n\n\n<p>El azpeitiarra est\u00e1 tranquilo y contento de su trayectoria como profesional. \u00abHan sido casi 11 a\u00f1os donde he disfrutado del remonte, pero sobre todo me quedo con el ambiente del vestuario y con los compa\u00f1eros de profesi\u00f3n. Echar\u00e9 de menos esos momentos previos a los partidos, haciendo bromas en el vestuario y la cerveza posterior en la barra de Galarreta\u00bb.<\/p>\n\n\n\n<p>A pesar de no ser una figura su palmar\u00e9s es considerable y lo firmar\u00edan muchas figuras. \u00abS\u00e9 que no he sido un zaguero de primera, pero he ganado las txapelas del Parejas, junto a Urriza, en los a\u00f1os 2020 y 2021. Sin duda ha sido lo mejor deportivamente hablando. Me entend\u00eda muy bien con Urriza y hemos forjado una relaci\u00f3n excepcional\u00bb.<\/p>\n\n\n\n<p>Tambi\u00e9n ser\u00e1 su compa\u00f1ero en su despedida, aunque Labaka pidi\u00f3 que le acompa\u00f1ara Larra\u00f1aga. \u00abNo va a ser posible, pero jugar\u00e1 de rival. Larra\u00f1aga es mi mejor amigo en el remonte. Es azkoitiarra, yo azpeitiarra, nos conocemos y siempre hemos estado juntos. Debut\u00f3 un a\u00f1o m\u00e1s tarde, pero siempre hemos estado muy unidos. Al final jugar\u00e9 con Urriza, que tambi\u00e9n ha sido un gran compa\u00f1ero y con el que m\u00e1s \u00e9xitos he conseguido\u00bb.<\/p>\n\n\n\n<p>El balance que hace de su paso por profesionales es positivo. \u00abLas dos txapelas son un premio muy gordo y he estado muy a gusto. En 2018 logr\u00e9 ser el remontista m\u00e1s regular de la temporada en el grupo B. Despu\u00e9s me vino la oportunidad de disputar el campeonato de Parejas. Ganarlo ya fue impresionante\u00bb.\u00a0Las lesiones son el principal enemigo de los deportistas y Labaka tambi\u00e9n tuvo que lidiar con uno que le tuvo parado cuatro meses. \u00abPero quiz\u00e1s la espina que tengo clavada es haberme quedado fuera del campeonato cuando hice un gran Sagardoaren Txapelketa llegando a la final con Ansa II. Esperaba entrar y al no hacerlo me entr\u00f3 baj\u00f3n. A pesar de mi retirada me acercar\u00e9 a Galarreta porque me gusta el remonte y ver\u00e9 a mis amigos\u00bb.<\/p>\n\n\n\n<p>Labaka es cocinero y asegura que conciliarlo con el remonte no le ha sido dif\u00edcil. \u00abMe han dado facilidades y he podido combinarlo\u00bb. El s\u00e1bado tras la despedida podr\u00e1 disfrutar de su pasi\u00f3n por la cocina con la familia y amigos en una cena para poner la guinda a su trayectoria. \u00abSeguro que sentir\u00e9 pena cuando llegue el momento. Han sido 11 a\u00f1os muy buenos en los que he disfrutado y tambi\u00e9n he sufrido\u00bb.\u00a0<\/p>\n","protected":false},"excerpt":{"rendered":"<p>Jagoba Labaka jugar\u00e1 su \u00faltimo partido como profesional del remonte el s\u00e1bado 11 de marzo en Galarreta. Se retira el pelotari azpeitiarra a los 32 a\u00f1os despu\u00e9s de una trayectoria deportiva profesional de 10 a\u00f1os y 8 meses meses con la empresa Oriamendi. Debut\u00f3 un 14 de julio de 2012 en Galarreta acompa\u00f1ado por Josetxo [&hellip;]<\/p>\n","protected":false},"author":5,"featured_media":6992,"comment_status":"closed","ping_status":"open","sticky":false,"template":"","format":"standard","meta":{"_et_pb_use_builder":"off","_et_pb_old_content":"","_et_gb_content_width":"","footnotes":""},"categories":[1],"tags":[],"yoast_head":"<!-- This site is optimized with the Yoast SEO plugin v21.8 - https:\/\/yoast.com\/wordpress\/plugins\/seo\/ -->\n<title>&quot;Las dos txapelas del Parejas han sido muy grandes, pero me quedo con el compa\u00f1erismo y el ambiente entre los remontistas&quot; | Oriamendi 2010<\/title>\n<meta name=\"robots\" content=\"index, follow, max-snippet:-1, max-image-preview:large, max-video-preview:-1\" \/>\n<link rel=\"canonical\" href=\"https:\/\/oriamendi.eus\/es\/2023\/03\/09\/las-dos-txapelas-del-parejas-han-sido-muy-grandes-pero-me-quedo-con-el-companerismo-y-el-ambiente-entre-los-remontistas\/\" \/>\n<meta property=\"og:locale\" content=\"es_ES\" \/>\n<meta property=\"og:type\" content=\"article\" \/>\n<meta property=\"og:title\" content=\"&quot;Las dos txapelas del Parejas han sido muy grandes, pero me quedo con el compa\u00f1erismo y el ambiente entre los remontistas&quot; | Oriamendi 2010\" \/>\n<meta property=\"og:description\" content=\"Jagoba Labaka jugar\u00e1 su \u00faltimo partido como profesional del remonte el s\u00e1bado 11 de marzo en Galarreta. Se retira el pelotari azpeitiarra a los 32 a\u00f1os despu\u00e9s de una trayectoria deportiva profesional de 10 a\u00f1os y 8 meses meses con la empresa Oriamendi. Debut\u00f3 un 14 de julio de 2012 en Galarreta acompa\u00f1ado por Josetxo [&hellip;]\" \/>\n<meta property=\"og:url\" content=\"https:\/\/oriamendi.eus\/es\/2023\/03\/09\/las-dos-txapelas-del-parejas-han-sido-muy-grandes-pero-me-quedo-con-el-companerismo-y-el-ambiente-entre-los-remontistas\/\" \/>\n<meta property=\"og:site_name\" content=\"Oriamendi 2010\" \/>\n<meta property=\"article:publisher\" content=\"https:\/\/www.facebook.com\/oriamendi2010remonte\/\" \/>\n<meta property=\"article:published_time\" content=\"2023-03-09T13:25:42+00:00\" \/>\n<meta property=\"article:modified_time\" content=\"2023-03-09T13:25:44+00:00\" \/>\n<meta property=\"og:image\" content=\"https:\/\/oriamendi.eus\/wp-content\/uploads\/2023\/02\/Labaka.jpg\" \/>\n\t<meta property=\"og:image:width\" content=\"1200\" \/>\n\t<meta property=\"og:image:height\" content=\"1200\" \/>\n\t<meta property=\"og:image:type\" content=\"image\/jpeg\" \/>\n<meta name=\"author\" content=\"I\u00f1igo Go\u00f1i\" \/>\n<meta name=\"twitter:card\" content=\"summary_large_image\" \/>\n<meta name=\"twitter:creator\" content=\"@oriamendi2010\" \/>\n<meta name=\"twitter:site\" content=\"@oriamendi2010\" \/>\n<meta name=\"twitter:label1\" content=\"Escrito por\" \/>\n\t<meta name=\"twitter:data1\" content=\"I\u00f1igo Go\u00f1i\" \/>\n\t<meta name=\"twitter:label2\" content=\"Tiempo de lectura\" \/>\n\t<meta name=\"twitter:data2\" content=\"3 minutos\" \/>\n<script type=\"application\/ld+json\" class=\"yoast-schema-graph\">{\"@context\":\"https:\/\/schema.org\",\"@graph\":[{\"@type\":\"Article\",\"@id\":\"https:\/\/oriamendi.eus\/es\/2023\/03\/09\/las-dos-txapelas-del-parejas-han-sido-muy-grandes-pero-me-quedo-con-el-companerismo-y-el-ambiente-entre-los-remontistas\/#article\",\"isPartOf\":{\"@id\":\"https:\/\/oriamendi.eus\/es\/2023\/03\/09\/las-dos-txapelas-del-parejas-han-sido-muy-grandes-pero-me-quedo-con-el-companerismo-y-el-ambiente-entre-los-remontistas\/\"},\"author\":{\"name\":\"I\u00f1igo Go\u00f1i\",\"@id\":\"https:\/\/oriamendi.eus\/es\/#\/schema\/person\/c0bd06c6c747674306a5c82563e2339a\"},\"headline\":\"\u00abLas dos txapelas del Parejas han sido muy grandes, pero me quedo con el compa\u00f1erismo y el ambiente entre los remontistas\u00bb\",\"datePublished\":\"2023-03-09T13:25:42+00:00\",\"dateModified\":\"2023-03-09T13:25:44+00:00\",\"mainEntityOfPage\":{\"@id\":\"https:\/\/oriamendi.eus\/es\/2023\/03\/09\/las-dos-txapelas-del-parejas-han-sido-muy-grandes-pero-me-quedo-con-el-companerismo-y-el-ambiente-entre-los-remontistas\/\"},\"wordCount\":523,\"publisher\":{\"@id\":\"https:\/\/oriamendi.eus\/es\/#organization\"},\"articleSection\":[\"Sin categorizar\"],\"inLanguage\":\"es\"},{\"@type\":\"WebPage\",\"@id\":\"https:\/\/oriamendi.eus\/es\/2023\/03\/09\/las-dos-txapelas-del-parejas-han-sido-muy-grandes-pero-me-quedo-con-el-companerismo-y-el-ambiente-entre-los-remontistas\/\",\"url\":\"https:\/\/oriamendi.eus\/es\/2023\/03\/09\/las-dos-txapelas-del-parejas-han-sido-muy-grandes-pero-me-quedo-con-el-companerismo-y-el-ambiente-entre-los-remontistas\/\",\"name\":\"\\\"Las dos txapelas del Parejas han sido muy grandes, pero me quedo con el compa\u00f1erismo y el ambiente entre los remontistas\\\" | Oriamendi 2010\",\"isPartOf\":{\"@id\":\"https:\/\/oriamendi.eus\/es\/#website\"},\"datePublished\":\"2023-03-09T13:25:42+00:00\",\"dateModified\":\"2023-03-09T13:25:44+00:00\",\"breadcrumb\":{\"@id\":\"https:\/\/oriamendi.eus\/es\/2023\/03\/09\/las-dos-txapelas-del-parejas-han-sido-muy-grandes-pero-me-quedo-con-el-companerismo-y-el-ambiente-entre-los-remontistas\/#breadcrumb\"},\"inLanguage\":\"es\",\"potentialAction\":[{\"@type\":\"ReadAction\",\"target\":[\"https:\/\/oriamendi.eus\/es\/2023\/03\/09\/las-dos-txapelas-del-parejas-han-sido-muy-grandes-pero-me-quedo-con-el-companerismo-y-el-ambiente-entre-los-remontistas\/\"]}]},{\"@type\":\"BreadcrumbList\",\"@id\":\"https:\/\/oriamendi.eus\/es\/2023\/03\/09\/las-dos-txapelas-del-parejas-han-sido-muy-grandes-pero-me-quedo-con-el-companerismo-y-el-ambiente-entre-los-remontistas\/#breadcrumb\",\"itemListElement\":[{\"@type\":\"ListItem\",\"position\":1,\"name\":\"Portada\",\"item\":\"https:\/\/oriamendi.eus\/es\/\"},{\"@type\":\"ListItem\",\"position\":2,\"name\":\"\u00abLas dos txapelas del Parejas han sido muy grandes, pero me quedo con el compa\u00f1erismo y el ambiente entre los remontistas\u00bb\"}]},{\"@type\":\"WebSite\",\"@id\":\"https:\/\/oriamendi.eus\/es\/#website\",\"url\":\"https:\/\/oriamendi.eus\/es\/\",\"name\":\"Oriamendi\",\"description\":\"Remonte en Galarreta. Hernani. Gipuzkoa\",\"publisher\":{\"@id\":\"https:\/\/oriamendi.eus\/es\/#organization\"},\"potentialAction\":[{\"@type\":\"SearchAction\",\"target\":{\"@type\":\"EntryPoint\",\"urlTemplate\":\"https:\/\/oriamendi.eus\/es\/?s={search_term_string}\"},\"query-input\":\"required name=search_term_string\"}],\"inLanguage\":\"es\"},{\"@type\":\"Organization\",\"@id\":\"https:\/\/oriamendi.eus\/es\/#organization\",\"name\":\"Oriamendi\",\"url\":\"https:\/\/oriamendi.eus\/es\/\",\"logo\":{\"@type\":\"ImageObject\",\"inLanguage\":\"es\",\"@id\":\"https:\/\/oriamendi.eus\/es\/#\/schema\/logo\/image\/\",\"url\":\"https:\/\/oriamendi.eus\/wp-content\/uploads\/2020\/06\/logo-oriamendi.png\",\"contentUrl\":\"https:\/\/oriamendi.eus\/wp-content\/uploads\/2020\/06\/logo-oriamendi.png\",\"width\":300,\"height\":90,\"caption\":\"Oriamendi\"},\"image\":{\"@id\":\"https:\/\/oriamendi.eus\/es\/#\/schema\/logo\/image\/\"},\"sameAs\":[\"https:\/\/www.facebook.com\/oriamendi2010remonte\/\",\"https:\/\/twitter.com\/oriamendi2010\",\"https:\/\/www.instagram.com\/galarretajaialai\/\",\"https:\/\/www.youtube.com\/channel\/UC8gVNzQqB1iwnC-_rI-ihmA\/featured\"]},{\"@type\":\"Person\",\"@id\":\"https:\/\/oriamendi.eus\/es\/#\/schema\/person\/c0bd06c6c747674306a5c82563e2339a\",\"name\":\"I\u00f1igo Go\u00f1i\",\"image\":{\"@type\":\"ImageObject\",\"inLanguage\":\"es\",\"@id\":\"https:\/\/oriamendi.eus\/es\/#\/schema\/person\/image\/\",\"url\":\"https:\/\/secure.gravatar.com\/avatar\/fbb07ffc7b803bbfcc2b6419c06abd3a?s=96&d=mm&r=g\",\"contentUrl\":\"https:\/\/secure.gravatar.com\/avatar\/fbb07ffc7b803bbfcc2b6419c06abd3a?s=96&d=mm&r=g\",\"caption\":\"I\u00f1igo Go\u00f1i\"},\"url\":\"https:\/\/oriamendi.eus\/es\/author\/om-berriak\/\"}]}<\/script>\n<!-- \/ Yoast SEO plugin. -->","yoast_head_json":{"title":"\"Las dos txapelas del Parejas han sido muy grandes, pero me quedo con el compa\u00f1erismo y el ambiente entre los remontistas\" | Oriamendi 2010","robots":{"index":"index","follow":"follow","max-snippet":"max-snippet:-1","max-image-preview":"max-image-preview:large","max-video-preview":"max-video-preview:-1"},"canonical":"https:\/\/oriamendi.eus\/es\/2023\/03\/09\/las-dos-txapelas-del-parejas-han-sido-muy-grandes-pero-me-quedo-con-el-companerismo-y-el-ambiente-entre-los-remontistas\/","og_locale":"es_ES","og_type":"article","og_title":"\"Las dos txapelas del Parejas han sido muy grandes, pero me quedo con el compa\u00f1erismo y el ambiente entre los remontistas\" | Oriamendi 2010","og_description":"Jagoba Labaka jugar\u00e1 su \u00faltimo partido como profesional del remonte el s\u00e1bado 11 de marzo en Galarreta. Se retira el pelotari azpeitiarra a los 32 a\u00f1os despu\u00e9s de una trayectoria deportiva profesional de 10 a\u00f1os y 8 meses meses con la empresa Oriamendi. Debut\u00f3 un 14 de julio de 2012 en Galarreta acompa\u00f1ado por Josetxo [&hellip;]","og_url":"https:\/\/oriamendi.eus\/es\/2023\/03\/09\/las-dos-txapelas-del-parejas-han-sido-muy-grandes-pero-me-quedo-con-el-companerismo-y-el-ambiente-entre-los-remontistas\/","og_site_name":"Oriamendi 2010","article_publisher":"https:\/\/www.facebook.com\/oriamendi2010remonte\/","article_published_time":"2023-03-09T13:25:42+00:00","article_modified_time":"2023-03-09T13:25:44+00:00","og_image":[{"width":1200,"height":1200,"url":"https:\/\/oriamendi.eus\/wp-content\/uploads\/2023\/02\/Labaka.jpg","type":"image\/jpeg"}],"author":"I\u00f1igo Go\u00f1i","twitter_card":"summary_large_image","twitter_creator":"@oriamendi2010","twitter_site":"@oriamendi2010","twitter_misc":{"Escrito por":"I\u00f1igo Go\u00f1i","Tiempo de lectura":"3 minutos"},"schema":{"@context":"https:\/\/schema.org","@graph":[{"@type":"Article","@id":"https:\/\/oriamendi.eus\/es\/2023\/03\/09\/las-dos-txapelas-del-parejas-han-sido-muy-grandes-pero-me-quedo-con-el-companerismo-y-el-ambiente-entre-los-remontistas\/#article","isPartOf":{"@id":"https:\/\/oriamendi.eus\/es\/2023\/03\/09\/las-dos-txapelas-del-parejas-han-sido-muy-grandes-pero-me-quedo-con-el-companerismo-y-el-ambiente-entre-los-remontistas\/"},"author":{"name":"I\u00f1igo Go\u00f1i","@id":"https:\/\/oriamendi.eus\/es\/#\/schema\/person\/c0bd06c6c747674306a5c82563e2339a"},"headline":"\u00abLas dos txapelas del Parejas han sido muy grandes, pero me quedo con el compa\u00f1erismo y el ambiente entre los remontistas\u00bb","datePublished":"2023-03-09T13:25:42+00:00","dateModified":"2023-03-09T13:25:44+00:00","mainEntityOfPage":{"@id":"https:\/\/oriamendi.eus\/es\/2023\/03\/09\/las-dos-txapelas-del-parejas-han-sido-muy-grandes-pero-me-quedo-con-el-companerismo-y-el-ambiente-entre-los-remontistas\/"},"wordCount":523,"publisher":{"@id":"https:\/\/oriamendi.eus\/es\/#organization"},"articleSection":["Sin categorizar"],"inLanguage":"es"},{"@type":"WebPage","@id":"https:\/\/oriamendi.eus\/es\/2023\/03\/09\/las-dos-txapelas-del-parejas-han-sido-muy-grandes-pero-me-quedo-con-el-companerismo-y-el-ambiente-entre-los-remontistas\/","url":"https:\/\/oriamendi.eus\/es\/2023\/03\/09\/las-dos-txapelas-del-parejas-han-sido-muy-grandes-pero-me-quedo-con-el-companerismo-y-el-ambiente-entre-los-remontistas\/","name":"\"Las dos txapelas del Parejas han sido muy grandes, pero me quedo con el compa\u00f1erismo y el ambiente entre los remontistas\" | Oriamendi 2010","isPartOf":{"@id":"https:\/\/oriamendi.eus\/es\/#website"},"datePublished":"2023-03-09T13:25:42+00:00","dateModified":"2023-03-09T13:25:44+00:00","breadcrumb":{"@id":"https:\/\/oriamendi.eus\/es\/2023\/03\/09\/las-dos-txapelas-del-parejas-han-sido-muy-grandes-pero-me-quedo-con-el-companerismo-y-el-ambiente-entre-los-remontistas\/#breadcrumb"},"inLanguage":"es","potentialAction":[{"@type":"ReadAction","target":["https:\/\/oriamendi.eus\/es\/2023\/03\/09\/las-dos-txapelas-del-parejas-han-sido-muy-grandes-pero-me-quedo-con-el-companerismo-y-el-ambiente-entre-los-remontistas\/"]}]},{"@type":"BreadcrumbList","@id":"https:\/\/oriamendi.eus\/es\/2023\/03\/09\/las-dos-txapelas-del-parejas-han-sido-muy-grandes-pero-me-quedo-con-el-companerismo-y-el-ambiente-entre-los-remontistas\/#breadcrumb","itemListElement":[{"@type":"ListItem","position":1,"name":"Portada","item":"https:\/\/oriamendi.eus\/es\/"},{"@type":"ListItem","position":2,"name":"\u00abLas dos txapelas del Parejas han sido muy grandes, pero me quedo con el compa\u00f1erismo y el ambiente entre los remontistas\u00bb"}]},{"@type":"WebSite","@id":"https:\/\/oriamendi.eus\/es\/#website","url":"https:\/\/oriamendi.eus\/es\/","name":"Oriamendi","description":"Remonte en Galarreta. Hernani. Gipuzkoa","publisher":{"@id":"https:\/\/oriamendi.eus\/es\/#organization"},"potentialAction":[{"@type":"SearchAction","target":{"@type":"EntryPoint","urlTemplate":"https:\/\/oriamendi.eus\/es\/?s={search_term_string}"},"query-input":"required name=search_term_string"}],"inLanguage":"es"},{"@type":"Organization","@id":"https:\/\/oriamendi.eus\/es\/#organization","name":"Oriamendi","url":"https:\/\/oriamendi.eus\/es\/","logo":{"@type":"ImageObject","inLanguage":"es","@id":"https:\/\/oriamendi.eus\/es\/#\/schema\/logo\/image\/","url":"https:\/\/oriamendi.eus\/wp-content\/uploads\/2020\/06\/logo-oriamendi.png","contentUrl":"https:\/\/oriamendi.eus\/wp-content\/uploads\/2020\/06\/logo-oriamendi.png","width":300,"height":90,"caption":"Oriamendi"},"image":{"@id":"https:\/\/oriamendi.eus\/es\/#\/schema\/logo\/image\/"},"sameAs":["https:\/\/www.facebook.com\/oriamendi2010remonte\/","https:\/\/twitter.com\/oriamendi2010","https:\/\/www.instagram.com\/galarretajaialai\/","https:\/\/www.youtube.com\/channel\/UC8gVNzQqB1iwnC-_rI-ihmA\/featured"]},{"@type":"Person","@id":"https:\/\/oriamendi.eus\/es\/#\/schema\/person\/c0bd06c6c747674306a5c82563e2339a","name":"I\u00f1igo Go\u00f1i","image":{"@type":"ImageObject","inLanguage":"es","@id":"https:\/\/oriamendi.eus\/es\/#\/schema\/person\/image\/","url":"https:\/\/secure.gravatar.com\/avatar\/fbb07ffc7b803bbfcc2b6419c06abd3a?s=96&d=mm&r=g","contentUrl":"https:\/\/secure.gravatar.com\/avatar\/fbb07ffc7b803bbfcc2b6419c06abd3a?s=96&d=mm&r=g","caption":"I\u00f1igo Go\u00f1i"},"url":"https:\/\/oriamendi.eus\/es\/author\/om-berriak\/"}]}},"_links":{"self":[{"href":"https:\/\/oriamendi.eus\/es\/wp-json\/wp\/v2\/posts\/7081"}],"collection":[{"href":"https:\/\/oriamendi.eus\/es\/wp-json\/wp\/v2\/posts"}],"about":[{"href":"https:\/\/oriamendi.eus\/es\/wp-json\/wp\/v2\/types\/post"}],"author":[{"embeddable":true,"href":"https:\/\/oriamendi.eus\/es\/wp-json\/wp\/v2\/users\/5"}],"replies":[{"embeddable":true,"href":"https:\/\/oriamendi.eus\/es\/wp-json\/wp\/v2\/comments?post=7081"}],"version-history":[{"count":1,"href":"https:\/\/oriamendi.eus\/es\/wp-json\/wp\/v2\/posts\/7081\/revisions"}],"predecessor-version":[{"id":7082,"href":"https:\/\/oriamendi.eus\/es\/wp-json\/wp\/v2\/posts\/7081\/revisions\/7082"}],"wp:featuredmedia":[{"embeddable":true,"href":"https:\/\/oriamendi.eus\/es\/wp-json\/wp\/v2\/media\/6992"}],"wp:attachment":[{"href":"https:\/\/oriamendi.eus\/es\/wp-json\/wp\/v2\/media?parent=7081"}],"wp:term":[{"taxonomy":"category","embeddable":true,"href":"https:\/\/oriamendi.eus\/es\/wp-json\/wp\/v2\/categories?post=7081"},{"taxonomy":"post_tag","embeddable":true,"href":"https:\/\/oriamendi.eus\/es\/wp-json\/wp\/v2\/tags?post=7081"}],"curies":[{"name":"wp","href":"https:\/\/api.w.org\/{rel}","templated":true}]}}