                                        
                                        
                                        
                                        
                                        
                                        
                                        
                                        
                                        
                                        
                                        
                                        
                                        
                                        
                                        
                                        
                                        
                                        
{"id":7066,"date":"2023-03-04T20:44:10","date_gmt":"2023-03-04T19:44:10","guid":{"rendered":"https:\/\/oriamendi.eus\/?p=7066"},"modified":"2023-03-04T20:44:13","modified_gmt":"2023-03-04T19:44:13","slug":"gurrutxaga-zaldua-y-irazu-zubiri-se-llevan-la-primera-victoria-del-berria-txapelketa","status":"publish","type":"post","link":"https:\/\/oriamendi.eus\/es\/2023\/03\/04\/gurrutxaga-zaldua-y-irazu-zubiri-se-llevan-la-primera-victoria-del-berria-txapelketa\/","title":{"rendered":"Gurrutxaga-Zaldua y Irazu-Zubiri se llevan la primera victoria del Berria Txapelketa"},"content":{"rendered":"\n<p><strong>Los zagueros veteranos acompa\u00f1aron mejor a los debutantes delanteros<\/strong><\/p>\n\n\n\n<p>El Berria Erremonte Txapelketa 2023 comenz\u00f3 con dos partidos diferentes. En el primero Gurrutxaga y Zaldua se impusieron 31-35 a Goikoetxea V y Aiestaran VI. En el segundo partido Irazu y Zubiri ganaron con facilidad a Loitegi y Eskudero por 16-35.\u00a0<\/p>\n\n\n\n<p>De esta forma los ganadores suman cuatro puntos, Goikoetxea y Aiestaran sumaron un punto, mientras la clasificaci\u00f3n se les ha complicado a Loitegi y Eskudero, ya que sumaron negativo.<\/p>\n\n\n\n<figure class=\"wp-block-image size-large\"><img fetchpriority=\"high\" fetchpriority=\"high\" decoding=\"async\" width=\"1024\" height=\"615\" src=\"https:\/\/oriamendi.eus\/wp-content\/uploads\/2023\/03\/aiestaran-1024x615.jpg\" alt=\"\" class=\"wp-image-7070\" srcset=\"https:\/\/oriamendi.eus\/wp-content\/uploads\/2023\/03\/aiestaran-1024x615.jpg 1024w, https:\/\/oriamendi.eus\/wp-content\/uploads\/2023\/03\/aiestaran-980x589.jpg 980w, https:\/\/oriamendi.eus\/wp-content\/uploads\/2023\/03\/aiestaran-480x288.jpg 480w\" sizes=\"(min-width: 0px) and (max-width: 480px) 480px, (min-width: 481px) and (max-width: 980px) 980px, (min-width: 981px) 1024px, 100vw\" \/><\/figure>\n\n\n\n<p>En el primer partido Gurrutxaga y Zaldua llevaron la iniciativa y los colorados hac\u00edan la goma. Los azules cog\u00edan ventajas de tres, cuatro, cinco tantos y Goikoetxea y Aiestaran lograban recortar la desventaja. Eso s\u00ed, no lograban ponerse por delante. El \u00faltimo estir\u00f3n llev\u00f3 a la pareja azul a tres tantos de ventaja, 27-30, que fue ya imposible de remontar. Gurrutxaga y Zaldua hicieron m\u00e1s pareja. Zaldua acompa\u00f1\u00f3 de maravilla a Gurrutxaga, que apenas cometi\u00f3 errores e hizo doce tantos. El de Aizarnazabal aprob\u00f3 con nota. Zaldua fue el factor diferencial dando tranquilidad a su compa\u00f1ero. Algo que no consigui\u00f3 Goikoetxea V. Los azules se matuvieron en la pelea y en el partido, pero no hicieron una pareja tan s\u00f3lida. Aiestaran estuvo muy bien con cuatro tantos de saque y seis en el peloteo, pero hubo momentos en los que no se entendi\u00f3 con un Goikoetxea nervioso.\u00a0<\/p>\n\n\n\n<figure class=\"wp-block-image size-large\"><img decoding=\"async\" width=\"1024\" height=\"683\" src=\"https:\/\/oriamendi.eus\/wp-content\/uploads\/2023\/03\/irazu-1024x683.jpg\" alt=\"\" class=\"wp-image-7072\" srcset=\"https:\/\/oriamendi.eus\/wp-content\/uploads\/2023\/03\/irazu-1024x683.jpg 1024w, https:\/\/oriamendi.eus\/wp-content\/uploads\/2023\/03\/irazu-980x653.jpg 980w, https:\/\/oriamendi.eus\/wp-content\/uploads\/2023\/03\/irazu-480x320.jpg 480w\" sizes=\"(min-width: 0px) and (max-width: 480px) 480px, (min-width: 481px) and (max-width: 980px) 980px, (min-width: 981px) 1024px, 100vw\" \/><\/figure>\n\n\n\n<p>El segundo partido del Berria Txapelketa fue muy diferente. Los azules rompieron el partido tras el 5-6. Cogieron una renta de diez tantos 5-15 y fueron aumentando poco a poco sin opci\u00f3n de remontada. Zubiri estuvo imperial. Domin\u00f3 y sobre todo desconect\u00f3 a Loitegi, que estuvo muy err\u00e1tico. El delantero colorado cometi\u00f3 demasiados errores y para Eskudero fue complicado contrarrestar esos errores. Al igual que en el primer partido el zaguero acompa\u00f1\u00f3 mucho mejor al debutante que el delantero. Adem\u00e1s el punto negativo les hace mucho da\u00f1o a los colorados.\u00a0<\/p>\n\n\n\n<figure class=\"wp-block-image size-large\"><img decoding=\"async\" width=\"1024\" height=\"683\" src=\"https:\/\/oriamendi.eus\/wp-content\/uploads\/2023\/03\/eskudero-1024x683.jpg\" alt=\"\" class=\"wp-image-7074\" srcset=\"https:\/\/oriamendi.eus\/wp-content\/uploads\/2023\/03\/eskudero-1024x683.jpg 1024w, https:\/\/oriamendi.eus\/wp-content\/uploads\/2023\/03\/eskudero-980x653.jpg 980w, https:\/\/oriamendi.eus\/wp-content\/uploads\/2023\/03\/eskudero-480x320.jpg 480w\" sizes=\"(min-width: 0px) and (max-width: 480px) 480px, (min-width: 481px) and (max-width: 980px) 980px, (min-width: 981px) 1024px, 100vw\" \/><\/figure>\n\n\n\n<p><br><strong>Aldabe y Barrenetxea ganan haciendo m\u00e1s pareja<\/strong><br>En el estelar, Aldabe y Barrenetxea IV hicieron m\u00e1s pareja y ganaron 37-40 a Azpiroz y Urriza. El delantero de Pamplona jug\u00f3 un partidazo con 24 tantos y solo un error, pero fueron insuficientes. Lleg\u00f3 algo cansado al final, ya que en los azules Aldabe y Barrenetxea formaron una pareja muy s\u00f3lida. Azpiroz no estuvo en su mejor versi\u00f3n y eso lastr\u00f3 a los colorados.El partido tuvo muchas igualadas, pero tras el 34 iguales los azules se marcharon 34-37 y tras el 37-38 los dos \u00faltimos tantos azules sentenciaron el partido.\u00a0<\/p>\n","protected":false},"excerpt":{"rendered":"<p>Los zagueros veteranos acompa\u00f1aron mejor a los debutantes delanteros El Berria Erremonte Txapelketa 2023 comenz\u00f3 con dos partidos diferentes. En el primero Gurrutxaga y Zaldua se impusieron 31-35 a Goikoetxea V y Aiestaran VI. En el segundo partido Irazu y Zubiri ganaron con facilidad a Loitegi y Eskudero por 16-35.\u00a0 De esta forma los ganadores [&hellip;]<\/p>\n","protected":false},"author":5,"featured_media":7068,"comment_status":"closed","ping_status":"open","sticky":false,"template":"","format":"standard","meta":{"_et_pb_use_builder":"off","_et_pb_old_content":"","_et_gb_content_width":"","footnotes":""},"categories":[1],"tags":[],"yoast_head":"<!-- This site is optimized with the Yoast SEO plugin v21.8 - https:\/\/yoast.com\/wordpress\/plugins\/seo\/ -->\n<title>Gurrutxaga-Zaldua y Irazu-Zubiri se llevan la primera victoria del Berria Txapelketa | Oriamendi 2010<\/title>\n<meta name=\"robots\" content=\"index, follow, max-snippet:-1, max-image-preview:large, max-video-preview:-1\" \/>\n<link rel=\"canonical\" href=\"https:\/\/oriamendi.eus\/es\/2023\/03\/04\/gurrutxaga-zaldua-y-irazu-zubiri-se-llevan-la-primera-victoria-del-berria-txapelketa\/\" \/>\n<meta property=\"og:locale\" content=\"es_ES\" \/>\n<meta property=\"og:type\" content=\"article\" \/>\n<meta property=\"og:title\" content=\"Gurrutxaga-Zaldua y Irazu-Zubiri se llevan la primera victoria del Berria Txapelketa | Oriamendi 2010\" \/>\n<meta property=\"og:description\" content=\"Los zagueros veteranos acompa\u00f1aron mejor a los debutantes delanteros El Berria Erremonte Txapelketa 2023 comenz\u00f3 con dos partidos diferentes. En el primero Gurrutxaga y Zaldua se impusieron 31-35 a Goikoetxea V y Aiestaran VI. En el segundo partido Irazu y Zubiri ganaron con facilidad a Loitegi y Eskudero por 16-35.\u00a0 De esta forma los ganadores [&hellip;]\" \/>\n<meta property=\"og:url\" content=\"https:\/\/oriamendi.eus\/es\/2023\/03\/04\/gurrutxaga-zaldua-y-irazu-zubiri-se-llevan-la-primera-victoria-del-berria-txapelketa\/\" \/>\n<meta property=\"og:site_name\" content=\"Oriamendi 2010\" \/>\n<meta property=\"article:publisher\" content=\"https:\/\/www.facebook.com\/oriamendi2010remonte\/\" \/>\n<meta property=\"article:published_time\" content=\"2023-03-04T19:44:10+00:00\" \/>\n<meta property=\"article:modified_time\" content=\"2023-03-04T19:44:13+00:00\" \/>\n<meta property=\"og:image\" content=\"https:\/\/oriamendi.eus\/wp-content\/uploads\/2023\/03\/gurru.jpg\" \/>\n\t<meta property=\"og:image:width\" content=\"1200\" \/>\n\t<meta property=\"og:image:height\" content=\"800\" \/>\n\t<meta property=\"og:image:type\" content=\"image\/jpeg\" \/>\n<meta name=\"author\" content=\"I\u00f1igo Go\u00f1i\" \/>\n<meta name=\"twitter:card\" content=\"summary_large_image\" \/>\n<meta name=\"twitter:creator\" content=\"@oriamendi2010\" \/>\n<meta name=\"twitter:site\" content=\"@oriamendi2010\" \/>\n<meta name=\"twitter:label1\" content=\"Escrito por\" \/>\n\t<meta name=\"twitter:data1\" content=\"I\u00f1igo Go\u00f1i\" \/>\n\t<meta name=\"twitter:label2\" content=\"Tiempo de lectura\" \/>\n\t<meta name=\"twitter:data2\" content=\"3 minutos\" \/>\n<script type=\"application\/ld+json\" class=\"yoast-schema-graph\">{\"@context\":\"https:\/\/schema.org\",\"@graph\":[{\"@type\":\"Article\",\"@id\":\"https:\/\/oriamendi.eus\/es\/2023\/03\/04\/gurrutxaga-zaldua-y-irazu-zubiri-se-llevan-la-primera-victoria-del-berria-txapelketa\/#article\",\"isPartOf\":{\"@id\":\"https:\/\/oriamendi.eus\/es\/2023\/03\/04\/gurrutxaga-zaldua-y-irazu-zubiri-se-llevan-la-primera-victoria-del-berria-txapelketa\/\"},\"author\":{\"name\":\"I\u00f1igo Go\u00f1i\",\"@id\":\"https:\/\/oriamendi.eus\/es\/#\/schema\/person\/c0bd06c6c747674306a5c82563e2339a\"},\"headline\":\"Gurrutxaga-Zaldua y Irazu-Zubiri se llevan la primera victoria del Berria Txapelketa\",\"datePublished\":\"2023-03-04T19:44:10+00:00\",\"dateModified\":\"2023-03-04T19:44:13+00:00\",\"mainEntityOfPage\":{\"@id\":\"https:\/\/oriamendi.eus\/es\/2023\/03\/04\/gurrutxaga-zaldua-y-irazu-zubiri-se-llevan-la-primera-victoria-del-berria-txapelketa\/\"},\"wordCount\":439,\"publisher\":{\"@id\":\"https:\/\/oriamendi.eus\/es\/#organization\"},\"articleSection\":[\"Sin categorizar\"],\"inLanguage\":\"es\"},{\"@type\":\"WebPage\",\"@id\":\"https:\/\/oriamendi.eus\/es\/2023\/03\/04\/gurrutxaga-zaldua-y-irazu-zubiri-se-llevan-la-primera-victoria-del-berria-txapelketa\/\",\"url\":\"https:\/\/oriamendi.eus\/es\/2023\/03\/04\/gurrutxaga-zaldua-y-irazu-zubiri-se-llevan-la-primera-victoria-del-berria-txapelketa\/\",\"name\":\"Gurrutxaga-Zaldua y Irazu-Zubiri se llevan la primera victoria del Berria Txapelketa | Oriamendi 2010\",\"isPartOf\":{\"@id\":\"https:\/\/oriamendi.eus\/es\/#website\"},\"datePublished\":\"2023-03-04T19:44:10+00:00\",\"dateModified\":\"2023-03-04T19:44:13+00:00\",\"breadcrumb\":{\"@id\":\"https:\/\/oriamendi.eus\/es\/2023\/03\/04\/gurrutxaga-zaldua-y-irazu-zubiri-se-llevan-la-primera-victoria-del-berria-txapelketa\/#breadcrumb\"},\"inLanguage\":\"es\",\"potentialAction\":[{\"@type\":\"ReadAction\",\"target\":[\"https:\/\/oriamendi.eus\/es\/2023\/03\/04\/gurrutxaga-zaldua-y-irazu-zubiri-se-llevan-la-primera-victoria-del-berria-txapelketa\/\"]}]},{\"@type\":\"BreadcrumbList\",\"@id\":\"https:\/\/oriamendi.eus\/es\/2023\/03\/04\/gurrutxaga-zaldua-y-irazu-zubiri-se-llevan-la-primera-victoria-del-berria-txapelketa\/#breadcrumb\",\"itemListElement\":[{\"@type\":\"ListItem\",\"position\":1,\"name\":\"Portada\",\"item\":\"https:\/\/oriamendi.eus\/es\/\"},{\"@type\":\"ListItem\",\"position\":2,\"name\":\"Gurrutxaga-Zaldua y Irazu-Zubiri se llevan la primera victoria del Berria Txapelketa\"}]},{\"@type\":\"WebSite\",\"@id\":\"https:\/\/oriamendi.eus\/es\/#website\",\"url\":\"https:\/\/oriamendi.eus\/es\/\",\"name\":\"Oriamendi\",\"description\":\"Remonte en Galarreta. Hernani. Gipuzkoa\",\"publisher\":{\"@id\":\"https:\/\/oriamendi.eus\/es\/#organization\"},\"potentialAction\":[{\"@type\":\"SearchAction\",\"target\":{\"@type\":\"EntryPoint\",\"urlTemplate\":\"https:\/\/oriamendi.eus\/es\/?s={search_term_string}\"},\"query-input\":\"required name=search_term_string\"}],\"inLanguage\":\"es\"},{\"@type\":\"Organization\",\"@id\":\"https:\/\/oriamendi.eus\/es\/#organization\",\"name\":\"Oriamendi\",\"url\":\"https:\/\/oriamendi.eus\/es\/\",\"logo\":{\"@type\":\"ImageObject\",\"inLanguage\":\"es\",\"@id\":\"https:\/\/oriamendi.eus\/es\/#\/schema\/logo\/image\/\",\"url\":\"https:\/\/oriamendi.eus\/wp-content\/uploads\/2020\/06\/logo-oriamendi.png\",\"contentUrl\":\"https:\/\/oriamendi.eus\/wp-content\/uploads\/2020\/06\/logo-oriamendi.png\",\"width\":300,\"height\":90,\"caption\":\"Oriamendi\"},\"image\":{\"@id\":\"https:\/\/oriamendi.eus\/es\/#\/schema\/logo\/image\/\"},\"sameAs\":[\"https:\/\/www.facebook.com\/oriamendi2010remonte\/\",\"https:\/\/twitter.com\/oriamendi2010\",\"https:\/\/www.instagram.com\/galarretajaialai\/\",\"https:\/\/www.youtube.com\/channel\/UC8gVNzQqB1iwnC-_rI-ihmA\/featured\"]},{\"@type\":\"Person\",\"@id\":\"https:\/\/oriamendi.eus\/es\/#\/schema\/person\/c0bd06c6c747674306a5c82563e2339a\",\"name\":\"I\u00f1igo Go\u00f1i\",\"image\":{\"@type\":\"ImageObject\",\"inLanguage\":\"es\",\"@id\":\"https:\/\/oriamendi.eus\/es\/#\/schema\/person\/image\/\",\"url\":\"https:\/\/secure.gravatar.com\/avatar\/fbb07ffc7b803bbfcc2b6419c06abd3a?s=96&d=mm&r=g\",\"contentUrl\":\"https:\/\/secure.gravatar.com\/avatar\/fbb07ffc7b803bbfcc2b6419c06abd3a?s=96&d=mm&r=g\",\"caption\":\"I\u00f1igo Go\u00f1i\"},\"url\":\"https:\/\/oriamendi.eus\/es\/author\/om-berriak\/\"}]}<\/script>\n<!-- \/ Yoast SEO plugin. -->","yoast_head_json":{"title":"Gurrutxaga-Zaldua y Irazu-Zubiri se llevan la primera victoria del Berria Txapelketa | Oriamendi 2010","robots":{"index":"index","follow":"follow","max-snippet":"max-snippet:-1","max-image-preview":"max-image-preview:large","max-video-preview":"max-video-preview:-1"},"canonical":"https:\/\/oriamendi.eus\/es\/2023\/03\/04\/gurrutxaga-zaldua-y-irazu-zubiri-se-llevan-la-primera-victoria-del-berria-txapelketa\/","og_locale":"es_ES","og_type":"article","og_title":"Gurrutxaga-Zaldua y Irazu-Zubiri se llevan la primera victoria del Berria Txapelketa | Oriamendi 2010","og_description":"Los zagueros veteranos acompa\u00f1aron mejor a los debutantes delanteros El Berria Erremonte Txapelketa 2023 comenz\u00f3 con dos partidos diferentes. En el primero Gurrutxaga y Zaldua se impusieron 31-35 a Goikoetxea V y Aiestaran VI. En el segundo partido Irazu y Zubiri ganaron con facilidad a Loitegi y Eskudero por 16-35.\u00a0 De esta forma los ganadores [&hellip;]","og_url":"https:\/\/oriamendi.eus\/es\/2023\/03\/04\/gurrutxaga-zaldua-y-irazu-zubiri-se-llevan-la-primera-victoria-del-berria-txapelketa\/","og_site_name":"Oriamendi 2010","article_publisher":"https:\/\/www.facebook.com\/oriamendi2010remonte\/","article_published_time":"2023-03-04T19:44:10+00:00","article_modified_time":"2023-03-04T19:44:13+00:00","og_image":[{"width":1200,"height":800,"url":"https:\/\/oriamendi.eus\/wp-content\/uploads\/2023\/03\/gurru.jpg","type":"image\/jpeg"}],"author":"I\u00f1igo Go\u00f1i","twitter_card":"summary_large_image","twitter_creator":"@oriamendi2010","twitter_site":"@oriamendi2010","twitter_misc":{"Escrito por":"I\u00f1igo Go\u00f1i","Tiempo de lectura":"3 minutos"},"schema":{"@context":"https:\/\/schema.org","@graph":[{"@type":"Article","@id":"https:\/\/oriamendi.eus\/es\/2023\/03\/04\/gurrutxaga-zaldua-y-irazu-zubiri-se-llevan-la-primera-victoria-del-berria-txapelketa\/#article","isPartOf":{"@id":"https:\/\/oriamendi.eus\/es\/2023\/03\/04\/gurrutxaga-zaldua-y-irazu-zubiri-se-llevan-la-primera-victoria-del-berria-txapelketa\/"},"author":{"name":"I\u00f1igo Go\u00f1i","@id":"https:\/\/oriamendi.eus\/es\/#\/schema\/person\/c0bd06c6c747674306a5c82563e2339a"},"headline":"Gurrutxaga-Zaldua y Irazu-Zubiri se llevan la primera victoria del Berria Txapelketa","datePublished":"2023-03-04T19:44:10+00:00","dateModified":"2023-03-04T19:44:13+00:00","mainEntityOfPage":{"@id":"https:\/\/oriamendi.eus\/es\/2023\/03\/04\/gurrutxaga-zaldua-y-irazu-zubiri-se-llevan-la-primera-victoria-del-berria-txapelketa\/"},"wordCount":439,"publisher":{"@id":"https:\/\/oriamendi.eus\/es\/#organization"},"articleSection":["Sin categorizar"],"inLanguage":"es"},{"@type":"WebPage","@id":"https:\/\/oriamendi.eus\/es\/2023\/03\/04\/gurrutxaga-zaldua-y-irazu-zubiri-se-llevan-la-primera-victoria-del-berria-txapelketa\/","url":"https:\/\/oriamendi.eus\/es\/2023\/03\/04\/gurrutxaga-zaldua-y-irazu-zubiri-se-llevan-la-primera-victoria-del-berria-txapelketa\/","name":"Gurrutxaga-Zaldua y Irazu-Zubiri se llevan la primera victoria del Berria Txapelketa | Oriamendi 2010","isPartOf":{"@id":"https:\/\/oriamendi.eus\/es\/#website"},"datePublished":"2023-03-04T19:44:10+00:00","dateModified":"2023-03-04T19:44:13+00:00","breadcrumb":{"@id":"https:\/\/oriamendi.eus\/es\/2023\/03\/04\/gurrutxaga-zaldua-y-irazu-zubiri-se-llevan-la-primera-victoria-del-berria-txapelketa\/#breadcrumb"},"inLanguage":"es","potentialAction":[{"@type":"ReadAction","target":["https:\/\/oriamendi.eus\/es\/2023\/03\/04\/gurrutxaga-zaldua-y-irazu-zubiri-se-llevan-la-primera-victoria-del-berria-txapelketa\/"]}]},{"@type":"BreadcrumbList","@id":"https:\/\/oriamendi.eus\/es\/2023\/03\/04\/gurrutxaga-zaldua-y-irazu-zubiri-se-llevan-la-primera-victoria-del-berria-txapelketa\/#breadcrumb","itemListElement":[{"@type":"ListItem","position":1,"name":"Portada","item":"https:\/\/oriamendi.eus\/es\/"},{"@type":"ListItem","position":2,"name":"Gurrutxaga-Zaldua y Irazu-Zubiri se llevan la primera victoria del Berria Txapelketa"}]},{"@type":"WebSite","@id":"https:\/\/oriamendi.eus\/es\/#website","url":"https:\/\/oriamendi.eus\/es\/","name":"Oriamendi","description":"Remonte en Galarreta. Hernani. Gipuzkoa","publisher":{"@id":"https:\/\/oriamendi.eus\/es\/#organization"},"potentialAction":[{"@type":"SearchAction","target":{"@type":"EntryPoint","urlTemplate":"https:\/\/oriamendi.eus\/es\/?s={search_term_string}"},"query-input":"required name=search_term_string"}],"inLanguage":"es"},{"@type":"Organization","@id":"https:\/\/oriamendi.eus\/es\/#organization","name":"Oriamendi","url":"https:\/\/oriamendi.eus\/es\/","logo":{"@type":"ImageObject","inLanguage":"es","@id":"https:\/\/oriamendi.eus\/es\/#\/schema\/logo\/image\/","url":"https:\/\/oriamendi.eus\/wp-content\/uploads\/2020\/06\/logo-oriamendi.png","contentUrl":"https:\/\/oriamendi.eus\/wp-content\/uploads\/2020\/06\/logo-oriamendi.png","width":300,"height":90,"caption":"Oriamendi"},"image":{"@id":"https:\/\/oriamendi.eus\/es\/#\/schema\/logo\/image\/"},"sameAs":["https:\/\/www.facebook.com\/oriamendi2010remonte\/","https:\/\/twitter.com\/oriamendi2010","https:\/\/www.instagram.com\/galarretajaialai\/","https:\/\/www.youtube.com\/channel\/UC8gVNzQqB1iwnC-_rI-ihmA\/featured"]},{"@type":"Person","@id":"https:\/\/oriamendi.eus\/es\/#\/schema\/person\/c0bd06c6c747674306a5c82563e2339a","name":"I\u00f1igo Go\u00f1i","image":{"@type":"ImageObject","inLanguage":"es","@id":"https:\/\/oriamendi.eus\/es\/#\/schema\/person\/image\/","url":"https:\/\/secure.gravatar.com\/avatar\/fbb07ffc7b803bbfcc2b6419c06abd3a?s=96&d=mm&r=g","contentUrl":"https:\/\/secure.gravatar.com\/avatar\/fbb07ffc7b803bbfcc2b6419c06abd3a?s=96&d=mm&r=g","caption":"I\u00f1igo Go\u00f1i"},"url":"https:\/\/oriamendi.eus\/es\/author\/om-berriak\/"}]}},"_links":{"self":[{"href":"https:\/\/oriamendi.eus\/es\/wp-json\/wp\/v2\/posts\/7066"}],"collection":[{"href":"https:\/\/oriamendi.eus\/es\/wp-json\/wp\/v2\/posts"}],"about":[{"href":"https:\/\/oriamendi.eus\/es\/wp-json\/wp\/v2\/types\/post"}],"author":[{"embeddable":true,"href":"https:\/\/oriamendi.eus\/es\/wp-json\/wp\/v2\/users\/5"}],"replies":[{"embeddable":true,"href":"https:\/\/oriamendi.eus\/es\/wp-json\/wp\/v2\/comments?post=7066"}],"version-history":[{"count":2,"href":"https:\/\/oriamendi.eus\/es\/wp-json\/wp\/v2\/posts\/7066\/revisions"}],"predecessor-version":[{"id":7076,"href":"https:\/\/oriamendi.eus\/es\/wp-json\/wp\/v2\/posts\/7066\/revisions\/7076"}],"wp:featuredmedia":[{"embeddable":true,"href":"https:\/\/oriamendi.eus\/es\/wp-json\/wp\/v2\/media\/7068"}],"wp:attachment":[{"href":"https:\/\/oriamendi.eus\/es\/wp-json\/wp\/v2\/media?parent=7066"}],"wp:term":[{"taxonomy":"category","embeddable":true,"href":"https:\/\/oriamendi.eus\/es\/wp-json\/wp\/v2\/categories?post=7066"},{"taxonomy":"post_tag","embeddable":true,"href":"https:\/\/oriamendi.eus\/es\/wp-json\/wp\/v2\/tags?post=7066"}],"curies":[{"name":"wp","href":"https:\/\/api.w.org\/{rel}","templated":true}]}}