                                        
                                        
                                        
                                        
                                        
                                        
                                        
                                        
                                        
                                        
                                        
                                        
                                        
                                        
                                        
                                        
                                        
                                        
{"id":7051,"date":"2023-02-28T21:08:44","date_gmt":"2023-02-28T20:08:44","guid":{"rendered":"https:\/\/oriamendi.eus\/?p=7051"},"modified":"2023-02-28T21:08:47","modified_gmt":"2023-02-28T20:08:47","slug":"el-torneo-berria-se-ha-presentado-hoy-en-galarreta-con-cuatro-debutantes","status":"publish","type":"post","link":"https:\/\/oriamendi.eus\/es\/2023\/02\/28\/el-torneo-berria-se-ha-presentado-hoy-en-galarreta-con-cuatro-debutantes\/","title":{"rendered":"El Torneo Berria se ha presentado hoy en Galarreta con cuatro debutantes"},"content":{"rendered":"\n<p><strong>Arranca el s\u00e1bado con seis parejas y son Aritz Eskudero, Aitor Aiestaran, Urtzi Gurrutxaga y Jon Irazu los que se estrenan como profesionales en el campeonato<\/strong><\/p>\n\n\n\n<p>El Torneo de Remonte Berria 2023 se ha presentado hoy en Galarreta. Comenzar\u00e1 el s\u00e1bado y seis parejas buscar\u00e1n la txapela. Adem\u00e1s, entre ellos hay cuatro debutantes: Aritz Eskudero, Aitor Aiestaran, Urtzi Gurrutxaga y Jon Irazu. El campeonato Berria da la oportunidad a los remontistas m\u00e1s j\u00f3venes y es muy \u00fatil para la promoci\u00f3n.<br>El campeonato comenzar\u00e1 con la liguilla y las seis parejas est\u00e1n repartidas en el grupo A y en el B. El grupo A lo forman tres parejas: Goikoetxea V-Aiestaran VI, Urrutia II-Apezetxea y Gurrutxaga-Zaldua I.<\/p>\n\n\n\n<figure class=\"wp-block-image size-large\"><img fetchpriority=\"high\" fetchpriority=\"high\" decoding=\"async\" width=\"1024\" height=\"683\" src=\"https:\/\/oriamendi.eus\/wp-content\/uploads\/2023\/02\/IMG_20230228_183559_2000_x_1333_pixel-1024x683.jpg\" alt=\"\" class=\"wp-image-7046\" srcset=\"https:\/\/oriamendi.eus\/wp-content\/uploads\/2023\/02\/IMG_20230228_183559_2000_x_1333_pixel-1024x683.jpg 1024w, https:\/\/oriamendi.eus\/wp-content\/uploads\/2023\/02\/IMG_20230228_183559_2000_x_1333_pixel-980x653.jpg 980w, https:\/\/oriamendi.eus\/wp-content\/uploads\/2023\/02\/IMG_20230228_183559_2000_x_1333_pixel-480x320.jpg 480w\" sizes=\"(min-width: 0px) and (max-width: 480px) 480px, (min-width: 481px) and (max-width: 980px) 980px, (min-width: 981px) 1024px, 100vw\" \/><\/figure>\n\n\n\n<p><br>Formar\u00e1n parte del grupo B: Loitegi-Eskudero, Zaldua II-Odei e Irazu-Zubiri.<br>La liguilla la componen cuatro jornadas y en cada equipo, todos contra todos. Todos los partidos del campeonato se disputar\u00e1n a 35 tantos y se utilizar\u00e1 el sistema de puntuaci\u00f3n: cuatro puntos para los ganadores, del 34 al 32 dos puntos, del 31 al 29 un punto, del 28 al 23 ning\u00fan punto y 22 o menos punto negativo.<br>Este s\u00e1bado comienza la liguilla con dos partidos. El 4 de marzo a partir de las 16:30 se enfrentar\u00e1n Goikoetxea V.A-Aiestaran VI contra Gurrutxaga-Zaldua I. Por otro lado, Loitegi y Eskudero se enfrentar\u00e1n a Irazu y Zubiri.<br>El 11 de marzo, a partir de las 16:30 horas se disputar\u00e1 la segunda jornada. Los ganadores del 4 de marzo se enfrentar\u00e1n a Urrutia II-Apezetxea y Zaldua II-Odei.<br>El 18 de marzo, a partir de las 12:00 horas se disputar\u00e1 el partido que queda en el grupo A (se emitir\u00e1 en ETB1 a partir de las 15:30 horas) y el 25 de marzo se disputar\u00e1 el partido que resta por disputar en el grupo B.<br>De cada grupo se clasificar\u00e1n los dos primeros a semifinales. As\u00ed, el 1 de abril, a partir de las 16:30 horas, el primer clasificado del Grupo A jugar\u00e1 la primera semifinal contra el segundo del Grupo B y el primer clasificado del Grupo B jugar\u00e1 la segunda semifinal contra el segundo del Grupo A.<br>Los ganadores de las semifinales se clasificar\u00e1n para la final.<br>La final del Torneo Berria se disputar\u00e1 el 8 de abril.<br>Este s\u00e1bado debutar\u00e1n cuatro remontistas. En la presentaci\u00f3n se sent\u00f3 a la mesa el remontista Oier Apezetxea. El a\u00f1o pasado debut\u00f3 el zaguero goizuetarra y adem\u00e1s se puso la txapela. Habl\u00f3 de repetir que este a\u00f1o ser\u00e1 dif\u00edcil porque \u00ablas parejas son muy igualadas\u00bb.<br>El director del diario Berria, Martxelo Otamendi, fue el encargado de la presentaci\u00f3n y mostr\u00f3 su satisfacci\u00f3n por el apoyo al remonte. Oriamendi fue sustituido por Xabi Gonz\u00e1lez y coment\u00f3 que \u00abestamos ante un torneo muy interesante.<\/p>\n","protected":false},"excerpt":{"rendered":"<p>Arranca el s\u00e1bado con seis parejas y son Aritz Eskudero, Aitor Aiestaran, Urtzi Gurrutxaga y Jon Irazu los que se estrenan como profesionales en el campeonato El Torneo de Remonte Berria 2023 se ha presentado hoy en Galarreta. Comenzar\u00e1 el s\u00e1bado y seis parejas buscar\u00e1n la txapela. Adem\u00e1s, entre ellos hay cuatro debutantes: Aritz Eskudero, [&hellip;]<\/p>\n","protected":false},"author":5,"featured_media":7049,"comment_status":"closed","ping_status":"open","sticky":false,"template":"","format":"standard","meta":{"_et_pb_use_builder":"off","_et_pb_old_content":"","_et_gb_content_width":"","footnotes":""},"categories":[1],"tags":[],"yoast_head":"<!-- This site is optimized with the Yoast SEO plugin v21.8 - https:\/\/yoast.com\/wordpress\/plugins\/seo\/ -->\n<title>El Torneo Berria se ha presentado hoy en Galarreta con cuatro debutantes | Oriamendi 2010<\/title>\n<meta name=\"robots\" content=\"index, follow, max-snippet:-1, max-image-preview:large, max-video-preview:-1\" \/>\n<link rel=\"canonical\" href=\"https:\/\/oriamendi.eus\/es\/2023\/02\/28\/el-torneo-berria-se-ha-presentado-hoy-en-galarreta-con-cuatro-debutantes\/\" \/>\n<meta property=\"og:locale\" content=\"es_ES\" \/>\n<meta property=\"og:type\" content=\"article\" \/>\n<meta property=\"og:title\" content=\"El Torneo Berria se ha presentado hoy en Galarreta con cuatro debutantes | Oriamendi 2010\" \/>\n<meta property=\"og:description\" content=\"Arranca el s\u00e1bado con seis parejas y son Aritz Eskudero, Aitor Aiestaran, Urtzi Gurrutxaga y Jon Irazu los que se estrenan como profesionales en el campeonato El Torneo de Remonte Berria 2023 se ha presentado hoy en Galarreta. Comenzar\u00e1 el s\u00e1bado y seis parejas buscar\u00e1n la txapela. Adem\u00e1s, entre ellos hay cuatro debutantes: Aritz Eskudero, [&hellip;]\" \/>\n<meta property=\"og:url\" content=\"https:\/\/oriamendi.eus\/es\/2023\/02\/28\/el-torneo-berria-se-ha-presentado-hoy-en-galarreta-con-cuatro-debutantes\/\" \/>\n<meta property=\"og:site_name\" content=\"Oriamendi 2010\" \/>\n<meta property=\"article:publisher\" content=\"https:\/\/www.facebook.com\/oriamendi2010remonte\/\" \/>\n<meta property=\"article:published_time\" content=\"2023-02-28T20:08:44+00:00\" \/>\n<meta property=\"article:modified_time\" content=\"2023-02-28T20:08:47+00:00\" \/>\n<meta property=\"og:image\" content=\"https:\/\/oriamendi.eus\/wp-content\/uploads\/2023\/02\/IMG_20230228_183623_2000_x_1333_pixel.jpg\" \/>\n\t<meta property=\"og:image:width\" content=\"1200\" \/>\n\t<meta property=\"og:image:height\" content=\"800\" \/>\n\t<meta property=\"og:image:type\" content=\"image\/jpeg\" \/>\n<meta name=\"author\" content=\"I\u00f1igo Go\u00f1i\" \/>\n<meta name=\"twitter:card\" content=\"summary_large_image\" \/>\n<meta name=\"twitter:creator\" content=\"@oriamendi2010\" \/>\n<meta name=\"twitter:site\" content=\"@oriamendi2010\" \/>\n<meta name=\"twitter:label1\" content=\"Escrito por\" \/>\n\t<meta name=\"twitter:data1\" content=\"I\u00f1igo Go\u00f1i\" \/>\n\t<meta name=\"twitter:label2\" content=\"Tiempo de lectura\" \/>\n\t<meta name=\"twitter:data2\" content=\"3 minutos\" \/>\n<script type=\"application\/ld+json\" class=\"yoast-schema-graph\">{\"@context\":\"https:\/\/schema.org\",\"@graph\":[{\"@type\":\"Article\",\"@id\":\"https:\/\/oriamendi.eus\/es\/2023\/02\/28\/el-torneo-berria-se-ha-presentado-hoy-en-galarreta-con-cuatro-debutantes\/#article\",\"isPartOf\":{\"@id\":\"https:\/\/oriamendi.eus\/es\/2023\/02\/28\/el-torneo-berria-se-ha-presentado-hoy-en-galarreta-con-cuatro-debutantes\/\"},\"author\":{\"name\":\"I\u00f1igo Go\u00f1i\",\"@id\":\"https:\/\/oriamendi.eus\/es\/#\/schema\/person\/c0bd06c6c747674306a5c82563e2339a\"},\"headline\":\"El Torneo Berria se ha presentado hoy en Galarreta con cuatro debutantes\",\"datePublished\":\"2023-02-28T20:08:44+00:00\",\"dateModified\":\"2023-02-28T20:08:47+00:00\",\"mainEntityOfPage\":{\"@id\":\"https:\/\/oriamendi.eus\/es\/2023\/02\/28\/el-torneo-berria-se-ha-presentado-hoy-en-galarreta-con-cuatro-debutantes\/\"},\"wordCount\":473,\"publisher\":{\"@id\":\"https:\/\/oriamendi.eus\/es\/#organization\"},\"articleSection\":[\"Sin categorizar\"],\"inLanguage\":\"es\"},{\"@type\":\"WebPage\",\"@id\":\"https:\/\/oriamendi.eus\/es\/2023\/02\/28\/el-torneo-berria-se-ha-presentado-hoy-en-galarreta-con-cuatro-debutantes\/\",\"url\":\"https:\/\/oriamendi.eus\/es\/2023\/02\/28\/el-torneo-berria-se-ha-presentado-hoy-en-galarreta-con-cuatro-debutantes\/\",\"name\":\"El Torneo Berria se ha presentado hoy en Galarreta con cuatro debutantes | Oriamendi 2010\",\"isPartOf\":{\"@id\":\"https:\/\/oriamendi.eus\/es\/#website\"},\"datePublished\":\"2023-02-28T20:08:44+00:00\",\"dateModified\":\"2023-02-28T20:08:47+00:00\",\"breadcrumb\":{\"@id\":\"https:\/\/oriamendi.eus\/es\/2023\/02\/28\/el-torneo-berria-se-ha-presentado-hoy-en-galarreta-con-cuatro-debutantes\/#breadcrumb\"},\"inLanguage\":\"es\",\"potentialAction\":[{\"@type\":\"ReadAction\",\"target\":[\"https:\/\/oriamendi.eus\/es\/2023\/02\/28\/el-torneo-berria-se-ha-presentado-hoy-en-galarreta-con-cuatro-debutantes\/\"]}]},{\"@type\":\"BreadcrumbList\",\"@id\":\"https:\/\/oriamendi.eus\/es\/2023\/02\/28\/el-torneo-berria-se-ha-presentado-hoy-en-galarreta-con-cuatro-debutantes\/#breadcrumb\",\"itemListElement\":[{\"@type\":\"ListItem\",\"position\":1,\"name\":\"Portada\",\"item\":\"https:\/\/oriamendi.eus\/es\/\"},{\"@type\":\"ListItem\",\"position\":2,\"name\":\"El Torneo Berria se ha presentado hoy en Galarreta con cuatro debutantes\"}]},{\"@type\":\"WebSite\",\"@id\":\"https:\/\/oriamendi.eus\/es\/#website\",\"url\":\"https:\/\/oriamendi.eus\/es\/\",\"name\":\"Oriamendi\",\"description\":\"Remonte en Galarreta. Hernani. Gipuzkoa\",\"publisher\":{\"@id\":\"https:\/\/oriamendi.eus\/es\/#organization\"},\"potentialAction\":[{\"@type\":\"SearchAction\",\"target\":{\"@type\":\"EntryPoint\",\"urlTemplate\":\"https:\/\/oriamendi.eus\/es\/?s={search_term_string}\"},\"query-input\":\"required name=search_term_string\"}],\"inLanguage\":\"es\"},{\"@type\":\"Organization\",\"@id\":\"https:\/\/oriamendi.eus\/es\/#organization\",\"name\":\"Oriamendi\",\"url\":\"https:\/\/oriamendi.eus\/es\/\",\"logo\":{\"@type\":\"ImageObject\",\"inLanguage\":\"es\",\"@id\":\"https:\/\/oriamendi.eus\/es\/#\/schema\/logo\/image\/\",\"url\":\"https:\/\/oriamendi.eus\/wp-content\/uploads\/2020\/06\/logo-oriamendi.png\",\"contentUrl\":\"https:\/\/oriamendi.eus\/wp-content\/uploads\/2020\/06\/logo-oriamendi.png\",\"width\":300,\"height\":90,\"caption\":\"Oriamendi\"},\"image\":{\"@id\":\"https:\/\/oriamendi.eus\/es\/#\/schema\/logo\/image\/\"},\"sameAs\":[\"https:\/\/www.facebook.com\/oriamendi2010remonte\/\",\"https:\/\/twitter.com\/oriamendi2010\",\"https:\/\/www.instagram.com\/galarretajaialai\/\",\"https:\/\/www.youtube.com\/channel\/UC8gVNzQqB1iwnC-_rI-ihmA\/featured\"]},{\"@type\":\"Person\",\"@id\":\"https:\/\/oriamendi.eus\/es\/#\/schema\/person\/c0bd06c6c747674306a5c82563e2339a\",\"name\":\"I\u00f1igo Go\u00f1i\",\"image\":{\"@type\":\"ImageObject\",\"inLanguage\":\"es\",\"@id\":\"https:\/\/oriamendi.eus\/es\/#\/schema\/person\/image\/\",\"url\":\"https:\/\/secure.gravatar.com\/avatar\/fbb07ffc7b803bbfcc2b6419c06abd3a?s=96&d=mm&r=g\",\"contentUrl\":\"https:\/\/secure.gravatar.com\/avatar\/fbb07ffc7b803bbfcc2b6419c06abd3a?s=96&d=mm&r=g\",\"caption\":\"I\u00f1igo Go\u00f1i\"},\"url\":\"https:\/\/oriamendi.eus\/es\/author\/om-berriak\/\"}]}<\/script>\n<!-- \/ Yoast SEO plugin. -->","yoast_head_json":{"title":"El Torneo Berria se ha presentado hoy en Galarreta con cuatro debutantes | Oriamendi 2010","robots":{"index":"index","follow":"follow","max-snippet":"max-snippet:-1","max-image-preview":"max-image-preview:large","max-video-preview":"max-video-preview:-1"},"canonical":"https:\/\/oriamendi.eus\/es\/2023\/02\/28\/el-torneo-berria-se-ha-presentado-hoy-en-galarreta-con-cuatro-debutantes\/","og_locale":"es_ES","og_type":"article","og_title":"El Torneo Berria se ha presentado hoy en Galarreta con cuatro debutantes | Oriamendi 2010","og_description":"Arranca el s\u00e1bado con seis parejas y son Aritz Eskudero, Aitor Aiestaran, Urtzi Gurrutxaga y Jon Irazu los que se estrenan como profesionales en el campeonato El Torneo de Remonte Berria 2023 se ha presentado hoy en Galarreta. Comenzar\u00e1 el s\u00e1bado y seis parejas buscar\u00e1n la txapela. Adem\u00e1s, entre ellos hay cuatro debutantes: Aritz Eskudero, [&hellip;]","og_url":"https:\/\/oriamendi.eus\/es\/2023\/02\/28\/el-torneo-berria-se-ha-presentado-hoy-en-galarreta-con-cuatro-debutantes\/","og_site_name":"Oriamendi 2010","article_publisher":"https:\/\/www.facebook.com\/oriamendi2010remonte\/","article_published_time":"2023-02-28T20:08:44+00:00","article_modified_time":"2023-02-28T20:08:47+00:00","og_image":[{"width":1200,"height":800,"url":"https:\/\/oriamendi.eus\/wp-content\/uploads\/2023\/02\/IMG_20230228_183623_2000_x_1333_pixel.jpg","type":"image\/jpeg"}],"author":"I\u00f1igo Go\u00f1i","twitter_card":"summary_large_image","twitter_creator":"@oriamendi2010","twitter_site":"@oriamendi2010","twitter_misc":{"Escrito por":"I\u00f1igo Go\u00f1i","Tiempo de lectura":"3 minutos"},"schema":{"@context":"https:\/\/schema.org","@graph":[{"@type":"Article","@id":"https:\/\/oriamendi.eus\/es\/2023\/02\/28\/el-torneo-berria-se-ha-presentado-hoy-en-galarreta-con-cuatro-debutantes\/#article","isPartOf":{"@id":"https:\/\/oriamendi.eus\/es\/2023\/02\/28\/el-torneo-berria-se-ha-presentado-hoy-en-galarreta-con-cuatro-debutantes\/"},"author":{"name":"I\u00f1igo Go\u00f1i","@id":"https:\/\/oriamendi.eus\/es\/#\/schema\/person\/c0bd06c6c747674306a5c82563e2339a"},"headline":"El Torneo Berria se ha presentado hoy en Galarreta con cuatro debutantes","datePublished":"2023-02-28T20:08:44+00:00","dateModified":"2023-02-28T20:08:47+00:00","mainEntityOfPage":{"@id":"https:\/\/oriamendi.eus\/es\/2023\/02\/28\/el-torneo-berria-se-ha-presentado-hoy-en-galarreta-con-cuatro-debutantes\/"},"wordCount":473,"publisher":{"@id":"https:\/\/oriamendi.eus\/es\/#organization"},"articleSection":["Sin categorizar"],"inLanguage":"es"},{"@type":"WebPage","@id":"https:\/\/oriamendi.eus\/es\/2023\/02\/28\/el-torneo-berria-se-ha-presentado-hoy-en-galarreta-con-cuatro-debutantes\/","url":"https:\/\/oriamendi.eus\/es\/2023\/02\/28\/el-torneo-berria-se-ha-presentado-hoy-en-galarreta-con-cuatro-debutantes\/","name":"El Torneo Berria se ha presentado hoy en Galarreta con cuatro debutantes | Oriamendi 2010","isPartOf":{"@id":"https:\/\/oriamendi.eus\/es\/#website"},"datePublished":"2023-02-28T20:08:44+00:00","dateModified":"2023-02-28T20:08:47+00:00","breadcrumb":{"@id":"https:\/\/oriamendi.eus\/es\/2023\/02\/28\/el-torneo-berria-se-ha-presentado-hoy-en-galarreta-con-cuatro-debutantes\/#breadcrumb"},"inLanguage":"es","potentialAction":[{"@type":"ReadAction","target":["https:\/\/oriamendi.eus\/es\/2023\/02\/28\/el-torneo-berria-se-ha-presentado-hoy-en-galarreta-con-cuatro-debutantes\/"]}]},{"@type":"BreadcrumbList","@id":"https:\/\/oriamendi.eus\/es\/2023\/02\/28\/el-torneo-berria-se-ha-presentado-hoy-en-galarreta-con-cuatro-debutantes\/#breadcrumb","itemListElement":[{"@type":"ListItem","position":1,"name":"Portada","item":"https:\/\/oriamendi.eus\/es\/"},{"@type":"ListItem","position":2,"name":"El Torneo Berria se ha presentado hoy en Galarreta con cuatro debutantes"}]},{"@type":"WebSite","@id":"https:\/\/oriamendi.eus\/es\/#website","url":"https:\/\/oriamendi.eus\/es\/","name":"Oriamendi","description":"Remonte en Galarreta. Hernani. Gipuzkoa","publisher":{"@id":"https:\/\/oriamendi.eus\/es\/#organization"},"potentialAction":[{"@type":"SearchAction","target":{"@type":"EntryPoint","urlTemplate":"https:\/\/oriamendi.eus\/es\/?s={search_term_string}"},"query-input":"required name=search_term_string"}],"inLanguage":"es"},{"@type":"Organization","@id":"https:\/\/oriamendi.eus\/es\/#organization","name":"Oriamendi","url":"https:\/\/oriamendi.eus\/es\/","logo":{"@type":"ImageObject","inLanguage":"es","@id":"https:\/\/oriamendi.eus\/es\/#\/schema\/logo\/image\/","url":"https:\/\/oriamendi.eus\/wp-content\/uploads\/2020\/06\/logo-oriamendi.png","contentUrl":"https:\/\/oriamendi.eus\/wp-content\/uploads\/2020\/06\/logo-oriamendi.png","width":300,"height":90,"caption":"Oriamendi"},"image":{"@id":"https:\/\/oriamendi.eus\/es\/#\/schema\/logo\/image\/"},"sameAs":["https:\/\/www.facebook.com\/oriamendi2010remonte\/","https:\/\/twitter.com\/oriamendi2010","https:\/\/www.instagram.com\/galarretajaialai\/","https:\/\/www.youtube.com\/channel\/UC8gVNzQqB1iwnC-_rI-ihmA\/featured"]},{"@type":"Person","@id":"https:\/\/oriamendi.eus\/es\/#\/schema\/person\/c0bd06c6c747674306a5c82563e2339a","name":"I\u00f1igo Go\u00f1i","image":{"@type":"ImageObject","inLanguage":"es","@id":"https:\/\/oriamendi.eus\/es\/#\/schema\/person\/image\/","url":"https:\/\/secure.gravatar.com\/avatar\/fbb07ffc7b803bbfcc2b6419c06abd3a?s=96&d=mm&r=g","contentUrl":"https:\/\/secure.gravatar.com\/avatar\/fbb07ffc7b803bbfcc2b6419c06abd3a?s=96&d=mm&r=g","caption":"I\u00f1igo Go\u00f1i"},"url":"https:\/\/oriamendi.eus\/es\/author\/om-berriak\/"}]}},"_links":{"self":[{"href":"https:\/\/oriamendi.eus\/es\/wp-json\/wp\/v2\/posts\/7051"}],"collection":[{"href":"https:\/\/oriamendi.eus\/es\/wp-json\/wp\/v2\/posts"}],"about":[{"href":"https:\/\/oriamendi.eus\/es\/wp-json\/wp\/v2\/types\/post"}],"author":[{"embeddable":true,"href":"https:\/\/oriamendi.eus\/es\/wp-json\/wp\/v2\/users\/5"}],"replies":[{"embeddable":true,"href":"https:\/\/oriamendi.eus\/es\/wp-json\/wp\/v2\/comments?post=7051"}],"version-history":[{"count":2,"href":"https:\/\/oriamendi.eus\/es\/wp-json\/wp\/v2\/posts\/7051\/revisions"}],"predecessor-version":[{"id":7053,"href":"https:\/\/oriamendi.eus\/es\/wp-json\/wp\/v2\/posts\/7051\/revisions\/7053"}],"wp:featuredmedia":[{"embeddable":true,"href":"https:\/\/oriamendi.eus\/es\/wp-json\/wp\/v2\/media\/7049"}],"wp:attachment":[{"href":"https:\/\/oriamendi.eus\/es\/wp-json\/wp\/v2\/media?parent=7051"}],"wp:term":[{"taxonomy":"category","embeddable":true,"href":"https:\/\/oriamendi.eus\/es\/wp-json\/wp\/v2\/categories?post=7051"},{"taxonomy":"post_tag","embeddable":true,"href":"https:\/\/oriamendi.eus\/es\/wp-json\/wp\/v2\/tags?post=7051"}],"curies":[{"name":"wp","href":"https:\/\/api.w.org\/{rel}","templated":true}]}}