                                        
                                        
                                        
                                        
                                        
                                        
                                        
                                        
                                        
                                        
                                        
                                        
                                        
                                        
                                        
                                        
                                        
                                        
{"id":6911,"date":"2022-12-28T14:31:41","date_gmt":"2022-12-28T13:31:41","guid":{"rendered":"https:\/\/oriamendi.eus\/?p=6911"},"modified":"2022-12-28T14:31:44","modified_gmt":"2022-12-28T13:31:44","slug":"segurola-y-larranaga-se-ven-favoritos-para-la-final","status":"publish","type":"post","link":"https:\/\/oriamendi.eus\/es\/2022\/12\/28\/segurola-y-larranaga-se-ven-favoritos-para-la-final\/","title":{"rendered":"Segurola y Larra\u00f1aga se ven favoritos para la final"},"content":{"rendered":"\n<p><strong>Los protagonistas de la final separan las ocho pelotas de la final en tiempo r\u00e9cord<\/strong><\/p>\n\n\n\n<p><br>Cinco minutos, es lo que tard\u00f3 cada pareja en elegir las pelotas para la final del jueves del Campeonato de Remonte Parejas.Segurola y Larra\u00f1aga saltaron los primeros a la cancha y ten\u00edan claro lo que buscaban, una pelota con la que se pueda jugar y sin mucha salida. Separaron dos pelotas de 129 gramos, una de 128 y otra de 127. No son pelotas secas, ni de bote bajo, pero tampoco ligeras y con vuelo. Quer\u00edan evitar una pelota con la que Barrenetxea haga da\u00f1o y quedaron satisfechos, ya que hab\u00eda donde elegir.\u00a0Tardaron incluso menos, cinco minutos pelados, los azules. Goikoetxea y Barrenetxea apostaron por el mismo material de la semifinal. Una pelota algo m\u00e1s viva con el que hacer da\u00f1o con el saque. Las cuatro son algo m\u00e1s ligeras, ya que pesaron 128 gramos, 125 gramos y dos de 126 gramos.\u00a0<br>Al terminar la elecci\u00f3n hablaron sobre la final del jueves, a las 18:30 horas, en Galarreta.\u00a0<\/p>\n\n\n\n<figure class=\"wp-block-image size-large\"><img fetchpriority=\"high\" fetchpriority=\"high\" decoding=\"async\" width=\"1024\" height=\"579\" src=\"https:\/\/oriamendi.eus\/wp-content\/uploads\/2022\/12\/221227erremontea-1024x579.jpeg\" alt=\"\" class=\"wp-image-6901\" srcset=\"https:\/\/oriamendi.eus\/wp-content\/uploads\/2022\/12\/221227erremontea-1024x579.jpeg 1024w, https:\/\/oriamendi.eus\/wp-content\/uploads\/2022\/12\/221227erremontea-980x555.jpeg 980w, https:\/\/oriamendi.eus\/wp-content\/uploads\/2022\/12\/221227erremontea-480x272.jpeg 480w\" sizes=\"(min-width: 0px) and (max-width: 480px) 480px, (min-width: 481px) and (max-width: 980px) 980px, (min-width: 981px) 1024px, 100vw\" \/><\/figure>\n\n\n\n<p><strong>Endika Barrenetxea<\/strong><br>\u00abKonfiantzarekin iristen gara finalera. Lehengo larunbatean finalerdian garaipen argia eskuratu ondoren sentsazio oso onak atera genituen kantxatik. Beraz gogotsu gaude. Ansa eta Juanenearekin alderatuta oso bikote ezberdina da. Segurola eta Larra\u00f1agak jokoa eta tantoa gehiago lantzen dute, bukatzea agian gehiago kostatzen zaie, baina oso serioak dira jokatzen. Uste dut, pilota gutxi galduko dituztela, tantoa asko landu beharko dugula eta saiatuko gara gurea egiten. Gakoa beti bezala sakean egongo da. Larra\u00f1aga sakatzaile handia da eta ni saiatuko naiz min egiten sakearekin, gero Goikoetxearen hurrengo pilota aprobetxatzen saiatzeko. Kasu honetan badakigu errebotean ez dela zuloa egongo, finalerdian bezala. Saiatuko gara gauzak ahalik eta txukunena egiten. Niretzako oso berezia da, Goikoetxearen lehenengo finala izango delako eta nirekin. Hiru aldiz iritsi gara finalaurrekoetara eta ez dugu inoiz finalera sartzerik izan aurten arte. Prest gaude eta lehenengoan txapela buruan jartzen saiatuko gara\u00bb.\u00a0<\/p>\n\n\n\n<figure class=\"wp-block-image size-large\"><img decoding=\"async\" width=\"1024\" height=\"683\" src=\"https:\/\/oriamendi.eus\/wp-content\/uploads\/2022\/12\/IMG_20221224_172319_2000_x_1333_pixel-1024x683.jpg\" alt=\"\" class=\"wp-image-6903\" srcset=\"https:\/\/oriamendi.eus\/wp-content\/uploads\/2022\/12\/IMG_20221224_172319_2000_x_1333_pixel-1024x683.jpg 1024w, https:\/\/oriamendi.eus\/wp-content\/uploads\/2022\/12\/IMG_20221224_172319_2000_x_1333_pixel-980x653.jpg 980w, https:\/\/oriamendi.eus\/wp-content\/uploads\/2022\/12\/IMG_20221224_172319_2000_x_1333_pixel-480x320.jpg 480w\" sizes=\"(min-width: 0px) and (max-width: 480px) 480px, (min-width: 481px) and (max-width: 980px) 980px, (min-width: 981px) 1024px, 100vw\" \/><\/figure>\n\n\n\n<p><br><strong>Ander Goikoetxea<\/strong><br>\u00abOndo aurkitzen naiz, konfiantzarekin aurreko larunbateko partidua eta gero. Partidu oso gogorra espero dut, Segurola eta Larra\u00f1agak ez dute pilotarik galtzen. Egia da, tantoa amaitzeko ez dutela Ansaren gaitasuna, baina partidu gogorragoa egingo digute. Finala irabazi nahi badugu ezingo dugu pilotarik apenas galdu. Tantoa luzatu egingo da eta amaitzerakoan asmatu egin beharko da. Nire lehenengo finala da eta ilusio handia egiten dit eta gainera Barrenetxearekin. Irabaztea gauza handia litzateke eta horrelako egun bat bizitzea polita izango da\u00bb.<\/p>\n\n\n\n<figure class=\"wp-block-image size-large\"><img decoding=\"async\" width=\"1024\" height=\"683\" src=\"https:\/\/oriamendi.eus\/wp-content\/uploads\/2022\/12\/IMG_20221226_113634_2000_x_1333_pixel-1024x683.jpg\" alt=\"\" class=\"wp-image-6905\" srcset=\"https:\/\/oriamendi.eus\/wp-content\/uploads\/2022\/12\/IMG_20221226_113634_2000_x_1333_pixel-1024x683.jpg 1024w, https:\/\/oriamendi.eus\/wp-content\/uploads\/2022\/12\/IMG_20221226_113634_2000_x_1333_pixel-980x653.jpg 980w, https:\/\/oriamendi.eus\/wp-content\/uploads\/2022\/12\/IMG_20221226_113634_2000_x_1333_pixel-480x320.jpg 480w\" sizes=\"(min-width: 0px) and (max-width: 480px) 480px, (min-width: 481px) and (max-width: 980px) 980px, (min-width: 981px) 1024px, 100vw\" \/><\/figure>\n\n\n\n<p><br><strong>Iban Larra\u00f1aga<\/strong><br>\u00abOndo gaude, ilusioarekin. Momentu onean harrapatzen digu finalak eta espero dugu partidu on bat egitea eta ea txapela etxera eramaten dugun. Aurrez lanak ongi egin ditugu eta finalera sailkatu gera. Horrek ere bere arrisku puntua dauka. Bi aste egon gara txapelketako partidurik jokatu gabe, beraiek ordea larunbatean finalerdia irabazi zuten eta ikaragarrizko ilusioarekin jokatuko dute finala. Konfiantzarekin daude Ansa eta Juanenea bezalako bikote bati erraz irabazita. Guk belarriak tente eduki beharko ditugu, inongo konfiantzarik gabe eta kontzentratuta. Finala Barrenetxearen sakeak erabaki dezake. Lehengo egunean 13 tanto egin zituen eta hori ikaragarria da. Espero dut nik ere asmatzea eta errestoan ere asmatzea. Gure jokoa egin behar dugu Barrenetxearekin obsesionatu gabe, Goikoetxea ere jokoarekin dago eta Segurolak aurrean izango dituen aukerak aprobetxatu beha ditugu. Gure burua jarriko dugu faborito, ezi da beti biktima moduan joan. Bikote konpletoa osatzen dugu eta final irekia espero dut. Hau nire bigarren finala da, oran hiru urte Urrizarekin batera irabazi nuen, Matxin III.a eta Barrenetxea beraren aurka\u00bb.\u00a0<\/p>\n\n\n\n<figure class=\"wp-block-image size-large\"><img loading=\"lazy\" loading=\"lazy\" decoding=\"async\" width=\"1024\" height=\"683\" src=\"https:\/\/oriamendi.eus\/wp-content\/uploads\/2022\/12\/IMG_20221226_113616_2000_x_1333_pixel-1024x683.jpg\" alt=\"\" class=\"wp-image-6907\" srcset=\"https:\/\/oriamendi.eus\/wp-content\/uploads\/2022\/12\/IMG_20221226_113616_2000_x_1333_pixel-1024x683.jpg 1024w, https:\/\/oriamendi.eus\/wp-content\/uploads\/2022\/12\/IMG_20221226_113616_2000_x_1333_pixel-980x653.jpg 980w, https:\/\/oriamendi.eus\/wp-content\/uploads\/2022\/12\/IMG_20221226_113616_2000_x_1333_pixel-480x320.jpg 480w\" sizes=\"(min-width: 0px) and (max-width: 480px) 480px, (min-width: 481px) and (max-width: 980px) 980px, (min-width: 981px) 1024px, 100vw\" \/><\/figure>\n\n\n\n<p><br><strong>Be\u00f1at Segurola<\/strong><br>\u00abGogo handiarekin gaude. Jokoarekin gaude Ibai eta ni. Ea final ona egiten dugun. Hasieratik bikote bezala maila altua erakutsi dugu, ni tantoak bukatzen eta bera sakatzen. Bikote ona osatzen dugu eta txapela irabazteko aukera onak ditugu. Partidu gogorra espero dut. Barrenetxeak asko jokatzen du eta sakeari eustea garrantzitsua izango da. Sake errestoan asmatu behar dut, bestela partidua zaildu egingo zaigu. Nik faborito ikusten dut gure burua. Ligaxkan onenak izan gara, nahiz eta finala partidu batera jokatu. Binakakoan nire lehenengo finala izango da Ilusio handia egiten dit Larra\u00f1agarekin finala jokatzea. Elkarrekin hasi ginen erremontean eta elkarrekin egin genuen debuta. Polita izango zen biak batera irabaztea\u00bb\u00a0\u00a0<\/p>\n","protected":false},"excerpt":{"rendered":"<p>Los protagonistas de la final separan las ocho pelotas de la final en tiempo r\u00e9cord Cinco minutos, es lo que tard\u00f3 cada pareja en elegir las pelotas para la final del jueves del Campeonato de Remonte Parejas.Segurola y Larra\u00f1aga saltaron los primeros a la cancha y ten\u00edan claro lo que buscaban, una pelota con la [&hellip;]<\/p>\n","protected":false},"author":5,"featured_media":6909,"comment_status":"closed","ping_status":"open","sticky":false,"template":"","format":"standard","meta":{"_et_pb_use_builder":"off","_et_pb_old_content":"","_et_gb_content_width":"","footnotes":""},"categories":[1],"tags":[],"yoast_head":"<!-- This site is optimized with the Yoast SEO plugin v21.8 - https:\/\/yoast.com\/wordpress\/plugins\/seo\/ -->\n<title>Segurola y Larra\u00f1aga se ven favoritos para la final | Oriamendi 2010<\/title>\n<meta name=\"robots\" content=\"index, follow, max-snippet:-1, max-image-preview:large, max-video-preview:-1\" \/>\n<link rel=\"canonical\" href=\"https:\/\/oriamendi.eus\/es\/2022\/12\/28\/segurola-y-larranaga-se-ven-favoritos-para-la-final\/\" \/>\n<meta property=\"og:locale\" content=\"es_ES\" \/>\n<meta property=\"og:type\" content=\"article\" \/>\n<meta property=\"og:title\" content=\"Segurola y Larra\u00f1aga se ven favoritos para la final | Oriamendi 2010\" \/>\n<meta property=\"og:description\" content=\"Los protagonistas de la final separan las ocho pelotas de la final en tiempo r\u00e9cord Cinco minutos, es lo que tard\u00f3 cada pareja en elegir las pelotas para la final del jueves del Campeonato de Remonte Parejas.Segurola y Larra\u00f1aga saltaron los primeros a la cancha y ten\u00edan claro lo que buscaban, una pelota con la [&hellip;]\" \/>\n<meta property=\"og:url\" content=\"https:\/\/oriamendi.eus\/es\/2022\/12\/28\/segurola-y-larranaga-se-ven-favoritos-para-la-final\/\" \/>\n<meta property=\"og:site_name\" content=\"Oriamendi 2010\" \/>\n<meta property=\"article:publisher\" content=\"https:\/\/www.facebook.com\/oriamendi2010remonte\/\" \/>\n<meta property=\"article:published_time\" content=\"2022-12-28T13:31:41+00:00\" \/>\n<meta property=\"article:modified_time\" content=\"2022-12-28T13:31:44+00:00\" \/>\n<meta property=\"og:image\" content=\"https:\/\/oriamendi.eus\/wp-content\/uploads\/2022\/12\/IMG_20221226_113515_2000_x_1334_pixel.jpg\" \/>\n\t<meta property=\"og:image:width\" content=\"1200\" \/>\n\t<meta property=\"og:image:height\" content=\"800\" \/>\n\t<meta property=\"og:image:type\" content=\"image\/jpeg\" \/>\n<meta name=\"author\" content=\"I\u00f1igo Go\u00f1i\" \/>\n<meta name=\"twitter:card\" content=\"summary_large_image\" \/>\n<meta name=\"twitter:creator\" content=\"@oriamendi2010\" \/>\n<meta name=\"twitter:site\" content=\"@oriamendi2010\" \/>\n<meta name=\"twitter:label1\" content=\"Escrito por\" \/>\n\t<meta name=\"twitter:data1\" content=\"I\u00f1igo Go\u00f1i\" \/>\n\t<meta name=\"twitter:label2\" content=\"Tiempo de lectura\" \/>\n\t<meta name=\"twitter:data2\" content=\"4 minutos\" \/>\n<script type=\"application\/ld+json\" class=\"yoast-schema-graph\">{\"@context\":\"https:\/\/schema.org\",\"@graph\":[{\"@type\":\"Article\",\"@id\":\"https:\/\/oriamendi.eus\/es\/2022\/12\/28\/segurola-y-larranaga-se-ven-favoritos-para-la-final\/#article\",\"isPartOf\":{\"@id\":\"https:\/\/oriamendi.eus\/es\/2022\/12\/28\/segurola-y-larranaga-se-ven-favoritos-para-la-final\/\"},\"author\":{\"name\":\"I\u00f1igo Go\u00f1i\",\"@id\":\"https:\/\/oriamendi.eus\/es\/#\/schema\/person\/c0bd06c6c747674306a5c82563e2339a\"},\"headline\":\"Segurola y Larra\u00f1aga se ven favoritos para la final\",\"datePublished\":\"2022-12-28T13:31:41+00:00\",\"dateModified\":\"2022-12-28T13:31:44+00:00\",\"mainEntityOfPage\":{\"@id\":\"https:\/\/oriamendi.eus\/es\/2022\/12\/28\/segurola-y-larranaga-se-ven-favoritos-para-la-final\/\"},\"wordCount\":680,\"publisher\":{\"@id\":\"https:\/\/oriamendi.eus\/es\/#organization\"},\"articleSection\":[\"Sin categorizar\"],\"inLanguage\":\"es\"},{\"@type\":\"WebPage\",\"@id\":\"https:\/\/oriamendi.eus\/es\/2022\/12\/28\/segurola-y-larranaga-se-ven-favoritos-para-la-final\/\",\"url\":\"https:\/\/oriamendi.eus\/es\/2022\/12\/28\/segurola-y-larranaga-se-ven-favoritos-para-la-final\/\",\"name\":\"Segurola y Larra\u00f1aga se ven favoritos para la final | Oriamendi 2010\",\"isPartOf\":{\"@id\":\"https:\/\/oriamendi.eus\/es\/#website\"},\"datePublished\":\"2022-12-28T13:31:41+00:00\",\"dateModified\":\"2022-12-28T13:31:44+00:00\",\"breadcrumb\":{\"@id\":\"https:\/\/oriamendi.eus\/es\/2022\/12\/28\/segurola-y-larranaga-se-ven-favoritos-para-la-final\/#breadcrumb\"},\"inLanguage\":\"es\",\"potentialAction\":[{\"@type\":\"ReadAction\",\"target\":[\"https:\/\/oriamendi.eus\/es\/2022\/12\/28\/segurola-y-larranaga-se-ven-favoritos-para-la-final\/\"]}]},{\"@type\":\"BreadcrumbList\",\"@id\":\"https:\/\/oriamendi.eus\/es\/2022\/12\/28\/segurola-y-larranaga-se-ven-favoritos-para-la-final\/#breadcrumb\",\"itemListElement\":[{\"@type\":\"ListItem\",\"position\":1,\"name\":\"Portada\",\"item\":\"https:\/\/oriamendi.eus\/es\/\"},{\"@type\":\"ListItem\",\"position\":2,\"name\":\"Segurola y Larra\u00f1aga se ven favoritos para la final\"}]},{\"@type\":\"WebSite\",\"@id\":\"https:\/\/oriamendi.eus\/es\/#website\",\"url\":\"https:\/\/oriamendi.eus\/es\/\",\"name\":\"Oriamendi\",\"description\":\"Remonte en Galarreta. Hernani. Gipuzkoa\",\"publisher\":{\"@id\":\"https:\/\/oriamendi.eus\/es\/#organization\"},\"potentialAction\":[{\"@type\":\"SearchAction\",\"target\":{\"@type\":\"EntryPoint\",\"urlTemplate\":\"https:\/\/oriamendi.eus\/es\/?s={search_term_string}\"},\"query-input\":\"required name=search_term_string\"}],\"inLanguage\":\"es\"},{\"@type\":\"Organization\",\"@id\":\"https:\/\/oriamendi.eus\/es\/#organization\",\"name\":\"Oriamendi\",\"url\":\"https:\/\/oriamendi.eus\/es\/\",\"logo\":{\"@type\":\"ImageObject\",\"inLanguage\":\"es\",\"@id\":\"https:\/\/oriamendi.eus\/es\/#\/schema\/logo\/image\/\",\"url\":\"https:\/\/oriamendi.eus\/wp-content\/uploads\/2020\/06\/logo-oriamendi.png\",\"contentUrl\":\"https:\/\/oriamendi.eus\/wp-content\/uploads\/2020\/06\/logo-oriamendi.png\",\"width\":300,\"height\":90,\"caption\":\"Oriamendi\"},\"image\":{\"@id\":\"https:\/\/oriamendi.eus\/es\/#\/schema\/logo\/image\/\"},\"sameAs\":[\"https:\/\/www.facebook.com\/oriamendi2010remonte\/\",\"https:\/\/twitter.com\/oriamendi2010\",\"https:\/\/www.instagram.com\/galarretajaialai\/\",\"https:\/\/www.youtube.com\/channel\/UC8gVNzQqB1iwnC-_rI-ihmA\/featured\"]},{\"@type\":\"Person\",\"@id\":\"https:\/\/oriamendi.eus\/es\/#\/schema\/person\/c0bd06c6c747674306a5c82563e2339a\",\"name\":\"I\u00f1igo Go\u00f1i\",\"image\":{\"@type\":\"ImageObject\",\"inLanguage\":\"es\",\"@id\":\"https:\/\/oriamendi.eus\/es\/#\/schema\/person\/image\/\",\"url\":\"https:\/\/secure.gravatar.com\/avatar\/fbb07ffc7b803bbfcc2b6419c06abd3a?s=96&d=mm&r=g\",\"contentUrl\":\"https:\/\/secure.gravatar.com\/avatar\/fbb07ffc7b803bbfcc2b6419c06abd3a?s=96&d=mm&r=g\",\"caption\":\"I\u00f1igo Go\u00f1i\"},\"url\":\"https:\/\/oriamendi.eus\/es\/author\/om-berriak\/\"}]}<\/script>\n<!-- \/ Yoast SEO plugin. -->","yoast_head_json":{"title":"Segurola y Larra\u00f1aga se ven favoritos para la final | Oriamendi 2010","robots":{"index":"index","follow":"follow","max-snippet":"max-snippet:-1","max-image-preview":"max-image-preview:large","max-video-preview":"max-video-preview:-1"},"canonical":"https:\/\/oriamendi.eus\/es\/2022\/12\/28\/segurola-y-larranaga-se-ven-favoritos-para-la-final\/","og_locale":"es_ES","og_type":"article","og_title":"Segurola y Larra\u00f1aga se ven favoritos para la final | Oriamendi 2010","og_description":"Los protagonistas de la final separan las ocho pelotas de la final en tiempo r\u00e9cord Cinco minutos, es lo que tard\u00f3 cada pareja en elegir las pelotas para la final del jueves del Campeonato de Remonte Parejas.Segurola y Larra\u00f1aga saltaron los primeros a la cancha y ten\u00edan claro lo que buscaban, una pelota con la [&hellip;]","og_url":"https:\/\/oriamendi.eus\/es\/2022\/12\/28\/segurola-y-larranaga-se-ven-favoritos-para-la-final\/","og_site_name":"Oriamendi 2010","article_publisher":"https:\/\/www.facebook.com\/oriamendi2010remonte\/","article_published_time":"2022-12-28T13:31:41+00:00","article_modified_time":"2022-12-28T13:31:44+00:00","og_image":[{"width":1200,"height":800,"url":"https:\/\/oriamendi.eus\/wp-content\/uploads\/2022\/12\/IMG_20221226_113515_2000_x_1334_pixel.jpg","type":"image\/jpeg"}],"author":"I\u00f1igo Go\u00f1i","twitter_card":"summary_large_image","twitter_creator":"@oriamendi2010","twitter_site":"@oriamendi2010","twitter_misc":{"Escrito por":"I\u00f1igo Go\u00f1i","Tiempo de lectura":"4 minutos"},"schema":{"@context":"https:\/\/schema.org","@graph":[{"@type":"Article","@id":"https:\/\/oriamendi.eus\/es\/2022\/12\/28\/segurola-y-larranaga-se-ven-favoritos-para-la-final\/#article","isPartOf":{"@id":"https:\/\/oriamendi.eus\/es\/2022\/12\/28\/segurola-y-larranaga-se-ven-favoritos-para-la-final\/"},"author":{"name":"I\u00f1igo Go\u00f1i","@id":"https:\/\/oriamendi.eus\/es\/#\/schema\/person\/c0bd06c6c747674306a5c82563e2339a"},"headline":"Segurola y Larra\u00f1aga se ven favoritos para la final","datePublished":"2022-12-28T13:31:41+00:00","dateModified":"2022-12-28T13:31:44+00:00","mainEntityOfPage":{"@id":"https:\/\/oriamendi.eus\/es\/2022\/12\/28\/segurola-y-larranaga-se-ven-favoritos-para-la-final\/"},"wordCount":680,"publisher":{"@id":"https:\/\/oriamendi.eus\/es\/#organization"},"articleSection":["Sin categorizar"],"inLanguage":"es"},{"@type":"WebPage","@id":"https:\/\/oriamendi.eus\/es\/2022\/12\/28\/segurola-y-larranaga-se-ven-favoritos-para-la-final\/","url":"https:\/\/oriamendi.eus\/es\/2022\/12\/28\/segurola-y-larranaga-se-ven-favoritos-para-la-final\/","name":"Segurola y Larra\u00f1aga se ven favoritos para la final | Oriamendi 2010","isPartOf":{"@id":"https:\/\/oriamendi.eus\/es\/#website"},"datePublished":"2022-12-28T13:31:41+00:00","dateModified":"2022-12-28T13:31:44+00:00","breadcrumb":{"@id":"https:\/\/oriamendi.eus\/es\/2022\/12\/28\/segurola-y-larranaga-se-ven-favoritos-para-la-final\/#breadcrumb"},"inLanguage":"es","potentialAction":[{"@type":"ReadAction","target":["https:\/\/oriamendi.eus\/es\/2022\/12\/28\/segurola-y-larranaga-se-ven-favoritos-para-la-final\/"]}]},{"@type":"BreadcrumbList","@id":"https:\/\/oriamendi.eus\/es\/2022\/12\/28\/segurola-y-larranaga-se-ven-favoritos-para-la-final\/#breadcrumb","itemListElement":[{"@type":"ListItem","position":1,"name":"Portada","item":"https:\/\/oriamendi.eus\/es\/"},{"@type":"ListItem","position":2,"name":"Segurola y Larra\u00f1aga se ven favoritos para la final"}]},{"@type":"WebSite","@id":"https:\/\/oriamendi.eus\/es\/#website","url":"https:\/\/oriamendi.eus\/es\/","name":"Oriamendi","description":"Remonte en Galarreta. Hernani. Gipuzkoa","publisher":{"@id":"https:\/\/oriamendi.eus\/es\/#organization"},"potentialAction":[{"@type":"SearchAction","target":{"@type":"EntryPoint","urlTemplate":"https:\/\/oriamendi.eus\/es\/?s={search_term_string}"},"query-input":"required name=search_term_string"}],"inLanguage":"es"},{"@type":"Organization","@id":"https:\/\/oriamendi.eus\/es\/#organization","name":"Oriamendi","url":"https:\/\/oriamendi.eus\/es\/","logo":{"@type":"ImageObject","inLanguage":"es","@id":"https:\/\/oriamendi.eus\/es\/#\/schema\/logo\/image\/","url":"https:\/\/oriamendi.eus\/wp-content\/uploads\/2020\/06\/logo-oriamendi.png","contentUrl":"https:\/\/oriamendi.eus\/wp-content\/uploads\/2020\/06\/logo-oriamendi.png","width":300,"height":90,"caption":"Oriamendi"},"image":{"@id":"https:\/\/oriamendi.eus\/es\/#\/schema\/logo\/image\/"},"sameAs":["https:\/\/www.facebook.com\/oriamendi2010remonte\/","https:\/\/twitter.com\/oriamendi2010","https:\/\/www.instagram.com\/galarretajaialai\/","https:\/\/www.youtube.com\/channel\/UC8gVNzQqB1iwnC-_rI-ihmA\/featured"]},{"@type":"Person","@id":"https:\/\/oriamendi.eus\/es\/#\/schema\/person\/c0bd06c6c747674306a5c82563e2339a","name":"I\u00f1igo Go\u00f1i","image":{"@type":"ImageObject","inLanguage":"es","@id":"https:\/\/oriamendi.eus\/es\/#\/schema\/person\/image\/","url":"https:\/\/secure.gravatar.com\/avatar\/fbb07ffc7b803bbfcc2b6419c06abd3a?s=96&d=mm&r=g","contentUrl":"https:\/\/secure.gravatar.com\/avatar\/fbb07ffc7b803bbfcc2b6419c06abd3a?s=96&d=mm&r=g","caption":"I\u00f1igo Go\u00f1i"},"url":"https:\/\/oriamendi.eus\/es\/author\/om-berriak\/"}]}},"_links":{"self":[{"href":"https:\/\/oriamendi.eus\/es\/wp-json\/wp\/v2\/posts\/6911"}],"collection":[{"href":"https:\/\/oriamendi.eus\/es\/wp-json\/wp\/v2\/posts"}],"about":[{"href":"https:\/\/oriamendi.eus\/es\/wp-json\/wp\/v2\/types\/post"}],"author":[{"embeddable":true,"href":"https:\/\/oriamendi.eus\/es\/wp-json\/wp\/v2\/users\/5"}],"replies":[{"embeddable":true,"href":"https:\/\/oriamendi.eus\/es\/wp-json\/wp\/v2\/comments?post=6911"}],"version-history":[{"count":1,"href":"https:\/\/oriamendi.eus\/es\/wp-json\/wp\/v2\/posts\/6911\/revisions"}],"predecessor-version":[{"id":6912,"href":"https:\/\/oriamendi.eus\/es\/wp-json\/wp\/v2\/posts\/6911\/revisions\/6912"}],"wp:featuredmedia":[{"embeddable":true,"href":"https:\/\/oriamendi.eus\/es\/wp-json\/wp\/v2\/media\/6909"}],"wp:attachment":[{"href":"https:\/\/oriamendi.eus\/es\/wp-json\/wp\/v2\/media?parent=6911"}],"wp:term":[{"taxonomy":"category","embeddable":true,"href":"https:\/\/oriamendi.eus\/es\/wp-json\/wp\/v2\/categories?post=6911"},{"taxonomy":"post_tag","embeddable":true,"href":"https:\/\/oriamendi.eus\/es\/wp-json\/wp\/v2\/tags?post=6911"}],"curies":[{"name":"wp","href":"https:\/\/api.w.org\/{rel}","templated":true}]}}