                                        
                                        
                                        
                                        
                                        
                                        
                                        
                                        
                                        
                                        
                                        
                                        
                                        
                                        
                                        
                                        
                                        
                                        
{"id":6897,"date":"2022-12-28T14:19:05","date_gmt":"2022-12-28T13:19:05","guid":{"rendered":"https:\/\/oriamendi.eus\/?p=6897"},"modified":"2022-12-28T14:19:08","modified_gmt":"2022-12-28T13:19:08","slug":"la-final-del-parejas-de-manana-no-tiene-favorito","status":"publish","type":"post","link":"https:\/\/oriamendi.eus\/es\/2022\/12\/28\/la-final-del-parejas-de-manana-no-tiene-favorito\/","title":{"rendered":"La final del Parejas de ma\u00f1ana no tiene favorito"},"content":{"rendered":"\n<p><strong>Segurola y Larra\u00f1aga se medir\u00e1n, a partir de las 18:30 horas, a Goikoetxea V y Barrenetxea IV<\/strong><\/p>\n\n\n\n<p>Galarreta acoger\u00e1 ma\u00f1ana, a partir de las 17:30 horas, el festival del cual saldr\u00e1 el nuevo campe\u00f3n del Campeonato de Remonte Parejas-Fundaci\u00f3n Orona. Se espera que la final comience sobra las 18:30 y se medir\u00e1n Segurola-Larra\u00f1aga contra Goikoetxea V-Barrenetxea IV.\u00a0<\/p>\n\n\n\n<p>Es una final in\u00e9dita y la pareja campeona tomar\u00e1 el relevo de Urriza-Labaka, que fueron los campeones de las dos \u00faltimas ediciones. Los zagueros, Larra\u00f1aga y Barrenetxea ya conocen lo que es quedar campeones. Ambos lo hicieron con Urriza en 2013 en el caso de Barrenetxea y en 2019 en el caso de Larra\u00f1aga.<\/p>\n\n\n\n<p>Para Segurola y Goikoetxea es la primera final de esta magnitud y uno de los dos se estrenar\u00e1 como campe\u00f3n. es la segunda final para Larra\u00f1aga y la tercera para un Barrenetxea, que perdi\u00f3 su segunda final en 2019, con Matxin III, ante Urriza y Larra\u00f1aga precisamente.\u00a0<\/p>\n\n\n\n<p>Es una final muy abierta y sin un favorito. Segurola y Larra\u00f1aga, sin miedo a la presi\u00f3n, se han otorgado el papel de favoritos, pero el partido de semifinal y el estado de forma del hernaniarra Barrenetxea deja la final sin favorito. Es hasta posible que los azules salgan favoritos para la c\u00e1tedra.\u00a0<\/p>\n\n\n\n<p>En la liguilla Segurola y Larra\u00f1aga fueron los mejores y eso les dio el pase directo a la final. Ganaron tres partidos y solo perdieron uno. El 26 de noviembre enfrent\u00f3 a las dos parejas finalistas y Segurola y Larra\u00f1aga ganaron 33-40 en un buen partido de remonte.\u00a0<\/p>\n\n\n\n<p>Es un buen antecedente, pero una final es una final. Habr\u00e1 que ver quien lleva mejor la presi\u00f3n. Ser\u00e1 fundamental ver el rendimiento de los delanteros. Son los m\u00e1s inexpertos en este tipo de partidos y entrar en calor desde el inicio puede ser fundamental. Los malos inicios han marcado muchas finale y el primer objetivo ser\u00e1 ese, no perder comba con rapidez.\u00a0<\/p>\n\n\n\n<p>Barrenetxea y Larra\u00f1aga son buenos sacadores. El hernaniarra dio toda una exhibici\u00f3n el pasado s\u00e1bado. si mantiene el tono, los azules tendr\u00e1n mucho ganado. Segurola tendr\u00e1 un papel fundamental al resto. Los colorados tambi\u00e9n pueden hacer da\u00f1o con el saque y el partido para Goikoetxea no ser\u00e1 tan c\u00f3modo como el de la semifinal. Adem\u00e1s, son m\u00e1s peleones y fallan poco.\u00a0Una vez m\u00e1s, la pareja que evit\u00e9 los errores no forzados tendr\u00e1n muchas opciones de llevarse el gatos al agua.\u00a0<\/p>\n\n\n\n<p>La t\u00e1ctica de unos y otros es conocida. Los azules volver\u00e1n a apostar por hacer da\u00f1o con el saque y buscar una pelota m\u00e1s viva donde aprovechar el golpe de Barrenetxea. Los colorados no usar\u00e1n pelotas tan vivas. Larra\u00f1aga es un buen reboteador y ah\u00ed los azules no encontrar\u00e1n agujero.\u00a0<\/p>\n\n\n\n<p><strong>Urtea Txapelduna Txapeldunordea<\/strong><br>2010 Urriza-Etxeberria III\/Zeberio II-Ion<br>2011 Zeberio II-Ion\/Juaristi-Lizaso<br>2012 Urriza-Barrenetxea IV\/Ezkurra-Olazar<br>2013 Uterga-Ion\/Urriza-Endika<br>2014 Ezkurra-Ion\/Ezkurra II San Miguel<br>2015 Ezkurra-Endika\/Matxin III-Ion<br>2016 Uterga-Endika\/Ezkurra II-Ion<br>2017 Uterga-Etxeberria III\/Ezkurra II-Endika<br>2018 Uterga-Azpiroz\/Juanenea Endika<br>2019 Urriza-Larra\u00f1aga\/Matxin III-Barrenetxea IV<br>2020 Urriza-Labaka\/Ansa II-Aizpuru<br>2021 Urriza-Labaka\/Ansa II-Martirena<\/p>\n","protected":false},"excerpt":{"rendered":"<p>Segurola y Larra\u00f1aga se medir\u00e1n, a partir de las 18:30 horas, a Goikoetxea V y Barrenetxea IV Galarreta acoger\u00e1 ma\u00f1ana, a partir de las 17:30 horas, el festival del cual saldr\u00e1 el nuevo campe\u00f3n del Campeonato de Remonte Parejas-Fundaci\u00f3n Orona. Se espera que la final comience sobra las 18:30 y se medir\u00e1n Segurola-Larra\u00f1aga contra Goikoetxea [&hellip;]<\/p>\n","protected":false},"author":5,"featured_media":6894,"comment_status":"closed","ping_status":"open","sticky":false,"template":"","format":"standard","meta":{"_et_pb_use_builder":"off","_et_pb_old_content":"","_et_gb_content_width":"","footnotes":""},"categories":[1],"tags":[],"yoast_head":"<!-- This site is optimized with the Yoast SEO plugin v21.8 - https:\/\/yoast.com\/wordpress\/plugins\/seo\/ -->\n<title>La final del Parejas de ma\u00f1ana no tiene favorito | Oriamendi 2010<\/title>\n<meta name=\"robots\" content=\"index, follow, max-snippet:-1, max-image-preview:large, max-video-preview:-1\" \/>\n<link rel=\"canonical\" href=\"https:\/\/oriamendi.eus\/es\/2022\/12\/28\/la-final-del-parejas-de-manana-no-tiene-favorito\/\" \/>\n<meta property=\"og:locale\" content=\"es_ES\" \/>\n<meta property=\"og:type\" content=\"article\" \/>\n<meta property=\"og:title\" content=\"La final del Parejas de ma\u00f1ana no tiene favorito | Oriamendi 2010\" \/>\n<meta property=\"og:description\" content=\"Segurola y Larra\u00f1aga se medir\u00e1n, a partir de las 18:30 horas, a Goikoetxea V y Barrenetxea IV Galarreta acoger\u00e1 ma\u00f1ana, a partir de las 17:30 horas, el festival del cual saldr\u00e1 el nuevo campe\u00f3n del Campeonato de Remonte Parejas-Fundaci\u00f3n Orona. Se espera que la final comience sobra las 18:30 y se medir\u00e1n Segurola-Larra\u00f1aga contra Goikoetxea [&hellip;]\" \/>\n<meta property=\"og:url\" content=\"https:\/\/oriamendi.eus\/es\/2022\/12\/28\/la-final-del-parejas-de-manana-no-tiene-favorito\/\" \/>\n<meta property=\"og:site_name\" content=\"Oriamendi 2010\" \/>\n<meta property=\"article:publisher\" content=\"https:\/\/www.facebook.com\/oriamendi2010remonte\/\" \/>\n<meta property=\"article:published_time\" content=\"2022-12-28T13:19:05+00:00\" \/>\n<meta property=\"article:modified_time\" content=\"2022-12-28T13:19:08+00:00\" \/>\n<meta property=\"og:image\" content=\"https:\/\/oriamendi.eus\/wp-content\/uploads\/2022\/12\/IMG_20221226_113523_2000_x_1334_pixel.jpg\" \/>\n\t<meta property=\"og:image:width\" content=\"1200\" \/>\n\t<meta property=\"og:image:height\" content=\"800\" \/>\n\t<meta property=\"og:image:type\" content=\"image\/jpeg\" \/>\n<meta name=\"author\" content=\"I\u00f1igo Go\u00f1i\" \/>\n<meta name=\"twitter:card\" content=\"summary_large_image\" \/>\n<meta name=\"twitter:creator\" content=\"@oriamendi2010\" \/>\n<meta name=\"twitter:site\" content=\"@oriamendi2010\" \/>\n<meta name=\"twitter:label1\" content=\"Escrito por\" \/>\n\t<meta name=\"twitter:data1\" content=\"I\u00f1igo Go\u00f1i\" \/>\n\t<meta name=\"twitter:label2\" content=\"Tiempo de lectura\" \/>\n\t<meta name=\"twitter:data2\" content=\"3 minutos\" \/>\n<script type=\"application\/ld+json\" class=\"yoast-schema-graph\">{\"@context\":\"https:\/\/schema.org\",\"@graph\":[{\"@type\":\"Article\",\"@id\":\"https:\/\/oriamendi.eus\/es\/2022\/12\/28\/la-final-del-parejas-de-manana-no-tiene-favorito\/#article\",\"isPartOf\":{\"@id\":\"https:\/\/oriamendi.eus\/es\/2022\/12\/28\/la-final-del-parejas-de-manana-no-tiene-favorito\/\"},\"author\":{\"name\":\"I\u00f1igo Go\u00f1i\",\"@id\":\"https:\/\/oriamendi.eus\/es\/#\/schema\/person\/c0bd06c6c747674306a5c82563e2339a\"},\"headline\":\"La final del Parejas de ma\u00f1ana no tiene favorito\",\"datePublished\":\"2022-12-28T13:19:05+00:00\",\"dateModified\":\"2022-12-28T13:19:08+00:00\",\"mainEntityOfPage\":{\"@id\":\"https:\/\/oriamendi.eus\/es\/2022\/12\/28\/la-final-del-parejas-de-manana-no-tiene-favorito\/\"},\"wordCount\":538,\"publisher\":{\"@id\":\"https:\/\/oriamendi.eus\/es\/#organization\"},\"articleSection\":[\"Sin categorizar\"],\"inLanguage\":\"es\"},{\"@type\":\"WebPage\",\"@id\":\"https:\/\/oriamendi.eus\/es\/2022\/12\/28\/la-final-del-parejas-de-manana-no-tiene-favorito\/\",\"url\":\"https:\/\/oriamendi.eus\/es\/2022\/12\/28\/la-final-del-parejas-de-manana-no-tiene-favorito\/\",\"name\":\"La final del Parejas de ma\u00f1ana no tiene favorito | Oriamendi 2010\",\"isPartOf\":{\"@id\":\"https:\/\/oriamendi.eus\/es\/#website\"},\"datePublished\":\"2022-12-28T13:19:05+00:00\",\"dateModified\":\"2022-12-28T13:19:08+00:00\",\"breadcrumb\":{\"@id\":\"https:\/\/oriamendi.eus\/es\/2022\/12\/28\/la-final-del-parejas-de-manana-no-tiene-favorito\/#breadcrumb\"},\"inLanguage\":\"es\",\"potentialAction\":[{\"@type\":\"ReadAction\",\"target\":[\"https:\/\/oriamendi.eus\/es\/2022\/12\/28\/la-final-del-parejas-de-manana-no-tiene-favorito\/\"]}]},{\"@type\":\"BreadcrumbList\",\"@id\":\"https:\/\/oriamendi.eus\/es\/2022\/12\/28\/la-final-del-parejas-de-manana-no-tiene-favorito\/#breadcrumb\",\"itemListElement\":[{\"@type\":\"ListItem\",\"position\":1,\"name\":\"Portada\",\"item\":\"https:\/\/oriamendi.eus\/es\/\"},{\"@type\":\"ListItem\",\"position\":2,\"name\":\"La final del Parejas de ma\u00f1ana no tiene favorito\"}]},{\"@type\":\"WebSite\",\"@id\":\"https:\/\/oriamendi.eus\/es\/#website\",\"url\":\"https:\/\/oriamendi.eus\/es\/\",\"name\":\"Oriamendi\",\"description\":\"Remonte en Galarreta. Hernani. Gipuzkoa\",\"publisher\":{\"@id\":\"https:\/\/oriamendi.eus\/es\/#organization\"},\"potentialAction\":[{\"@type\":\"SearchAction\",\"target\":{\"@type\":\"EntryPoint\",\"urlTemplate\":\"https:\/\/oriamendi.eus\/es\/?s={search_term_string}\"},\"query-input\":\"required name=search_term_string\"}],\"inLanguage\":\"es\"},{\"@type\":\"Organization\",\"@id\":\"https:\/\/oriamendi.eus\/es\/#organization\",\"name\":\"Oriamendi\",\"url\":\"https:\/\/oriamendi.eus\/es\/\",\"logo\":{\"@type\":\"ImageObject\",\"inLanguage\":\"es\",\"@id\":\"https:\/\/oriamendi.eus\/es\/#\/schema\/logo\/image\/\",\"url\":\"https:\/\/oriamendi.eus\/wp-content\/uploads\/2020\/06\/logo-oriamendi.png\",\"contentUrl\":\"https:\/\/oriamendi.eus\/wp-content\/uploads\/2020\/06\/logo-oriamendi.png\",\"width\":300,\"height\":90,\"caption\":\"Oriamendi\"},\"image\":{\"@id\":\"https:\/\/oriamendi.eus\/es\/#\/schema\/logo\/image\/\"},\"sameAs\":[\"https:\/\/www.facebook.com\/oriamendi2010remonte\/\",\"https:\/\/twitter.com\/oriamendi2010\",\"https:\/\/www.instagram.com\/galarretajaialai\/\",\"https:\/\/www.youtube.com\/channel\/UC8gVNzQqB1iwnC-_rI-ihmA\/featured\"]},{\"@type\":\"Person\",\"@id\":\"https:\/\/oriamendi.eus\/es\/#\/schema\/person\/c0bd06c6c747674306a5c82563e2339a\",\"name\":\"I\u00f1igo Go\u00f1i\",\"image\":{\"@type\":\"ImageObject\",\"inLanguage\":\"es\",\"@id\":\"https:\/\/oriamendi.eus\/es\/#\/schema\/person\/image\/\",\"url\":\"https:\/\/secure.gravatar.com\/avatar\/fbb07ffc7b803bbfcc2b6419c06abd3a?s=96&d=mm&r=g\",\"contentUrl\":\"https:\/\/secure.gravatar.com\/avatar\/fbb07ffc7b803bbfcc2b6419c06abd3a?s=96&d=mm&r=g\",\"caption\":\"I\u00f1igo Go\u00f1i\"},\"url\":\"https:\/\/oriamendi.eus\/es\/author\/om-berriak\/\"}]}<\/script>\n<!-- \/ Yoast SEO plugin. -->","yoast_head_json":{"title":"La final del Parejas de ma\u00f1ana no tiene favorito | Oriamendi 2010","robots":{"index":"index","follow":"follow","max-snippet":"max-snippet:-1","max-image-preview":"max-image-preview:large","max-video-preview":"max-video-preview:-1"},"canonical":"https:\/\/oriamendi.eus\/es\/2022\/12\/28\/la-final-del-parejas-de-manana-no-tiene-favorito\/","og_locale":"es_ES","og_type":"article","og_title":"La final del Parejas de ma\u00f1ana no tiene favorito | Oriamendi 2010","og_description":"Segurola y Larra\u00f1aga se medir\u00e1n, a partir de las 18:30 horas, a Goikoetxea V y Barrenetxea IV Galarreta acoger\u00e1 ma\u00f1ana, a partir de las 17:30 horas, el festival del cual saldr\u00e1 el nuevo campe\u00f3n del Campeonato de Remonte Parejas-Fundaci\u00f3n Orona. Se espera que la final comience sobra las 18:30 y se medir\u00e1n Segurola-Larra\u00f1aga contra Goikoetxea [&hellip;]","og_url":"https:\/\/oriamendi.eus\/es\/2022\/12\/28\/la-final-del-parejas-de-manana-no-tiene-favorito\/","og_site_name":"Oriamendi 2010","article_publisher":"https:\/\/www.facebook.com\/oriamendi2010remonte\/","article_published_time":"2022-12-28T13:19:05+00:00","article_modified_time":"2022-12-28T13:19:08+00:00","og_image":[{"width":1200,"height":800,"url":"https:\/\/oriamendi.eus\/wp-content\/uploads\/2022\/12\/IMG_20221226_113523_2000_x_1334_pixel.jpg","type":"image\/jpeg"}],"author":"I\u00f1igo Go\u00f1i","twitter_card":"summary_large_image","twitter_creator":"@oriamendi2010","twitter_site":"@oriamendi2010","twitter_misc":{"Escrito por":"I\u00f1igo Go\u00f1i","Tiempo de lectura":"3 minutos"},"schema":{"@context":"https:\/\/schema.org","@graph":[{"@type":"Article","@id":"https:\/\/oriamendi.eus\/es\/2022\/12\/28\/la-final-del-parejas-de-manana-no-tiene-favorito\/#article","isPartOf":{"@id":"https:\/\/oriamendi.eus\/es\/2022\/12\/28\/la-final-del-parejas-de-manana-no-tiene-favorito\/"},"author":{"name":"I\u00f1igo Go\u00f1i","@id":"https:\/\/oriamendi.eus\/es\/#\/schema\/person\/c0bd06c6c747674306a5c82563e2339a"},"headline":"La final del Parejas de ma\u00f1ana no tiene favorito","datePublished":"2022-12-28T13:19:05+00:00","dateModified":"2022-12-28T13:19:08+00:00","mainEntityOfPage":{"@id":"https:\/\/oriamendi.eus\/es\/2022\/12\/28\/la-final-del-parejas-de-manana-no-tiene-favorito\/"},"wordCount":538,"publisher":{"@id":"https:\/\/oriamendi.eus\/es\/#organization"},"articleSection":["Sin categorizar"],"inLanguage":"es"},{"@type":"WebPage","@id":"https:\/\/oriamendi.eus\/es\/2022\/12\/28\/la-final-del-parejas-de-manana-no-tiene-favorito\/","url":"https:\/\/oriamendi.eus\/es\/2022\/12\/28\/la-final-del-parejas-de-manana-no-tiene-favorito\/","name":"La final del Parejas de ma\u00f1ana no tiene favorito | Oriamendi 2010","isPartOf":{"@id":"https:\/\/oriamendi.eus\/es\/#website"},"datePublished":"2022-12-28T13:19:05+00:00","dateModified":"2022-12-28T13:19:08+00:00","breadcrumb":{"@id":"https:\/\/oriamendi.eus\/es\/2022\/12\/28\/la-final-del-parejas-de-manana-no-tiene-favorito\/#breadcrumb"},"inLanguage":"es","potentialAction":[{"@type":"ReadAction","target":["https:\/\/oriamendi.eus\/es\/2022\/12\/28\/la-final-del-parejas-de-manana-no-tiene-favorito\/"]}]},{"@type":"BreadcrumbList","@id":"https:\/\/oriamendi.eus\/es\/2022\/12\/28\/la-final-del-parejas-de-manana-no-tiene-favorito\/#breadcrumb","itemListElement":[{"@type":"ListItem","position":1,"name":"Portada","item":"https:\/\/oriamendi.eus\/es\/"},{"@type":"ListItem","position":2,"name":"La final del Parejas de ma\u00f1ana no tiene favorito"}]},{"@type":"WebSite","@id":"https:\/\/oriamendi.eus\/es\/#website","url":"https:\/\/oriamendi.eus\/es\/","name":"Oriamendi","description":"Remonte en Galarreta. Hernani. Gipuzkoa","publisher":{"@id":"https:\/\/oriamendi.eus\/es\/#organization"},"potentialAction":[{"@type":"SearchAction","target":{"@type":"EntryPoint","urlTemplate":"https:\/\/oriamendi.eus\/es\/?s={search_term_string}"},"query-input":"required name=search_term_string"}],"inLanguage":"es"},{"@type":"Organization","@id":"https:\/\/oriamendi.eus\/es\/#organization","name":"Oriamendi","url":"https:\/\/oriamendi.eus\/es\/","logo":{"@type":"ImageObject","inLanguage":"es","@id":"https:\/\/oriamendi.eus\/es\/#\/schema\/logo\/image\/","url":"https:\/\/oriamendi.eus\/wp-content\/uploads\/2020\/06\/logo-oriamendi.png","contentUrl":"https:\/\/oriamendi.eus\/wp-content\/uploads\/2020\/06\/logo-oriamendi.png","width":300,"height":90,"caption":"Oriamendi"},"image":{"@id":"https:\/\/oriamendi.eus\/es\/#\/schema\/logo\/image\/"},"sameAs":["https:\/\/www.facebook.com\/oriamendi2010remonte\/","https:\/\/twitter.com\/oriamendi2010","https:\/\/www.instagram.com\/galarretajaialai\/","https:\/\/www.youtube.com\/channel\/UC8gVNzQqB1iwnC-_rI-ihmA\/featured"]},{"@type":"Person","@id":"https:\/\/oriamendi.eus\/es\/#\/schema\/person\/c0bd06c6c747674306a5c82563e2339a","name":"I\u00f1igo Go\u00f1i","image":{"@type":"ImageObject","inLanguage":"es","@id":"https:\/\/oriamendi.eus\/es\/#\/schema\/person\/image\/","url":"https:\/\/secure.gravatar.com\/avatar\/fbb07ffc7b803bbfcc2b6419c06abd3a?s=96&d=mm&r=g","contentUrl":"https:\/\/secure.gravatar.com\/avatar\/fbb07ffc7b803bbfcc2b6419c06abd3a?s=96&d=mm&r=g","caption":"I\u00f1igo Go\u00f1i"},"url":"https:\/\/oriamendi.eus\/es\/author\/om-berriak\/"}]}},"_links":{"self":[{"href":"https:\/\/oriamendi.eus\/es\/wp-json\/wp\/v2\/posts\/6897"}],"collection":[{"href":"https:\/\/oriamendi.eus\/es\/wp-json\/wp\/v2\/posts"}],"about":[{"href":"https:\/\/oriamendi.eus\/es\/wp-json\/wp\/v2\/types\/post"}],"author":[{"embeddable":true,"href":"https:\/\/oriamendi.eus\/es\/wp-json\/wp\/v2\/users\/5"}],"replies":[{"embeddable":true,"href":"https:\/\/oriamendi.eus\/es\/wp-json\/wp\/v2\/comments?post=6897"}],"version-history":[{"count":1,"href":"https:\/\/oriamendi.eus\/es\/wp-json\/wp\/v2\/posts\/6897\/revisions"}],"predecessor-version":[{"id":6898,"href":"https:\/\/oriamendi.eus\/es\/wp-json\/wp\/v2\/posts\/6897\/revisions\/6898"}],"wp:featuredmedia":[{"embeddable":true,"href":"https:\/\/oriamendi.eus\/es\/wp-json\/wp\/v2\/media\/6894"}],"wp:attachment":[{"href":"https:\/\/oriamendi.eus\/es\/wp-json\/wp\/v2\/media?parent=6897"}],"wp:term":[{"taxonomy":"category","embeddable":true,"href":"https:\/\/oriamendi.eus\/es\/wp-json\/wp\/v2\/categories?post=6897"},{"taxonomy":"post_tag","embeddable":true,"href":"https:\/\/oriamendi.eus\/es\/wp-json\/wp\/v2\/tags?post=6897"}],"curies":[{"name":"wp","href":"https:\/\/api.w.org\/{rel}","templated":true}]}}