                                        
                                        
                                        
                                        
                                        
                                        
                                        
                                        
                                        
                                        
                                        
                                        
                                        
                                        
                                        
                                        
                                        
                                        
{"id":6870,"date":"2022-12-10T18:53:06","date_gmt":"2022-12-10T17:53:06","guid":{"rendered":"https:\/\/oriamendi.eus\/?p=6870"},"modified":"2022-12-10T18:53:09","modified_gmt":"2022-12-10T17:53:09","slug":"ansa-y-juanenea-dejan-al-borde-de-la-eliminacion-a-ezkurra-ii-martirena","status":"publish","type":"post","link":"https:\/\/oriamendi.eus\/es\/2022\/12\/10\/ansa-y-juanenea-dejan-al-borde-de-la-eliminacion-a-ezkurra-ii-martirena\/","title":{"rendered":"Ansa y Juanenea dejan al borde de la eliminaci\u00f3n a Ezkurra II-Martirena"},"content":{"rendered":"\n<p><strong>Ganan 40-22, se colocan primeros, y los perdedores necesitan dejar en menos de 26 en la \u00faltima jornada a Segurola-Larra\u00f1aga<\/strong><\/p>\n\n\n\n<p>Ansa y Juanenea se impusieron 40-22 a Ezkurra II y Martirena en la pen\u00faltima jornada de la liguilla del Campeonato de Parejas de remonte. Un resultado que deja a los perdedores al borde de la eliminaci\u00f3n y a los ganadores l\u00edderes de la liguilla, a falta de un partido para la conclusi\u00f3n.<\/p>\n\n\n\n<p>Ezkurra II y Martirena necesitan dejar en menos de 26 tantos a Segurola y Larra\u00f1aga en la \u00faltima jornada. De esa forma Segurola y Larra\u00f1aga sumar\u00edan menos uno y con un empate a ocho puntos se clasificar\u00edan a semifinales Ezkurra II-Martirena por el duelo ganado entre ambos. Eso s\u00ed, Segurola y Larra\u00f1aga se jugar\u00e1n mucho en esa \u00faltima jornada, ya que una victoria les dar\u00eda la clasificaci\u00f3n directa a la final como primeros de la liguilla.\u00a0<\/p>\n\n\n\n<p>Por su parte, Ansa II y Juanenea ya est\u00e1n clasificados como m\u00ednimo a semifinales con doce puntos y obligan a ganar a Segurola y Larra\u00f1aga en la \u00faltima jornada. Adem\u00e1s, la derrota con punto negativo de Ezkurra II y Martirena clasifica directamente a semifinal a Goikoetxea V y Barrenetxea IV, que respiraron tras el resultado de hoy.\u00a0<\/p>\n\n\n\n<p>El partido solo tuvo historia hasta el ocho iguales. A partir de ah\u00ed los colorados fueron muy superiores ante unos azules apagados. No tuvieron su d\u00eda Ezkurra II y Martirena. El marcador se rompi\u00f3 20-10, 27-13, 34-14, 38-17 y se cerr\u00f3 con el 40-22.<\/p>\n\n\n\n<p>Ansa II y Juanenea apenas fallaron en todo el partido. Sumaron solo tres errores y Juanenea domin\u00f3 a un Martirena que le cost\u00f3 mucho rebotear. Se vio superado por su rival y eso hizo que Ansa no tuviera que arriesgar mucho y jugara de cara.\u00a0<\/p>\n\n\n\n<p>El delantero urnietarra hizo 15 tantos por solo un fallo. Estuvo m\u00e1s seguro que nunca. Ezkurra estuvo desatinado. con 14 tantos y seis fallos. En los cuadros de atr\u00e1s Juanenea complet\u00f3 un gran partido con tres tantos de saque y diez en el peloteo con solo dos errores. Martirena sum\u00f3 5 tantos por seis errores.\u00a0<\/p>\n\n\n\n<p><br><strong>Clasificaci\u00f3n<\/strong><\/p>\n\n\n\n<p>1. Ansa II-Juanenea 12 puntos 4 partidos<br>2. Segurola-Larra\u00f1aga 9 puntos 3 partidos<br>3. Goikoetxea V-Barrenetxea IV 9 puntos 4 partidos<br>4. Aldabe-Azpiroz 6 puntos 4 partidos<br>5. Ezkurra II-Martirena 4 puntos 3 partidos<\/p>\n","protected":false},"excerpt":{"rendered":"<p>Ganan 40-22, se colocan primeros, y los perdedores necesitan dejar en menos de 26 en la \u00faltima jornada a Segurola-Larra\u00f1aga Ansa y Juanenea se impusieron 40-22 a Ezkurra II y Martirena en la pen\u00faltima jornada de la liguilla del Campeonato de Parejas de remonte. Un resultado que deja a los perdedores al borde de la [&hellip;]<\/p>\n","protected":false},"author":5,"featured_media":6739,"comment_status":"closed","ping_status":"open","sticky":false,"template":"","format":"standard","meta":{"_et_pb_use_builder":"off","_et_pb_old_content":"","_et_gb_content_width":"","footnotes":""},"categories":[1],"tags":[],"yoast_head":"<!-- This site is optimized with the Yoast SEO plugin v21.8 - https:\/\/yoast.com\/wordpress\/plugins\/seo\/ -->\n<title>Ansa y Juanenea dejan al borde de la eliminaci\u00f3n a Ezkurra II-Martirena | Oriamendi 2010<\/title>\n<meta name=\"robots\" content=\"index, follow, max-snippet:-1, max-image-preview:large, max-video-preview:-1\" \/>\n<link rel=\"canonical\" href=\"https:\/\/oriamendi.eus\/es\/2022\/12\/10\/ansa-y-juanenea-dejan-al-borde-de-la-eliminacion-a-ezkurra-ii-martirena\/\" \/>\n<meta property=\"og:locale\" content=\"es_ES\" \/>\n<meta property=\"og:type\" content=\"article\" \/>\n<meta property=\"og:title\" content=\"Ansa y Juanenea dejan al borde de la eliminaci\u00f3n a Ezkurra II-Martirena | Oriamendi 2010\" \/>\n<meta property=\"og:description\" content=\"Ganan 40-22, se colocan primeros, y los perdedores necesitan dejar en menos de 26 en la \u00faltima jornada a Segurola-Larra\u00f1aga Ansa y Juanenea se impusieron 40-22 a Ezkurra II y Martirena en la pen\u00faltima jornada de la liguilla del Campeonato de Parejas de remonte. Un resultado que deja a los perdedores al borde de la [&hellip;]\" \/>\n<meta property=\"og:url\" content=\"https:\/\/oriamendi.eus\/es\/2022\/12\/10\/ansa-y-juanenea-dejan-al-borde-de-la-eliminacion-a-ezkurra-ii-martirena\/\" \/>\n<meta property=\"og:site_name\" content=\"Oriamendi 2010\" \/>\n<meta property=\"article:publisher\" content=\"https:\/\/www.facebook.com\/oriamendi2010remonte\/\" \/>\n<meta property=\"article:published_time\" content=\"2022-12-10T17:53:06+00:00\" \/>\n<meta property=\"article:modified_time\" content=\"2022-12-10T17:53:09+00:00\" \/>\n<meta property=\"og:image\" content=\"https:\/\/oriamendi.eus\/wp-content\/uploads\/2022\/08\/ansa.jpg\" \/>\n\t<meta property=\"og:image:width\" content=\"1200\" \/>\n\t<meta property=\"og:image:height\" content=\"800\" \/>\n\t<meta property=\"og:image:type\" content=\"image\/jpeg\" \/>\n<meta name=\"author\" content=\"I\u00f1igo Go\u00f1i\" \/>\n<meta name=\"twitter:card\" content=\"summary_large_image\" \/>\n<meta name=\"twitter:creator\" content=\"@oriamendi2010\" \/>\n<meta name=\"twitter:site\" content=\"@oriamendi2010\" \/>\n<meta name=\"twitter:label1\" content=\"Escrito por\" \/>\n\t<meta name=\"twitter:data1\" content=\"I\u00f1igo Go\u00f1i\" \/>\n\t<meta name=\"twitter:label2\" content=\"Tiempo de lectura\" \/>\n\t<meta name=\"twitter:data2\" content=\"2 minutos\" \/>\n<script type=\"application\/ld+json\" class=\"yoast-schema-graph\">{\"@context\":\"https:\/\/schema.org\",\"@graph\":[{\"@type\":\"Article\",\"@id\":\"https:\/\/oriamendi.eus\/es\/2022\/12\/10\/ansa-y-juanenea-dejan-al-borde-de-la-eliminacion-a-ezkurra-ii-martirena\/#article\",\"isPartOf\":{\"@id\":\"https:\/\/oriamendi.eus\/es\/2022\/12\/10\/ansa-y-juanenea-dejan-al-borde-de-la-eliminacion-a-ezkurra-ii-martirena\/\"},\"author\":{\"name\":\"I\u00f1igo Go\u00f1i\",\"@id\":\"https:\/\/oriamendi.eus\/es\/#\/schema\/person\/c0bd06c6c747674306a5c82563e2339a\"},\"headline\":\"Ansa y Juanenea dejan al borde de la eliminaci\u00f3n a Ezkurra II-Martirena\",\"datePublished\":\"2022-12-10T17:53:06+00:00\",\"dateModified\":\"2022-12-10T17:53:09+00:00\",\"mainEntityOfPage\":{\"@id\":\"https:\/\/oriamendi.eus\/es\/2022\/12\/10\/ansa-y-juanenea-dejan-al-borde-de-la-eliminacion-a-ezkurra-ii-martirena\/\"},\"wordCount\":399,\"publisher\":{\"@id\":\"https:\/\/oriamendi.eus\/es\/#organization\"},\"articleSection\":[\"Sin categorizar\"],\"inLanguage\":\"es\"},{\"@type\":\"WebPage\",\"@id\":\"https:\/\/oriamendi.eus\/es\/2022\/12\/10\/ansa-y-juanenea-dejan-al-borde-de-la-eliminacion-a-ezkurra-ii-martirena\/\",\"url\":\"https:\/\/oriamendi.eus\/es\/2022\/12\/10\/ansa-y-juanenea-dejan-al-borde-de-la-eliminacion-a-ezkurra-ii-martirena\/\",\"name\":\"Ansa y Juanenea dejan al borde de la eliminaci\u00f3n a Ezkurra II-Martirena | Oriamendi 2010\",\"isPartOf\":{\"@id\":\"https:\/\/oriamendi.eus\/es\/#website\"},\"datePublished\":\"2022-12-10T17:53:06+00:00\",\"dateModified\":\"2022-12-10T17:53:09+00:00\",\"breadcrumb\":{\"@id\":\"https:\/\/oriamendi.eus\/es\/2022\/12\/10\/ansa-y-juanenea-dejan-al-borde-de-la-eliminacion-a-ezkurra-ii-martirena\/#breadcrumb\"},\"inLanguage\":\"es\",\"potentialAction\":[{\"@type\":\"ReadAction\",\"target\":[\"https:\/\/oriamendi.eus\/es\/2022\/12\/10\/ansa-y-juanenea-dejan-al-borde-de-la-eliminacion-a-ezkurra-ii-martirena\/\"]}]},{\"@type\":\"BreadcrumbList\",\"@id\":\"https:\/\/oriamendi.eus\/es\/2022\/12\/10\/ansa-y-juanenea-dejan-al-borde-de-la-eliminacion-a-ezkurra-ii-martirena\/#breadcrumb\",\"itemListElement\":[{\"@type\":\"ListItem\",\"position\":1,\"name\":\"Portada\",\"item\":\"https:\/\/oriamendi.eus\/es\/\"},{\"@type\":\"ListItem\",\"position\":2,\"name\":\"Ansa y Juanenea dejan al borde de la eliminaci\u00f3n a Ezkurra II-Martirena\"}]},{\"@type\":\"WebSite\",\"@id\":\"https:\/\/oriamendi.eus\/es\/#website\",\"url\":\"https:\/\/oriamendi.eus\/es\/\",\"name\":\"Oriamendi\",\"description\":\"Remonte en Galarreta. Hernani. Gipuzkoa\",\"publisher\":{\"@id\":\"https:\/\/oriamendi.eus\/es\/#organization\"},\"potentialAction\":[{\"@type\":\"SearchAction\",\"target\":{\"@type\":\"EntryPoint\",\"urlTemplate\":\"https:\/\/oriamendi.eus\/es\/?s={search_term_string}\"},\"query-input\":\"required name=search_term_string\"}],\"inLanguage\":\"es\"},{\"@type\":\"Organization\",\"@id\":\"https:\/\/oriamendi.eus\/es\/#organization\",\"name\":\"Oriamendi\",\"url\":\"https:\/\/oriamendi.eus\/es\/\",\"logo\":{\"@type\":\"ImageObject\",\"inLanguage\":\"es\",\"@id\":\"https:\/\/oriamendi.eus\/es\/#\/schema\/logo\/image\/\",\"url\":\"https:\/\/oriamendi.eus\/wp-content\/uploads\/2020\/06\/logo-oriamendi.png\",\"contentUrl\":\"https:\/\/oriamendi.eus\/wp-content\/uploads\/2020\/06\/logo-oriamendi.png\",\"width\":300,\"height\":90,\"caption\":\"Oriamendi\"},\"image\":{\"@id\":\"https:\/\/oriamendi.eus\/es\/#\/schema\/logo\/image\/\"},\"sameAs\":[\"https:\/\/www.facebook.com\/oriamendi2010remonte\/\",\"https:\/\/twitter.com\/oriamendi2010\",\"https:\/\/www.instagram.com\/galarretajaialai\/\",\"https:\/\/www.youtube.com\/channel\/UC8gVNzQqB1iwnC-_rI-ihmA\/featured\"]},{\"@type\":\"Person\",\"@id\":\"https:\/\/oriamendi.eus\/es\/#\/schema\/person\/c0bd06c6c747674306a5c82563e2339a\",\"name\":\"I\u00f1igo Go\u00f1i\",\"image\":{\"@type\":\"ImageObject\",\"inLanguage\":\"es\",\"@id\":\"https:\/\/oriamendi.eus\/es\/#\/schema\/person\/image\/\",\"url\":\"https:\/\/secure.gravatar.com\/avatar\/fbb07ffc7b803bbfcc2b6419c06abd3a?s=96&d=mm&r=g\",\"contentUrl\":\"https:\/\/secure.gravatar.com\/avatar\/fbb07ffc7b803bbfcc2b6419c06abd3a?s=96&d=mm&r=g\",\"caption\":\"I\u00f1igo Go\u00f1i\"},\"url\":\"https:\/\/oriamendi.eus\/es\/author\/om-berriak\/\"}]}<\/script>\n<!-- \/ Yoast SEO plugin. -->","yoast_head_json":{"title":"Ansa y Juanenea dejan al borde de la eliminaci\u00f3n a Ezkurra II-Martirena | Oriamendi 2010","robots":{"index":"index","follow":"follow","max-snippet":"max-snippet:-1","max-image-preview":"max-image-preview:large","max-video-preview":"max-video-preview:-1"},"canonical":"https:\/\/oriamendi.eus\/es\/2022\/12\/10\/ansa-y-juanenea-dejan-al-borde-de-la-eliminacion-a-ezkurra-ii-martirena\/","og_locale":"es_ES","og_type":"article","og_title":"Ansa y Juanenea dejan al borde de la eliminaci\u00f3n a Ezkurra II-Martirena | Oriamendi 2010","og_description":"Ganan 40-22, se colocan primeros, y los perdedores necesitan dejar en menos de 26 en la \u00faltima jornada a Segurola-Larra\u00f1aga Ansa y Juanenea se impusieron 40-22 a Ezkurra II y Martirena en la pen\u00faltima jornada de la liguilla del Campeonato de Parejas de remonte. Un resultado que deja a los perdedores al borde de la [&hellip;]","og_url":"https:\/\/oriamendi.eus\/es\/2022\/12\/10\/ansa-y-juanenea-dejan-al-borde-de-la-eliminacion-a-ezkurra-ii-martirena\/","og_site_name":"Oriamendi 2010","article_publisher":"https:\/\/www.facebook.com\/oriamendi2010remonte\/","article_published_time":"2022-12-10T17:53:06+00:00","article_modified_time":"2022-12-10T17:53:09+00:00","og_image":[{"width":1200,"height":800,"url":"https:\/\/oriamendi.eus\/wp-content\/uploads\/2022\/08\/ansa.jpg","type":"image\/jpeg"}],"author":"I\u00f1igo Go\u00f1i","twitter_card":"summary_large_image","twitter_creator":"@oriamendi2010","twitter_site":"@oriamendi2010","twitter_misc":{"Escrito por":"I\u00f1igo Go\u00f1i","Tiempo de lectura":"2 minutos"},"schema":{"@context":"https:\/\/schema.org","@graph":[{"@type":"Article","@id":"https:\/\/oriamendi.eus\/es\/2022\/12\/10\/ansa-y-juanenea-dejan-al-borde-de-la-eliminacion-a-ezkurra-ii-martirena\/#article","isPartOf":{"@id":"https:\/\/oriamendi.eus\/es\/2022\/12\/10\/ansa-y-juanenea-dejan-al-borde-de-la-eliminacion-a-ezkurra-ii-martirena\/"},"author":{"name":"I\u00f1igo Go\u00f1i","@id":"https:\/\/oriamendi.eus\/es\/#\/schema\/person\/c0bd06c6c747674306a5c82563e2339a"},"headline":"Ansa y Juanenea dejan al borde de la eliminaci\u00f3n a Ezkurra II-Martirena","datePublished":"2022-12-10T17:53:06+00:00","dateModified":"2022-12-10T17:53:09+00:00","mainEntityOfPage":{"@id":"https:\/\/oriamendi.eus\/es\/2022\/12\/10\/ansa-y-juanenea-dejan-al-borde-de-la-eliminacion-a-ezkurra-ii-martirena\/"},"wordCount":399,"publisher":{"@id":"https:\/\/oriamendi.eus\/es\/#organization"},"articleSection":["Sin categorizar"],"inLanguage":"es"},{"@type":"WebPage","@id":"https:\/\/oriamendi.eus\/es\/2022\/12\/10\/ansa-y-juanenea-dejan-al-borde-de-la-eliminacion-a-ezkurra-ii-martirena\/","url":"https:\/\/oriamendi.eus\/es\/2022\/12\/10\/ansa-y-juanenea-dejan-al-borde-de-la-eliminacion-a-ezkurra-ii-martirena\/","name":"Ansa y Juanenea dejan al borde de la eliminaci\u00f3n a Ezkurra II-Martirena | Oriamendi 2010","isPartOf":{"@id":"https:\/\/oriamendi.eus\/es\/#website"},"datePublished":"2022-12-10T17:53:06+00:00","dateModified":"2022-12-10T17:53:09+00:00","breadcrumb":{"@id":"https:\/\/oriamendi.eus\/es\/2022\/12\/10\/ansa-y-juanenea-dejan-al-borde-de-la-eliminacion-a-ezkurra-ii-martirena\/#breadcrumb"},"inLanguage":"es","potentialAction":[{"@type":"ReadAction","target":["https:\/\/oriamendi.eus\/es\/2022\/12\/10\/ansa-y-juanenea-dejan-al-borde-de-la-eliminacion-a-ezkurra-ii-martirena\/"]}]},{"@type":"BreadcrumbList","@id":"https:\/\/oriamendi.eus\/es\/2022\/12\/10\/ansa-y-juanenea-dejan-al-borde-de-la-eliminacion-a-ezkurra-ii-martirena\/#breadcrumb","itemListElement":[{"@type":"ListItem","position":1,"name":"Portada","item":"https:\/\/oriamendi.eus\/es\/"},{"@type":"ListItem","position":2,"name":"Ansa y Juanenea dejan al borde de la eliminaci\u00f3n a Ezkurra II-Martirena"}]},{"@type":"WebSite","@id":"https:\/\/oriamendi.eus\/es\/#website","url":"https:\/\/oriamendi.eus\/es\/","name":"Oriamendi","description":"Remonte en Galarreta. Hernani. Gipuzkoa","publisher":{"@id":"https:\/\/oriamendi.eus\/es\/#organization"},"potentialAction":[{"@type":"SearchAction","target":{"@type":"EntryPoint","urlTemplate":"https:\/\/oriamendi.eus\/es\/?s={search_term_string}"},"query-input":"required name=search_term_string"}],"inLanguage":"es"},{"@type":"Organization","@id":"https:\/\/oriamendi.eus\/es\/#organization","name":"Oriamendi","url":"https:\/\/oriamendi.eus\/es\/","logo":{"@type":"ImageObject","inLanguage":"es","@id":"https:\/\/oriamendi.eus\/es\/#\/schema\/logo\/image\/","url":"https:\/\/oriamendi.eus\/wp-content\/uploads\/2020\/06\/logo-oriamendi.png","contentUrl":"https:\/\/oriamendi.eus\/wp-content\/uploads\/2020\/06\/logo-oriamendi.png","width":300,"height":90,"caption":"Oriamendi"},"image":{"@id":"https:\/\/oriamendi.eus\/es\/#\/schema\/logo\/image\/"},"sameAs":["https:\/\/www.facebook.com\/oriamendi2010remonte\/","https:\/\/twitter.com\/oriamendi2010","https:\/\/www.instagram.com\/galarretajaialai\/","https:\/\/www.youtube.com\/channel\/UC8gVNzQqB1iwnC-_rI-ihmA\/featured"]},{"@type":"Person","@id":"https:\/\/oriamendi.eus\/es\/#\/schema\/person\/c0bd06c6c747674306a5c82563e2339a","name":"I\u00f1igo Go\u00f1i","image":{"@type":"ImageObject","inLanguage":"es","@id":"https:\/\/oriamendi.eus\/es\/#\/schema\/person\/image\/","url":"https:\/\/secure.gravatar.com\/avatar\/fbb07ffc7b803bbfcc2b6419c06abd3a?s=96&d=mm&r=g","contentUrl":"https:\/\/secure.gravatar.com\/avatar\/fbb07ffc7b803bbfcc2b6419c06abd3a?s=96&d=mm&r=g","caption":"I\u00f1igo Go\u00f1i"},"url":"https:\/\/oriamendi.eus\/es\/author\/om-berriak\/"}]}},"_links":{"self":[{"href":"https:\/\/oriamendi.eus\/es\/wp-json\/wp\/v2\/posts\/6870"}],"collection":[{"href":"https:\/\/oriamendi.eus\/es\/wp-json\/wp\/v2\/posts"}],"about":[{"href":"https:\/\/oriamendi.eus\/es\/wp-json\/wp\/v2\/types\/post"}],"author":[{"embeddable":true,"href":"https:\/\/oriamendi.eus\/es\/wp-json\/wp\/v2\/users\/5"}],"replies":[{"embeddable":true,"href":"https:\/\/oriamendi.eus\/es\/wp-json\/wp\/v2\/comments?post=6870"}],"version-history":[{"count":1,"href":"https:\/\/oriamendi.eus\/es\/wp-json\/wp\/v2\/posts\/6870\/revisions"}],"predecessor-version":[{"id":6871,"href":"https:\/\/oriamendi.eus\/es\/wp-json\/wp\/v2\/posts\/6870\/revisions\/6871"}],"wp:featuredmedia":[{"embeddable":true,"href":"https:\/\/oriamendi.eus\/es\/wp-json\/wp\/v2\/media\/6739"}],"wp:attachment":[{"href":"https:\/\/oriamendi.eus\/es\/wp-json\/wp\/v2\/media?parent=6870"}],"wp:term":[{"taxonomy":"category","embeddable":true,"href":"https:\/\/oriamendi.eus\/es\/wp-json\/wp\/v2\/categories?post=6870"},{"taxonomy":"post_tag","embeddable":true,"href":"https:\/\/oriamendi.eus\/es\/wp-json\/wp\/v2\/tags?post=6870"}],"curies":[{"name":"wp","href":"https:\/\/api.w.org\/{rel}","templated":true}]}}