                                        
                                        
                                        
                                        
                                        
                                        
                                        
                                        
                                        
                                        
                                        
                                        
                                        
                                        
                                        
                                        
                                        
                                        
{"id":6862,"date":"2022-12-03T19:20:04","date_gmt":"2022-12-03T18:20:04","guid":{"rendered":"https:\/\/oriamendi.eus\/?p=6862"},"modified":"2022-12-03T19:20:52","modified_gmt":"2022-12-03T18:20:52","slug":"goikoetxea-v-y-barrenetxea-iv-se-complican-la-clasificacion-tras-perder-en-27-contra-aldabe-y-azpiroz","status":"publish","type":"post","link":"https:\/\/oriamendi.eus\/es\/2022\/12\/03\/goikoetxea-v-y-barrenetxea-iv-se-complican-la-clasificacion-tras-perder-en-27-contra-aldabe-y-azpiroz\/","title":{"rendered":"Goikoetxea V y Barrenetxea IV se complican la clasificaci\u00f3n tras perder en 27 contra Aldabe y Azpiroz"},"content":{"rendered":"\n<p>Aldabe y Azpiroz se despidieron del Campeonato de Remonte Parejas superando a Goikoetxea V y Barrenetxea IV por 27-40. Una victoria que no les sirve para clasificarse, pero que les sirve para terminar el Torneo con buen sabor de boca. Para Goikoetxea y Barrenetxea fue un golpe duro, ya que no sumaron ning\u00fan punto y su clasificaci\u00f3n a semifinales est\u00e1 en el aire. Ya no pueden clasificarse a la final de forma directa a la final y aunque mantienen opciones de la semifinal deben esperar a los \u00faltimos dos partidos de la liguilla.&nbsp;Aldabe y Azpiroz disputaron su mejor partido en el campeonato y fueron justos ganadores ante los colorados. <\/p>\n\n\n\n<p>Goikoetxea estuvo fuera de sitio y descanchado y eso lo acusaron los colorados. Barrenetxea aguant\u00f3 a la pareja hasta el empate a 13, pero a partir de ah\u00ed los azules empezaron a abrir hueco. Cogieron una renta de siete tantos en el 17-24 y tras un peque\u00f1o acercamiento 23-27, Aldabe y Azpiroz rompieron el marcador 24-32 y 24-37. Los colorados deb\u00edan evitar el punto negativo y lo hicieron 27-40, pero les supo a poco.&nbsp;<\/p>\n\n\n\n<p>Aldabe jug\u00f3 un gran partido con 18 tantos y cuatro fallos, realizados al inicio del partido. Luego fue muy superior a un Goikoetxea que se qued\u00f3 en nueve tantos y ocho errores. Barrenetxea lo intent\u00f3, pero no pudo. Solt\u00f3 pelotazos, pero no fue suficiente ante los fallos del delantero. Los tres tantos de saque y los diez en el peloteo no contrarrestaron el acierto rival. Azpiroz muy seguro hizo tres tantos de saque, siete en el peloteo y solo cometi\u00f3 un error.&nbsp;Goikoetxea y Barrenetxea necesitan fallos de los rivales en los partidos que quedan. El buen inicio del campeonato no ha sido suficiente para clasificarse hasta la fecha y las dos \u00faltimas derrotas han sido duros.&nbsp;<strong><br><br><br>Clasificaci\u00f3n<\/strong><\/p>\n\n\n\n<p>1. Segurola-Larra\u00f1aga 9 puntos 3 partidos<strong><br><\/strong>2. Goikoetxea V-Barrenetxea IV 9 puntos 4 partidos<br>3. Ansa II-Juanenea 8 puntos 3 partidos<br>4. Aldabe-Azpiroz 6 puntos 4 partidos<br>5. Ezkurra II-Martirena 5 puntos 2 partidos<\/p>\n","protected":false},"excerpt":{"rendered":"<p>Aldabe y Azpiroz se despidieron del Campeonato de Remonte Parejas superando a Goikoetxea V y Barrenetxea IV por 27-40. Una victoria que no les sirve para clasificarse, pero que les sirve para terminar el Torneo con buen sabor de boca. Para Goikoetxea y Barrenetxea fue un golpe duro, ya que no sumaron ning\u00fan punto y [&hellip;]<\/p>\n","protected":false},"author":5,"featured_media":6798,"comment_status":"closed","ping_status":"open","sticky":false,"template":"","format":"standard","meta":{"_et_pb_use_builder":"off","_et_pb_old_content":"","_et_gb_content_width":"","footnotes":""},"categories":[1],"tags":[],"yoast_head":"<!-- This site is optimized with the Yoast SEO plugin v21.8 - https:\/\/yoast.com\/wordpress\/plugins\/seo\/ -->\n<title>Goikoetxea V y Barrenetxea IV se complican la clasificaci\u00f3n tras perder en 27 contra Aldabe y Azpiroz | Oriamendi 2010<\/title>\n<meta name=\"robots\" content=\"index, follow, max-snippet:-1, max-image-preview:large, max-video-preview:-1\" \/>\n<link rel=\"canonical\" href=\"https:\/\/oriamendi.eus\/es\/2022\/12\/03\/goikoetxea-v-y-barrenetxea-iv-se-complican-la-clasificacion-tras-perder-en-27-contra-aldabe-y-azpiroz\/\" \/>\n<meta property=\"og:locale\" content=\"es_ES\" \/>\n<meta property=\"og:type\" content=\"article\" \/>\n<meta property=\"og:title\" content=\"Goikoetxea V y Barrenetxea IV se complican la clasificaci\u00f3n tras perder en 27 contra Aldabe y Azpiroz | Oriamendi 2010\" \/>\n<meta property=\"og:description\" content=\"Aldabe y Azpiroz se despidieron del Campeonato de Remonte Parejas superando a Goikoetxea V y Barrenetxea IV por 27-40. Una victoria que no les sirve para clasificarse, pero que les sirve para terminar el Torneo con buen sabor de boca. Para Goikoetxea y Barrenetxea fue un golpe duro, ya que no sumaron ning\u00fan punto y [&hellip;]\" \/>\n<meta property=\"og:url\" content=\"https:\/\/oriamendi.eus\/es\/2022\/12\/03\/goikoetxea-v-y-barrenetxea-iv-se-complican-la-clasificacion-tras-perder-en-27-contra-aldabe-y-azpiroz\/\" \/>\n<meta property=\"og:site_name\" content=\"Oriamendi 2010\" \/>\n<meta property=\"article:publisher\" content=\"https:\/\/www.facebook.com\/oriamendi2010remonte\/\" \/>\n<meta property=\"article:published_time\" content=\"2022-12-03T18:20:04+00:00\" \/>\n<meta property=\"article:modified_time\" content=\"2022-12-03T18:20:52+00:00\" \/>\n<meta property=\"og:image\" content=\"https:\/\/oriamendi.eus\/wp-content\/uploads\/2022\/10\/IMG_20221013_190704_2000_x_1333_pixel.jpg\" \/>\n\t<meta property=\"og:image:width\" content=\"1200\" \/>\n\t<meta property=\"og:image:height\" content=\"800\" \/>\n\t<meta property=\"og:image:type\" content=\"image\/jpeg\" \/>\n<meta name=\"author\" content=\"I\u00f1igo Go\u00f1i\" \/>\n<meta name=\"twitter:card\" content=\"summary_large_image\" \/>\n<meta name=\"twitter:creator\" content=\"@oriamendi2010\" \/>\n<meta name=\"twitter:site\" content=\"@oriamendi2010\" \/>\n<meta name=\"twitter:label1\" content=\"Escrito por\" \/>\n\t<meta name=\"twitter:data1\" content=\"I\u00f1igo Go\u00f1i\" \/>\n\t<meta name=\"twitter:label2\" content=\"Tiempo de lectura\" \/>\n\t<meta name=\"twitter:data2\" content=\"2 minutos\" \/>\n<script type=\"application\/ld+json\" class=\"yoast-schema-graph\">{\"@context\":\"https:\/\/schema.org\",\"@graph\":[{\"@type\":\"Article\",\"@id\":\"https:\/\/oriamendi.eus\/es\/2022\/12\/03\/goikoetxea-v-y-barrenetxea-iv-se-complican-la-clasificacion-tras-perder-en-27-contra-aldabe-y-azpiroz\/#article\",\"isPartOf\":{\"@id\":\"https:\/\/oriamendi.eus\/es\/2022\/12\/03\/goikoetxea-v-y-barrenetxea-iv-se-complican-la-clasificacion-tras-perder-en-27-contra-aldabe-y-azpiroz\/\"},\"author\":{\"name\":\"I\u00f1igo Go\u00f1i\",\"@id\":\"https:\/\/oriamendi.eus\/es\/#\/schema\/person\/c0bd06c6c747674306a5c82563e2339a\"},\"headline\":\"Goikoetxea V y Barrenetxea IV se complican la clasificaci\u00f3n tras perder en 27 contra Aldabe y Azpiroz\",\"datePublished\":\"2022-12-03T18:20:04+00:00\",\"dateModified\":\"2022-12-03T18:20:52+00:00\",\"mainEntityOfPage\":{\"@id\":\"https:\/\/oriamendi.eus\/es\/2022\/12\/03\/goikoetxea-v-y-barrenetxea-iv-se-complican-la-clasificacion-tras-perder-en-27-contra-aldabe-y-azpiroz\/\"},\"wordCount\":346,\"publisher\":{\"@id\":\"https:\/\/oriamendi.eus\/es\/#organization\"},\"articleSection\":[\"Sin categorizar\"],\"inLanguage\":\"es\"},{\"@type\":\"WebPage\",\"@id\":\"https:\/\/oriamendi.eus\/es\/2022\/12\/03\/goikoetxea-v-y-barrenetxea-iv-se-complican-la-clasificacion-tras-perder-en-27-contra-aldabe-y-azpiroz\/\",\"url\":\"https:\/\/oriamendi.eus\/es\/2022\/12\/03\/goikoetxea-v-y-barrenetxea-iv-se-complican-la-clasificacion-tras-perder-en-27-contra-aldabe-y-azpiroz\/\",\"name\":\"Goikoetxea V y Barrenetxea IV se complican la clasificaci\u00f3n tras perder en 27 contra Aldabe y Azpiroz | Oriamendi 2010\",\"isPartOf\":{\"@id\":\"https:\/\/oriamendi.eus\/es\/#website\"},\"datePublished\":\"2022-12-03T18:20:04+00:00\",\"dateModified\":\"2022-12-03T18:20:52+00:00\",\"breadcrumb\":{\"@id\":\"https:\/\/oriamendi.eus\/es\/2022\/12\/03\/goikoetxea-v-y-barrenetxea-iv-se-complican-la-clasificacion-tras-perder-en-27-contra-aldabe-y-azpiroz\/#breadcrumb\"},\"inLanguage\":\"es\",\"potentialAction\":[{\"@type\":\"ReadAction\",\"target\":[\"https:\/\/oriamendi.eus\/es\/2022\/12\/03\/goikoetxea-v-y-barrenetxea-iv-se-complican-la-clasificacion-tras-perder-en-27-contra-aldabe-y-azpiroz\/\"]}]},{\"@type\":\"BreadcrumbList\",\"@id\":\"https:\/\/oriamendi.eus\/es\/2022\/12\/03\/goikoetxea-v-y-barrenetxea-iv-se-complican-la-clasificacion-tras-perder-en-27-contra-aldabe-y-azpiroz\/#breadcrumb\",\"itemListElement\":[{\"@type\":\"ListItem\",\"position\":1,\"name\":\"Portada\",\"item\":\"https:\/\/oriamendi.eus\/es\/\"},{\"@type\":\"ListItem\",\"position\":2,\"name\":\"Goikoetxea V y Barrenetxea IV se complican la clasificaci\u00f3n tras perder en 27 contra Aldabe y Azpiroz\"}]},{\"@type\":\"WebSite\",\"@id\":\"https:\/\/oriamendi.eus\/es\/#website\",\"url\":\"https:\/\/oriamendi.eus\/es\/\",\"name\":\"Oriamendi\",\"description\":\"Remonte en Galarreta. Hernani. Gipuzkoa\",\"publisher\":{\"@id\":\"https:\/\/oriamendi.eus\/es\/#organization\"},\"potentialAction\":[{\"@type\":\"SearchAction\",\"target\":{\"@type\":\"EntryPoint\",\"urlTemplate\":\"https:\/\/oriamendi.eus\/es\/?s={search_term_string}\"},\"query-input\":\"required name=search_term_string\"}],\"inLanguage\":\"es\"},{\"@type\":\"Organization\",\"@id\":\"https:\/\/oriamendi.eus\/es\/#organization\",\"name\":\"Oriamendi\",\"url\":\"https:\/\/oriamendi.eus\/es\/\",\"logo\":{\"@type\":\"ImageObject\",\"inLanguage\":\"es\",\"@id\":\"https:\/\/oriamendi.eus\/es\/#\/schema\/logo\/image\/\",\"url\":\"https:\/\/oriamendi.eus\/wp-content\/uploads\/2020\/06\/logo-oriamendi.png\",\"contentUrl\":\"https:\/\/oriamendi.eus\/wp-content\/uploads\/2020\/06\/logo-oriamendi.png\",\"width\":300,\"height\":90,\"caption\":\"Oriamendi\"},\"image\":{\"@id\":\"https:\/\/oriamendi.eus\/es\/#\/schema\/logo\/image\/\"},\"sameAs\":[\"https:\/\/www.facebook.com\/oriamendi2010remonte\/\",\"https:\/\/twitter.com\/oriamendi2010\",\"https:\/\/www.instagram.com\/galarretajaialai\/\",\"https:\/\/www.youtube.com\/channel\/UC8gVNzQqB1iwnC-_rI-ihmA\/featured\"]},{\"@type\":\"Person\",\"@id\":\"https:\/\/oriamendi.eus\/es\/#\/schema\/person\/c0bd06c6c747674306a5c82563e2339a\",\"name\":\"I\u00f1igo Go\u00f1i\",\"image\":{\"@type\":\"ImageObject\",\"inLanguage\":\"es\",\"@id\":\"https:\/\/oriamendi.eus\/es\/#\/schema\/person\/image\/\",\"url\":\"https:\/\/secure.gravatar.com\/avatar\/fbb07ffc7b803bbfcc2b6419c06abd3a?s=96&d=mm&r=g\",\"contentUrl\":\"https:\/\/secure.gravatar.com\/avatar\/fbb07ffc7b803bbfcc2b6419c06abd3a?s=96&d=mm&r=g\",\"caption\":\"I\u00f1igo Go\u00f1i\"},\"url\":\"https:\/\/oriamendi.eus\/es\/author\/om-berriak\/\"}]}<\/script>\n<!-- \/ Yoast SEO plugin. -->","yoast_head_json":{"title":"Goikoetxea V y Barrenetxea IV se complican la clasificaci\u00f3n tras perder en 27 contra Aldabe y Azpiroz | Oriamendi 2010","robots":{"index":"index","follow":"follow","max-snippet":"max-snippet:-1","max-image-preview":"max-image-preview:large","max-video-preview":"max-video-preview:-1"},"canonical":"https:\/\/oriamendi.eus\/es\/2022\/12\/03\/goikoetxea-v-y-barrenetxea-iv-se-complican-la-clasificacion-tras-perder-en-27-contra-aldabe-y-azpiroz\/","og_locale":"es_ES","og_type":"article","og_title":"Goikoetxea V y Barrenetxea IV se complican la clasificaci\u00f3n tras perder en 27 contra Aldabe y Azpiroz | Oriamendi 2010","og_description":"Aldabe y Azpiroz se despidieron del Campeonato de Remonte Parejas superando a Goikoetxea V y Barrenetxea IV por 27-40. Una victoria que no les sirve para clasificarse, pero que les sirve para terminar el Torneo con buen sabor de boca. Para Goikoetxea y Barrenetxea fue un golpe duro, ya que no sumaron ning\u00fan punto y [&hellip;]","og_url":"https:\/\/oriamendi.eus\/es\/2022\/12\/03\/goikoetxea-v-y-barrenetxea-iv-se-complican-la-clasificacion-tras-perder-en-27-contra-aldabe-y-azpiroz\/","og_site_name":"Oriamendi 2010","article_publisher":"https:\/\/www.facebook.com\/oriamendi2010remonte\/","article_published_time":"2022-12-03T18:20:04+00:00","article_modified_time":"2022-12-03T18:20:52+00:00","og_image":[{"width":1200,"height":800,"url":"https:\/\/oriamendi.eus\/wp-content\/uploads\/2022\/10\/IMG_20221013_190704_2000_x_1333_pixel.jpg","type":"image\/jpeg"}],"author":"I\u00f1igo Go\u00f1i","twitter_card":"summary_large_image","twitter_creator":"@oriamendi2010","twitter_site":"@oriamendi2010","twitter_misc":{"Escrito por":"I\u00f1igo Go\u00f1i","Tiempo de lectura":"2 minutos"},"schema":{"@context":"https:\/\/schema.org","@graph":[{"@type":"Article","@id":"https:\/\/oriamendi.eus\/es\/2022\/12\/03\/goikoetxea-v-y-barrenetxea-iv-se-complican-la-clasificacion-tras-perder-en-27-contra-aldabe-y-azpiroz\/#article","isPartOf":{"@id":"https:\/\/oriamendi.eus\/es\/2022\/12\/03\/goikoetxea-v-y-barrenetxea-iv-se-complican-la-clasificacion-tras-perder-en-27-contra-aldabe-y-azpiroz\/"},"author":{"name":"I\u00f1igo Go\u00f1i","@id":"https:\/\/oriamendi.eus\/es\/#\/schema\/person\/c0bd06c6c747674306a5c82563e2339a"},"headline":"Goikoetxea V y Barrenetxea IV se complican la clasificaci\u00f3n tras perder en 27 contra Aldabe y Azpiroz","datePublished":"2022-12-03T18:20:04+00:00","dateModified":"2022-12-03T18:20:52+00:00","mainEntityOfPage":{"@id":"https:\/\/oriamendi.eus\/es\/2022\/12\/03\/goikoetxea-v-y-barrenetxea-iv-se-complican-la-clasificacion-tras-perder-en-27-contra-aldabe-y-azpiroz\/"},"wordCount":346,"publisher":{"@id":"https:\/\/oriamendi.eus\/es\/#organization"},"articleSection":["Sin categorizar"],"inLanguage":"es"},{"@type":"WebPage","@id":"https:\/\/oriamendi.eus\/es\/2022\/12\/03\/goikoetxea-v-y-barrenetxea-iv-se-complican-la-clasificacion-tras-perder-en-27-contra-aldabe-y-azpiroz\/","url":"https:\/\/oriamendi.eus\/es\/2022\/12\/03\/goikoetxea-v-y-barrenetxea-iv-se-complican-la-clasificacion-tras-perder-en-27-contra-aldabe-y-azpiroz\/","name":"Goikoetxea V y Barrenetxea IV se complican la clasificaci\u00f3n tras perder en 27 contra Aldabe y Azpiroz | Oriamendi 2010","isPartOf":{"@id":"https:\/\/oriamendi.eus\/es\/#website"},"datePublished":"2022-12-03T18:20:04+00:00","dateModified":"2022-12-03T18:20:52+00:00","breadcrumb":{"@id":"https:\/\/oriamendi.eus\/es\/2022\/12\/03\/goikoetxea-v-y-barrenetxea-iv-se-complican-la-clasificacion-tras-perder-en-27-contra-aldabe-y-azpiroz\/#breadcrumb"},"inLanguage":"es","potentialAction":[{"@type":"ReadAction","target":["https:\/\/oriamendi.eus\/es\/2022\/12\/03\/goikoetxea-v-y-barrenetxea-iv-se-complican-la-clasificacion-tras-perder-en-27-contra-aldabe-y-azpiroz\/"]}]},{"@type":"BreadcrumbList","@id":"https:\/\/oriamendi.eus\/es\/2022\/12\/03\/goikoetxea-v-y-barrenetxea-iv-se-complican-la-clasificacion-tras-perder-en-27-contra-aldabe-y-azpiroz\/#breadcrumb","itemListElement":[{"@type":"ListItem","position":1,"name":"Portada","item":"https:\/\/oriamendi.eus\/es\/"},{"@type":"ListItem","position":2,"name":"Goikoetxea V y Barrenetxea IV se complican la clasificaci\u00f3n tras perder en 27 contra Aldabe y Azpiroz"}]},{"@type":"WebSite","@id":"https:\/\/oriamendi.eus\/es\/#website","url":"https:\/\/oriamendi.eus\/es\/","name":"Oriamendi","description":"Remonte en Galarreta. Hernani. Gipuzkoa","publisher":{"@id":"https:\/\/oriamendi.eus\/es\/#organization"},"potentialAction":[{"@type":"SearchAction","target":{"@type":"EntryPoint","urlTemplate":"https:\/\/oriamendi.eus\/es\/?s={search_term_string}"},"query-input":"required name=search_term_string"}],"inLanguage":"es"},{"@type":"Organization","@id":"https:\/\/oriamendi.eus\/es\/#organization","name":"Oriamendi","url":"https:\/\/oriamendi.eus\/es\/","logo":{"@type":"ImageObject","inLanguage":"es","@id":"https:\/\/oriamendi.eus\/es\/#\/schema\/logo\/image\/","url":"https:\/\/oriamendi.eus\/wp-content\/uploads\/2020\/06\/logo-oriamendi.png","contentUrl":"https:\/\/oriamendi.eus\/wp-content\/uploads\/2020\/06\/logo-oriamendi.png","width":300,"height":90,"caption":"Oriamendi"},"image":{"@id":"https:\/\/oriamendi.eus\/es\/#\/schema\/logo\/image\/"},"sameAs":["https:\/\/www.facebook.com\/oriamendi2010remonte\/","https:\/\/twitter.com\/oriamendi2010","https:\/\/www.instagram.com\/galarretajaialai\/","https:\/\/www.youtube.com\/channel\/UC8gVNzQqB1iwnC-_rI-ihmA\/featured"]},{"@type":"Person","@id":"https:\/\/oriamendi.eus\/es\/#\/schema\/person\/c0bd06c6c747674306a5c82563e2339a","name":"I\u00f1igo Go\u00f1i","image":{"@type":"ImageObject","inLanguage":"es","@id":"https:\/\/oriamendi.eus\/es\/#\/schema\/person\/image\/","url":"https:\/\/secure.gravatar.com\/avatar\/fbb07ffc7b803bbfcc2b6419c06abd3a?s=96&d=mm&r=g","contentUrl":"https:\/\/secure.gravatar.com\/avatar\/fbb07ffc7b803bbfcc2b6419c06abd3a?s=96&d=mm&r=g","caption":"I\u00f1igo Go\u00f1i"},"url":"https:\/\/oriamendi.eus\/es\/author\/om-berriak\/"}]}},"_links":{"self":[{"href":"https:\/\/oriamendi.eus\/es\/wp-json\/wp\/v2\/posts\/6862"}],"collection":[{"href":"https:\/\/oriamendi.eus\/es\/wp-json\/wp\/v2\/posts"}],"about":[{"href":"https:\/\/oriamendi.eus\/es\/wp-json\/wp\/v2\/types\/post"}],"author":[{"embeddable":true,"href":"https:\/\/oriamendi.eus\/es\/wp-json\/wp\/v2\/users\/5"}],"replies":[{"embeddable":true,"href":"https:\/\/oriamendi.eus\/es\/wp-json\/wp\/v2\/comments?post=6862"}],"version-history":[{"count":2,"href":"https:\/\/oriamendi.eus\/es\/wp-json\/wp\/v2\/posts\/6862\/revisions"}],"predecessor-version":[{"id":6864,"href":"https:\/\/oriamendi.eus\/es\/wp-json\/wp\/v2\/posts\/6862\/revisions\/6864"}],"wp:featuredmedia":[{"embeddable":true,"href":"https:\/\/oriamendi.eus\/es\/wp-json\/wp\/v2\/media\/6798"}],"wp:attachment":[{"href":"https:\/\/oriamendi.eus\/es\/wp-json\/wp\/v2\/media?parent=6862"}],"wp:term":[{"taxonomy":"category","embeddable":true,"href":"https:\/\/oriamendi.eus\/es\/wp-json\/wp\/v2\/categories?post=6862"},{"taxonomy":"post_tag","embeddable":true,"href":"https:\/\/oriamendi.eus\/es\/wp-json\/wp\/v2\/tags?post=6862"}],"curies":[{"name":"wp","href":"https:\/\/api.w.org\/{rel}","templated":true}]}}