                                        
                                        
                                        
                                        
                                        
                                        
                                        
                                        
                                        
                                        
                                        
                                        
                                        
                                        
                                        
                                        
                                        
                                        
{"id":6839,"date":"2022-11-17T13:53:44","date_gmt":"2022-11-17T12:53:44","guid":{"rendered":"https:\/\/oriamendi.eus\/?p=6839"},"modified":"2022-11-17T13:53:47","modified_gmt":"2022-11-17T12:53:47","slug":"ezkurra-ii-saca-sus-galones-para-llevar-en-volandas-a-martirena","status":"publish","type":"post","link":"https:\/\/oriamendi.eus\/es\/2022\/11\/17\/ezkurra-ii-saca-sus-galones-para-llevar-en-volandas-a-martirena\/","title":{"rendered":"Ezkurra II saca sus galones para llevar en volandas a Martirena"},"content":{"rendered":"\n<p><strong>Ganan 40-29 a Aldabe y Azpiroz en el partido que cierra la segunda jornada del Parejas<\/strong><\/p>\n\n\n\n<p>Ezkurra II y Martirena se impusieron 40-29 a Aldabe y Azpiroz en el partido que cerr\u00f3 la segunda jornada del Campeonato de Remonte de Parejas. Con este resultado Ezkurra y Martirena suben a la segunda plaza, empatados con Segurola y Larra\u00f1aga con cinco puntos, mientras\u00a0 Aldabe y Azpiroz quedan en una situaci\u00f3n m\u00e1s que delicada con cero puntos. Necesitan ganar los dos partidos que les quedan si quieren aspirar a pasar a semifinales.\u00a0<\/p>\n\n\n\n<p>Ezkurra II fue amo y se\u00f1or del partido y sac\u00f3 sus galones a relucir. Est\u00e1 con gran juego y en estos momentos es el delantero del campeonato. Marca diferencias y su juego est\u00e1 siendo espectacular. Hizo hasta 27 tantos de todas las facturas. Cort\u00f3 la pelota, hizo jugadas de dos paredes y hasta puso en aprietos a Azpiroz con buenos pelotazos atr\u00e1s De esos 27 tantos, diez fueron en dos paredes. Tambi\u00e9n fallo seis pelotas, pero estaba tan de dulce que arriesg\u00f3 en algunas ocasiones sin que le saliera la jugada.\u00a0<\/p>\n\n\n\n<p>El partido comenz\u00f3 igualado, pero tras el empate a doce solo hubo una pareja sobre la cancha de Galarreta. Los colorados eran mejores y se marcharon poco a poco sin pausa: 18-13, 25-17, 32-20 y 35-24 hasta el 40-29 final.\u00a0<\/p>\n\n\n\n<p>Aldabe y Azpiroz no pod\u00edan contrarrestar el juego colorado. Martirena tambi\u00e9n estuvo muy bien con siete tantos. Azpiroz hizo nueve tantos por dos errores y Aldabe se vio superado adelante con12 tantos y 4 errores. Ezkurra le hizo mucho da\u00f1o.\u00a0<\/p>\n\n\n\n<p><\/p>\n","protected":false},"excerpt":{"rendered":"<p>Ganan 40-29 a Aldabe y Azpiroz en el partido que cierra la segunda jornada del Parejas Ezkurra II y Martirena se impusieron 40-29 a Aldabe y Azpiroz en el partido que cerr\u00f3 la segunda jornada del Campeonato de Remonte de Parejas. Con este resultado Ezkurra y Martirena suben a la segunda plaza, empatados con Segurola [&hellip;]<\/p>\n","protected":false},"author":5,"featured_media":6189,"comment_status":"closed","ping_status":"open","sticky":false,"template":"","format":"standard","meta":{"_et_pb_use_builder":"off","_et_pb_old_content":"","_et_gb_content_width":"","footnotes":""},"categories":[1],"tags":[],"yoast_head":"<!-- This site is optimized with the Yoast SEO plugin v21.8 - https:\/\/yoast.com\/wordpress\/plugins\/seo\/ -->\n<title>Ezkurra II saca sus galones para llevar en volandas a Martirena | Oriamendi 2010<\/title>\n<meta name=\"robots\" content=\"index, follow, max-snippet:-1, max-image-preview:large, max-video-preview:-1\" \/>\n<link rel=\"canonical\" href=\"https:\/\/oriamendi.eus\/es\/2022\/11\/17\/ezkurra-ii-saca-sus-galones-para-llevar-en-volandas-a-martirena\/\" \/>\n<meta property=\"og:locale\" content=\"es_ES\" \/>\n<meta property=\"og:type\" content=\"article\" \/>\n<meta property=\"og:title\" content=\"Ezkurra II saca sus galones para llevar en volandas a Martirena | Oriamendi 2010\" \/>\n<meta property=\"og:description\" content=\"Ganan 40-29 a Aldabe y Azpiroz en el partido que cierra la segunda jornada del Parejas Ezkurra II y Martirena se impusieron 40-29 a Aldabe y Azpiroz en el partido que cerr\u00f3 la segunda jornada del Campeonato de Remonte de Parejas. Con este resultado Ezkurra y Martirena suben a la segunda plaza, empatados con Segurola [&hellip;]\" \/>\n<meta property=\"og:url\" content=\"https:\/\/oriamendi.eus\/es\/2022\/11\/17\/ezkurra-ii-saca-sus-galones-para-llevar-en-volandas-a-martirena\/\" \/>\n<meta property=\"og:site_name\" content=\"Oriamendi 2010\" \/>\n<meta property=\"article:publisher\" content=\"https:\/\/www.facebook.com\/oriamendi2010remonte\/\" \/>\n<meta property=\"article:published_time\" content=\"2022-11-17T12:53:44+00:00\" \/>\n<meta property=\"article:modified_time\" content=\"2022-11-17T12:53:47+00:00\" \/>\n<meta property=\"og:image\" content=\"https:\/\/oriamendi.eus\/wp-content\/uploads\/2022\/01\/ezkurra.jpg\" \/>\n\t<meta property=\"og:image:width\" content=\"1200\" \/>\n\t<meta property=\"og:image:height\" content=\"1200\" \/>\n\t<meta property=\"og:image:type\" content=\"image\/jpeg\" \/>\n<meta name=\"author\" content=\"I\u00f1igo Go\u00f1i\" \/>\n<meta name=\"twitter:card\" content=\"summary_large_image\" \/>\n<meta name=\"twitter:creator\" content=\"@oriamendi2010\" \/>\n<meta name=\"twitter:site\" content=\"@oriamendi2010\" \/>\n<meta name=\"twitter:label1\" content=\"Escrito por\" \/>\n\t<meta name=\"twitter:data1\" content=\"I\u00f1igo Go\u00f1i\" \/>\n\t<meta name=\"twitter:label2\" content=\"Tiempo de lectura\" \/>\n\t<meta name=\"twitter:data2\" content=\"2 minutos\" \/>\n<script type=\"application\/ld+json\" class=\"yoast-schema-graph\">{\"@context\":\"https:\/\/schema.org\",\"@graph\":[{\"@type\":\"Article\",\"@id\":\"https:\/\/oriamendi.eus\/es\/2022\/11\/17\/ezkurra-ii-saca-sus-galones-para-llevar-en-volandas-a-martirena\/#article\",\"isPartOf\":{\"@id\":\"https:\/\/oriamendi.eus\/es\/2022\/11\/17\/ezkurra-ii-saca-sus-galones-para-llevar-en-volandas-a-martirena\/\"},\"author\":{\"name\":\"I\u00f1igo Go\u00f1i\",\"@id\":\"https:\/\/oriamendi.eus\/es\/#\/schema\/person\/c0bd06c6c747674306a5c82563e2339a\"},\"headline\":\"Ezkurra II saca sus galones para llevar en volandas a Martirena\",\"datePublished\":\"2022-11-17T12:53:44+00:00\",\"dateModified\":\"2022-11-17T12:53:47+00:00\",\"mainEntityOfPage\":{\"@id\":\"https:\/\/oriamendi.eus\/es\/2022\/11\/17\/ezkurra-ii-saca-sus-galones-para-llevar-en-volandas-a-martirena\/\"},\"wordCount\":277,\"publisher\":{\"@id\":\"https:\/\/oriamendi.eus\/es\/#organization\"},\"articleSection\":[\"Sin categorizar\"],\"inLanguage\":\"es\"},{\"@type\":\"WebPage\",\"@id\":\"https:\/\/oriamendi.eus\/es\/2022\/11\/17\/ezkurra-ii-saca-sus-galones-para-llevar-en-volandas-a-martirena\/\",\"url\":\"https:\/\/oriamendi.eus\/es\/2022\/11\/17\/ezkurra-ii-saca-sus-galones-para-llevar-en-volandas-a-martirena\/\",\"name\":\"Ezkurra II saca sus galones para llevar en volandas a Martirena | Oriamendi 2010\",\"isPartOf\":{\"@id\":\"https:\/\/oriamendi.eus\/es\/#website\"},\"datePublished\":\"2022-11-17T12:53:44+00:00\",\"dateModified\":\"2022-11-17T12:53:47+00:00\",\"breadcrumb\":{\"@id\":\"https:\/\/oriamendi.eus\/es\/2022\/11\/17\/ezkurra-ii-saca-sus-galones-para-llevar-en-volandas-a-martirena\/#breadcrumb\"},\"inLanguage\":\"es\",\"potentialAction\":[{\"@type\":\"ReadAction\",\"target\":[\"https:\/\/oriamendi.eus\/es\/2022\/11\/17\/ezkurra-ii-saca-sus-galones-para-llevar-en-volandas-a-martirena\/\"]}]},{\"@type\":\"BreadcrumbList\",\"@id\":\"https:\/\/oriamendi.eus\/es\/2022\/11\/17\/ezkurra-ii-saca-sus-galones-para-llevar-en-volandas-a-martirena\/#breadcrumb\",\"itemListElement\":[{\"@type\":\"ListItem\",\"position\":1,\"name\":\"Portada\",\"item\":\"https:\/\/oriamendi.eus\/es\/\"},{\"@type\":\"ListItem\",\"position\":2,\"name\":\"Ezkurra II saca sus galones para llevar en volandas a Martirena\"}]},{\"@type\":\"WebSite\",\"@id\":\"https:\/\/oriamendi.eus\/es\/#website\",\"url\":\"https:\/\/oriamendi.eus\/es\/\",\"name\":\"Oriamendi\",\"description\":\"Remonte en Galarreta. Hernani. Gipuzkoa\",\"publisher\":{\"@id\":\"https:\/\/oriamendi.eus\/es\/#organization\"},\"potentialAction\":[{\"@type\":\"SearchAction\",\"target\":{\"@type\":\"EntryPoint\",\"urlTemplate\":\"https:\/\/oriamendi.eus\/es\/?s={search_term_string}\"},\"query-input\":\"required name=search_term_string\"}],\"inLanguage\":\"es\"},{\"@type\":\"Organization\",\"@id\":\"https:\/\/oriamendi.eus\/es\/#organization\",\"name\":\"Oriamendi\",\"url\":\"https:\/\/oriamendi.eus\/es\/\",\"logo\":{\"@type\":\"ImageObject\",\"inLanguage\":\"es\",\"@id\":\"https:\/\/oriamendi.eus\/es\/#\/schema\/logo\/image\/\",\"url\":\"https:\/\/oriamendi.eus\/wp-content\/uploads\/2020\/06\/logo-oriamendi.png\",\"contentUrl\":\"https:\/\/oriamendi.eus\/wp-content\/uploads\/2020\/06\/logo-oriamendi.png\",\"width\":300,\"height\":90,\"caption\":\"Oriamendi\"},\"image\":{\"@id\":\"https:\/\/oriamendi.eus\/es\/#\/schema\/logo\/image\/\"},\"sameAs\":[\"https:\/\/www.facebook.com\/oriamendi2010remonte\/\",\"https:\/\/twitter.com\/oriamendi2010\",\"https:\/\/www.instagram.com\/galarretajaialai\/\",\"https:\/\/www.youtube.com\/channel\/UC8gVNzQqB1iwnC-_rI-ihmA\/featured\"]},{\"@type\":\"Person\",\"@id\":\"https:\/\/oriamendi.eus\/es\/#\/schema\/person\/c0bd06c6c747674306a5c82563e2339a\",\"name\":\"I\u00f1igo Go\u00f1i\",\"image\":{\"@type\":\"ImageObject\",\"inLanguage\":\"es\",\"@id\":\"https:\/\/oriamendi.eus\/es\/#\/schema\/person\/image\/\",\"url\":\"https:\/\/secure.gravatar.com\/avatar\/fbb07ffc7b803bbfcc2b6419c06abd3a?s=96&d=mm&r=g\",\"contentUrl\":\"https:\/\/secure.gravatar.com\/avatar\/fbb07ffc7b803bbfcc2b6419c06abd3a?s=96&d=mm&r=g\",\"caption\":\"I\u00f1igo Go\u00f1i\"},\"url\":\"https:\/\/oriamendi.eus\/es\/author\/om-berriak\/\"}]}<\/script>\n<!-- \/ Yoast SEO plugin. -->","yoast_head_json":{"title":"Ezkurra II saca sus galones para llevar en volandas a Martirena | Oriamendi 2010","robots":{"index":"index","follow":"follow","max-snippet":"max-snippet:-1","max-image-preview":"max-image-preview:large","max-video-preview":"max-video-preview:-1"},"canonical":"https:\/\/oriamendi.eus\/es\/2022\/11\/17\/ezkurra-ii-saca-sus-galones-para-llevar-en-volandas-a-martirena\/","og_locale":"es_ES","og_type":"article","og_title":"Ezkurra II saca sus galones para llevar en volandas a Martirena | Oriamendi 2010","og_description":"Ganan 40-29 a Aldabe y Azpiroz en el partido que cierra la segunda jornada del Parejas Ezkurra II y Martirena se impusieron 40-29 a Aldabe y Azpiroz en el partido que cerr\u00f3 la segunda jornada del Campeonato de Remonte de Parejas. Con este resultado Ezkurra y Martirena suben a la segunda plaza, empatados con Segurola [&hellip;]","og_url":"https:\/\/oriamendi.eus\/es\/2022\/11\/17\/ezkurra-ii-saca-sus-galones-para-llevar-en-volandas-a-martirena\/","og_site_name":"Oriamendi 2010","article_publisher":"https:\/\/www.facebook.com\/oriamendi2010remonte\/","article_published_time":"2022-11-17T12:53:44+00:00","article_modified_time":"2022-11-17T12:53:47+00:00","og_image":[{"width":1200,"height":1200,"url":"https:\/\/oriamendi.eus\/wp-content\/uploads\/2022\/01\/ezkurra.jpg","type":"image\/jpeg"}],"author":"I\u00f1igo Go\u00f1i","twitter_card":"summary_large_image","twitter_creator":"@oriamendi2010","twitter_site":"@oriamendi2010","twitter_misc":{"Escrito por":"I\u00f1igo Go\u00f1i","Tiempo de lectura":"2 minutos"},"schema":{"@context":"https:\/\/schema.org","@graph":[{"@type":"Article","@id":"https:\/\/oriamendi.eus\/es\/2022\/11\/17\/ezkurra-ii-saca-sus-galones-para-llevar-en-volandas-a-martirena\/#article","isPartOf":{"@id":"https:\/\/oriamendi.eus\/es\/2022\/11\/17\/ezkurra-ii-saca-sus-galones-para-llevar-en-volandas-a-martirena\/"},"author":{"name":"I\u00f1igo Go\u00f1i","@id":"https:\/\/oriamendi.eus\/es\/#\/schema\/person\/c0bd06c6c747674306a5c82563e2339a"},"headline":"Ezkurra II saca sus galones para llevar en volandas a Martirena","datePublished":"2022-11-17T12:53:44+00:00","dateModified":"2022-11-17T12:53:47+00:00","mainEntityOfPage":{"@id":"https:\/\/oriamendi.eus\/es\/2022\/11\/17\/ezkurra-ii-saca-sus-galones-para-llevar-en-volandas-a-martirena\/"},"wordCount":277,"publisher":{"@id":"https:\/\/oriamendi.eus\/es\/#organization"},"articleSection":["Sin categorizar"],"inLanguage":"es"},{"@type":"WebPage","@id":"https:\/\/oriamendi.eus\/es\/2022\/11\/17\/ezkurra-ii-saca-sus-galones-para-llevar-en-volandas-a-martirena\/","url":"https:\/\/oriamendi.eus\/es\/2022\/11\/17\/ezkurra-ii-saca-sus-galones-para-llevar-en-volandas-a-martirena\/","name":"Ezkurra II saca sus galones para llevar en volandas a Martirena | Oriamendi 2010","isPartOf":{"@id":"https:\/\/oriamendi.eus\/es\/#website"},"datePublished":"2022-11-17T12:53:44+00:00","dateModified":"2022-11-17T12:53:47+00:00","breadcrumb":{"@id":"https:\/\/oriamendi.eus\/es\/2022\/11\/17\/ezkurra-ii-saca-sus-galones-para-llevar-en-volandas-a-martirena\/#breadcrumb"},"inLanguage":"es","potentialAction":[{"@type":"ReadAction","target":["https:\/\/oriamendi.eus\/es\/2022\/11\/17\/ezkurra-ii-saca-sus-galones-para-llevar-en-volandas-a-martirena\/"]}]},{"@type":"BreadcrumbList","@id":"https:\/\/oriamendi.eus\/es\/2022\/11\/17\/ezkurra-ii-saca-sus-galones-para-llevar-en-volandas-a-martirena\/#breadcrumb","itemListElement":[{"@type":"ListItem","position":1,"name":"Portada","item":"https:\/\/oriamendi.eus\/es\/"},{"@type":"ListItem","position":2,"name":"Ezkurra II saca sus galones para llevar en volandas a Martirena"}]},{"@type":"WebSite","@id":"https:\/\/oriamendi.eus\/es\/#website","url":"https:\/\/oriamendi.eus\/es\/","name":"Oriamendi","description":"Remonte en Galarreta. Hernani. Gipuzkoa","publisher":{"@id":"https:\/\/oriamendi.eus\/es\/#organization"},"potentialAction":[{"@type":"SearchAction","target":{"@type":"EntryPoint","urlTemplate":"https:\/\/oriamendi.eus\/es\/?s={search_term_string}"},"query-input":"required name=search_term_string"}],"inLanguage":"es"},{"@type":"Organization","@id":"https:\/\/oriamendi.eus\/es\/#organization","name":"Oriamendi","url":"https:\/\/oriamendi.eus\/es\/","logo":{"@type":"ImageObject","inLanguage":"es","@id":"https:\/\/oriamendi.eus\/es\/#\/schema\/logo\/image\/","url":"https:\/\/oriamendi.eus\/wp-content\/uploads\/2020\/06\/logo-oriamendi.png","contentUrl":"https:\/\/oriamendi.eus\/wp-content\/uploads\/2020\/06\/logo-oriamendi.png","width":300,"height":90,"caption":"Oriamendi"},"image":{"@id":"https:\/\/oriamendi.eus\/es\/#\/schema\/logo\/image\/"},"sameAs":["https:\/\/www.facebook.com\/oriamendi2010remonte\/","https:\/\/twitter.com\/oriamendi2010","https:\/\/www.instagram.com\/galarretajaialai\/","https:\/\/www.youtube.com\/channel\/UC8gVNzQqB1iwnC-_rI-ihmA\/featured"]},{"@type":"Person","@id":"https:\/\/oriamendi.eus\/es\/#\/schema\/person\/c0bd06c6c747674306a5c82563e2339a","name":"I\u00f1igo Go\u00f1i","image":{"@type":"ImageObject","inLanguage":"es","@id":"https:\/\/oriamendi.eus\/es\/#\/schema\/person\/image\/","url":"https:\/\/secure.gravatar.com\/avatar\/fbb07ffc7b803bbfcc2b6419c06abd3a?s=96&d=mm&r=g","contentUrl":"https:\/\/secure.gravatar.com\/avatar\/fbb07ffc7b803bbfcc2b6419c06abd3a?s=96&d=mm&r=g","caption":"I\u00f1igo Go\u00f1i"},"url":"https:\/\/oriamendi.eus\/es\/author\/om-berriak\/"}]}},"_links":{"self":[{"href":"https:\/\/oriamendi.eus\/es\/wp-json\/wp\/v2\/posts\/6839"}],"collection":[{"href":"https:\/\/oriamendi.eus\/es\/wp-json\/wp\/v2\/posts"}],"about":[{"href":"https:\/\/oriamendi.eus\/es\/wp-json\/wp\/v2\/types\/post"}],"author":[{"embeddable":true,"href":"https:\/\/oriamendi.eus\/es\/wp-json\/wp\/v2\/users\/5"}],"replies":[{"embeddable":true,"href":"https:\/\/oriamendi.eus\/es\/wp-json\/wp\/v2\/comments?post=6839"}],"version-history":[{"count":1,"href":"https:\/\/oriamendi.eus\/es\/wp-json\/wp\/v2\/posts\/6839\/revisions"}],"predecessor-version":[{"id":6840,"href":"https:\/\/oriamendi.eus\/es\/wp-json\/wp\/v2\/posts\/6839\/revisions\/6840"}],"wp:featuredmedia":[{"embeddable":true,"href":"https:\/\/oriamendi.eus\/es\/wp-json\/wp\/v2\/media\/6189"}],"wp:attachment":[{"href":"https:\/\/oriamendi.eus\/es\/wp-json\/wp\/v2\/media?parent=6839"}],"wp:term":[{"taxonomy":"category","embeddable":true,"href":"https:\/\/oriamendi.eus\/es\/wp-json\/wp\/v2\/categories?post=6839"},{"taxonomy":"post_tag","embeddable":true,"href":"https:\/\/oriamendi.eus\/es\/wp-json\/wp\/v2\/tags?post=6839"}],"curies":[{"name":"wp","href":"https:\/\/api.w.org\/{rel}","templated":true}]}}