                                        
                                        
                                        
                                        
                                        
                                        
                                        
                                        
                                        
                                        
                                        
                                        
                                        
                                        
                                        
                                        
                                        
                                        
{"id":6814,"date":"2022-10-29T19:16:50","date_gmt":"2022-10-29T17:16:50","guid":{"rendered":"https:\/\/oriamendi.eus\/?p=6814"},"modified":"2022-10-30T12:29:21","modified_gmt":"2022-10-30T11:29:21","slug":"goikoetxea-v-y-barrenetxea-iv-suman-su-segunda-victoria-2","status":"publish","type":"post","link":"https:\/\/oriamendi.eus\/es\/2022\/10\/29\/goikoetxea-v-y-barrenetxea-iv-suman-su-segunda-victoria-2\/","title":{"rendered":"Goikoetxea V y Barrenetxea IV suman su segunda victoria"},"content":{"rendered":"\n<p><strong>Se imponen 40-32 a Ezkurra II-Martirena y son l\u00edderes con ocho puntos<\/strong><\/p>\n\n\n\n<p>El urnietarra Goikoetxea V y el hernaniarra Barrenetxea IV sumaron su segunda victoria en dos partidos dentro del Campeonato de Parejas de remonte. Los colorados se impusieron 40-32 a Ezkurra II y Martirena, debutantes en el campeonato. El partido fue duro y disputado y tuvo una duraci\u00f3n de juego de una hora y diez minutos. La clasificaci\u00f3n queda ahora liderada por Goikoetxea y Barrenetxea con ocho puntos en dos partidos y Ezkurra II y Martirena se estrenaron con un punto y son terceros.&nbsp;<\/p>\n\n\n\n<p>Barrenetxea est\u00e1 en buen estado de forma y con el saque hizo mucho da\u00f1o. Acompa\u00f1ado por un serio Goikoetxea V, que apenas cometi\u00f3 errores, abrieron brecha en el marcador 21-11. Ezkurra II no estaba siendo protagonista y tuvo un golpe que le hizo ir a vestuarios. Le vino bien ese par\u00f3n, ya que pas\u00f3 a ser protagonista. En sus mejores tantos logr\u00f3 estrechar el marcador hasta la m\u00ednima desventaja, 29-28, pero los colorados volvieron a abrir brecha y cerraron el partido con un claro 40-32 a favor. Los azules, al menos, pudieron sumar un punto.&nbsp;<\/p>\n\n\n\n<p>Barrenetxea fue el mejor con 18 tantos en total, nueve con el saque, y solo cometi\u00f3 una falta de saque. Goikoetxea est\u00e1 jugando muy serio y eso le permiti\u00f3 volver a realizar apenas errores. Hizo 13 tantos por solo dos errores. Ezkurra tuvo un mal inicio, pero lo enderez\u00f3 en la segunda mitad. Martirena plant\u00f3 cara con cuatro tantos de saque, cinco en el peloteo y solo un error.&nbsp;<\/p>\n\n\n\n<figure class=\"wp-block-image size-full\"><img fetchpriority=\"high\" fetchpriority=\"high\" decoding=\"async\" width=\"1024\" height=\"723\" src=\"https:\/\/oriamendi.eus\/wp-content\/uploads\/2022\/10\/IMG-20221029-WA0025.jpg\" alt=\"\" class=\"wp-image-6824\" srcset=\"https:\/\/oriamendi.eus\/wp-content\/uploads\/2022\/10\/IMG-20221029-WA0025.jpg 1024w, https:\/\/oriamendi.eus\/wp-content\/uploads\/2022\/10\/IMG-20221029-WA0025-980x692.jpg 980w, https:\/\/oriamendi.eus\/wp-content\/uploads\/2022\/10\/IMG-20221029-WA0025-480x339.jpg 480w\" sizes=\"(min-width: 0px) and (max-width: 480px) 480px, (min-width: 481px) and (max-width: 980px) 980px, (min-width: 981px) 1024px, 100vw\" \/><\/figure>\n\n\n\n<p><\/p>\n\n\n\n<p><strong>Inmejorable debut de Jon Irazu en Villabona<\/strong><br>Jon Irazu debut\u00f3 en un partido profesional de remonte ayer en Villabona. Con un ambientazo y mucha animaci\u00f3n sald\u00f3 su debut con victoria, por 32-35. Irazu y Zaldua I se impusieron a Zaldua II y Odei. Pronto debutar\u00e1 tambi\u00e9n en Galarreta. Su carta de presentaci\u00f3n es buen.Despu\u00e9s en el estelar Aldabe y Azpiroz ganaron 33-35 a Ansa II y Juanenea en un partido emocionante y muy igualado y que gust\u00f3.&nbsp;<\/p>\n","protected":false},"excerpt":{"rendered":"<p>Se imponen 40-32 a Ezkurra II-Martirena y son l\u00edderes con ocho puntos El urnietarra Goikoetxea V y el hernaniarra Barrenetxea IV sumaron su segunda victoria en dos partidos dentro del Campeonato de Parejas de remonte. Los colorados se impusieron 40-32 a Ezkurra II y Martirena, debutantes en el campeonato. El partido fue duro y disputado [&hellip;]<\/p>\n","protected":false},"author":5,"featured_media":6817,"comment_status":"closed","ping_status":"open","sticky":false,"template":"","format":"standard","meta":{"_et_pb_use_builder":"off","_et_pb_old_content":"","_et_gb_content_width":"","footnotes":""},"categories":[1],"tags":[],"yoast_head":"<!-- This site is optimized with the Yoast SEO plugin v21.8 - https:\/\/yoast.com\/wordpress\/plugins\/seo\/ -->\n<title>Goikoetxea V y Barrenetxea IV suman su segunda victoria | Oriamendi 2010<\/title>\n<meta name=\"robots\" content=\"index, follow, max-snippet:-1, max-image-preview:large, max-video-preview:-1\" \/>\n<link rel=\"canonical\" href=\"https:\/\/oriamendi.eus\/es\/2022\/10\/29\/goikoetxea-v-y-barrenetxea-iv-suman-su-segunda-victoria-2\/\" \/>\n<meta property=\"og:locale\" content=\"es_ES\" \/>\n<meta property=\"og:type\" content=\"article\" \/>\n<meta property=\"og:title\" content=\"Goikoetxea V y Barrenetxea IV suman su segunda victoria | Oriamendi 2010\" \/>\n<meta property=\"og:description\" content=\"Se imponen 40-32 a Ezkurra II-Martirena y son l\u00edderes con ocho puntos El urnietarra Goikoetxea V y el hernaniarra Barrenetxea IV sumaron su segunda victoria en dos partidos dentro del Campeonato de Parejas de remonte. Los colorados se impusieron 40-32 a Ezkurra II y Martirena, debutantes en el campeonato. El partido fue duro y disputado [&hellip;]\" \/>\n<meta property=\"og:url\" content=\"https:\/\/oriamendi.eus\/es\/2022\/10\/29\/goikoetxea-v-y-barrenetxea-iv-suman-su-segunda-victoria-2\/\" \/>\n<meta property=\"og:site_name\" content=\"Oriamendi 2010\" \/>\n<meta property=\"article:publisher\" content=\"https:\/\/www.facebook.com\/oriamendi2010remonte\/\" \/>\n<meta property=\"article:published_time\" content=\"2022-10-29T17:16:50+00:00\" \/>\n<meta property=\"article:modified_time\" content=\"2022-10-30T11:29:21+00:00\" \/>\n<meta property=\"og:image\" content=\"https:\/\/oriamendi.eus\/wp-content\/uploads\/2022\/10\/221025erremontea.jpg\" \/>\n\t<meta property=\"og:image:width\" content=\"1200\" \/>\n\t<meta property=\"og:image:height\" content=\"679\" \/>\n\t<meta property=\"og:image:type\" content=\"image\/jpeg\" \/>\n<meta name=\"author\" content=\"I\u00f1igo Go\u00f1i\" \/>\n<meta name=\"twitter:card\" content=\"summary_large_image\" \/>\n<meta name=\"twitter:creator\" content=\"@oriamendi2010\" \/>\n<meta name=\"twitter:site\" content=\"@oriamendi2010\" \/>\n<meta name=\"twitter:label1\" content=\"Escrito por\" \/>\n\t<meta name=\"twitter:data1\" content=\"I\u00f1igo Go\u00f1i\" \/>\n\t<meta name=\"twitter:label2\" content=\"Tiempo de lectura\" \/>\n\t<meta name=\"twitter:data2\" content=\"2 minutos\" \/>\n<script type=\"application\/ld+json\" class=\"yoast-schema-graph\">{\"@context\":\"https:\/\/schema.org\",\"@graph\":[{\"@type\":\"Article\",\"@id\":\"https:\/\/oriamendi.eus\/es\/2022\/10\/29\/goikoetxea-v-y-barrenetxea-iv-suman-su-segunda-victoria-2\/#article\",\"isPartOf\":{\"@id\":\"https:\/\/oriamendi.eus\/es\/2022\/10\/29\/goikoetxea-v-y-barrenetxea-iv-suman-su-segunda-victoria-2\/\"},\"author\":{\"name\":\"I\u00f1igo Go\u00f1i\",\"@id\":\"https:\/\/oriamendi.eus\/es\/#\/schema\/person\/c0bd06c6c747674306a5c82563e2339a\"},\"headline\":\"Goikoetxea V y Barrenetxea IV suman su segunda victoria\",\"datePublished\":\"2022-10-29T17:16:50+00:00\",\"dateModified\":\"2022-10-30T11:29:21+00:00\",\"mainEntityOfPage\":{\"@id\":\"https:\/\/oriamendi.eus\/es\/2022\/10\/29\/goikoetxea-v-y-barrenetxea-iv-suman-su-segunda-victoria-2\/\"},\"wordCount\":359,\"publisher\":{\"@id\":\"https:\/\/oriamendi.eus\/es\/#organization\"},\"articleSection\":[\"Sin categorizar\"],\"inLanguage\":\"es\"},{\"@type\":\"WebPage\",\"@id\":\"https:\/\/oriamendi.eus\/es\/2022\/10\/29\/goikoetxea-v-y-barrenetxea-iv-suman-su-segunda-victoria-2\/\",\"url\":\"https:\/\/oriamendi.eus\/es\/2022\/10\/29\/goikoetxea-v-y-barrenetxea-iv-suman-su-segunda-victoria-2\/\",\"name\":\"Goikoetxea V y Barrenetxea IV suman su segunda victoria | Oriamendi 2010\",\"isPartOf\":{\"@id\":\"https:\/\/oriamendi.eus\/es\/#website\"},\"datePublished\":\"2022-10-29T17:16:50+00:00\",\"dateModified\":\"2022-10-30T11:29:21+00:00\",\"breadcrumb\":{\"@id\":\"https:\/\/oriamendi.eus\/es\/2022\/10\/29\/goikoetxea-v-y-barrenetxea-iv-suman-su-segunda-victoria-2\/#breadcrumb\"},\"inLanguage\":\"es\",\"potentialAction\":[{\"@type\":\"ReadAction\",\"target\":[\"https:\/\/oriamendi.eus\/es\/2022\/10\/29\/goikoetxea-v-y-barrenetxea-iv-suman-su-segunda-victoria-2\/\"]}]},{\"@type\":\"BreadcrumbList\",\"@id\":\"https:\/\/oriamendi.eus\/es\/2022\/10\/29\/goikoetxea-v-y-barrenetxea-iv-suman-su-segunda-victoria-2\/#breadcrumb\",\"itemListElement\":[{\"@type\":\"ListItem\",\"position\":1,\"name\":\"Portada\",\"item\":\"https:\/\/oriamendi.eus\/es\/\"},{\"@type\":\"ListItem\",\"position\":2,\"name\":\"Goikoetxea V y Barrenetxea IV suman su segunda victoria\"}]},{\"@type\":\"WebSite\",\"@id\":\"https:\/\/oriamendi.eus\/es\/#website\",\"url\":\"https:\/\/oriamendi.eus\/es\/\",\"name\":\"Oriamendi\",\"description\":\"Remonte en Galarreta. Hernani. Gipuzkoa\",\"publisher\":{\"@id\":\"https:\/\/oriamendi.eus\/es\/#organization\"},\"potentialAction\":[{\"@type\":\"SearchAction\",\"target\":{\"@type\":\"EntryPoint\",\"urlTemplate\":\"https:\/\/oriamendi.eus\/es\/?s={search_term_string}\"},\"query-input\":\"required name=search_term_string\"}],\"inLanguage\":\"es\"},{\"@type\":\"Organization\",\"@id\":\"https:\/\/oriamendi.eus\/es\/#organization\",\"name\":\"Oriamendi\",\"url\":\"https:\/\/oriamendi.eus\/es\/\",\"logo\":{\"@type\":\"ImageObject\",\"inLanguage\":\"es\",\"@id\":\"https:\/\/oriamendi.eus\/es\/#\/schema\/logo\/image\/\",\"url\":\"https:\/\/oriamendi.eus\/wp-content\/uploads\/2020\/06\/logo-oriamendi.png\",\"contentUrl\":\"https:\/\/oriamendi.eus\/wp-content\/uploads\/2020\/06\/logo-oriamendi.png\",\"width\":300,\"height\":90,\"caption\":\"Oriamendi\"},\"image\":{\"@id\":\"https:\/\/oriamendi.eus\/es\/#\/schema\/logo\/image\/\"},\"sameAs\":[\"https:\/\/www.facebook.com\/oriamendi2010remonte\/\",\"https:\/\/twitter.com\/oriamendi2010\",\"https:\/\/www.instagram.com\/galarretajaialai\/\",\"https:\/\/www.youtube.com\/channel\/UC8gVNzQqB1iwnC-_rI-ihmA\/featured\"]},{\"@type\":\"Person\",\"@id\":\"https:\/\/oriamendi.eus\/es\/#\/schema\/person\/c0bd06c6c747674306a5c82563e2339a\",\"name\":\"I\u00f1igo Go\u00f1i\",\"image\":{\"@type\":\"ImageObject\",\"inLanguage\":\"es\",\"@id\":\"https:\/\/oriamendi.eus\/es\/#\/schema\/person\/image\/\",\"url\":\"https:\/\/secure.gravatar.com\/avatar\/fbb07ffc7b803bbfcc2b6419c06abd3a?s=96&d=mm&r=g\",\"contentUrl\":\"https:\/\/secure.gravatar.com\/avatar\/fbb07ffc7b803bbfcc2b6419c06abd3a?s=96&d=mm&r=g\",\"caption\":\"I\u00f1igo Go\u00f1i\"},\"url\":\"https:\/\/oriamendi.eus\/es\/author\/om-berriak\/\"}]}<\/script>\n<!-- \/ Yoast SEO plugin. -->","yoast_head_json":{"title":"Goikoetxea V y Barrenetxea IV suman su segunda victoria | Oriamendi 2010","robots":{"index":"index","follow":"follow","max-snippet":"max-snippet:-1","max-image-preview":"max-image-preview:large","max-video-preview":"max-video-preview:-1"},"canonical":"https:\/\/oriamendi.eus\/es\/2022\/10\/29\/goikoetxea-v-y-barrenetxea-iv-suman-su-segunda-victoria-2\/","og_locale":"es_ES","og_type":"article","og_title":"Goikoetxea V y Barrenetxea IV suman su segunda victoria | Oriamendi 2010","og_description":"Se imponen 40-32 a Ezkurra II-Martirena y son l\u00edderes con ocho puntos El urnietarra Goikoetxea V y el hernaniarra Barrenetxea IV sumaron su segunda victoria en dos partidos dentro del Campeonato de Parejas de remonte. Los colorados se impusieron 40-32 a Ezkurra II y Martirena, debutantes en el campeonato. El partido fue duro y disputado [&hellip;]","og_url":"https:\/\/oriamendi.eus\/es\/2022\/10\/29\/goikoetxea-v-y-barrenetxea-iv-suman-su-segunda-victoria-2\/","og_site_name":"Oriamendi 2010","article_publisher":"https:\/\/www.facebook.com\/oriamendi2010remonte\/","article_published_time":"2022-10-29T17:16:50+00:00","article_modified_time":"2022-10-30T11:29:21+00:00","og_image":[{"width":1200,"height":679,"url":"https:\/\/oriamendi.eus\/wp-content\/uploads\/2022\/10\/221025erremontea.jpg","type":"image\/jpeg"}],"author":"I\u00f1igo Go\u00f1i","twitter_card":"summary_large_image","twitter_creator":"@oriamendi2010","twitter_site":"@oriamendi2010","twitter_misc":{"Escrito por":"I\u00f1igo Go\u00f1i","Tiempo de lectura":"2 minutos"},"schema":{"@context":"https:\/\/schema.org","@graph":[{"@type":"Article","@id":"https:\/\/oriamendi.eus\/es\/2022\/10\/29\/goikoetxea-v-y-barrenetxea-iv-suman-su-segunda-victoria-2\/#article","isPartOf":{"@id":"https:\/\/oriamendi.eus\/es\/2022\/10\/29\/goikoetxea-v-y-barrenetxea-iv-suman-su-segunda-victoria-2\/"},"author":{"name":"I\u00f1igo Go\u00f1i","@id":"https:\/\/oriamendi.eus\/es\/#\/schema\/person\/c0bd06c6c747674306a5c82563e2339a"},"headline":"Goikoetxea V y Barrenetxea IV suman su segunda victoria","datePublished":"2022-10-29T17:16:50+00:00","dateModified":"2022-10-30T11:29:21+00:00","mainEntityOfPage":{"@id":"https:\/\/oriamendi.eus\/es\/2022\/10\/29\/goikoetxea-v-y-barrenetxea-iv-suman-su-segunda-victoria-2\/"},"wordCount":359,"publisher":{"@id":"https:\/\/oriamendi.eus\/es\/#organization"},"articleSection":["Sin categorizar"],"inLanguage":"es"},{"@type":"WebPage","@id":"https:\/\/oriamendi.eus\/es\/2022\/10\/29\/goikoetxea-v-y-barrenetxea-iv-suman-su-segunda-victoria-2\/","url":"https:\/\/oriamendi.eus\/es\/2022\/10\/29\/goikoetxea-v-y-barrenetxea-iv-suman-su-segunda-victoria-2\/","name":"Goikoetxea V y Barrenetxea IV suman su segunda victoria | Oriamendi 2010","isPartOf":{"@id":"https:\/\/oriamendi.eus\/es\/#website"},"datePublished":"2022-10-29T17:16:50+00:00","dateModified":"2022-10-30T11:29:21+00:00","breadcrumb":{"@id":"https:\/\/oriamendi.eus\/es\/2022\/10\/29\/goikoetxea-v-y-barrenetxea-iv-suman-su-segunda-victoria-2\/#breadcrumb"},"inLanguage":"es","potentialAction":[{"@type":"ReadAction","target":["https:\/\/oriamendi.eus\/es\/2022\/10\/29\/goikoetxea-v-y-barrenetxea-iv-suman-su-segunda-victoria-2\/"]}]},{"@type":"BreadcrumbList","@id":"https:\/\/oriamendi.eus\/es\/2022\/10\/29\/goikoetxea-v-y-barrenetxea-iv-suman-su-segunda-victoria-2\/#breadcrumb","itemListElement":[{"@type":"ListItem","position":1,"name":"Portada","item":"https:\/\/oriamendi.eus\/es\/"},{"@type":"ListItem","position":2,"name":"Goikoetxea V y Barrenetxea IV suman su segunda victoria"}]},{"@type":"WebSite","@id":"https:\/\/oriamendi.eus\/es\/#website","url":"https:\/\/oriamendi.eus\/es\/","name":"Oriamendi","description":"Remonte en Galarreta. Hernani. Gipuzkoa","publisher":{"@id":"https:\/\/oriamendi.eus\/es\/#organization"},"potentialAction":[{"@type":"SearchAction","target":{"@type":"EntryPoint","urlTemplate":"https:\/\/oriamendi.eus\/es\/?s={search_term_string}"},"query-input":"required name=search_term_string"}],"inLanguage":"es"},{"@type":"Organization","@id":"https:\/\/oriamendi.eus\/es\/#organization","name":"Oriamendi","url":"https:\/\/oriamendi.eus\/es\/","logo":{"@type":"ImageObject","inLanguage":"es","@id":"https:\/\/oriamendi.eus\/es\/#\/schema\/logo\/image\/","url":"https:\/\/oriamendi.eus\/wp-content\/uploads\/2020\/06\/logo-oriamendi.png","contentUrl":"https:\/\/oriamendi.eus\/wp-content\/uploads\/2020\/06\/logo-oriamendi.png","width":300,"height":90,"caption":"Oriamendi"},"image":{"@id":"https:\/\/oriamendi.eus\/es\/#\/schema\/logo\/image\/"},"sameAs":["https:\/\/www.facebook.com\/oriamendi2010remonte\/","https:\/\/twitter.com\/oriamendi2010","https:\/\/www.instagram.com\/galarretajaialai\/","https:\/\/www.youtube.com\/channel\/UC8gVNzQqB1iwnC-_rI-ihmA\/featured"]},{"@type":"Person","@id":"https:\/\/oriamendi.eus\/es\/#\/schema\/person\/c0bd06c6c747674306a5c82563e2339a","name":"I\u00f1igo Go\u00f1i","image":{"@type":"ImageObject","inLanguage":"es","@id":"https:\/\/oriamendi.eus\/es\/#\/schema\/person\/image\/","url":"https:\/\/secure.gravatar.com\/avatar\/fbb07ffc7b803bbfcc2b6419c06abd3a?s=96&d=mm&r=g","contentUrl":"https:\/\/secure.gravatar.com\/avatar\/fbb07ffc7b803bbfcc2b6419c06abd3a?s=96&d=mm&r=g","caption":"I\u00f1igo Go\u00f1i"},"url":"https:\/\/oriamendi.eus\/es\/author\/om-berriak\/"}]}},"_links":{"self":[{"href":"https:\/\/oriamendi.eus\/es\/wp-json\/wp\/v2\/posts\/6814"}],"collection":[{"href":"https:\/\/oriamendi.eus\/es\/wp-json\/wp\/v2\/posts"}],"about":[{"href":"https:\/\/oriamendi.eus\/es\/wp-json\/wp\/v2\/types\/post"}],"author":[{"embeddable":true,"href":"https:\/\/oriamendi.eus\/es\/wp-json\/wp\/v2\/users\/5"}],"replies":[{"embeddable":true,"href":"https:\/\/oriamendi.eus\/es\/wp-json\/wp\/v2\/comments?post=6814"}],"version-history":[{"count":3,"href":"https:\/\/oriamendi.eus\/es\/wp-json\/wp\/v2\/posts\/6814\/revisions"}],"predecessor-version":[{"id":6826,"href":"https:\/\/oriamendi.eus\/es\/wp-json\/wp\/v2\/posts\/6814\/revisions\/6826"}],"wp:featuredmedia":[{"embeddable":true,"href":"https:\/\/oriamendi.eus\/es\/wp-json\/wp\/v2\/media\/6817"}],"wp:attachment":[{"href":"https:\/\/oriamendi.eus\/es\/wp-json\/wp\/v2\/media?parent=6814"}],"wp:term":[{"taxonomy":"category","embeddable":true,"href":"https:\/\/oriamendi.eus\/es\/wp-json\/wp\/v2\/categories?post=6814"},{"taxonomy":"post_tag","embeddable":true,"href":"https:\/\/oriamendi.eus\/es\/wp-json\/wp\/v2\/tags?post=6814"}],"curies":[{"name":"wp","href":"https:\/\/api.w.org\/{rel}","templated":true}]}}