                                        
                                        
                                        
                                        
                                        
                                        
                                        
                                        
                                        
                                        
                                        
                                        
                                        
                                        
                                        
                                        
                                        
                                        
{"id":6800,"date":"2022-10-13T20:16:05","date_gmt":"2022-10-13T18:16:05","guid":{"rendered":"https:\/\/oriamendi.eus\/?p=6800"},"modified":"2022-10-13T20:16:08","modified_gmt":"2022-10-13T18:16:08","slug":"urriza-no-puede-disputar-el-campeonato-de-parejas-de-remonte-que-se-ha-presentado-hoy","status":"publish","type":"post","link":"https:\/\/oriamendi.eus\/es\/2022\/10\/13\/urriza-no-puede-disputar-el-campeonato-de-parejas-de-remonte-que-se-ha-presentado-hoy\/","title":{"rendered":"Urriza no puede disputar el Campeonato de Parejas de Remonte que se ha presentado hoy"},"content":{"rendered":"\n<p><strong>Tras 14 campeonatos de Parejas consecutivos, el siete veces campe\u00f3n, causar\u00e1 baja<\/strong> <strong>por lesi\u00f3n en la mu\u00f1eca<\/strong> <strong>derecha<\/strong> <\/p>\n\n\n\n<p><strong>Oriamendi ha presentado un campeonato igualado en Orona con cinco parejas. El s\u00e1bado comienza el torneo y el 29 de diciembre se disputar\u00e1 la final<\/strong><\/p>\n\n\n\n<figure class=\"wp-block-image size-large\"><img fetchpriority=\"high\" fetchpriority=\"high\" decoding=\"async\" width=\"1024\" height=\"683\" src=\"https:\/\/oriamendi.eus\/wp-content\/uploads\/2022\/10\/IMG_20221013_190722_2000_x_1333_pixel-1024x683.jpg\" alt=\"\" class=\"wp-image-6795\" srcset=\"https:\/\/oriamendi.eus\/wp-content\/uploads\/2022\/10\/IMG_20221013_190722_2000_x_1333_pixel-1024x683.jpg 1024w, https:\/\/oriamendi.eus\/wp-content\/uploads\/2022\/10\/IMG_20221013_190722_2000_x_1333_pixel-980x653.jpg 980w, https:\/\/oriamendi.eus\/wp-content\/uploads\/2022\/10\/IMG_20221013_190722_2000_x_1333_pixel-480x320.jpg 480w\" sizes=\"(min-width: 0px) and (max-width: 480px) 480px, (min-width: 481px) and (max-width: 980px) 980px, (min-width: 981px) 1024px, 100vw\" \/><\/figure>\n\n\n\n<p>El 52 Campeonato de Parejas de Remonto-Fundaci\u00f3n Orona se ha presentado hoy en Orona Ideo y comenz\u00f3 la presentaci\u00f3n con una triste noticia de \u00faltima hora. El gran campe\u00f3n Javier Urriza no podr\u00e1 defender la txapela debido a una lesi\u00f3n. La mu\u00f1eca derecha no se le ha recuperado correctamente y deber\u00e1 descansar otras tres semanas. Como consecuencia de ello es baja en la m\u00e1xima competici\u00f3n. Como explica el remontista navarro, \u00abnunca falt\u00e9, llevo 14 a\u00f1os como profesional y jugu\u00e9 todos los a\u00f1os\u00bb. Adem\u00e1s ha sido campe\u00f3n en siete ocasiones, pero este a\u00f1o no podr\u00e1 estar presente en la cancha.<\/p>\n\n\n\n<p>Los que si estar\u00e1n son los otros grandes remontistas de Oriamendi. Divididos en cinco parejas saldr\u00e1n a por la txapela. Oriamendi ha tenido que hacer cambios a \u00faltima hora, pero ha formado parejas muy igualadas.<\/p>\n\n\n\n<p>Las cinco parejas son: Ansa II-Juanenea, Ezkurra II-Martirena, Goikoetxea V-Barrenetxea IV, Aldabe-Azpiroz y Segurola-Larra\u00f1aga. El campeonato comenzar\u00e1 a disputarse el s\u00e1bado y en el primer partido se enfrentar\u00e1n Segurola y Larra\u00f1aga contra Aldabe y Azpiroz.<\/p>\n\n\n\n<p><br>Las cinco parejas disputar\u00e1n una liguilla entre el 15 de octubre y el 27 de diciembre. Todos contra todos y este a\u00f1o llega la liguilla con novedades.<br>Este a\u00f1o, el primer clasificado lograr\u00e1 el pase directo a la final. El segundo y tercer clasificados lograr\u00e1n el pase a semifinales y los dos \u00faltimos clasificados ser\u00e1n eliminados. As\u00ed que la liguilla gana importancia.<\/p>\n\n\n\n<p>El segundo y tercer clasificados disputar\u00e1n la semifinal el d\u00eda 24 de diciembre y el ganador de la liguilla le espera como vencedor el 29 de diciembre.<\/p>\n\n\n\n<p>De ese \u00faltimo partido saldr\u00e1 el campe\u00f3n. A la presentaci\u00f3n asistieron desde la Fundaci\u00f3n Orona Garikoitz Ameztoi, Xabi Gonz\u00e1lez de Oriamendi y casi todos los remontistas que disputar\u00e1n el torneo, as\u00ed como el propio Javier Urriza.<\/p>\n\n\n\n<p><br>Tomaron la palabra Endika Barrenetxea, Imanol Ansa y Javier Urriza. Barrenetxea y Ansa, lamentaron la lesi\u00f3n de Urriza. \u00abEs una pena que no haya un amigo y un pelotari de su nivel\u00bb. Sin embargo, Ansa tambi\u00e9n habl\u00f3 de \u00abilusi\u00f3n\u00bb ante un nuevo campeonato.<br>El a\u00f1o pasado Urriza y Labaka lograron la txapela ante Ansa II-Martirena.<\/p>\n","protected":false},"excerpt":{"rendered":"<p>Tras 14 campeonatos de Parejas consecutivos, el siete veces campe\u00f3n, causar\u00e1 baja por lesi\u00f3n en la mu\u00f1eca derecha Oriamendi ha presentado un campeonato igualado en Orona con cinco parejas. El s\u00e1bado comienza el torneo y el 29 de diciembre se disputar\u00e1 la final El 52 Campeonato de Parejas de Remonto-Fundaci\u00f3n Orona se ha presentado hoy [&hellip;]<\/p>\n","protected":false},"author":5,"featured_media":6798,"comment_status":"closed","ping_status":"open","sticky":false,"template":"","format":"standard","meta":{"_et_pb_use_builder":"off","_et_pb_old_content":"","_et_gb_content_width":"","footnotes":""},"categories":[1],"tags":[],"yoast_head":"<!-- This site is optimized with the Yoast SEO plugin v21.8 - https:\/\/yoast.com\/wordpress\/plugins\/seo\/ -->\n<title>Urriza no puede disputar el Campeonato de Parejas de Remonte que se ha presentado hoy | Oriamendi 2010<\/title>\n<meta name=\"robots\" content=\"index, follow, max-snippet:-1, max-image-preview:large, max-video-preview:-1\" \/>\n<link rel=\"canonical\" href=\"https:\/\/oriamendi.eus\/es\/2022\/10\/13\/urriza-no-puede-disputar-el-campeonato-de-parejas-de-remonte-que-se-ha-presentado-hoy\/\" \/>\n<meta property=\"og:locale\" content=\"es_ES\" \/>\n<meta property=\"og:type\" content=\"article\" \/>\n<meta property=\"og:title\" content=\"Urriza no puede disputar el Campeonato de Parejas de Remonte que se ha presentado hoy | Oriamendi 2010\" \/>\n<meta property=\"og:description\" content=\"Tras 14 campeonatos de Parejas consecutivos, el siete veces campe\u00f3n, causar\u00e1 baja por lesi\u00f3n en la mu\u00f1eca derecha Oriamendi ha presentado un campeonato igualado en Orona con cinco parejas. El s\u00e1bado comienza el torneo y el 29 de diciembre se disputar\u00e1 la final El 52 Campeonato de Parejas de Remonto-Fundaci\u00f3n Orona se ha presentado hoy [&hellip;]\" \/>\n<meta property=\"og:url\" content=\"https:\/\/oriamendi.eus\/es\/2022\/10\/13\/urriza-no-puede-disputar-el-campeonato-de-parejas-de-remonte-que-se-ha-presentado-hoy\/\" \/>\n<meta property=\"og:site_name\" content=\"Oriamendi 2010\" \/>\n<meta property=\"article:publisher\" content=\"https:\/\/www.facebook.com\/oriamendi2010remonte\/\" \/>\n<meta property=\"article:published_time\" content=\"2022-10-13T18:16:05+00:00\" \/>\n<meta property=\"article:modified_time\" content=\"2022-10-13T18:16:08+00:00\" \/>\n<meta property=\"og:image\" content=\"https:\/\/oriamendi.eus\/wp-content\/uploads\/2022\/10\/IMG_20221013_190704_2000_x_1333_pixel.jpg\" \/>\n\t<meta property=\"og:image:width\" content=\"1200\" \/>\n\t<meta property=\"og:image:height\" content=\"800\" \/>\n\t<meta property=\"og:image:type\" content=\"image\/jpeg\" \/>\n<meta name=\"author\" content=\"I\u00f1igo Go\u00f1i\" \/>\n<meta name=\"twitter:card\" content=\"summary_large_image\" \/>\n<meta name=\"twitter:creator\" content=\"@oriamendi2010\" \/>\n<meta name=\"twitter:site\" content=\"@oriamendi2010\" \/>\n<meta name=\"twitter:label1\" content=\"Escrito por\" \/>\n\t<meta name=\"twitter:data1\" content=\"I\u00f1igo Go\u00f1i\" \/>\n\t<meta name=\"twitter:label2\" content=\"Tiempo de lectura\" \/>\n\t<meta name=\"twitter:data2\" content=\"2 minutos\" \/>\n<script type=\"application\/ld+json\" class=\"yoast-schema-graph\">{\"@context\":\"https:\/\/schema.org\",\"@graph\":[{\"@type\":\"Article\",\"@id\":\"https:\/\/oriamendi.eus\/es\/2022\/10\/13\/urriza-no-puede-disputar-el-campeonato-de-parejas-de-remonte-que-se-ha-presentado-hoy\/#article\",\"isPartOf\":{\"@id\":\"https:\/\/oriamendi.eus\/es\/2022\/10\/13\/urriza-no-puede-disputar-el-campeonato-de-parejas-de-remonte-que-se-ha-presentado-hoy\/\"},\"author\":{\"name\":\"I\u00f1igo Go\u00f1i\",\"@id\":\"https:\/\/oriamendi.eus\/es\/#\/schema\/person\/c0bd06c6c747674306a5c82563e2339a\"},\"headline\":\"Urriza no puede disputar el Campeonato de Parejas de Remonte que se ha presentado hoy\",\"datePublished\":\"2022-10-13T18:16:05+00:00\",\"dateModified\":\"2022-10-13T18:16:08+00:00\",\"mainEntityOfPage\":{\"@id\":\"https:\/\/oriamendi.eus\/es\/2022\/10\/13\/urriza-no-puede-disputar-el-campeonato-de-parejas-de-remonte-que-se-ha-presentado-hoy\/\"},\"wordCount\":437,\"publisher\":{\"@id\":\"https:\/\/oriamendi.eus\/es\/#organization\"},\"articleSection\":[\"Sin categorizar\"],\"inLanguage\":\"es\"},{\"@type\":\"WebPage\",\"@id\":\"https:\/\/oriamendi.eus\/es\/2022\/10\/13\/urriza-no-puede-disputar-el-campeonato-de-parejas-de-remonte-que-se-ha-presentado-hoy\/\",\"url\":\"https:\/\/oriamendi.eus\/es\/2022\/10\/13\/urriza-no-puede-disputar-el-campeonato-de-parejas-de-remonte-que-se-ha-presentado-hoy\/\",\"name\":\"Urriza no puede disputar el Campeonato de Parejas de Remonte que se ha presentado hoy | Oriamendi 2010\",\"isPartOf\":{\"@id\":\"https:\/\/oriamendi.eus\/es\/#website\"},\"datePublished\":\"2022-10-13T18:16:05+00:00\",\"dateModified\":\"2022-10-13T18:16:08+00:00\",\"breadcrumb\":{\"@id\":\"https:\/\/oriamendi.eus\/es\/2022\/10\/13\/urriza-no-puede-disputar-el-campeonato-de-parejas-de-remonte-que-se-ha-presentado-hoy\/#breadcrumb\"},\"inLanguage\":\"es\",\"potentialAction\":[{\"@type\":\"ReadAction\",\"target\":[\"https:\/\/oriamendi.eus\/es\/2022\/10\/13\/urriza-no-puede-disputar-el-campeonato-de-parejas-de-remonte-que-se-ha-presentado-hoy\/\"]}]},{\"@type\":\"BreadcrumbList\",\"@id\":\"https:\/\/oriamendi.eus\/es\/2022\/10\/13\/urriza-no-puede-disputar-el-campeonato-de-parejas-de-remonte-que-se-ha-presentado-hoy\/#breadcrumb\",\"itemListElement\":[{\"@type\":\"ListItem\",\"position\":1,\"name\":\"Portada\",\"item\":\"https:\/\/oriamendi.eus\/es\/\"},{\"@type\":\"ListItem\",\"position\":2,\"name\":\"Urriza no puede disputar el Campeonato de Parejas de Remonte que se ha presentado hoy\"}]},{\"@type\":\"WebSite\",\"@id\":\"https:\/\/oriamendi.eus\/es\/#website\",\"url\":\"https:\/\/oriamendi.eus\/es\/\",\"name\":\"Oriamendi\",\"description\":\"Remonte en Galarreta. Hernani. Gipuzkoa\",\"publisher\":{\"@id\":\"https:\/\/oriamendi.eus\/es\/#organization\"},\"potentialAction\":[{\"@type\":\"SearchAction\",\"target\":{\"@type\":\"EntryPoint\",\"urlTemplate\":\"https:\/\/oriamendi.eus\/es\/?s={search_term_string}\"},\"query-input\":\"required name=search_term_string\"}],\"inLanguage\":\"es\"},{\"@type\":\"Organization\",\"@id\":\"https:\/\/oriamendi.eus\/es\/#organization\",\"name\":\"Oriamendi\",\"url\":\"https:\/\/oriamendi.eus\/es\/\",\"logo\":{\"@type\":\"ImageObject\",\"inLanguage\":\"es\",\"@id\":\"https:\/\/oriamendi.eus\/es\/#\/schema\/logo\/image\/\",\"url\":\"https:\/\/oriamendi.eus\/wp-content\/uploads\/2020\/06\/logo-oriamendi.png\",\"contentUrl\":\"https:\/\/oriamendi.eus\/wp-content\/uploads\/2020\/06\/logo-oriamendi.png\",\"width\":300,\"height\":90,\"caption\":\"Oriamendi\"},\"image\":{\"@id\":\"https:\/\/oriamendi.eus\/es\/#\/schema\/logo\/image\/\"},\"sameAs\":[\"https:\/\/www.facebook.com\/oriamendi2010remonte\/\",\"https:\/\/twitter.com\/oriamendi2010\",\"https:\/\/www.instagram.com\/galarretajaialai\/\",\"https:\/\/www.youtube.com\/channel\/UC8gVNzQqB1iwnC-_rI-ihmA\/featured\"]},{\"@type\":\"Person\",\"@id\":\"https:\/\/oriamendi.eus\/es\/#\/schema\/person\/c0bd06c6c747674306a5c82563e2339a\",\"name\":\"I\u00f1igo Go\u00f1i\",\"image\":{\"@type\":\"ImageObject\",\"inLanguage\":\"es\",\"@id\":\"https:\/\/oriamendi.eus\/es\/#\/schema\/person\/image\/\",\"url\":\"https:\/\/secure.gravatar.com\/avatar\/fbb07ffc7b803bbfcc2b6419c06abd3a?s=96&d=mm&r=g\",\"contentUrl\":\"https:\/\/secure.gravatar.com\/avatar\/fbb07ffc7b803bbfcc2b6419c06abd3a?s=96&d=mm&r=g\",\"caption\":\"I\u00f1igo Go\u00f1i\"},\"url\":\"https:\/\/oriamendi.eus\/es\/author\/om-berriak\/\"}]}<\/script>\n<!-- \/ Yoast SEO plugin. -->","yoast_head_json":{"title":"Urriza no puede disputar el Campeonato de Parejas de Remonte que se ha presentado hoy | Oriamendi 2010","robots":{"index":"index","follow":"follow","max-snippet":"max-snippet:-1","max-image-preview":"max-image-preview:large","max-video-preview":"max-video-preview:-1"},"canonical":"https:\/\/oriamendi.eus\/es\/2022\/10\/13\/urriza-no-puede-disputar-el-campeonato-de-parejas-de-remonte-que-se-ha-presentado-hoy\/","og_locale":"es_ES","og_type":"article","og_title":"Urriza no puede disputar el Campeonato de Parejas de Remonte que se ha presentado hoy | Oriamendi 2010","og_description":"Tras 14 campeonatos de Parejas consecutivos, el siete veces campe\u00f3n, causar\u00e1 baja por lesi\u00f3n en la mu\u00f1eca derecha Oriamendi ha presentado un campeonato igualado en Orona con cinco parejas. El s\u00e1bado comienza el torneo y el 29 de diciembre se disputar\u00e1 la final El 52 Campeonato de Parejas de Remonto-Fundaci\u00f3n Orona se ha presentado hoy [&hellip;]","og_url":"https:\/\/oriamendi.eus\/es\/2022\/10\/13\/urriza-no-puede-disputar-el-campeonato-de-parejas-de-remonte-que-se-ha-presentado-hoy\/","og_site_name":"Oriamendi 2010","article_publisher":"https:\/\/www.facebook.com\/oriamendi2010remonte\/","article_published_time":"2022-10-13T18:16:05+00:00","article_modified_time":"2022-10-13T18:16:08+00:00","og_image":[{"width":1200,"height":800,"url":"https:\/\/oriamendi.eus\/wp-content\/uploads\/2022\/10\/IMG_20221013_190704_2000_x_1333_pixel.jpg","type":"image\/jpeg"}],"author":"I\u00f1igo Go\u00f1i","twitter_card":"summary_large_image","twitter_creator":"@oriamendi2010","twitter_site":"@oriamendi2010","twitter_misc":{"Escrito por":"I\u00f1igo Go\u00f1i","Tiempo de lectura":"2 minutos"},"schema":{"@context":"https:\/\/schema.org","@graph":[{"@type":"Article","@id":"https:\/\/oriamendi.eus\/es\/2022\/10\/13\/urriza-no-puede-disputar-el-campeonato-de-parejas-de-remonte-que-se-ha-presentado-hoy\/#article","isPartOf":{"@id":"https:\/\/oriamendi.eus\/es\/2022\/10\/13\/urriza-no-puede-disputar-el-campeonato-de-parejas-de-remonte-que-se-ha-presentado-hoy\/"},"author":{"name":"I\u00f1igo Go\u00f1i","@id":"https:\/\/oriamendi.eus\/es\/#\/schema\/person\/c0bd06c6c747674306a5c82563e2339a"},"headline":"Urriza no puede disputar el Campeonato de Parejas de Remonte que se ha presentado hoy","datePublished":"2022-10-13T18:16:05+00:00","dateModified":"2022-10-13T18:16:08+00:00","mainEntityOfPage":{"@id":"https:\/\/oriamendi.eus\/es\/2022\/10\/13\/urriza-no-puede-disputar-el-campeonato-de-parejas-de-remonte-que-se-ha-presentado-hoy\/"},"wordCount":437,"publisher":{"@id":"https:\/\/oriamendi.eus\/es\/#organization"},"articleSection":["Sin categorizar"],"inLanguage":"es"},{"@type":"WebPage","@id":"https:\/\/oriamendi.eus\/es\/2022\/10\/13\/urriza-no-puede-disputar-el-campeonato-de-parejas-de-remonte-que-se-ha-presentado-hoy\/","url":"https:\/\/oriamendi.eus\/es\/2022\/10\/13\/urriza-no-puede-disputar-el-campeonato-de-parejas-de-remonte-que-se-ha-presentado-hoy\/","name":"Urriza no puede disputar el Campeonato de Parejas de Remonte que se ha presentado hoy | Oriamendi 2010","isPartOf":{"@id":"https:\/\/oriamendi.eus\/es\/#website"},"datePublished":"2022-10-13T18:16:05+00:00","dateModified":"2022-10-13T18:16:08+00:00","breadcrumb":{"@id":"https:\/\/oriamendi.eus\/es\/2022\/10\/13\/urriza-no-puede-disputar-el-campeonato-de-parejas-de-remonte-que-se-ha-presentado-hoy\/#breadcrumb"},"inLanguage":"es","potentialAction":[{"@type":"ReadAction","target":["https:\/\/oriamendi.eus\/es\/2022\/10\/13\/urriza-no-puede-disputar-el-campeonato-de-parejas-de-remonte-que-se-ha-presentado-hoy\/"]}]},{"@type":"BreadcrumbList","@id":"https:\/\/oriamendi.eus\/es\/2022\/10\/13\/urriza-no-puede-disputar-el-campeonato-de-parejas-de-remonte-que-se-ha-presentado-hoy\/#breadcrumb","itemListElement":[{"@type":"ListItem","position":1,"name":"Portada","item":"https:\/\/oriamendi.eus\/es\/"},{"@type":"ListItem","position":2,"name":"Urriza no puede disputar el Campeonato de Parejas de Remonte que se ha presentado hoy"}]},{"@type":"WebSite","@id":"https:\/\/oriamendi.eus\/es\/#website","url":"https:\/\/oriamendi.eus\/es\/","name":"Oriamendi","description":"Remonte en Galarreta. Hernani. Gipuzkoa","publisher":{"@id":"https:\/\/oriamendi.eus\/es\/#organization"},"potentialAction":[{"@type":"SearchAction","target":{"@type":"EntryPoint","urlTemplate":"https:\/\/oriamendi.eus\/es\/?s={search_term_string}"},"query-input":"required name=search_term_string"}],"inLanguage":"es"},{"@type":"Organization","@id":"https:\/\/oriamendi.eus\/es\/#organization","name":"Oriamendi","url":"https:\/\/oriamendi.eus\/es\/","logo":{"@type":"ImageObject","inLanguage":"es","@id":"https:\/\/oriamendi.eus\/es\/#\/schema\/logo\/image\/","url":"https:\/\/oriamendi.eus\/wp-content\/uploads\/2020\/06\/logo-oriamendi.png","contentUrl":"https:\/\/oriamendi.eus\/wp-content\/uploads\/2020\/06\/logo-oriamendi.png","width":300,"height":90,"caption":"Oriamendi"},"image":{"@id":"https:\/\/oriamendi.eus\/es\/#\/schema\/logo\/image\/"},"sameAs":["https:\/\/www.facebook.com\/oriamendi2010remonte\/","https:\/\/twitter.com\/oriamendi2010","https:\/\/www.instagram.com\/galarretajaialai\/","https:\/\/www.youtube.com\/channel\/UC8gVNzQqB1iwnC-_rI-ihmA\/featured"]},{"@type":"Person","@id":"https:\/\/oriamendi.eus\/es\/#\/schema\/person\/c0bd06c6c747674306a5c82563e2339a","name":"I\u00f1igo Go\u00f1i","image":{"@type":"ImageObject","inLanguage":"es","@id":"https:\/\/oriamendi.eus\/es\/#\/schema\/person\/image\/","url":"https:\/\/secure.gravatar.com\/avatar\/fbb07ffc7b803bbfcc2b6419c06abd3a?s=96&d=mm&r=g","contentUrl":"https:\/\/secure.gravatar.com\/avatar\/fbb07ffc7b803bbfcc2b6419c06abd3a?s=96&d=mm&r=g","caption":"I\u00f1igo Go\u00f1i"},"url":"https:\/\/oriamendi.eus\/es\/author\/om-berriak\/"}]}},"_links":{"self":[{"href":"https:\/\/oriamendi.eus\/es\/wp-json\/wp\/v2\/posts\/6800"}],"collection":[{"href":"https:\/\/oriamendi.eus\/es\/wp-json\/wp\/v2\/posts"}],"about":[{"href":"https:\/\/oriamendi.eus\/es\/wp-json\/wp\/v2\/types\/post"}],"author":[{"embeddable":true,"href":"https:\/\/oriamendi.eus\/es\/wp-json\/wp\/v2\/users\/5"}],"replies":[{"embeddable":true,"href":"https:\/\/oriamendi.eus\/es\/wp-json\/wp\/v2\/comments?post=6800"}],"version-history":[{"count":1,"href":"https:\/\/oriamendi.eus\/es\/wp-json\/wp\/v2\/posts\/6800\/revisions"}],"predecessor-version":[{"id":6801,"href":"https:\/\/oriamendi.eus\/es\/wp-json\/wp\/v2\/posts\/6800\/revisions\/6801"}],"wp:featuredmedia":[{"embeddable":true,"href":"https:\/\/oriamendi.eus\/es\/wp-json\/wp\/v2\/media\/6798"}],"wp:attachment":[{"href":"https:\/\/oriamendi.eus\/es\/wp-json\/wp\/v2\/media?parent=6800"}],"wp:term":[{"taxonomy":"category","embeddable":true,"href":"https:\/\/oriamendi.eus\/es\/wp-json\/wp\/v2\/categories?post=6800"},{"taxonomy":"post_tag","embeddable":true,"href":"https:\/\/oriamendi.eus\/es\/wp-json\/wp\/v2\/tags?post=6800"}],"curies":[{"name":"wp","href":"https:\/\/api.w.org\/{rel}","templated":true}]}}