                                        
                                        
                                        
                                        
                                        
                                        
                                        
                                        
                                        
                                        
                                        
                                        
                                        
                                        
                                        
                                        
                                        
                                        
{"id":6770,"date":"2022-09-10T18:52:10","date_gmt":"2022-09-10T16:52:10","guid":{"rendered":"https:\/\/oriamendi.eus\/?p=6770"},"modified":"2022-09-10T18:52:12","modified_gmt":"2022-09-10T16:52:12","slug":"javier-urriza-suma-su-octava-txapela-de-campeon-individual","status":"publish","type":"post","link":"https:\/\/oriamendi.eus\/es\/2022\/09\/10\/javier-urriza-suma-su-octava-txapela-de-campeon-individual\/","title":{"rendered":"Javier Urriza suma su octava txapela de campe\u00f3n individual"},"content":{"rendered":"\n<p><strong>Supera 27-30 a un Barrenetxea pele\u00f3n y que volvi\u00f3 a dar mucho trabajo al campeon\u00edsimo<\/strong><\/p>\n\n\n\n<p><\/p>\n\n\n\n<p>El pamplon\u00e9s Javier Urriza sigue agrandando su leyenda y se cal\u00f3 su octava txapela del Campeonato de Remonte Individual-Torneo Kutxabank. El pamplon\u00e9s es el gran campe\u00f3n de los \u00faltimos once a\u00f1os en los que ha jugado once finales consecutivas y ha ganado ocho, con solo tres derrotas. Dos de esas se produjeron contra Barrenetxea IV, que en la final volvi\u00f3 a poner en aprietos en la final. El zaguero hernaniarra perdi\u00f3 27-30, pero pudo ser el ganador. Los detalles decidieron una final igualad\u00edsima y dur\u00edsima en las que se emplearon a fondo y sacaron lo mejor que llevan dentro. Las finales, cuatro, entre ambos ya son parte de la gran historia del remonte.\u00a0<\/p>\n\n\n\n<p>Barrenetxea defend\u00eda el t\u00edtulo, pero como dec\u00edamos en la previa con Urriza en la cancha siempre es el m\u00e1ximo favorito. El partido de hora y 12 minutos demostr\u00f3 lo que se esperaba de ella, dureza, m\u00e1xima igualdad y calidad. Tuvo de todo. Buenos tantos, peloteos brillantes, jugadas y hasta tramos donde el saque hizo mucho da\u00f1o en un sentido y otro.\u00a0<\/p>\n\n\n\n<figure class=\"wp-block-image size-large\"><img fetchpriority=\"high\" fetchpriority=\"high\" decoding=\"async\" width=\"1024\" height=\"683\" src=\"https:\/\/oriamendi.eus\/wp-content\/uploads\/2022\/09\/FINAL-2022-1024x683.jpg\" alt=\"\" class=\"wp-image-6774\" srcset=\"https:\/\/oriamendi.eus\/wp-content\/uploads\/2022\/09\/FINAL-2022-1024x683.jpg 1024w, https:\/\/oriamendi.eus\/wp-content\/uploads\/2022\/09\/FINAL-2022-980x653.jpg 980w, https:\/\/oriamendi.eus\/wp-content\/uploads\/2022\/09\/FINAL-2022-480x320.jpg 480w\" sizes=\"(min-width: 0px) and (max-width: 480px) 480px, (min-width: 481px) and (max-width: 980px) 980px, (min-width: 981px) 1024px, 100vw\" \/><\/figure>\n\n\n\n<p>El partido comenz\u00f3 con igualdad y sin que nadie se escapara en el marcador. Al resto ambos pelotaris hac\u00edan muchos tantos y el saque no era decisivo. Urriza cog\u00eda una peque\u00f1a renta de 3-6 tras un tantazo en el 3-4. pero Barrenetxea lograba llevar el partido en un pa\u00f1uelo con empates a seis, a ocho, a nueve, a diez y a once. Barrenetxea cogi\u00f3 el saque con una pelota m\u00e1s viva y cogi\u00f3 la iniciativa con varios tantos de saque que le llevaron a adelantarse 14-11. Urriza tambi\u00e9n aprovech\u00f3 esa pelota para empatar a 15 haciendo da\u00f1o con el saque. Era un tramo de tacadas de cuatro-cinco tantos. <\/p>\n\n\n\n<p>Barrenetxea cogi\u00f3 una renta m\u00e1xima de cuatro tantos, 19-15, pero Urriza volvi\u00f3 a dejar la ventaja en nada empatando a 19. El saque volv\u00eda a ser decisivo en ese tramo para uno y otro.\u00a0<\/p>\n\n\n\n<p>En la \u00faltima decena la final entr\u00f3 de nuevo en un momento de intercambio de &#8216;golpes&#8217; sin que nadie se escapara. Empataban a 21, 22, 23 y 24. Los partidos se deciden por detalles muchas veces y fue el caso. Cualquiera pod\u00eda ganar y lo merec\u00edan ambos, pero uno se lleva la txapela. Urriza conect\u00f3 un gran pelotazo en el 24-25 y un dos paredes precioso le daba una renta peque\u00f1a de dos tantos. Tras el 25-26 de Barrenetxea, lleg\u00f3 una falta de saque protestada, pero que fue clara. En el siguiente tanto la suerte sonri\u00f3 al navarro con un pelotazo que rozaba la chapa de abajo y y un gran saque le pon\u00eda a las puertas de la victoria, 25-29.\u00a0Barrenetxea no estaba para regalos y se acercaba 27-29, pero el \u00faltimo tanto, peloteado y luchado, terminaba con un pelotazo atr\u00e1s y el 27-30 definitivo y la octava txapela de Urriza.<\/p>\n\n\n\n<p>Urriza acab\u00f3 con 19 tantos en el peloteo, ocho de saque y dos faltas de saque. Solo cometi\u00f3 un error en el peloteo, los mismos que Barrenetxea, que acab\u00f3 con 17 tantos en el peloteo, siete de saque y dos faltas de saque. N\u00fameros parecidos que demuestran la igualdad en el juego.\u00a0<\/p>\n\n\n\n<p><br><strong>MARCADOR<\/strong>: 0-1, 1-1, 1-2, 3-2, 3-6, 6-6, 6-8, 8-8, 8-9, 10-9, 10-11, 14-11, 14-15, 19-15, 19-19, 21-19, 21-21, 21-22, 22-22, 23-22, 23-24, 24-24, 24-26, 25-26, 25-29, 27-29 Y 27-30<\/p>\n\n\n\n<figure class=\"wp-block-image size-large\"><img decoding=\"async\" width=\"1024\" height=\"683\" src=\"https:\/\/oriamendi.eus\/wp-content\/uploads\/2022\/09\/2022FINAL-URRIZA-BARRENE-1024x683.jpg\" alt=\"\" class=\"wp-image-6776\" srcset=\"https:\/\/oriamendi.eus\/wp-content\/uploads\/2022\/09\/2022FINAL-URRIZA-BARRENE-1024x683.jpg 1024w, https:\/\/oriamendi.eus\/wp-content\/uploads\/2022\/09\/2022FINAL-URRIZA-BARRENE-980x653.jpg 980w, https:\/\/oriamendi.eus\/wp-content\/uploads\/2022\/09\/2022FINAL-URRIZA-BARRENE-480x320.jpg 480w\" sizes=\"(min-width: 0px) and (max-width: 480px) 480px, (min-width: 481px) and (max-width: 980px) 980px, (min-width: 981px) 1024px, 100vw\" \/><\/figure>\n\n\n\n<p><br><strong>Urriza<br>\u00abLos detalles finales han decidido el partido\u00bb<\/strong><br>Javier Urriza estaba feliz con su octava txapela. Si es o no el \u00falitmo campeonato no lo ha decidido. \u00abNo quiero tomar decisiones en caliente. Es posible que sea el \u00faltimo campeonato que juego, ya que es duro, pero todav\u00eda no est\u00e1 decidido. No lo s\u00e9\u00bb. Lo que ten\u00eda claro era que decidi\u00f3 la final. \u00abHan sido los detalles. No rendirse, seguir concentrado e insistiendo es clave. El partido ha sido lo esperado, muy igualado y dur\u00edsimo. Se ha decidido porque al final he estado algo m\u00e1s acertado. Ha habido unos momentos que no hemos peloteado mucho y ah\u00ed he sabido mantenerme dentro del partido y no salirme. He acertado con el saque cuando el se ha ido de cuatro tantos\u00bb. Urriza no se cre\u00eda que ya tiene ocho txapelas. \u00abno le doy importancia al n\u00fameros en estos momentos. Estoy muy feliz, es mucho esfuerzo y la recompensa es grande\u00bb.<\/p>\n\n\n\n<figure class=\"wp-block-image size-large\"><img decoding=\"async\" width=\"1024\" height=\"682\" src=\"https:\/\/oriamendi.eus\/wp-content\/uploads\/2022\/09\/2022BARRENETXE-URRIZ-FINAL-1024x682.jpg\" alt=\"\" class=\"wp-image-6778\" srcset=\"https:\/\/oriamendi.eus\/wp-content\/uploads\/2022\/09\/2022BARRENETXE-URRIZ-FINAL-1024x682.jpg 1024w, https:\/\/oriamendi.eus\/wp-content\/uploads\/2022\/09\/2022BARRENETXE-URRIZ-FINAL-980x653.jpg 980w, https:\/\/oriamendi.eus\/wp-content\/uploads\/2022\/09\/2022BARRENETXE-URRIZ-FINAL-480x320.jpg 480w\" sizes=\"(min-width: 0px) and (max-width: 480px) 480px, (min-width: 481px) and (max-width: 980px) 980px, (min-width: 981px) 1024px, 100vw\" \/><\/figure>\n\n\n\n<p><br><strong>Barrenetxea<br>\u00abGaldu arren pozik nago egindako partiduarekin\u00bb<\/strong><br>Nahiz eta galdu Barrenetxea \u00aberdi irabazle\u00bb sentitzen zen. \u00abJoko ona egin dugu. Biok oso ongi aritu gara eta horrela irabazten dizunean, dena eman eta lan ona egin denean, zoriondu besterik ez da geratzen. Gustora nago, dena eman dut eta lan ona egin dut. Nire pilotekin jokatu dugu partida guztian eta horrekmesan nahi du asmatzen dudala aukeraketan pilota onak hartzen. Pilota bat zegoen sakearekin min handia egiten zena. Nik lortu dut lau tantoko aldea, baina gero berak ere baliatu du berdintzeko partida\u00bb<\/p>\n","protected":false},"excerpt":{"rendered":"<p>Supera 27-30 a un Barrenetxea pele\u00f3n y que volvi\u00f3 a dar mucho trabajo al campeon\u00edsimo El pamplon\u00e9s Javier Urriza sigue agrandando su leyenda y se cal\u00f3 su octava txapela del Campeonato de Remonte Individual-Torneo Kutxabank. El pamplon\u00e9s es el gran campe\u00f3n de los \u00faltimos once a\u00f1os en los que ha jugado once finales consecutivas y [&hellip;]<\/p>\n","protected":false},"author":5,"featured_media":6772,"comment_status":"closed","ping_status":"open","sticky":false,"template":"","format":"standard","meta":{"_et_pb_use_builder":"off","_et_pb_old_content":"","_et_gb_content_width":"","footnotes":""},"categories":[1],"tags":[],"yoast_head":"<!-- This site is optimized with the Yoast SEO plugin v21.8 - https:\/\/yoast.com\/wordpress\/plugins\/seo\/ -->\n<title>Javier Urriza suma su octava txapela de campe\u00f3n individual | Oriamendi 2010<\/title>\n<meta name=\"robots\" content=\"index, follow, max-snippet:-1, max-image-preview:large, max-video-preview:-1\" \/>\n<link rel=\"canonical\" href=\"https:\/\/oriamendi.eus\/es\/2022\/09\/10\/javier-urriza-suma-su-octava-txapela-de-campeon-individual\/\" \/>\n<meta property=\"og:locale\" content=\"es_ES\" \/>\n<meta property=\"og:type\" content=\"article\" \/>\n<meta property=\"og:title\" content=\"Javier Urriza suma su octava txapela de campe\u00f3n individual | Oriamendi 2010\" \/>\n<meta property=\"og:description\" content=\"Supera 27-30 a un Barrenetxea pele\u00f3n y que volvi\u00f3 a dar mucho trabajo al campeon\u00edsimo El pamplon\u00e9s Javier Urriza sigue agrandando su leyenda y se cal\u00f3 su octava txapela del Campeonato de Remonte Individual-Torneo Kutxabank. El pamplon\u00e9s es el gran campe\u00f3n de los \u00faltimos once a\u00f1os en los que ha jugado once finales consecutivas y [&hellip;]\" \/>\n<meta property=\"og:url\" content=\"https:\/\/oriamendi.eus\/es\/2022\/09\/10\/javier-urriza-suma-su-octava-txapela-de-campeon-individual\/\" \/>\n<meta property=\"og:site_name\" content=\"Oriamendi 2010\" \/>\n<meta property=\"article:publisher\" content=\"https:\/\/www.facebook.com\/oriamendi2010remonte\/\" \/>\n<meta property=\"article:published_time\" content=\"2022-09-10T16:52:10+00:00\" \/>\n<meta property=\"article:modified_time\" content=\"2022-09-10T16:52:12+00:00\" \/>\n<meta property=\"og:image\" content=\"https:\/\/oriamendi.eus\/wp-content\/uploads\/2022\/09\/2022PODIOFINAL.jpg\" \/>\n\t<meta property=\"og:image:width\" content=\"1200\" \/>\n\t<meta property=\"og:image:height\" content=\"800\" \/>\n\t<meta property=\"og:image:type\" content=\"image\/jpeg\" \/>\n<meta name=\"author\" content=\"I\u00f1igo Go\u00f1i\" \/>\n<meta name=\"twitter:card\" content=\"summary_large_image\" \/>\n<meta name=\"twitter:creator\" content=\"@oriamendi2010\" \/>\n<meta name=\"twitter:site\" content=\"@oriamendi2010\" \/>\n<meta name=\"twitter:label1\" content=\"Escrito por\" \/>\n\t<meta name=\"twitter:data1\" content=\"I\u00f1igo Go\u00f1i\" \/>\n\t<meta name=\"twitter:label2\" content=\"Tiempo de lectura\" \/>\n\t<meta name=\"twitter:data2\" content=\"5 minutos\" \/>\n<script type=\"application\/ld+json\" class=\"yoast-schema-graph\">{\"@context\":\"https:\/\/schema.org\",\"@graph\":[{\"@type\":\"Article\",\"@id\":\"https:\/\/oriamendi.eus\/es\/2022\/09\/10\/javier-urriza-suma-su-octava-txapela-de-campeon-individual\/#article\",\"isPartOf\":{\"@id\":\"https:\/\/oriamendi.eus\/es\/2022\/09\/10\/javier-urriza-suma-su-octava-txapela-de-campeon-individual\/\"},\"author\":{\"name\":\"I\u00f1igo Go\u00f1i\",\"@id\":\"https:\/\/oriamendi.eus\/es\/#\/schema\/person\/c0bd06c6c747674306a5c82563e2339a\"},\"headline\":\"Javier Urriza suma su octava txapela de campe\u00f3n individual\",\"datePublished\":\"2022-09-10T16:52:10+00:00\",\"dateModified\":\"2022-09-10T16:52:12+00:00\",\"mainEntityOfPage\":{\"@id\":\"https:\/\/oriamendi.eus\/es\/2022\/09\/10\/javier-urriza-suma-su-octava-txapela-de-campeon-individual\/\"},\"wordCount\":846,\"publisher\":{\"@id\":\"https:\/\/oriamendi.eus\/es\/#organization\"},\"articleSection\":[\"Sin categorizar\"],\"inLanguage\":\"es\"},{\"@type\":\"WebPage\",\"@id\":\"https:\/\/oriamendi.eus\/es\/2022\/09\/10\/javier-urriza-suma-su-octava-txapela-de-campeon-individual\/\",\"url\":\"https:\/\/oriamendi.eus\/es\/2022\/09\/10\/javier-urriza-suma-su-octava-txapela-de-campeon-individual\/\",\"name\":\"Javier Urriza suma su octava txapela de campe\u00f3n individual | Oriamendi 2010\",\"isPartOf\":{\"@id\":\"https:\/\/oriamendi.eus\/es\/#website\"},\"datePublished\":\"2022-09-10T16:52:10+00:00\",\"dateModified\":\"2022-09-10T16:52:12+00:00\",\"breadcrumb\":{\"@id\":\"https:\/\/oriamendi.eus\/es\/2022\/09\/10\/javier-urriza-suma-su-octava-txapela-de-campeon-individual\/#breadcrumb\"},\"inLanguage\":\"es\",\"potentialAction\":[{\"@type\":\"ReadAction\",\"target\":[\"https:\/\/oriamendi.eus\/es\/2022\/09\/10\/javier-urriza-suma-su-octava-txapela-de-campeon-individual\/\"]}]},{\"@type\":\"BreadcrumbList\",\"@id\":\"https:\/\/oriamendi.eus\/es\/2022\/09\/10\/javier-urriza-suma-su-octava-txapela-de-campeon-individual\/#breadcrumb\",\"itemListElement\":[{\"@type\":\"ListItem\",\"position\":1,\"name\":\"Portada\",\"item\":\"https:\/\/oriamendi.eus\/es\/\"},{\"@type\":\"ListItem\",\"position\":2,\"name\":\"Javier Urriza suma su octava txapela de campe\u00f3n individual\"}]},{\"@type\":\"WebSite\",\"@id\":\"https:\/\/oriamendi.eus\/es\/#website\",\"url\":\"https:\/\/oriamendi.eus\/es\/\",\"name\":\"Oriamendi\",\"description\":\"Remonte en Galarreta. Hernani. Gipuzkoa\",\"publisher\":{\"@id\":\"https:\/\/oriamendi.eus\/es\/#organization\"},\"potentialAction\":[{\"@type\":\"SearchAction\",\"target\":{\"@type\":\"EntryPoint\",\"urlTemplate\":\"https:\/\/oriamendi.eus\/es\/?s={search_term_string}\"},\"query-input\":\"required name=search_term_string\"}],\"inLanguage\":\"es\"},{\"@type\":\"Organization\",\"@id\":\"https:\/\/oriamendi.eus\/es\/#organization\",\"name\":\"Oriamendi\",\"url\":\"https:\/\/oriamendi.eus\/es\/\",\"logo\":{\"@type\":\"ImageObject\",\"inLanguage\":\"es\",\"@id\":\"https:\/\/oriamendi.eus\/es\/#\/schema\/logo\/image\/\",\"url\":\"https:\/\/oriamendi.eus\/wp-content\/uploads\/2020\/06\/logo-oriamendi.png\",\"contentUrl\":\"https:\/\/oriamendi.eus\/wp-content\/uploads\/2020\/06\/logo-oriamendi.png\",\"width\":300,\"height\":90,\"caption\":\"Oriamendi\"},\"image\":{\"@id\":\"https:\/\/oriamendi.eus\/es\/#\/schema\/logo\/image\/\"},\"sameAs\":[\"https:\/\/www.facebook.com\/oriamendi2010remonte\/\",\"https:\/\/twitter.com\/oriamendi2010\",\"https:\/\/www.instagram.com\/galarretajaialai\/\",\"https:\/\/www.youtube.com\/channel\/UC8gVNzQqB1iwnC-_rI-ihmA\/featured\"]},{\"@type\":\"Person\",\"@id\":\"https:\/\/oriamendi.eus\/es\/#\/schema\/person\/c0bd06c6c747674306a5c82563e2339a\",\"name\":\"I\u00f1igo Go\u00f1i\",\"image\":{\"@type\":\"ImageObject\",\"inLanguage\":\"es\",\"@id\":\"https:\/\/oriamendi.eus\/es\/#\/schema\/person\/image\/\",\"url\":\"https:\/\/secure.gravatar.com\/avatar\/fbb07ffc7b803bbfcc2b6419c06abd3a?s=96&d=mm&r=g\",\"contentUrl\":\"https:\/\/secure.gravatar.com\/avatar\/fbb07ffc7b803bbfcc2b6419c06abd3a?s=96&d=mm&r=g\",\"caption\":\"I\u00f1igo Go\u00f1i\"},\"url\":\"https:\/\/oriamendi.eus\/es\/author\/om-berriak\/\"}]}<\/script>\n<!-- \/ Yoast SEO plugin. -->","yoast_head_json":{"title":"Javier Urriza suma su octava txapela de campe\u00f3n individual | Oriamendi 2010","robots":{"index":"index","follow":"follow","max-snippet":"max-snippet:-1","max-image-preview":"max-image-preview:large","max-video-preview":"max-video-preview:-1"},"canonical":"https:\/\/oriamendi.eus\/es\/2022\/09\/10\/javier-urriza-suma-su-octava-txapela-de-campeon-individual\/","og_locale":"es_ES","og_type":"article","og_title":"Javier Urriza suma su octava txapela de campe\u00f3n individual | Oriamendi 2010","og_description":"Supera 27-30 a un Barrenetxea pele\u00f3n y que volvi\u00f3 a dar mucho trabajo al campeon\u00edsimo El pamplon\u00e9s Javier Urriza sigue agrandando su leyenda y se cal\u00f3 su octava txapela del Campeonato de Remonte Individual-Torneo Kutxabank. El pamplon\u00e9s es el gran campe\u00f3n de los \u00faltimos once a\u00f1os en los que ha jugado once finales consecutivas y [&hellip;]","og_url":"https:\/\/oriamendi.eus\/es\/2022\/09\/10\/javier-urriza-suma-su-octava-txapela-de-campeon-individual\/","og_site_name":"Oriamendi 2010","article_publisher":"https:\/\/www.facebook.com\/oriamendi2010remonte\/","article_published_time":"2022-09-10T16:52:10+00:00","article_modified_time":"2022-09-10T16:52:12+00:00","og_image":[{"width":1200,"height":800,"url":"https:\/\/oriamendi.eus\/wp-content\/uploads\/2022\/09\/2022PODIOFINAL.jpg","type":"image\/jpeg"}],"author":"I\u00f1igo Go\u00f1i","twitter_card":"summary_large_image","twitter_creator":"@oriamendi2010","twitter_site":"@oriamendi2010","twitter_misc":{"Escrito por":"I\u00f1igo Go\u00f1i","Tiempo de lectura":"5 minutos"},"schema":{"@context":"https:\/\/schema.org","@graph":[{"@type":"Article","@id":"https:\/\/oriamendi.eus\/es\/2022\/09\/10\/javier-urriza-suma-su-octava-txapela-de-campeon-individual\/#article","isPartOf":{"@id":"https:\/\/oriamendi.eus\/es\/2022\/09\/10\/javier-urriza-suma-su-octava-txapela-de-campeon-individual\/"},"author":{"name":"I\u00f1igo Go\u00f1i","@id":"https:\/\/oriamendi.eus\/es\/#\/schema\/person\/c0bd06c6c747674306a5c82563e2339a"},"headline":"Javier Urriza suma su octava txapela de campe\u00f3n individual","datePublished":"2022-09-10T16:52:10+00:00","dateModified":"2022-09-10T16:52:12+00:00","mainEntityOfPage":{"@id":"https:\/\/oriamendi.eus\/es\/2022\/09\/10\/javier-urriza-suma-su-octava-txapela-de-campeon-individual\/"},"wordCount":846,"publisher":{"@id":"https:\/\/oriamendi.eus\/es\/#organization"},"articleSection":["Sin categorizar"],"inLanguage":"es"},{"@type":"WebPage","@id":"https:\/\/oriamendi.eus\/es\/2022\/09\/10\/javier-urriza-suma-su-octava-txapela-de-campeon-individual\/","url":"https:\/\/oriamendi.eus\/es\/2022\/09\/10\/javier-urriza-suma-su-octava-txapela-de-campeon-individual\/","name":"Javier Urriza suma su octava txapela de campe\u00f3n individual | Oriamendi 2010","isPartOf":{"@id":"https:\/\/oriamendi.eus\/es\/#website"},"datePublished":"2022-09-10T16:52:10+00:00","dateModified":"2022-09-10T16:52:12+00:00","breadcrumb":{"@id":"https:\/\/oriamendi.eus\/es\/2022\/09\/10\/javier-urriza-suma-su-octava-txapela-de-campeon-individual\/#breadcrumb"},"inLanguage":"es","potentialAction":[{"@type":"ReadAction","target":["https:\/\/oriamendi.eus\/es\/2022\/09\/10\/javier-urriza-suma-su-octava-txapela-de-campeon-individual\/"]}]},{"@type":"BreadcrumbList","@id":"https:\/\/oriamendi.eus\/es\/2022\/09\/10\/javier-urriza-suma-su-octava-txapela-de-campeon-individual\/#breadcrumb","itemListElement":[{"@type":"ListItem","position":1,"name":"Portada","item":"https:\/\/oriamendi.eus\/es\/"},{"@type":"ListItem","position":2,"name":"Javier Urriza suma su octava txapela de campe\u00f3n individual"}]},{"@type":"WebSite","@id":"https:\/\/oriamendi.eus\/es\/#website","url":"https:\/\/oriamendi.eus\/es\/","name":"Oriamendi","description":"Remonte en Galarreta. Hernani. Gipuzkoa","publisher":{"@id":"https:\/\/oriamendi.eus\/es\/#organization"},"potentialAction":[{"@type":"SearchAction","target":{"@type":"EntryPoint","urlTemplate":"https:\/\/oriamendi.eus\/es\/?s={search_term_string}"},"query-input":"required name=search_term_string"}],"inLanguage":"es"},{"@type":"Organization","@id":"https:\/\/oriamendi.eus\/es\/#organization","name":"Oriamendi","url":"https:\/\/oriamendi.eus\/es\/","logo":{"@type":"ImageObject","inLanguage":"es","@id":"https:\/\/oriamendi.eus\/es\/#\/schema\/logo\/image\/","url":"https:\/\/oriamendi.eus\/wp-content\/uploads\/2020\/06\/logo-oriamendi.png","contentUrl":"https:\/\/oriamendi.eus\/wp-content\/uploads\/2020\/06\/logo-oriamendi.png","width":300,"height":90,"caption":"Oriamendi"},"image":{"@id":"https:\/\/oriamendi.eus\/es\/#\/schema\/logo\/image\/"},"sameAs":["https:\/\/www.facebook.com\/oriamendi2010remonte\/","https:\/\/twitter.com\/oriamendi2010","https:\/\/www.instagram.com\/galarretajaialai\/","https:\/\/www.youtube.com\/channel\/UC8gVNzQqB1iwnC-_rI-ihmA\/featured"]},{"@type":"Person","@id":"https:\/\/oriamendi.eus\/es\/#\/schema\/person\/c0bd06c6c747674306a5c82563e2339a","name":"I\u00f1igo Go\u00f1i","image":{"@type":"ImageObject","inLanguage":"es","@id":"https:\/\/oriamendi.eus\/es\/#\/schema\/person\/image\/","url":"https:\/\/secure.gravatar.com\/avatar\/fbb07ffc7b803bbfcc2b6419c06abd3a?s=96&d=mm&r=g","contentUrl":"https:\/\/secure.gravatar.com\/avatar\/fbb07ffc7b803bbfcc2b6419c06abd3a?s=96&d=mm&r=g","caption":"I\u00f1igo Go\u00f1i"},"url":"https:\/\/oriamendi.eus\/es\/author\/om-berriak\/"}]}},"_links":{"self":[{"href":"https:\/\/oriamendi.eus\/es\/wp-json\/wp\/v2\/posts\/6770"}],"collection":[{"href":"https:\/\/oriamendi.eus\/es\/wp-json\/wp\/v2\/posts"}],"about":[{"href":"https:\/\/oriamendi.eus\/es\/wp-json\/wp\/v2\/types\/post"}],"author":[{"embeddable":true,"href":"https:\/\/oriamendi.eus\/es\/wp-json\/wp\/v2\/users\/5"}],"replies":[{"embeddable":true,"href":"https:\/\/oriamendi.eus\/es\/wp-json\/wp\/v2\/comments?post=6770"}],"version-history":[{"count":2,"href":"https:\/\/oriamendi.eus\/es\/wp-json\/wp\/v2\/posts\/6770\/revisions"}],"predecessor-version":[{"id":6780,"href":"https:\/\/oriamendi.eus\/es\/wp-json\/wp\/v2\/posts\/6770\/revisions\/6780"}],"wp:featuredmedia":[{"embeddable":true,"href":"https:\/\/oriamendi.eus\/es\/wp-json\/wp\/v2\/media\/6772"}],"wp:attachment":[{"href":"https:\/\/oriamendi.eus\/es\/wp-json\/wp\/v2\/media?parent=6770"}],"wp:term":[{"taxonomy":"category","embeddable":true,"href":"https:\/\/oriamendi.eus\/es\/wp-json\/wp\/v2\/categories?post=6770"},{"taxonomy":"post_tag","embeddable":true,"href":"https:\/\/oriamendi.eus\/es\/wp-json\/wp\/v2\/tags?post=6770"}],"curies":[{"name":"wp","href":"https:\/\/api.w.org\/{rel}","templated":true}]}}