                                        
                                        
                                        
                                        
                                        
                                        
                                        
                                        
                                        
                                        
                                        
                                        
                                        
                                        
                                        
                                        
                                        
                                        
{"id":6764,"date":"2022-09-03T18:26:53","date_gmt":"2022-09-03T16:26:53","guid":{"rendered":"https:\/\/oriamendi.eus\/?p=6764"},"modified":"2022-09-03T18:26:55","modified_gmt":"2022-09-03T16:26:55","slug":"barrenetxea-iv-defendera-la-txapela-ante-urriza-en-la-final-del-kutxabank","status":"publish","type":"post","link":"https:\/\/oriamendi.eus\/es\/2022\/09\/03\/barrenetxea-iv-defendera-la-txapela-ante-urriza-en-la-final-del-kutxabank\/","title":{"rendered":"Barrenetxea IV defender\u00e1 la txapela ante Urriza en la final del Kutxabank"},"content":{"rendered":"\n<p>Endika Barrenetxea si podr\u00e1 defender la txapela de campe\u00f3n ante Urriza el pr\u00f3ximo 10 de setiembre, en la gran final del Torneo Kutxabank. El zaguero de Hernani se impuso 30-23 a Ansa II en la semifinal y si en 2020 no pudo defender el campeonato en la final, esta vez si lo podr\u00e1 hacer.<\/p>\n\n\n\n<p>Barrenetxea gan\u00f3 con merecimiento y fue m\u00e1s completo que Ansa II en la semifinal. Siempre comand\u00f3 el partido, salvo en el empate a tres, y sobre todo gestion\u00f3 mejor el final del partido. Ni Ansa, ni Barrenetxea acertaron con el saque a lo largo del partido, pero desde el 27-23 al 30-23 el hernaniarra conect\u00f3 tres tantos de saque fundamentales para decidir la semifinal.\u00a0<\/p>\n\n\n\n<p>Hasta ese momento el saque no fue factor fundamental a lo largo del partido. El peloteo era el factor desequilibrador y ah\u00ed Barrenetxea tuvo menos errores o al menos en momentos decisivos tuvo la sangre m\u00e1s fr\u00eda. Ansa, en cambio, cometi\u00f3 varios errores en momentos importantes. Quiz\u00e1s los m\u00e1s llamativos fueron el 25-22 cuando lanz\u00f3 al colch\u00f3n de arriba una pelota franca para poder terminar el partido. El 27-23 tambi\u00e9n fue una falta de saque del delantero urnietarra.<\/p>\n\n\n\n<p>Eso s\u00ed, Ansa nunca perdi\u00f3 la cara al partido y hubo momentos en los que parec\u00eda estar m\u00e1s entero f\u00edsicamente que el rival y pegado en el marcador, por ejemplo en el 18-17, 20-19 o 23-22.\u00a0 Barrenetxea comenz\u00f3 fuerte y se march\u00f3 en el marcador 10-4, 12-6 o 13-7 sin apenas fisuras en su juego. El delantero conect\u00f3 buenos pelotazos y se acerc\u00f3 14-12 y del 16-12 se pas\u00f3 al 18-17. Los dos pelotaris alternaron algunos errores de saque con aciertos al resto y se lleg\u00f3 al 23-22. A partir de ah\u00ed la experiencia de Barrenetxea y el temple se impusieron a un Ansa, que ha llegado para quedarse. Hizo sufrir mucho a un Barrenetxea que jug\u00f3 mucho y al que s ele vio mejor\u00eda respecto a la liguilla.<\/p>\n\n\n\n<p>El zaguero de Hernani termin\u00f3 con 17 tantos en el peloteo, sin ning\u00fan error, e hizo ocho tantos de saque por cuatro faltas. Sac\u00f3 variado e hizo dos tantos de ancho a ancho con el saque espectaculares. Ansa II hizo 16 tantos en el peloteo, cometi\u00f3 dos errores y con el saque hizo solo tres tantos por tres faltas. Los n\u00fameros no enga\u00f1an y el saque fue un lastre para el de Urnieta.\u00a0<\/p>\n\n\n\n<p><br>En el primer partido del festival Urriza caus\u00f3 baja por precauci\u00f3n y Segurola-Azpiroz ganaron f\u00e1cil 30-20 a unos desdibujados Ezkurra II y Juanenea.<\/p>\n","protected":false},"excerpt":{"rendered":"<p>Endika Barrenetxea si podr\u00e1 defender la txapela de campe\u00f3n ante Urriza el pr\u00f3ximo 10 de setiembre, en la gran final del Torneo Kutxabank. El zaguero de Hernani se impuso 30-23 a Ansa II en la semifinal y si en 2020 no pudo defender el campeonato en la final, esta vez si lo podr\u00e1 hacer. Barrenetxea [&hellip;]<\/p>\n","protected":false},"author":5,"featured_media":6766,"comment_status":"closed","ping_status":"open","sticky":false,"template":"","format":"standard","meta":{"_et_pb_use_builder":"off","_et_pb_old_content":"","_et_gb_content_width":"","footnotes":""},"categories":[1],"tags":[],"yoast_head":"<!-- This site is optimized with the Yoast SEO plugin v21.8 - https:\/\/yoast.com\/wordpress\/plugins\/seo\/ -->\n<title>Barrenetxea IV defender\u00e1 la txapela ante Urriza en la final del Kutxabank | Oriamendi 2010<\/title>\n<meta name=\"robots\" content=\"index, follow, max-snippet:-1, max-image-preview:large, max-video-preview:-1\" \/>\n<link rel=\"canonical\" href=\"https:\/\/oriamendi.eus\/es\/2022\/09\/03\/barrenetxea-iv-defendera-la-txapela-ante-urriza-en-la-final-del-kutxabank\/\" \/>\n<meta property=\"og:locale\" content=\"es_ES\" \/>\n<meta property=\"og:type\" content=\"article\" \/>\n<meta property=\"og:title\" content=\"Barrenetxea IV defender\u00e1 la txapela ante Urriza en la final del Kutxabank | Oriamendi 2010\" \/>\n<meta property=\"og:description\" content=\"Endika Barrenetxea si podr\u00e1 defender la txapela de campe\u00f3n ante Urriza el pr\u00f3ximo 10 de setiembre, en la gran final del Torneo Kutxabank. El zaguero de Hernani se impuso 30-23 a Ansa II en la semifinal y si en 2020 no pudo defender el campeonato en la final, esta vez si lo podr\u00e1 hacer. Barrenetxea [&hellip;]\" \/>\n<meta property=\"og:url\" content=\"https:\/\/oriamendi.eus\/es\/2022\/09\/03\/barrenetxea-iv-defendera-la-txapela-ante-urriza-en-la-final-del-kutxabank\/\" \/>\n<meta property=\"og:site_name\" content=\"Oriamendi 2010\" \/>\n<meta property=\"article:publisher\" content=\"https:\/\/www.facebook.com\/oriamendi2010remonte\/\" \/>\n<meta property=\"article:published_time\" content=\"2022-09-03T16:26:53+00:00\" \/>\n<meta property=\"article:modified_time\" content=\"2022-09-03T16:26:55+00:00\" \/>\n<meta property=\"og:image\" content=\"https:\/\/oriamendi.eus\/wp-content\/uploads\/2022\/09\/Barrenetxeafinalera.jpg\" \/>\n\t<meta property=\"og:image:width\" content=\"1200\" \/>\n\t<meta property=\"og:image:height\" content=\"800\" \/>\n\t<meta property=\"og:image:type\" content=\"image\/jpeg\" \/>\n<meta name=\"author\" content=\"I\u00f1igo Go\u00f1i\" \/>\n<meta name=\"twitter:card\" content=\"summary_large_image\" \/>\n<meta name=\"twitter:creator\" content=\"@oriamendi2010\" \/>\n<meta name=\"twitter:site\" content=\"@oriamendi2010\" \/>\n<meta name=\"twitter:label1\" content=\"Escrito por\" \/>\n\t<meta name=\"twitter:data1\" content=\"I\u00f1igo Go\u00f1i\" \/>\n\t<meta name=\"twitter:label2\" content=\"Tiempo de lectura\" \/>\n\t<meta name=\"twitter:data2\" content=\"2 minutos\" \/>\n<script type=\"application\/ld+json\" class=\"yoast-schema-graph\">{\"@context\":\"https:\/\/schema.org\",\"@graph\":[{\"@type\":\"Article\",\"@id\":\"https:\/\/oriamendi.eus\/es\/2022\/09\/03\/barrenetxea-iv-defendera-la-txapela-ante-urriza-en-la-final-del-kutxabank\/#article\",\"isPartOf\":{\"@id\":\"https:\/\/oriamendi.eus\/es\/2022\/09\/03\/barrenetxea-iv-defendera-la-txapela-ante-urriza-en-la-final-del-kutxabank\/\"},\"author\":{\"name\":\"I\u00f1igo Go\u00f1i\",\"@id\":\"https:\/\/oriamendi.eus\/es\/#\/schema\/person\/c0bd06c6c747674306a5c82563e2339a\"},\"headline\":\"Barrenetxea IV defender\u00e1 la txapela ante Urriza en la final del Kutxabank\",\"datePublished\":\"2022-09-03T16:26:53+00:00\",\"dateModified\":\"2022-09-03T16:26:55+00:00\",\"mainEntityOfPage\":{\"@id\":\"https:\/\/oriamendi.eus\/es\/2022\/09\/03\/barrenetxea-iv-defendera-la-txapela-ante-urriza-en-la-final-del-kutxabank\/\"},\"wordCount\":447,\"publisher\":{\"@id\":\"https:\/\/oriamendi.eus\/es\/#organization\"},\"articleSection\":[\"Sin categorizar\"],\"inLanguage\":\"es\"},{\"@type\":\"WebPage\",\"@id\":\"https:\/\/oriamendi.eus\/es\/2022\/09\/03\/barrenetxea-iv-defendera-la-txapela-ante-urriza-en-la-final-del-kutxabank\/\",\"url\":\"https:\/\/oriamendi.eus\/es\/2022\/09\/03\/barrenetxea-iv-defendera-la-txapela-ante-urriza-en-la-final-del-kutxabank\/\",\"name\":\"Barrenetxea IV defender\u00e1 la txapela ante Urriza en la final del Kutxabank | Oriamendi 2010\",\"isPartOf\":{\"@id\":\"https:\/\/oriamendi.eus\/es\/#website\"},\"datePublished\":\"2022-09-03T16:26:53+00:00\",\"dateModified\":\"2022-09-03T16:26:55+00:00\",\"breadcrumb\":{\"@id\":\"https:\/\/oriamendi.eus\/es\/2022\/09\/03\/barrenetxea-iv-defendera-la-txapela-ante-urriza-en-la-final-del-kutxabank\/#breadcrumb\"},\"inLanguage\":\"es\",\"potentialAction\":[{\"@type\":\"ReadAction\",\"target\":[\"https:\/\/oriamendi.eus\/es\/2022\/09\/03\/barrenetxea-iv-defendera-la-txapela-ante-urriza-en-la-final-del-kutxabank\/\"]}]},{\"@type\":\"BreadcrumbList\",\"@id\":\"https:\/\/oriamendi.eus\/es\/2022\/09\/03\/barrenetxea-iv-defendera-la-txapela-ante-urriza-en-la-final-del-kutxabank\/#breadcrumb\",\"itemListElement\":[{\"@type\":\"ListItem\",\"position\":1,\"name\":\"Portada\",\"item\":\"https:\/\/oriamendi.eus\/es\/\"},{\"@type\":\"ListItem\",\"position\":2,\"name\":\"Barrenetxea IV defender\u00e1 la txapela ante Urriza en la final del Kutxabank\"}]},{\"@type\":\"WebSite\",\"@id\":\"https:\/\/oriamendi.eus\/es\/#website\",\"url\":\"https:\/\/oriamendi.eus\/es\/\",\"name\":\"Oriamendi\",\"description\":\"Remonte en Galarreta. Hernani. Gipuzkoa\",\"publisher\":{\"@id\":\"https:\/\/oriamendi.eus\/es\/#organization\"},\"potentialAction\":[{\"@type\":\"SearchAction\",\"target\":{\"@type\":\"EntryPoint\",\"urlTemplate\":\"https:\/\/oriamendi.eus\/es\/?s={search_term_string}\"},\"query-input\":\"required name=search_term_string\"}],\"inLanguage\":\"es\"},{\"@type\":\"Organization\",\"@id\":\"https:\/\/oriamendi.eus\/es\/#organization\",\"name\":\"Oriamendi\",\"url\":\"https:\/\/oriamendi.eus\/es\/\",\"logo\":{\"@type\":\"ImageObject\",\"inLanguage\":\"es\",\"@id\":\"https:\/\/oriamendi.eus\/es\/#\/schema\/logo\/image\/\",\"url\":\"https:\/\/oriamendi.eus\/wp-content\/uploads\/2020\/06\/logo-oriamendi.png\",\"contentUrl\":\"https:\/\/oriamendi.eus\/wp-content\/uploads\/2020\/06\/logo-oriamendi.png\",\"width\":300,\"height\":90,\"caption\":\"Oriamendi\"},\"image\":{\"@id\":\"https:\/\/oriamendi.eus\/es\/#\/schema\/logo\/image\/\"},\"sameAs\":[\"https:\/\/www.facebook.com\/oriamendi2010remonte\/\",\"https:\/\/twitter.com\/oriamendi2010\",\"https:\/\/www.instagram.com\/galarretajaialai\/\",\"https:\/\/www.youtube.com\/channel\/UC8gVNzQqB1iwnC-_rI-ihmA\/featured\"]},{\"@type\":\"Person\",\"@id\":\"https:\/\/oriamendi.eus\/es\/#\/schema\/person\/c0bd06c6c747674306a5c82563e2339a\",\"name\":\"I\u00f1igo Go\u00f1i\",\"image\":{\"@type\":\"ImageObject\",\"inLanguage\":\"es\",\"@id\":\"https:\/\/oriamendi.eus\/es\/#\/schema\/person\/image\/\",\"url\":\"https:\/\/secure.gravatar.com\/avatar\/fbb07ffc7b803bbfcc2b6419c06abd3a?s=96&d=mm&r=g\",\"contentUrl\":\"https:\/\/secure.gravatar.com\/avatar\/fbb07ffc7b803bbfcc2b6419c06abd3a?s=96&d=mm&r=g\",\"caption\":\"I\u00f1igo Go\u00f1i\"},\"url\":\"https:\/\/oriamendi.eus\/es\/author\/om-berriak\/\"}]}<\/script>\n<!-- \/ Yoast SEO plugin. -->","yoast_head_json":{"title":"Barrenetxea IV defender\u00e1 la txapela ante Urriza en la final del Kutxabank | Oriamendi 2010","robots":{"index":"index","follow":"follow","max-snippet":"max-snippet:-1","max-image-preview":"max-image-preview:large","max-video-preview":"max-video-preview:-1"},"canonical":"https:\/\/oriamendi.eus\/es\/2022\/09\/03\/barrenetxea-iv-defendera-la-txapela-ante-urriza-en-la-final-del-kutxabank\/","og_locale":"es_ES","og_type":"article","og_title":"Barrenetxea IV defender\u00e1 la txapela ante Urriza en la final del Kutxabank | Oriamendi 2010","og_description":"Endika Barrenetxea si podr\u00e1 defender la txapela de campe\u00f3n ante Urriza el pr\u00f3ximo 10 de setiembre, en la gran final del Torneo Kutxabank. El zaguero de Hernani se impuso 30-23 a Ansa II en la semifinal y si en 2020 no pudo defender el campeonato en la final, esta vez si lo podr\u00e1 hacer. Barrenetxea [&hellip;]","og_url":"https:\/\/oriamendi.eus\/es\/2022\/09\/03\/barrenetxea-iv-defendera-la-txapela-ante-urriza-en-la-final-del-kutxabank\/","og_site_name":"Oriamendi 2010","article_publisher":"https:\/\/www.facebook.com\/oriamendi2010remonte\/","article_published_time":"2022-09-03T16:26:53+00:00","article_modified_time":"2022-09-03T16:26:55+00:00","og_image":[{"width":1200,"height":800,"url":"https:\/\/oriamendi.eus\/wp-content\/uploads\/2022\/09\/Barrenetxeafinalera.jpg","type":"image\/jpeg"}],"author":"I\u00f1igo Go\u00f1i","twitter_card":"summary_large_image","twitter_creator":"@oriamendi2010","twitter_site":"@oriamendi2010","twitter_misc":{"Escrito por":"I\u00f1igo Go\u00f1i","Tiempo de lectura":"2 minutos"},"schema":{"@context":"https:\/\/schema.org","@graph":[{"@type":"Article","@id":"https:\/\/oriamendi.eus\/es\/2022\/09\/03\/barrenetxea-iv-defendera-la-txapela-ante-urriza-en-la-final-del-kutxabank\/#article","isPartOf":{"@id":"https:\/\/oriamendi.eus\/es\/2022\/09\/03\/barrenetxea-iv-defendera-la-txapela-ante-urriza-en-la-final-del-kutxabank\/"},"author":{"name":"I\u00f1igo Go\u00f1i","@id":"https:\/\/oriamendi.eus\/es\/#\/schema\/person\/c0bd06c6c747674306a5c82563e2339a"},"headline":"Barrenetxea IV defender\u00e1 la txapela ante Urriza en la final del Kutxabank","datePublished":"2022-09-03T16:26:53+00:00","dateModified":"2022-09-03T16:26:55+00:00","mainEntityOfPage":{"@id":"https:\/\/oriamendi.eus\/es\/2022\/09\/03\/barrenetxea-iv-defendera-la-txapela-ante-urriza-en-la-final-del-kutxabank\/"},"wordCount":447,"publisher":{"@id":"https:\/\/oriamendi.eus\/es\/#organization"},"articleSection":["Sin categorizar"],"inLanguage":"es"},{"@type":"WebPage","@id":"https:\/\/oriamendi.eus\/es\/2022\/09\/03\/barrenetxea-iv-defendera-la-txapela-ante-urriza-en-la-final-del-kutxabank\/","url":"https:\/\/oriamendi.eus\/es\/2022\/09\/03\/barrenetxea-iv-defendera-la-txapela-ante-urriza-en-la-final-del-kutxabank\/","name":"Barrenetxea IV defender\u00e1 la txapela ante Urriza en la final del Kutxabank | Oriamendi 2010","isPartOf":{"@id":"https:\/\/oriamendi.eus\/es\/#website"},"datePublished":"2022-09-03T16:26:53+00:00","dateModified":"2022-09-03T16:26:55+00:00","breadcrumb":{"@id":"https:\/\/oriamendi.eus\/es\/2022\/09\/03\/barrenetxea-iv-defendera-la-txapela-ante-urriza-en-la-final-del-kutxabank\/#breadcrumb"},"inLanguage":"es","potentialAction":[{"@type":"ReadAction","target":["https:\/\/oriamendi.eus\/es\/2022\/09\/03\/barrenetxea-iv-defendera-la-txapela-ante-urriza-en-la-final-del-kutxabank\/"]}]},{"@type":"BreadcrumbList","@id":"https:\/\/oriamendi.eus\/es\/2022\/09\/03\/barrenetxea-iv-defendera-la-txapela-ante-urriza-en-la-final-del-kutxabank\/#breadcrumb","itemListElement":[{"@type":"ListItem","position":1,"name":"Portada","item":"https:\/\/oriamendi.eus\/es\/"},{"@type":"ListItem","position":2,"name":"Barrenetxea IV defender\u00e1 la txapela ante Urriza en la final del Kutxabank"}]},{"@type":"WebSite","@id":"https:\/\/oriamendi.eus\/es\/#website","url":"https:\/\/oriamendi.eus\/es\/","name":"Oriamendi","description":"Remonte en Galarreta. Hernani. Gipuzkoa","publisher":{"@id":"https:\/\/oriamendi.eus\/es\/#organization"},"potentialAction":[{"@type":"SearchAction","target":{"@type":"EntryPoint","urlTemplate":"https:\/\/oriamendi.eus\/es\/?s={search_term_string}"},"query-input":"required name=search_term_string"}],"inLanguage":"es"},{"@type":"Organization","@id":"https:\/\/oriamendi.eus\/es\/#organization","name":"Oriamendi","url":"https:\/\/oriamendi.eus\/es\/","logo":{"@type":"ImageObject","inLanguage":"es","@id":"https:\/\/oriamendi.eus\/es\/#\/schema\/logo\/image\/","url":"https:\/\/oriamendi.eus\/wp-content\/uploads\/2020\/06\/logo-oriamendi.png","contentUrl":"https:\/\/oriamendi.eus\/wp-content\/uploads\/2020\/06\/logo-oriamendi.png","width":300,"height":90,"caption":"Oriamendi"},"image":{"@id":"https:\/\/oriamendi.eus\/es\/#\/schema\/logo\/image\/"},"sameAs":["https:\/\/www.facebook.com\/oriamendi2010remonte\/","https:\/\/twitter.com\/oriamendi2010","https:\/\/www.instagram.com\/galarretajaialai\/","https:\/\/www.youtube.com\/channel\/UC8gVNzQqB1iwnC-_rI-ihmA\/featured"]},{"@type":"Person","@id":"https:\/\/oriamendi.eus\/es\/#\/schema\/person\/c0bd06c6c747674306a5c82563e2339a","name":"I\u00f1igo Go\u00f1i","image":{"@type":"ImageObject","inLanguage":"es","@id":"https:\/\/oriamendi.eus\/es\/#\/schema\/person\/image\/","url":"https:\/\/secure.gravatar.com\/avatar\/fbb07ffc7b803bbfcc2b6419c06abd3a?s=96&d=mm&r=g","contentUrl":"https:\/\/secure.gravatar.com\/avatar\/fbb07ffc7b803bbfcc2b6419c06abd3a?s=96&d=mm&r=g","caption":"I\u00f1igo Go\u00f1i"},"url":"https:\/\/oriamendi.eus\/es\/author\/om-berriak\/"}]}},"_links":{"self":[{"href":"https:\/\/oriamendi.eus\/es\/wp-json\/wp\/v2\/posts\/6764"}],"collection":[{"href":"https:\/\/oriamendi.eus\/es\/wp-json\/wp\/v2\/posts"}],"about":[{"href":"https:\/\/oriamendi.eus\/es\/wp-json\/wp\/v2\/types\/post"}],"author":[{"embeddable":true,"href":"https:\/\/oriamendi.eus\/es\/wp-json\/wp\/v2\/users\/5"}],"replies":[{"embeddable":true,"href":"https:\/\/oriamendi.eus\/es\/wp-json\/wp\/v2\/comments?post=6764"}],"version-history":[{"count":1,"href":"https:\/\/oriamendi.eus\/es\/wp-json\/wp\/v2\/posts\/6764\/revisions"}],"predecessor-version":[{"id":6765,"href":"https:\/\/oriamendi.eus\/es\/wp-json\/wp\/v2\/posts\/6764\/revisions\/6765"}],"wp:featuredmedia":[{"embeddable":true,"href":"https:\/\/oriamendi.eus\/es\/wp-json\/wp\/v2\/media\/6766"}],"wp:attachment":[{"href":"https:\/\/oriamendi.eus\/es\/wp-json\/wp\/v2\/media?parent=6764"}],"wp:term":[{"taxonomy":"category","embeddable":true,"href":"https:\/\/oriamendi.eus\/es\/wp-json\/wp\/v2\/categories?post=6764"},{"taxonomy":"post_tag","embeddable":true,"href":"https:\/\/oriamendi.eus\/es\/wp-json\/wp\/v2\/tags?post=6764"}],"curies":[{"name":"wp","href":"https:\/\/api.w.org\/{rel}","templated":true}]}}