                                        
                                        
                                        
                                        
                                        
                                        
                                        
                                        
                                        
                                        
                                        
                                        
                                        
                                        
                                        
                                        
                                        
                                        
{"id":6757,"date":"2022-08-27T18:39:35","date_gmt":"2022-08-27T16:39:35","guid":{"rendered":"https:\/\/oriamendi.eus\/?p=6757"},"modified":"2022-08-27T18:39:37","modified_gmt":"2022-08-27T16:39:37","slug":"urriza-se-clasifica-para-la-final-y-juanenea-eliminado","status":"publish","type":"post","link":"https:\/\/oriamendi.eus\/es\/2022\/08\/27\/urriza-se-clasifica-para-la-final-y-juanenea-eliminado\/","title":{"rendered":"Urriza se clasifica para la final y Juanenea eliminado"},"content":{"rendered":"\n<p>Urriza se impuso 30-23 a Juanenea en el \u00faltimo partido de liguilla del Torneo Kutxabank. El delantero de Pamplona es finalista tras ganar los tres partidos de la liguilla y sumar doce puntos. Juanenea queda eliminado con dos puntos y ninguna victoria. La semifinal de la semana que viene la disputar\u00e1n Ansa que ha sumado ocho puntos y Barrenetxea, tercero, con cuatro puntos.\u00a0<\/p>\n\n\n\n<p>El partido que cerr\u00f3 la liguilla fue el que m\u00e1s incidencia tuvo. Juanenea recibi\u00f3 un golpe en el brazo y Urriza termin\u00f3 con molestias tocado por un tir\u00f3n. No tuvo mucho ritmo condicionado por lo que se jugaban ambos pelotaris, sobre todo Juanenea. Un par de decisiones en una pasa y en un resto pusieron la peque\u00f1a pol\u00e9mica.<\/p>\n\n\n\n<p>El inicio fue igualado. Tras el 9-8 y en el 11-8 un saque de Urriza golpe\u00f3 en el brazo de Juanenea que se retir\u00f3 a vestuarios. Volvi\u00f3 con un morat\u00f3n en el brazo, pero no lo acus\u00f3 en el juego, ya que sigui\u00f3 golpeando con fuerza a la pelota.\u00a0Tras el 12-8, el 15-13 y el 18-13 fueron los tantos m\u00e1s pol\u00e9micos. En el tanto 15, un resto que no pudo llevar Urriza en la pared izquierda el juez dio vuelta y el de Saldias lo protest\u00f3. En el tanto 18 un saque de Urriza ajustado a la pasa el juez lo dio por buena y Juanenea entend\u00eda que no era buena.\u00a0Urriza rompi\u00f3 el partido y del 20-15 se pas\u00f3 el 25-15. En ese momento el pamplon\u00e9s sinti\u00f3 un peque\u00f1o tir\u00f3n en la pierna y se control\u00f3 para no forzar. Del 29-20 se pas\u00f3 al 29-23 y termin\u00f3 30-23. Ahora Urriza tendr\u00e1 dos semanas para recuperarse del todo para la gran final.<\/p>\n\n\n\n<p><strong><br>Segurola-Barrenetxea terminan m\u00e1s fuertes<\/strong><\/p>\n\n\n\n<p><strong><br><\/strong>En el primer partido del festival Segurola y Barrenetxea ganaron 30-24. Hasta el 14 iguales Ansa y Larra\u00f1aga dominaron m\u00e1s, pero en la segunda parte del partido los colorados se mostraron muy superiores. Ansa y Larra\u00f1aga bajaron las prestaciones y los rivales mejoraron las suyas.\u00a0Empataron a 17 y tras el 17-18 un parcial de 8-0 colorado les pusieron en franquicia. Los azules cometieron errores que les pasaron factura. Los colorados se mostraon m\u00e1s seguros y eso les llev\u00f3 a la victoria.<\/p>\n","protected":false},"excerpt":{"rendered":"<p>Urriza se impuso 30-23 a Juanenea en el \u00faltimo partido de liguilla del Torneo Kutxabank. El delantero de Pamplona es finalista tras ganar los tres partidos de la liguilla y sumar doce puntos. Juanenea queda eliminado con dos puntos y ninguna victoria. La semifinal de la semana que viene la disputar\u00e1n Ansa que ha sumado [&hellip;]<\/p>\n","protected":false},"author":5,"featured_media":6759,"comment_status":"closed","ping_status":"open","sticky":false,"template":"","format":"standard","meta":{"_et_pb_use_builder":"off","_et_pb_old_content":"","_et_gb_content_width":"","footnotes":""},"categories":[1],"tags":[],"yoast_head":"<!-- This site is optimized with the Yoast SEO plugin v21.8 - https:\/\/yoast.com\/wordpress\/plugins\/seo\/ -->\n<title>Urriza se clasifica para la final y Juanenea eliminado | Oriamendi 2010<\/title>\n<meta name=\"robots\" content=\"index, follow, max-snippet:-1, max-image-preview:large, max-video-preview:-1\" \/>\n<link rel=\"canonical\" href=\"https:\/\/oriamendi.eus\/es\/2022\/08\/27\/urriza-se-clasifica-para-la-final-y-juanenea-eliminado\/\" \/>\n<meta property=\"og:locale\" content=\"es_ES\" \/>\n<meta property=\"og:type\" content=\"article\" \/>\n<meta property=\"og:title\" content=\"Urriza se clasifica para la final y Juanenea eliminado | Oriamendi 2010\" \/>\n<meta property=\"og:description\" content=\"Urriza se impuso 30-23 a Juanenea en el \u00faltimo partido de liguilla del Torneo Kutxabank. El delantero de Pamplona es finalista tras ganar los tres partidos de la liguilla y sumar doce puntos. Juanenea queda eliminado con dos puntos y ninguna victoria. La semifinal de la semana que viene la disputar\u00e1n Ansa que ha sumado [&hellip;]\" \/>\n<meta property=\"og:url\" content=\"https:\/\/oriamendi.eus\/es\/2022\/08\/27\/urriza-se-clasifica-para-la-final-y-juanenea-eliminado\/\" \/>\n<meta property=\"og:site_name\" content=\"Oriamendi 2010\" \/>\n<meta property=\"article:publisher\" content=\"https:\/\/www.facebook.com\/oriamendi2010remonte\/\" \/>\n<meta property=\"article:published_time\" content=\"2022-08-27T16:39:35+00:00\" \/>\n<meta property=\"article:modified_time\" content=\"2022-08-27T16:39:37+00:00\" \/>\n<meta property=\"og:image\" content=\"https:\/\/oriamendi.eus\/wp-content\/uploads\/2022\/08\/IMG_20220827_171908_2000_x_1333_pixel.jpg\" \/>\n\t<meta property=\"og:image:width\" content=\"1200\" \/>\n\t<meta property=\"og:image:height\" content=\"800\" \/>\n\t<meta property=\"og:image:type\" content=\"image\/jpeg\" \/>\n<meta name=\"author\" content=\"I\u00f1igo Go\u00f1i\" \/>\n<meta name=\"twitter:card\" content=\"summary_large_image\" \/>\n<meta name=\"twitter:creator\" content=\"@oriamendi2010\" \/>\n<meta name=\"twitter:site\" content=\"@oriamendi2010\" \/>\n<meta name=\"twitter:label1\" content=\"Escrito por\" \/>\n\t<meta name=\"twitter:data1\" content=\"I\u00f1igo Go\u00f1i\" \/>\n\t<meta name=\"twitter:label2\" content=\"Tiempo de lectura\" \/>\n\t<meta name=\"twitter:data2\" content=\"2 minutos\" \/>\n<script type=\"application\/ld+json\" class=\"yoast-schema-graph\">{\"@context\":\"https:\/\/schema.org\",\"@graph\":[{\"@type\":\"Article\",\"@id\":\"https:\/\/oriamendi.eus\/es\/2022\/08\/27\/urriza-se-clasifica-para-la-final-y-juanenea-eliminado\/#article\",\"isPartOf\":{\"@id\":\"https:\/\/oriamendi.eus\/es\/2022\/08\/27\/urriza-se-clasifica-para-la-final-y-juanenea-eliminado\/\"},\"author\":{\"name\":\"I\u00f1igo Go\u00f1i\",\"@id\":\"https:\/\/oriamendi.eus\/es\/#\/schema\/person\/c0bd06c6c747674306a5c82563e2339a\"},\"headline\":\"Urriza se clasifica para la final y Juanenea eliminado\",\"datePublished\":\"2022-08-27T16:39:35+00:00\",\"dateModified\":\"2022-08-27T16:39:37+00:00\",\"mainEntityOfPage\":{\"@id\":\"https:\/\/oriamendi.eus\/es\/2022\/08\/27\/urriza-se-clasifica-para-la-final-y-juanenea-eliminado\/\"},\"wordCount\":392,\"publisher\":{\"@id\":\"https:\/\/oriamendi.eus\/es\/#organization\"},\"articleSection\":[\"Sin categorizar\"],\"inLanguage\":\"es\"},{\"@type\":\"WebPage\",\"@id\":\"https:\/\/oriamendi.eus\/es\/2022\/08\/27\/urriza-se-clasifica-para-la-final-y-juanenea-eliminado\/\",\"url\":\"https:\/\/oriamendi.eus\/es\/2022\/08\/27\/urriza-se-clasifica-para-la-final-y-juanenea-eliminado\/\",\"name\":\"Urriza se clasifica para la final y Juanenea eliminado | Oriamendi 2010\",\"isPartOf\":{\"@id\":\"https:\/\/oriamendi.eus\/es\/#website\"},\"datePublished\":\"2022-08-27T16:39:35+00:00\",\"dateModified\":\"2022-08-27T16:39:37+00:00\",\"breadcrumb\":{\"@id\":\"https:\/\/oriamendi.eus\/es\/2022\/08\/27\/urriza-se-clasifica-para-la-final-y-juanenea-eliminado\/#breadcrumb\"},\"inLanguage\":\"es\",\"potentialAction\":[{\"@type\":\"ReadAction\",\"target\":[\"https:\/\/oriamendi.eus\/es\/2022\/08\/27\/urriza-se-clasifica-para-la-final-y-juanenea-eliminado\/\"]}]},{\"@type\":\"BreadcrumbList\",\"@id\":\"https:\/\/oriamendi.eus\/es\/2022\/08\/27\/urriza-se-clasifica-para-la-final-y-juanenea-eliminado\/#breadcrumb\",\"itemListElement\":[{\"@type\":\"ListItem\",\"position\":1,\"name\":\"Portada\",\"item\":\"https:\/\/oriamendi.eus\/es\/\"},{\"@type\":\"ListItem\",\"position\":2,\"name\":\"Urriza se clasifica para la final y Juanenea eliminado\"}]},{\"@type\":\"WebSite\",\"@id\":\"https:\/\/oriamendi.eus\/es\/#website\",\"url\":\"https:\/\/oriamendi.eus\/es\/\",\"name\":\"Oriamendi\",\"description\":\"Remonte en Galarreta. Hernani. Gipuzkoa\",\"publisher\":{\"@id\":\"https:\/\/oriamendi.eus\/es\/#organization\"},\"potentialAction\":[{\"@type\":\"SearchAction\",\"target\":{\"@type\":\"EntryPoint\",\"urlTemplate\":\"https:\/\/oriamendi.eus\/es\/?s={search_term_string}\"},\"query-input\":\"required name=search_term_string\"}],\"inLanguage\":\"es\"},{\"@type\":\"Organization\",\"@id\":\"https:\/\/oriamendi.eus\/es\/#organization\",\"name\":\"Oriamendi\",\"url\":\"https:\/\/oriamendi.eus\/es\/\",\"logo\":{\"@type\":\"ImageObject\",\"inLanguage\":\"es\",\"@id\":\"https:\/\/oriamendi.eus\/es\/#\/schema\/logo\/image\/\",\"url\":\"https:\/\/oriamendi.eus\/wp-content\/uploads\/2020\/06\/logo-oriamendi.png\",\"contentUrl\":\"https:\/\/oriamendi.eus\/wp-content\/uploads\/2020\/06\/logo-oriamendi.png\",\"width\":300,\"height\":90,\"caption\":\"Oriamendi\"},\"image\":{\"@id\":\"https:\/\/oriamendi.eus\/es\/#\/schema\/logo\/image\/\"},\"sameAs\":[\"https:\/\/www.facebook.com\/oriamendi2010remonte\/\",\"https:\/\/twitter.com\/oriamendi2010\",\"https:\/\/www.instagram.com\/galarretajaialai\/\",\"https:\/\/www.youtube.com\/channel\/UC8gVNzQqB1iwnC-_rI-ihmA\/featured\"]},{\"@type\":\"Person\",\"@id\":\"https:\/\/oriamendi.eus\/es\/#\/schema\/person\/c0bd06c6c747674306a5c82563e2339a\",\"name\":\"I\u00f1igo Go\u00f1i\",\"image\":{\"@type\":\"ImageObject\",\"inLanguage\":\"es\",\"@id\":\"https:\/\/oriamendi.eus\/es\/#\/schema\/person\/image\/\",\"url\":\"https:\/\/secure.gravatar.com\/avatar\/fbb07ffc7b803bbfcc2b6419c06abd3a?s=96&d=mm&r=g\",\"contentUrl\":\"https:\/\/secure.gravatar.com\/avatar\/fbb07ffc7b803bbfcc2b6419c06abd3a?s=96&d=mm&r=g\",\"caption\":\"I\u00f1igo Go\u00f1i\"},\"url\":\"https:\/\/oriamendi.eus\/es\/author\/om-berriak\/\"}]}<\/script>\n<!-- \/ Yoast SEO plugin. -->","yoast_head_json":{"title":"Urriza se clasifica para la final y Juanenea eliminado | Oriamendi 2010","robots":{"index":"index","follow":"follow","max-snippet":"max-snippet:-1","max-image-preview":"max-image-preview:large","max-video-preview":"max-video-preview:-1"},"canonical":"https:\/\/oriamendi.eus\/es\/2022\/08\/27\/urriza-se-clasifica-para-la-final-y-juanenea-eliminado\/","og_locale":"es_ES","og_type":"article","og_title":"Urriza se clasifica para la final y Juanenea eliminado | Oriamendi 2010","og_description":"Urriza se impuso 30-23 a Juanenea en el \u00faltimo partido de liguilla del Torneo Kutxabank. El delantero de Pamplona es finalista tras ganar los tres partidos de la liguilla y sumar doce puntos. Juanenea queda eliminado con dos puntos y ninguna victoria. La semifinal de la semana que viene la disputar\u00e1n Ansa que ha sumado [&hellip;]","og_url":"https:\/\/oriamendi.eus\/es\/2022\/08\/27\/urriza-se-clasifica-para-la-final-y-juanenea-eliminado\/","og_site_name":"Oriamendi 2010","article_publisher":"https:\/\/www.facebook.com\/oriamendi2010remonte\/","article_published_time":"2022-08-27T16:39:35+00:00","article_modified_time":"2022-08-27T16:39:37+00:00","og_image":[{"width":1200,"height":800,"url":"https:\/\/oriamendi.eus\/wp-content\/uploads\/2022\/08\/IMG_20220827_171908_2000_x_1333_pixel.jpg","type":"image\/jpeg"}],"author":"I\u00f1igo Go\u00f1i","twitter_card":"summary_large_image","twitter_creator":"@oriamendi2010","twitter_site":"@oriamendi2010","twitter_misc":{"Escrito por":"I\u00f1igo Go\u00f1i","Tiempo de lectura":"2 minutos"},"schema":{"@context":"https:\/\/schema.org","@graph":[{"@type":"Article","@id":"https:\/\/oriamendi.eus\/es\/2022\/08\/27\/urriza-se-clasifica-para-la-final-y-juanenea-eliminado\/#article","isPartOf":{"@id":"https:\/\/oriamendi.eus\/es\/2022\/08\/27\/urriza-se-clasifica-para-la-final-y-juanenea-eliminado\/"},"author":{"name":"I\u00f1igo Go\u00f1i","@id":"https:\/\/oriamendi.eus\/es\/#\/schema\/person\/c0bd06c6c747674306a5c82563e2339a"},"headline":"Urriza se clasifica para la final y Juanenea eliminado","datePublished":"2022-08-27T16:39:35+00:00","dateModified":"2022-08-27T16:39:37+00:00","mainEntityOfPage":{"@id":"https:\/\/oriamendi.eus\/es\/2022\/08\/27\/urriza-se-clasifica-para-la-final-y-juanenea-eliminado\/"},"wordCount":392,"publisher":{"@id":"https:\/\/oriamendi.eus\/es\/#organization"},"articleSection":["Sin categorizar"],"inLanguage":"es"},{"@type":"WebPage","@id":"https:\/\/oriamendi.eus\/es\/2022\/08\/27\/urriza-se-clasifica-para-la-final-y-juanenea-eliminado\/","url":"https:\/\/oriamendi.eus\/es\/2022\/08\/27\/urriza-se-clasifica-para-la-final-y-juanenea-eliminado\/","name":"Urriza se clasifica para la final y Juanenea eliminado | Oriamendi 2010","isPartOf":{"@id":"https:\/\/oriamendi.eus\/es\/#website"},"datePublished":"2022-08-27T16:39:35+00:00","dateModified":"2022-08-27T16:39:37+00:00","breadcrumb":{"@id":"https:\/\/oriamendi.eus\/es\/2022\/08\/27\/urriza-se-clasifica-para-la-final-y-juanenea-eliminado\/#breadcrumb"},"inLanguage":"es","potentialAction":[{"@type":"ReadAction","target":["https:\/\/oriamendi.eus\/es\/2022\/08\/27\/urriza-se-clasifica-para-la-final-y-juanenea-eliminado\/"]}]},{"@type":"BreadcrumbList","@id":"https:\/\/oriamendi.eus\/es\/2022\/08\/27\/urriza-se-clasifica-para-la-final-y-juanenea-eliminado\/#breadcrumb","itemListElement":[{"@type":"ListItem","position":1,"name":"Portada","item":"https:\/\/oriamendi.eus\/es\/"},{"@type":"ListItem","position":2,"name":"Urriza se clasifica para la final y Juanenea eliminado"}]},{"@type":"WebSite","@id":"https:\/\/oriamendi.eus\/es\/#website","url":"https:\/\/oriamendi.eus\/es\/","name":"Oriamendi","description":"Remonte en Galarreta. Hernani. Gipuzkoa","publisher":{"@id":"https:\/\/oriamendi.eus\/es\/#organization"},"potentialAction":[{"@type":"SearchAction","target":{"@type":"EntryPoint","urlTemplate":"https:\/\/oriamendi.eus\/es\/?s={search_term_string}"},"query-input":"required name=search_term_string"}],"inLanguage":"es"},{"@type":"Organization","@id":"https:\/\/oriamendi.eus\/es\/#organization","name":"Oriamendi","url":"https:\/\/oriamendi.eus\/es\/","logo":{"@type":"ImageObject","inLanguage":"es","@id":"https:\/\/oriamendi.eus\/es\/#\/schema\/logo\/image\/","url":"https:\/\/oriamendi.eus\/wp-content\/uploads\/2020\/06\/logo-oriamendi.png","contentUrl":"https:\/\/oriamendi.eus\/wp-content\/uploads\/2020\/06\/logo-oriamendi.png","width":300,"height":90,"caption":"Oriamendi"},"image":{"@id":"https:\/\/oriamendi.eus\/es\/#\/schema\/logo\/image\/"},"sameAs":["https:\/\/www.facebook.com\/oriamendi2010remonte\/","https:\/\/twitter.com\/oriamendi2010","https:\/\/www.instagram.com\/galarretajaialai\/","https:\/\/www.youtube.com\/channel\/UC8gVNzQqB1iwnC-_rI-ihmA\/featured"]},{"@type":"Person","@id":"https:\/\/oriamendi.eus\/es\/#\/schema\/person\/c0bd06c6c747674306a5c82563e2339a","name":"I\u00f1igo Go\u00f1i","image":{"@type":"ImageObject","inLanguage":"es","@id":"https:\/\/oriamendi.eus\/es\/#\/schema\/person\/image\/","url":"https:\/\/secure.gravatar.com\/avatar\/fbb07ffc7b803bbfcc2b6419c06abd3a?s=96&d=mm&r=g","contentUrl":"https:\/\/secure.gravatar.com\/avatar\/fbb07ffc7b803bbfcc2b6419c06abd3a?s=96&d=mm&r=g","caption":"I\u00f1igo Go\u00f1i"},"url":"https:\/\/oriamendi.eus\/es\/author\/om-berriak\/"}]}},"_links":{"self":[{"href":"https:\/\/oriamendi.eus\/es\/wp-json\/wp\/v2\/posts\/6757"}],"collection":[{"href":"https:\/\/oriamendi.eus\/es\/wp-json\/wp\/v2\/posts"}],"about":[{"href":"https:\/\/oriamendi.eus\/es\/wp-json\/wp\/v2\/types\/post"}],"author":[{"embeddable":true,"href":"https:\/\/oriamendi.eus\/es\/wp-json\/wp\/v2\/users\/5"}],"replies":[{"embeddable":true,"href":"https:\/\/oriamendi.eus\/es\/wp-json\/wp\/v2\/comments?post=6757"}],"version-history":[{"count":1,"href":"https:\/\/oriamendi.eus\/es\/wp-json\/wp\/v2\/posts\/6757\/revisions"}],"predecessor-version":[{"id":6758,"href":"https:\/\/oriamendi.eus\/es\/wp-json\/wp\/v2\/posts\/6757\/revisions\/6758"}],"wp:featuredmedia":[{"embeddable":true,"href":"https:\/\/oriamendi.eus\/es\/wp-json\/wp\/v2\/media\/6759"}],"wp:attachment":[{"href":"https:\/\/oriamendi.eus\/es\/wp-json\/wp\/v2\/media?parent=6757"}],"wp:term":[{"taxonomy":"category","embeddable":true,"href":"https:\/\/oriamendi.eus\/es\/wp-json\/wp\/v2\/categories?post=6757"},{"taxonomy":"post_tag","embeddable":true,"href":"https:\/\/oriamendi.eus\/es\/wp-json\/wp\/v2\/tags?post=6757"}],"curies":[{"name":"wp","href":"https:\/\/api.w.org\/{rel}","templated":true}]}}