                                        
                                        
                                        
                                        
                                        
                                        
                                        
                                        
                                        
                                        
                                        
                                        
                                        
                                        
                                        
                                        
                                        
                                        
{"id":6750,"date":"2022-08-25T19:10:27","date_gmt":"2022-08-25T17:10:27","guid":{"rendered":"https:\/\/oriamendi.eus\/?p=6750"},"modified":"2022-08-26T14:41:35","modified_gmt":"2022-08-26T12:41:35","slug":"ansa-ii-certifica-su-pase-a-la-semifinal-ganando-a-barrenetxea-iv","status":"publish","type":"post","link":"https:\/\/oriamendi.eus\/es\/2022\/08\/25\/ansa-ii-certifica-su-pase-a-la-semifinal-ganando-a-barrenetxea-iv\/","title":{"rendered":"Ansa II certifica su pase a la semifinal ganando a Barrenetxea IV"},"content":{"rendered":"\n<p>Ansa II cerr\u00f3 su pase, como m\u00ednimo, a semifinales ganando 23-30 a Barrenetxea IV en el primer partido de la \u00faltima jornada de la liguilla del Torneo Kutxabank. El delantero urnietarra todav\u00eda tiene opciones de pasar directamente a la final, pero depende de que Urriza no llegue a 17 tantos en el \u00faltimo partido. Eso s\u00ed, se ha asegurado la segunda plaza con ocho puntos. Por su parte, Barrenetxea IV ha terminado la liguilla con cuatro puntos y debe esperar al \u00faltimo partido para saber si se clasifica o no para semifinales. Necesita que Juanenea no gane el partido. Una victoria de Juanenea eliminar\u00eda al zaguero hernaniarra.&nbsp;<\/p>\n\n\n\n<p>Ansa II gan\u00f3 a Barrenetxea con todo merecimiento. El partido sali\u00f3 doble a sencillo, en la apuestas, a favor de Barrenetxea, pero la c\u00e1tedra no acert\u00f3. Se encontr\u00f3 con una Ansa que disfrut\u00f3 sobre la cancha y que jug\u00f3 c\u00f3modo y con confianza desde el inicio del partido. El partido se mantuvo igualado hasta el empate a 14 y a 15, pero a partir de ah\u00ed el delantero se escap\u00f3 en el marcador 16-20, 18-23, 20-25, 21-29 y 23-30.&nbsp;<\/p>\n\n\n\n<p>El urnietarra estuvo r\u00e1pido de piernas tocando bien la pared izquierda. Hizo hasta ocho tantos de saque y en el peloteo fue superior con 19 tantos. De esos 19 tres fueron de rebote, dos a dos paredes y&nbsp; termin\u00f3 con cuatro errores. A Barrenetxea se le vio inc\u00f3modo y sin confianza en el peloteo. Hizo cinco tantos de saque, catorce en el peloteo y cometi\u00f3 tres errores. El partido dur\u00f3 53 minutos.<\/p>\n\n\n\n<p>Barrenetxea peg\u00f3 largo, pero los rebotes fueron c\u00f3modos para Ansa, que los tra\u00eda sin problemas. Ansa lleg\u00f3 mejor al final y siendo mejor en el peloteo y con el saque se llev\u00f3 los cuatro puntos. Una victoria que tambi\u00e9n se produjo en el \u00faltimo partido d ela liguilla del a\u00f1o pasado.&nbsp;<\/p>\n","protected":false},"excerpt":{"rendered":"<p>Ansa II cerr\u00f3 su pase, como m\u00ednimo, a semifinales ganando 23-30 a Barrenetxea IV en el primer partido de la \u00faltima jornada de la liguilla del Torneo Kutxabank. El delantero urnietarra todav\u00eda tiene opciones de pasar directamente a la final, pero depende de que Urriza no llegue a 17 tantos en el \u00faltimo partido. Eso [&hellip;]<\/p>\n","protected":false},"author":5,"featured_media":6755,"comment_status":"closed","ping_status":"open","sticky":false,"template":"","format":"standard","meta":{"_et_pb_use_builder":"off","_et_pb_old_content":"","_et_gb_content_width":"","footnotes":""},"categories":[1],"tags":[],"yoast_head":"<!-- This site is optimized with the Yoast SEO plugin v21.8 - https:\/\/yoast.com\/wordpress\/plugins\/seo\/ -->\n<title>Ansa II certifica su pase a la semifinal ganando a Barrenetxea IV | Oriamendi 2010<\/title>\n<meta name=\"robots\" content=\"index, follow, max-snippet:-1, max-image-preview:large, max-video-preview:-1\" \/>\n<link rel=\"canonical\" href=\"https:\/\/oriamendi.eus\/es\/2022\/08\/25\/ansa-ii-certifica-su-pase-a-la-semifinal-ganando-a-barrenetxea-iv\/\" \/>\n<meta property=\"og:locale\" content=\"es_ES\" \/>\n<meta property=\"og:type\" content=\"article\" \/>\n<meta property=\"og:title\" content=\"Ansa II certifica su pase a la semifinal ganando a Barrenetxea IV | Oriamendi 2010\" \/>\n<meta property=\"og:description\" content=\"Ansa II cerr\u00f3 su pase, como m\u00ednimo, a semifinales ganando 23-30 a Barrenetxea IV en el primer partido de la \u00faltima jornada de la liguilla del Torneo Kutxabank. El delantero urnietarra todav\u00eda tiene opciones de pasar directamente a la final, pero depende de que Urriza no llegue a 17 tantos en el \u00faltimo partido. Eso [&hellip;]\" \/>\n<meta property=\"og:url\" content=\"https:\/\/oriamendi.eus\/es\/2022\/08\/25\/ansa-ii-certifica-su-pase-a-la-semifinal-ganando-a-barrenetxea-iv\/\" \/>\n<meta property=\"og:site_name\" content=\"Oriamendi 2010\" \/>\n<meta property=\"article:publisher\" content=\"https:\/\/www.facebook.com\/oriamendi2010remonte\/\" \/>\n<meta property=\"article:published_time\" content=\"2022-08-25T17:10:27+00:00\" \/>\n<meta property=\"article:modified_time\" content=\"2022-08-26T12:41:35+00:00\" \/>\n<meta property=\"og:image\" content=\"https:\/\/oriamendi.eus\/wp-content\/uploads\/2022\/08\/IMG_8457.jpg\" \/>\n\t<meta property=\"og:image:width\" content=\"1200\" \/>\n\t<meta property=\"og:image:height\" content=\"900\" \/>\n\t<meta property=\"og:image:type\" content=\"image\/jpeg\" \/>\n<meta name=\"author\" content=\"I\u00f1igo Go\u00f1i\" \/>\n<meta name=\"twitter:card\" content=\"summary_large_image\" \/>\n<meta name=\"twitter:creator\" content=\"@oriamendi2010\" \/>\n<meta name=\"twitter:site\" content=\"@oriamendi2010\" \/>\n<meta name=\"twitter:label1\" content=\"Escrito por\" \/>\n\t<meta name=\"twitter:data1\" content=\"I\u00f1igo Go\u00f1i\" \/>\n\t<meta name=\"twitter:label2\" content=\"Tiempo de lectura\" \/>\n\t<meta name=\"twitter:data2\" content=\"2 minutos\" \/>\n<script type=\"application\/ld+json\" class=\"yoast-schema-graph\">{\"@context\":\"https:\/\/schema.org\",\"@graph\":[{\"@type\":\"Article\",\"@id\":\"https:\/\/oriamendi.eus\/es\/2022\/08\/25\/ansa-ii-certifica-su-pase-a-la-semifinal-ganando-a-barrenetxea-iv\/#article\",\"isPartOf\":{\"@id\":\"https:\/\/oriamendi.eus\/es\/2022\/08\/25\/ansa-ii-certifica-su-pase-a-la-semifinal-ganando-a-barrenetxea-iv\/\"},\"author\":{\"name\":\"I\u00f1igo Go\u00f1i\",\"@id\":\"https:\/\/oriamendi.eus\/es\/#\/schema\/person\/c0bd06c6c747674306a5c82563e2339a\"},\"headline\":\"Ansa II certifica su pase a la semifinal ganando a Barrenetxea IV\",\"datePublished\":\"2022-08-25T17:10:27+00:00\",\"dateModified\":\"2022-08-26T12:41:35+00:00\",\"mainEntityOfPage\":{\"@id\":\"https:\/\/oriamendi.eus\/es\/2022\/08\/25\/ansa-ii-certifica-su-pase-a-la-semifinal-ganando-a-barrenetxea-iv\/\"},\"wordCount\":330,\"publisher\":{\"@id\":\"https:\/\/oriamendi.eus\/es\/#organization\"},\"articleSection\":[\"Sin categorizar\"],\"inLanguage\":\"es\"},{\"@type\":\"WebPage\",\"@id\":\"https:\/\/oriamendi.eus\/es\/2022\/08\/25\/ansa-ii-certifica-su-pase-a-la-semifinal-ganando-a-barrenetxea-iv\/\",\"url\":\"https:\/\/oriamendi.eus\/es\/2022\/08\/25\/ansa-ii-certifica-su-pase-a-la-semifinal-ganando-a-barrenetxea-iv\/\",\"name\":\"Ansa II certifica su pase a la semifinal ganando a Barrenetxea IV | Oriamendi 2010\",\"isPartOf\":{\"@id\":\"https:\/\/oriamendi.eus\/es\/#website\"},\"datePublished\":\"2022-08-25T17:10:27+00:00\",\"dateModified\":\"2022-08-26T12:41:35+00:00\",\"breadcrumb\":{\"@id\":\"https:\/\/oriamendi.eus\/es\/2022\/08\/25\/ansa-ii-certifica-su-pase-a-la-semifinal-ganando-a-barrenetxea-iv\/#breadcrumb\"},\"inLanguage\":\"es\",\"potentialAction\":[{\"@type\":\"ReadAction\",\"target\":[\"https:\/\/oriamendi.eus\/es\/2022\/08\/25\/ansa-ii-certifica-su-pase-a-la-semifinal-ganando-a-barrenetxea-iv\/\"]}]},{\"@type\":\"BreadcrumbList\",\"@id\":\"https:\/\/oriamendi.eus\/es\/2022\/08\/25\/ansa-ii-certifica-su-pase-a-la-semifinal-ganando-a-barrenetxea-iv\/#breadcrumb\",\"itemListElement\":[{\"@type\":\"ListItem\",\"position\":1,\"name\":\"Portada\",\"item\":\"https:\/\/oriamendi.eus\/es\/\"},{\"@type\":\"ListItem\",\"position\":2,\"name\":\"Ansa II certifica su pase a la semifinal ganando a Barrenetxea IV\"}]},{\"@type\":\"WebSite\",\"@id\":\"https:\/\/oriamendi.eus\/es\/#website\",\"url\":\"https:\/\/oriamendi.eus\/es\/\",\"name\":\"Oriamendi\",\"description\":\"Remonte en Galarreta. Hernani. Gipuzkoa\",\"publisher\":{\"@id\":\"https:\/\/oriamendi.eus\/es\/#organization\"},\"potentialAction\":[{\"@type\":\"SearchAction\",\"target\":{\"@type\":\"EntryPoint\",\"urlTemplate\":\"https:\/\/oriamendi.eus\/es\/?s={search_term_string}\"},\"query-input\":\"required name=search_term_string\"}],\"inLanguage\":\"es\"},{\"@type\":\"Organization\",\"@id\":\"https:\/\/oriamendi.eus\/es\/#organization\",\"name\":\"Oriamendi\",\"url\":\"https:\/\/oriamendi.eus\/es\/\",\"logo\":{\"@type\":\"ImageObject\",\"inLanguage\":\"es\",\"@id\":\"https:\/\/oriamendi.eus\/es\/#\/schema\/logo\/image\/\",\"url\":\"https:\/\/oriamendi.eus\/wp-content\/uploads\/2020\/06\/logo-oriamendi.png\",\"contentUrl\":\"https:\/\/oriamendi.eus\/wp-content\/uploads\/2020\/06\/logo-oriamendi.png\",\"width\":300,\"height\":90,\"caption\":\"Oriamendi\"},\"image\":{\"@id\":\"https:\/\/oriamendi.eus\/es\/#\/schema\/logo\/image\/\"},\"sameAs\":[\"https:\/\/www.facebook.com\/oriamendi2010remonte\/\",\"https:\/\/twitter.com\/oriamendi2010\",\"https:\/\/www.instagram.com\/galarretajaialai\/\",\"https:\/\/www.youtube.com\/channel\/UC8gVNzQqB1iwnC-_rI-ihmA\/featured\"]},{\"@type\":\"Person\",\"@id\":\"https:\/\/oriamendi.eus\/es\/#\/schema\/person\/c0bd06c6c747674306a5c82563e2339a\",\"name\":\"I\u00f1igo Go\u00f1i\",\"image\":{\"@type\":\"ImageObject\",\"inLanguage\":\"es\",\"@id\":\"https:\/\/oriamendi.eus\/es\/#\/schema\/person\/image\/\",\"url\":\"https:\/\/secure.gravatar.com\/avatar\/fbb07ffc7b803bbfcc2b6419c06abd3a?s=96&d=mm&r=g\",\"contentUrl\":\"https:\/\/secure.gravatar.com\/avatar\/fbb07ffc7b803bbfcc2b6419c06abd3a?s=96&d=mm&r=g\",\"caption\":\"I\u00f1igo Go\u00f1i\"},\"url\":\"https:\/\/oriamendi.eus\/es\/author\/om-berriak\/\"}]}<\/script>\n<!-- \/ Yoast SEO plugin. -->","yoast_head_json":{"title":"Ansa II certifica su pase a la semifinal ganando a Barrenetxea IV | Oriamendi 2010","robots":{"index":"index","follow":"follow","max-snippet":"max-snippet:-1","max-image-preview":"max-image-preview:large","max-video-preview":"max-video-preview:-1"},"canonical":"https:\/\/oriamendi.eus\/es\/2022\/08\/25\/ansa-ii-certifica-su-pase-a-la-semifinal-ganando-a-barrenetxea-iv\/","og_locale":"es_ES","og_type":"article","og_title":"Ansa II certifica su pase a la semifinal ganando a Barrenetxea IV | Oriamendi 2010","og_description":"Ansa II cerr\u00f3 su pase, como m\u00ednimo, a semifinales ganando 23-30 a Barrenetxea IV en el primer partido de la \u00faltima jornada de la liguilla del Torneo Kutxabank. El delantero urnietarra todav\u00eda tiene opciones de pasar directamente a la final, pero depende de que Urriza no llegue a 17 tantos en el \u00faltimo partido. Eso [&hellip;]","og_url":"https:\/\/oriamendi.eus\/es\/2022\/08\/25\/ansa-ii-certifica-su-pase-a-la-semifinal-ganando-a-barrenetxea-iv\/","og_site_name":"Oriamendi 2010","article_publisher":"https:\/\/www.facebook.com\/oriamendi2010remonte\/","article_published_time":"2022-08-25T17:10:27+00:00","article_modified_time":"2022-08-26T12:41:35+00:00","og_image":[{"width":1200,"height":900,"url":"https:\/\/oriamendi.eus\/wp-content\/uploads\/2022\/08\/IMG_8457.jpg","type":"image\/jpeg"}],"author":"I\u00f1igo Go\u00f1i","twitter_card":"summary_large_image","twitter_creator":"@oriamendi2010","twitter_site":"@oriamendi2010","twitter_misc":{"Escrito por":"I\u00f1igo Go\u00f1i","Tiempo de lectura":"2 minutos"},"schema":{"@context":"https:\/\/schema.org","@graph":[{"@type":"Article","@id":"https:\/\/oriamendi.eus\/es\/2022\/08\/25\/ansa-ii-certifica-su-pase-a-la-semifinal-ganando-a-barrenetxea-iv\/#article","isPartOf":{"@id":"https:\/\/oriamendi.eus\/es\/2022\/08\/25\/ansa-ii-certifica-su-pase-a-la-semifinal-ganando-a-barrenetxea-iv\/"},"author":{"name":"I\u00f1igo Go\u00f1i","@id":"https:\/\/oriamendi.eus\/es\/#\/schema\/person\/c0bd06c6c747674306a5c82563e2339a"},"headline":"Ansa II certifica su pase a la semifinal ganando a Barrenetxea IV","datePublished":"2022-08-25T17:10:27+00:00","dateModified":"2022-08-26T12:41:35+00:00","mainEntityOfPage":{"@id":"https:\/\/oriamendi.eus\/es\/2022\/08\/25\/ansa-ii-certifica-su-pase-a-la-semifinal-ganando-a-barrenetxea-iv\/"},"wordCount":330,"publisher":{"@id":"https:\/\/oriamendi.eus\/es\/#organization"},"articleSection":["Sin categorizar"],"inLanguage":"es"},{"@type":"WebPage","@id":"https:\/\/oriamendi.eus\/es\/2022\/08\/25\/ansa-ii-certifica-su-pase-a-la-semifinal-ganando-a-barrenetxea-iv\/","url":"https:\/\/oriamendi.eus\/es\/2022\/08\/25\/ansa-ii-certifica-su-pase-a-la-semifinal-ganando-a-barrenetxea-iv\/","name":"Ansa II certifica su pase a la semifinal ganando a Barrenetxea IV | Oriamendi 2010","isPartOf":{"@id":"https:\/\/oriamendi.eus\/es\/#website"},"datePublished":"2022-08-25T17:10:27+00:00","dateModified":"2022-08-26T12:41:35+00:00","breadcrumb":{"@id":"https:\/\/oriamendi.eus\/es\/2022\/08\/25\/ansa-ii-certifica-su-pase-a-la-semifinal-ganando-a-barrenetxea-iv\/#breadcrumb"},"inLanguage":"es","potentialAction":[{"@type":"ReadAction","target":["https:\/\/oriamendi.eus\/es\/2022\/08\/25\/ansa-ii-certifica-su-pase-a-la-semifinal-ganando-a-barrenetxea-iv\/"]}]},{"@type":"BreadcrumbList","@id":"https:\/\/oriamendi.eus\/es\/2022\/08\/25\/ansa-ii-certifica-su-pase-a-la-semifinal-ganando-a-barrenetxea-iv\/#breadcrumb","itemListElement":[{"@type":"ListItem","position":1,"name":"Portada","item":"https:\/\/oriamendi.eus\/es\/"},{"@type":"ListItem","position":2,"name":"Ansa II certifica su pase a la semifinal ganando a Barrenetxea IV"}]},{"@type":"WebSite","@id":"https:\/\/oriamendi.eus\/es\/#website","url":"https:\/\/oriamendi.eus\/es\/","name":"Oriamendi","description":"Remonte en Galarreta. Hernani. Gipuzkoa","publisher":{"@id":"https:\/\/oriamendi.eus\/es\/#organization"},"potentialAction":[{"@type":"SearchAction","target":{"@type":"EntryPoint","urlTemplate":"https:\/\/oriamendi.eus\/es\/?s={search_term_string}"},"query-input":"required name=search_term_string"}],"inLanguage":"es"},{"@type":"Organization","@id":"https:\/\/oriamendi.eus\/es\/#organization","name":"Oriamendi","url":"https:\/\/oriamendi.eus\/es\/","logo":{"@type":"ImageObject","inLanguage":"es","@id":"https:\/\/oriamendi.eus\/es\/#\/schema\/logo\/image\/","url":"https:\/\/oriamendi.eus\/wp-content\/uploads\/2020\/06\/logo-oriamendi.png","contentUrl":"https:\/\/oriamendi.eus\/wp-content\/uploads\/2020\/06\/logo-oriamendi.png","width":300,"height":90,"caption":"Oriamendi"},"image":{"@id":"https:\/\/oriamendi.eus\/es\/#\/schema\/logo\/image\/"},"sameAs":["https:\/\/www.facebook.com\/oriamendi2010remonte\/","https:\/\/twitter.com\/oriamendi2010","https:\/\/www.instagram.com\/galarretajaialai\/","https:\/\/www.youtube.com\/channel\/UC8gVNzQqB1iwnC-_rI-ihmA\/featured"]},{"@type":"Person","@id":"https:\/\/oriamendi.eus\/es\/#\/schema\/person\/c0bd06c6c747674306a5c82563e2339a","name":"I\u00f1igo Go\u00f1i","image":{"@type":"ImageObject","inLanguage":"es","@id":"https:\/\/oriamendi.eus\/es\/#\/schema\/person\/image\/","url":"https:\/\/secure.gravatar.com\/avatar\/fbb07ffc7b803bbfcc2b6419c06abd3a?s=96&d=mm&r=g","contentUrl":"https:\/\/secure.gravatar.com\/avatar\/fbb07ffc7b803bbfcc2b6419c06abd3a?s=96&d=mm&r=g","caption":"I\u00f1igo Go\u00f1i"},"url":"https:\/\/oriamendi.eus\/es\/author\/om-berriak\/"}]}},"_links":{"self":[{"href":"https:\/\/oriamendi.eus\/es\/wp-json\/wp\/v2\/posts\/6750"}],"collection":[{"href":"https:\/\/oriamendi.eus\/es\/wp-json\/wp\/v2\/posts"}],"about":[{"href":"https:\/\/oriamendi.eus\/es\/wp-json\/wp\/v2\/types\/post"}],"author":[{"embeddable":true,"href":"https:\/\/oriamendi.eus\/es\/wp-json\/wp\/v2\/users\/5"}],"replies":[{"embeddable":true,"href":"https:\/\/oriamendi.eus\/es\/wp-json\/wp\/v2\/comments?post=6750"}],"version-history":[{"count":2,"href":"https:\/\/oriamendi.eus\/es\/wp-json\/wp\/v2\/posts\/6750\/revisions"}],"predecessor-version":[{"id":6756,"href":"https:\/\/oriamendi.eus\/es\/wp-json\/wp\/v2\/posts\/6750\/revisions\/6756"}],"wp:featuredmedia":[{"embeddable":true,"href":"https:\/\/oriamendi.eus\/es\/wp-json\/wp\/v2\/media\/6755"}],"wp:attachment":[{"href":"https:\/\/oriamendi.eus\/es\/wp-json\/wp\/v2\/media?parent=6750"}],"wp:term":[{"taxonomy":"category","embeddable":true,"href":"https:\/\/oriamendi.eus\/es\/wp-json\/wp\/v2\/categories?post=6750"},{"taxonomy":"post_tag","embeddable":true,"href":"https:\/\/oriamendi.eus\/es\/wp-json\/wp\/v2\/tags?post=6750"}],"curies":[{"name":"wp","href":"https:\/\/api.w.org\/{rel}","templated":true}]}}