                                        
                                        
                                        
                                        
                                        
                                        
                                        
                                        
                                        
                                        
                                        
                                        
                                        
                                        
                                        
                                        
                                        
                                        
{"id":6721,"date":"2022-08-11T20:33:01","date_gmt":"2022-08-11T18:33:01","guid":{"rendered":"https:\/\/oriamendi.eus\/?p=6721"},"modified":"2022-08-11T20:33:04","modified_gmt":"2022-08-11T18:33:04","slug":"la-liguilla-del-kutxabank-comienza-con-victoria-por-la-minima-de-barrenetxea-iv","status":"publish","type":"post","link":"https:\/\/oriamendi.eus\/es\/2022\/08\/11\/la-liguilla-del-kutxabank-comienza-con-victoria-por-la-minima-de-barrenetxea-iv\/","title":{"rendered":"La liguilla del Kutxabank comienza con victoria por la m\u00ednima de Barrenetxea IV"},"content":{"rendered":"\n<p>La liguilla del Torneo Kutxabank comenz\u00f3 de la mejor manera posible, con un partidazo de los que hacen afici\u00f3n. Barrenetxea IV, el defensor del t\u00edtulo, se llev\u00f3 la victoria por la m\u00ednima, 30-29, ante un Juanenea que pele\u00f3 lo indecible y puso contra las cuerdas al zaguero hernaniarra.<\/p>\n\n\n\n<p>Ambos pelotaris dieron espect\u00e1culo del bueno en un partido duro de hora y cinco minutos. El ganador sum\u00f3 cuatro puntos y el perdedor pudo rascar merecidamente dos puntos. Unos puntos que pueden ser vitales a la hora de clasificarse a semifinales y quien sabe si a la final.\u00a0El primer partido de la liguilla hizo honor a la calidad de ambos remontistas. <\/p>\n\n\n\n<p>Comenz\u00f3 con un Barrenetxea arrollador e intratable que lo hac\u00eda todo bien. Sacaba como en \u00e9l es habitual y al resto, al igual que en el peloteo, dominaba pasando a Juanenea con su pegada. As\u00ed se adelant\u00f3 10-2 y 19-9. Todo el m\u00e9rito era del hernaniarra ante un Juanenea que no fallaba, pero se ve\u00eda superado. El de Saldias solo hab\u00eda fallado una pelota. Desde el inicio los tantos eran peloteados, duros con buenas defensas.<\/p>\n\n\n\n<p>Se ve\u00eda dif\u00edcil una posible remontada de Juanenea, pero el navarro este a\u00f1o no es el de anta\u00f1o. Es un remontista mucho m\u00e1s maduro y apoyado en una grada que le anim\u00f3 mucho comenz\u00f3 a darle la vuelta al duelo. Con trabajo se pas\u00f3 a un 20-15, 21-19 y 22-21. El partido estaba en un pa\u00f1uelo, aunque Barrenetxea no estaba por la labor. Volvi\u00f3 a dar un estir\u00f3n para irse 28-23.<\/p>\n\n\n\n<p>El partido parec\u00eda que no se le pod\u00eda escapar. Con cinco tantos de renta y dos por terminar Barrenetxea cometi\u00f3 una falta de saque hizo que Juanenea comenzara una segunda remontada para adelantarse 28-29. Ese parcial de 0-6 le pon\u00eda a un tanto de la victoria.\u00a0Las faltas de saque estuvieron repartidos en los momentos decisivos y as\u00ed el empate a 29 lleg\u00f3 en una falta de Juanenea. En ese momento la grada les ovacion\u00f3 sabiendo el partidazo que hab\u00edan presenciado. El \u00faltimo tanto fue un bello resumen de lo que hab\u00eda sido el partido. El tanto decisivo fue largo, peloteado y al final Juanenea enganch\u00f3 un rebote cort\u00f3 al que acudi\u00f3 veloz Barrenetxea para alcanzarlo y generar un dos paredes que le daba la primera victoria. Sin duda la guinda al partido que se hab\u00eda presenciado.<\/p>\n\n\n\n<p>Barrenetxea termin\u00f3 con siete tantos de saque y 20 en el peloteo. Cometi\u00f3 solo una falta de saque y cuatro errores. Juanenea termin\u00f3 con seis tantos de saque, 19 en el peloteo, una falta de saque y dos errores en el peloteo.<\/p>\n\n\n\n<p>El estelar de parejas no tuvo tanta emoci\u00f3n. Ezkurra II y Larra\u00f1aga se impusieron 31-40 a Ansa II y Martirena. Larra\u00f1aga fue el factor diferencial superando a Martirena.<\/p>\n","protected":false},"excerpt":{"rendered":"<p>La liguilla del Torneo Kutxabank comenz\u00f3 de la mejor manera posible, con un partidazo de los que hacen afici\u00f3n. Barrenetxea IV, el defensor del t\u00edtulo, se llev\u00f3 la victoria por la m\u00ednima, 30-29, ante un Juanenea que pele\u00f3 lo indecible y puso contra las cuerdas al zaguero hernaniarra. Ambos pelotaris dieron espect\u00e1culo del bueno en [&hellip;]<\/p>\n","protected":false},"author":5,"featured_media":6723,"comment_status":"closed","ping_status":"open","sticky":false,"template":"","format":"standard","meta":{"_et_pb_use_builder":"off","_et_pb_old_content":"","_et_gb_content_width":"","footnotes":""},"categories":[1],"tags":[],"yoast_head":"<!-- This site is optimized with the Yoast SEO plugin v21.8 - https:\/\/yoast.com\/wordpress\/plugins\/seo\/ -->\n<title>La liguilla del Kutxabank comienza con victoria por la m\u00ednima de Barrenetxea IV | Oriamendi 2010<\/title>\n<meta name=\"robots\" content=\"index, follow, max-snippet:-1, max-image-preview:large, max-video-preview:-1\" \/>\n<link rel=\"canonical\" href=\"https:\/\/oriamendi.eus\/es\/2022\/08\/11\/la-liguilla-del-kutxabank-comienza-con-victoria-por-la-minima-de-barrenetxea-iv\/\" \/>\n<meta property=\"og:locale\" content=\"es_ES\" \/>\n<meta property=\"og:type\" content=\"article\" \/>\n<meta property=\"og:title\" content=\"La liguilla del Kutxabank comienza con victoria por la m\u00ednima de Barrenetxea IV | Oriamendi 2010\" \/>\n<meta property=\"og:description\" content=\"La liguilla del Torneo Kutxabank comenz\u00f3 de la mejor manera posible, con un partidazo de los que hacen afici\u00f3n. Barrenetxea IV, el defensor del t\u00edtulo, se llev\u00f3 la victoria por la m\u00ednima, 30-29, ante un Juanenea que pele\u00f3 lo indecible y puso contra las cuerdas al zaguero hernaniarra. Ambos pelotaris dieron espect\u00e1culo del bueno en [&hellip;]\" \/>\n<meta property=\"og:url\" content=\"https:\/\/oriamendi.eus\/es\/2022\/08\/11\/la-liguilla-del-kutxabank-comienza-con-victoria-por-la-minima-de-barrenetxea-iv\/\" \/>\n<meta property=\"og:site_name\" content=\"Oriamendi 2010\" \/>\n<meta property=\"article:publisher\" content=\"https:\/\/www.facebook.com\/oriamendi2010remonte\/\" \/>\n<meta property=\"article:published_time\" content=\"2022-08-11T18:33:01+00:00\" \/>\n<meta property=\"article:modified_time\" content=\"2022-08-11T18:33:04+00:00\" \/>\n<meta property=\"og:image\" content=\"https:\/\/oriamendi.eus\/wp-content\/uploads\/2022\/08\/IMG_6847buena.jpg\" \/>\n\t<meta property=\"og:image:width\" content=\"1200\" \/>\n\t<meta property=\"og:image:height\" content=\"800\" \/>\n\t<meta property=\"og:image:type\" content=\"image\/jpeg\" \/>\n<meta name=\"author\" content=\"I\u00f1igo Go\u00f1i\" \/>\n<meta name=\"twitter:card\" content=\"summary_large_image\" \/>\n<meta name=\"twitter:creator\" content=\"@oriamendi2010\" \/>\n<meta name=\"twitter:site\" content=\"@oriamendi2010\" \/>\n<meta name=\"twitter:label1\" content=\"Escrito por\" \/>\n\t<meta name=\"twitter:data1\" content=\"I\u00f1igo Go\u00f1i\" \/>\n\t<meta name=\"twitter:label2\" content=\"Tiempo de lectura\" \/>\n\t<meta name=\"twitter:data2\" content=\"3 minutos\" \/>\n<script type=\"application\/ld+json\" class=\"yoast-schema-graph\">{\"@context\":\"https:\/\/schema.org\",\"@graph\":[{\"@type\":\"Article\",\"@id\":\"https:\/\/oriamendi.eus\/es\/2022\/08\/11\/la-liguilla-del-kutxabank-comienza-con-victoria-por-la-minima-de-barrenetxea-iv\/#article\",\"isPartOf\":{\"@id\":\"https:\/\/oriamendi.eus\/es\/2022\/08\/11\/la-liguilla-del-kutxabank-comienza-con-victoria-por-la-minima-de-barrenetxea-iv\/\"},\"author\":{\"name\":\"I\u00f1igo Go\u00f1i\",\"@id\":\"https:\/\/oriamendi.eus\/es\/#\/schema\/person\/c0bd06c6c747674306a5c82563e2339a\"},\"headline\":\"La liguilla del Kutxabank comienza con victoria por la m\u00ednima de Barrenetxea IV\",\"datePublished\":\"2022-08-11T18:33:01+00:00\",\"dateModified\":\"2022-08-11T18:33:04+00:00\",\"mainEntityOfPage\":{\"@id\":\"https:\/\/oriamendi.eus\/es\/2022\/08\/11\/la-liguilla-del-kutxabank-comienza-con-victoria-por-la-minima-de-barrenetxea-iv\/\"},\"wordCount\":498,\"publisher\":{\"@id\":\"https:\/\/oriamendi.eus\/es\/#organization\"},\"articleSection\":[\"Sin categorizar\"],\"inLanguage\":\"es\"},{\"@type\":\"WebPage\",\"@id\":\"https:\/\/oriamendi.eus\/es\/2022\/08\/11\/la-liguilla-del-kutxabank-comienza-con-victoria-por-la-minima-de-barrenetxea-iv\/\",\"url\":\"https:\/\/oriamendi.eus\/es\/2022\/08\/11\/la-liguilla-del-kutxabank-comienza-con-victoria-por-la-minima-de-barrenetxea-iv\/\",\"name\":\"La liguilla del Kutxabank comienza con victoria por la m\u00ednima de Barrenetxea IV | Oriamendi 2010\",\"isPartOf\":{\"@id\":\"https:\/\/oriamendi.eus\/es\/#website\"},\"datePublished\":\"2022-08-11T18:33:01+00:00\",\"dateModified\":\"2022-08-11T18:33:04+00:00\",\"breadcrumb\":{\"@id\":\"https:\/\/oriamendi.eus\/es\/2022\/08\/11\/la-liguilla-del-kutxabank-comienza-con-victoria-por-la-minima-de-barrenetxea-iv\/#breadcrumb\"},\"inLanguage\":\"es\",\"potentialAction\":[{\"@type\":\"ReadAction\",\"target\":[\"https:\/\/oriamendi.eus\/es\/2022\/08\/11\/la-liguilla-del-kutxabank-comienza-con-victoria-por-la-minima-de-barrenetxea-iv\/\"]}]},{\"@type\":\"BreadcrumbList\",\"@id\":\"https:\/\/oriamendi.eus\/es\/2022\/08\/11\/la-liguilla-del-kutxabank-comienza-con-victoria-por-la-minima-de-barrenetxea-iv\/#breadcrumb\",\"itemListElement\":[{\"@type\":\"ListItem\",\"position\":1,\"name\":\"Portada\",\"item\":\"https:\/\/oriamendi.eus\/es\/\"},{\"@type\":\"ListItem\",\"position\":2,\"name\":\"La liguilla del Kutxabank comienza con victoria por la m\u00ednima de Barrenetxea IV\"}]},{\"@type\":\"WebSite\",\"@id\":\"https:\/\/oriamendi.eus\/es\/#website\",\"url\":\"https:\/\/oriamendi.eus\/es\/\",\"name\":\"Oriamendi\",\"description\":\"Remonte en Galarreta. Hernani. Gipuzkoa\",\"publisher\":{\"@id\":\"https:\/\/oriamendi.eus\/es\/#organization\"},\"potentialAction\":[{\"@type\":\"SearchAction\",\"target\":{\"@type\":\"EntryPoint\",\"urlTemplate\":\"https:\/\/oriamendi.eus\/es\/?s={search_term_string}\"},\"query-input\":\"required name=search_term_string\"}],\"inLanguage\":\"es\"},{\"@type\":\"Organization\",\"@id\":\"https:\/\/oriamendi.eus\/es\/#organization\",\"name\":\"Oriamendi\",\"url\":\"https:\/\/oriamendi.eus\/es\/\",\"logo\":{\"@type\":\"ImageObject\",\"inLanguage\":\"es\",\"@id\":\"https:\/\/oriamendi.eus\/es\/#\/schema\/logo\/image\/\",\"url\":\"https:\/\/oriamendi.eus\/wp-content\/uploads\/2020\/06\/logo-oriamendi.png\",\"contentUrl\":\"https:\/\/oriamendi.eus\/wp-content\/uploads\/2020\/06\/logo-oriamendi.png\",\"width\":300,\"height\":90,\"caption\":\"Oriamendi\"},\"image\":{\"@id\":\"https:\/\/oriamendi.eus\/es\/#\/schema\/logo\/image\/\"},\"sameAs\":[\"https:\/\/www.facebook.com\/oriamendi2010remonte\/\",\"https:\/\/twitter.com\/oriamendi2010\",\"https:\/\/www.instagram.com\/galarretajaialai\/\",\"https:\/\/www.youtube.com\/channel\/UC8gVNzQqB1iwnC-_rI-ihmA\/featured\"]},{\"@type\":\"Person\",\"@id\":\"https:\/\/oriamendi.eus\/es\/#\/schema\/person\/c0bd06c6c747674306a5c82563e2339a\",\"name\":\"I\u00f1igo Go\u00f1i\",\"image\":{\"@type\":\"ImageObject\",\"inLanguage\":\"es\",\"@id\":\"https:\/\/oriamendi.eus\/es\/#\/schema\/person\/image\/\",\"url\":\"https:\/\/secure.gravatar.com\/avatar\/fbb07ffc7b803bbfcc2b6419c06abd3a?s=96&d=mm&r=g\",\"contentUrl\":\"https:\/\/secure.gravatar.com\/avatar\/fbb07ffc7b803bbfcc2b6419c06abd3a?s=96&d=mm&r=g\",\"caption\":\"I\u00f1igo Go\u00f1i\"},\"url\":\"https:\/\/oriamendi.eus\/es\/author\/om-berriak\/\"}]}<\/script>\n<!-- \/ Yoast SEO plugin. -->","yoast_head_json":{"title":"La liguilla del Kutxabank comienza con victoria por la m\u00ednima de Barrenetxea IV | Oriamendi 2010","robots":{"index":"index","follow":"follow","max-snippet":"max-snippet:-1","max-image-preview":"max-image-preview:large","max-video-preview":"max-video-preview:-1"},"canonical":"https:\/\/oriamendi.eus\/es\/2022\/08\/11\/la-liguilla-del-kutxabank-comienza-con-victoria-por-la-minima-de-barrenetxea-iv\/","og_locale":"es_ES","og_type":"article","og_title":"La liguilla del Kutxabank comienza con victoria por la m\u00ednima de Barrenetxea IV | Oriamendi 2010","og_description":"La liguilla del Torneo Kutxabank comenz\u00f3 de la mejor manera posible, con un partidazo de los que hacen afici\u00f3n. Barrenetxea IV, el defensor del t\u00edtulo, se llev\u00f3 la victoria por la m\u00ednima, 30-29, ante un Juanenea que pele\u00f3 lo indecible y puso contra las cuerdas al zaguero hernaniarra. Ambos pelotaris dieron espect\u00e1culo del bueno en [&hellip;]","og_url":"https:\/\/oriamendi.eus\/es\/2022\/08\/11\/la-liguilla-del-kutxabank-comienza-con-victoria-por-la-minima-de-barrenetxea-iv\/","og_site_name":"Oriamendi 2010","article_publisher":"https:\/\/www.facebook.com\/oriamendi2010remonte\/","article_published_time":"2022-08-11T18:33:01+00:00","article_modified_time":"2022-08-11T18:33:04+00:00","og_image":[{"width":1200,"height":800,"url":"https:\/\/oriamendi.eus\/wp-content\/uploads\/2022\/08\/IMG_6847buena.jpg","type":"image\/jpeg"}],"author":"I\u00f1igo Go\u00f1i","twitter_card":"summary_large_image","twitter_creator":"@oriamendi2010","twitter_site":"@oriamendi2010","twitter_misc":{"Escrito por":"I\u00f1igo Go\u00f1i","Tiempo de lectura":"3 minutos"},"schema":{"@context":"https:\/\/schema.org","@graph":[{"@type":"Article","@id":"https:\/\/oriamendi.eus\/es\/2022\/08\/11\/la-liguilla-del-kutxabank-comienza-con-victoria-por-la-minima-de-barrenetxea-iv\/#article","isPartOf":{"@id":"https:\/\/oriamendi.eus\/es\/2022\/08\/11\/la-liguilla-del-kutxabank-comienza-con-victoria-por-la-minima-de-barrenetxea-iv\/"},"author":{"name":"I\u00f1igo Go\u00f1i","@id":"https:\/\/oriamendi.eus\/es\/#\/schema\/person\/c0bd06c6c747674306a5c82563e2339a"},"headline":"La liguilla del Kutxabank comienza con victoria por la m\u00ednima de Barrenetxea IV","datePublished":"2022-08-11T18:33:01+00:00","dateModified":"2022-08-11T18:33:04+00:00","mainEntityOfPage":{"@id":"https:\/\/oriamendi.eus\/es\/2022\/08\/11\/la-liguilla-del-kutxabank-comienza-con-victoria-por-la-minima-de-barrenetxea-iv\/"},"wordCount":498,"publisher":{"@id":"https:\/\/oriamendi.eus\/es\/#organization"},"articleSection":["Sin categorizar"],"inLanguage":"es"},{"@type":"WebPage","@id":"https:\/\/oriamendi.eus\/es\/2022\/08\/11\/la-liguilla-del-kutxabank-comienza-con-victoria-por-la-minima-de-barrenetxea-iv\/","url":"https:\/\/oriamendi.eus\/es\/2022\/08\/11\/la-liguilla-del-kutxabank-comienza-con-victoria-por-la-minima-de-barrenetxea-iv\/","name":"La liguilla del Kutxabank comienza con victoria por la m\u00ednima de Barrenetxea IV | Oriamendi 2010","isPartOf":{"@id":"https:\/\/oriamendi.eus\/es\/#website"},"datePublished":"2022-08-11T18:33:01+00:00","dateModified":"2022-08-11T18:33:04+00:00","breadcrumb":{"@id":"https:\/\/oriamendi.eus\/es\/2022\/08\/11\/la-liguilla-del-kutxabank-comienza-con-victoria-por-la-minima-de-barrenetxea-iv\/#breadcrumb"},"inLanguage":"es","potentialAction":[{"@type":"ReadAction","target":["https:\/\/oriamendi.eus\/es\/2022\/08\/11\/la-liguilla-del-kutxabank-comienza-con-victoria-por-la-minima-de-barrenetxea-iv\/"]}]},{"@type":"BreadcrumbList","@id":"https:\/\/oriamendi.eus\/es\/2022\/08\/11\/la-liguilla-del-kutxabank-comienza-con-victoria-por-la-minima-de-barrenetxea-iv\/#breadcrumb","itemListElement":[{"@type":"ListItem","position":1,"name":"Portada","item":"https:\/\/oriamendi.eus\/es\/"},{"@type":"ListItem","position":2,"name":"La liguilla del Kutxabank comienza con victoria por la m\u00ednima de Barrenetxea IV"}]},{"@type":"WebSite","@id":"https:\/\/oriamendi.eus\/es\/#website","url":"https:\/\/oriamendi.eus\/es\/","name":"Oriamendi","description":"Remonte en Galarreta. Hernani. Gipuzkoa","publisher":{"@id":"https:\/\/oriamendi.eus\/es\/#organization"},"potentialAction":[{"@type":"SearchAction","target":{"@type":"EntryPoint","urlTemplate":"https:\/\/oriamendi.eus\/es\/?s={search_term_string}"},"query-input":"required name=search_term_string"}],"inLanguage":"es"},{"@type":"Organization","@id":"https:\/\/oriamendi.eus\/es\/#organization","name":"Oriamendi","url":"https:\/\/oriamendi.eus\/es\/","logo":{"@type":"ImageObject","inLanguage":"es","@id":"https:\/\/oriamendi.eus\/es\/#\/schema\/logo\/image\/","url":"https:\/\/oriamendi.eus\/wp-content\/uploads\/2020\/06\/logo-oriamendi.png","contentUrl":"https:\/\/oriamendi.eus\/wp-content\/uploads\/2020\/06\/logo-oriamendi.png","width":300,"height":90,"caption":"Oriamendi"},"image":{"@id":"https:\/\/oriamendi.eus\/es\/#\/schema\/logo\/image\/"},"sameAs":["https:\/\/www.facebook.com\/oriamendi2010remonte\/","https:\/\/twitter.com\/oriamendi2010","https:\/\/www.instagram.com\/galarretajaialai\/","https:\/\/www.youtube.com\/channel\/UC8gVNzQqB1iwnC-_rI-ihmA\/featured"]},{"@type":"Person","@id":"https:\/\/oriamendi.eus\/es\/#\/schema\/person\/c0bd06c6c747674306a5c82563e2339a","name":"I\u00f1igo Go\u00f1i","image":{"@type":"ImageObject","inLanguage":"es","@id":"https:\/\/oriamendi.eus\/es\/#\/schema\/person\/image\/","url":"https:\/\/secure.gravatar.com\/avatar\/fbb07ffc7b803bbfcc2b6419c06abd3a?s=96&d=mm&r=g","contentUrl":"https:\/\/secure.gravatar.com\/avatar\/fbb07ffc7b803bbfcc2b6419c06abd3a?s=96&d=mm&r=g","caption":"I\u00f1igo Go\u00f1i"},"url":"https:\/\/oriamendi.eus\/es\/author\/om-berriak\/"}]}},"_links":{"self":[{"href":"https:\/\/oriamendi.eus\/es\/wp-json\/wp\/v2\/posts\/6721"}],"collection":[{"href":"https:\/\/oriamendi.eus\/es\/wp-json\/wp\/v2\/posts"}],"about":[{"href":"https:\/\/oriamendi.eus\/es\/wp-json\/wp\/v2\/types\/post"}],"author":[{"embeddable":true,"href":"https:\/\/oriamendi.eus\/es\/wp-json\/wp\/v2\/users\/5"}],"replies":[{"embeddable":true,"href":"https:\/\/oriamendi.eus\/es\/wp-json\/wp\/v2\/comments?post=6721"}],"version-history":[{"count":1,"href":"https:\/\/oriamendi.eus\/es\/wp-json\/wp\/v2\/posts\/6721\/revisions"}],"predecessor-version":[{"id":6722,"href":"https:\/\/oriamendi.eus\/es\/wp-json\/wp\/v2\/posts\/6721\/revisions\/6722"}],"wp:featuredmedia":[{"embeddable":true,"href":"https:\/\/oriamendi.eus\/es\/wp-json\/wp\/v2\/media\/6723"}],"wp:attachment":[{"href":"https:\/\/oriamendi.eus\/es\/wp-json\/wp\/v2\/media?parent=6721"}],"wp:term":[{"taxonomy":"category","embeddable":true,"href":"https:\/\/oriamendi.eus\/es\/wp-json\/wp\/v2\/categories?post=6721"},{"taxonomy":"post_tag","embeddable":true,"href":"https:\/\/oriamendi.eus\/es\/wp-json\/wp\/v2\/tags?post=6721"}],"curies":[{"name":"wp","href":"https:\/\/api.w.org\/{rel}","templated":true}]}}