                                        
                                        
                                        
                                        
                                        
                                        
                                        
                                        
                                        
                                        
                                        
                                        
                                        
                                        
                                        
                                        
                                        
                                        
{"id":6683,"date":"2022-07-31T21:58:16","date_gmt":"2022-07-31T19:58:16","guid":{"rendered":"https:\/\/oriamendi.eus\/?p=6683"},"modified":"2022-07-31T21:58:19","modified_gmt":"2022-07-31T19:58:19","slug":"ansa-ii-y-azpiroz-se-llevan-la-segunda-txapela-en-poco-mas-de-dos-semanas","status":"publish","type":"post","link":"https:\/\/oriamendi.eus\/es\/2022\/07\/31\/ansa-ii-y-azpiroz-se-llevan-la-segunda-txapela-en-poco-mas-de-dos-semanas\/","title":{"rendered":"Ansa II y Azpiroz se llevan la segunda txapela en poco m\u00e1s de dos semanas"},"content":{"rendered":"\n<p><strong>Se imponen 25-35 en la final del Torneo de Zarautz a Ezkurra II-Juanenea<\/strong><\/p>\n\n\n\n<p><strong>Goikoetxea V-Odei ganan la txapela del grupo B tras vencer 23-35 a Zaldua II-Martirena<\/strong><\/p>\n\n\n\n<p><strong><br><\/strong>Ansa II-Azpiroz siguen de dulce en el verano y en poco m\u00e1s de dos semanas se calaron la segunda txapela al ganar la final del Torneo de Zarautz. En la final se impusieron 25-35 a Juanenea y Ezkurra II. En el Torneo San Ferm\u00edn tambi\u00e9n se llevaron el gato al agua y en el Aritzbatalde de Zarautz no hubo revancha.\u00a0Con m\u00e1s de 300 personas en la grada el ambiente en el front\u00f3n zarauztarra fue espectacular y eso motiv\u00f3 a Ansa II. <\/p>\n\n\n\n<figure class=\"wp-block-image size-large\"><img fetchpriority=\"high\" fetchpriority=\"high\" decoding=\"async\" width=\"1024\" height=\"683\" src=\"https:\/\/oriamendi.eus\/wp-content\/uploads\/2022\/07\/zarautz-ansa-1024x683.jpg\" alt=\"\" class=\"wp-image-6685\" srcset=\"https:\/\/oriamendi.eus\/wp-content\/uploads\/2022\/07\/zarautz-ansa-1024x683.jpg 1024w, https:\/\/oriamendi.eus\/wp-content\/uploads\/2022\/07\/zarautz-ansa-980x653.jpg 980w, https:\/\/oriamendi.eus\/wp-content\/uploads\/2022\/07\/zarautz-ansa-480x320.jpg 480w\" sizes=\"(min-width: 0px) and (max-width: 480px) 480px, (min-width: 481px) and (max-width: 980px) 980px, (min-width: 981px) 1024px, 100vw\" \/><\/figure>\n\n\n\n<p>El urnietarra se encuentra en el mejor momento de su carrera y fue el remontista de la final. Marc\u00f3 diferencias y realiz\u00f3 un partidazo con jugadas de bella factura. Imprimi\u00f3 velocidad a la pelota y Ezkurra II se vio superado en todo momento. La pelea de zagueros estuvo igualada, pero la final se decant\u00f3 en los cuadros alegres.<\/p>\n\n\n\n<p>Los azules salieron muy enchufados al partido y se marcharon en el marcador 4-14 con un Ansa mand\u00f3n. Hubo una reacci\u00f3n colorada que les acerc\u00f3 al 19-21, pero no se vio refrendado despu\u00e9s. Ansa recuper\u00f3 el mando y junto a Azpiroz abrieron brecha para coger rentas de siete-ocho tantos que volvieron a ser de diez en el \u00faltimo tanto.\u00a0Ansa hizo hasta veinte tantos por solo tres fallos. Dos paredes, dejadas, cortadas&#8230; hizo de todo. Ezkurra trabaj\u00f3 y lo intent\u00f3, pero no le acompa\u00f1aron los n\u00fameros, ya que realiz\u00f3 diez tantos por tres fallos. Juanenea y Azpiroz casi calcaron los n\u00fameros. Azpiroz hizo tres tantos de saque y cinco en el peloteo. Defendi\u00f3 en el peloteo una barbaridad. Juanenea tambi\u00e9n hizo ocho tantos, pero divididos en un tanto de saque y siete en el peloteo.<\/p>\n\n\n\n<figure class=\"wp-block-image size-large\"><img decoding=\"async\" width=\"1024\" height=\"683\" src=\"https:\/\/oriamendi.eus\/wp-content\/uploads\/2022\/07\/zarautz-b-1024x683.jpg\" alt=\"\" class=\"wp-image-6687\" srcset=\"https:\/\/oriamendi.eus\/wp-content\/uploads\/2022\/07\/zarautz-b-1024x683.jpg 1024w, https:\/\/oriamendi.eus\/wp-content\/uploads\/2022\/07\/zarautz-b-980x653.jpg 980w, https:\/\/oriamendi.eus\/wp-content\/uploads\/2022\/07\/zarautz-b-480x320.jpg 480w\" sizes=\"(min-width: 0px) and (max-width: 480px) 480px, (min-width: 481px) and (max-width: 980px) 980px, (min-width: 981px) 1024px, 100vw\" \/><\/figure>\n\n\n\n<p><br>En la final del grupo B otro urnietarra, Goikoetxea V, fue el factor diferencial. Junto a Odei se impusieron con facilidad, 23-35 a Zaldua y Martirena. Llevaron el partido controlado a partir del empate a catorce. Los azules se escaparon 16-24 y las ventajas no pararon de crecer hasta el 23-35 final. Martirena estuvo muy bien hasta la mitad del partido, pero luego Odei se puso a su altura.\u00a0<\/p>\n","protected":false},"excerpt":{"rendered":"<p>Se imponen 25-35 en la final del Torneo de Zarautz a Ezkurra II-Juanenea Goikoetxea V-Odei ganan la txapela del grupo B tras vencer 23-35 a Zaldua II-Martirena Ansa II-Azpiroz siguen de dulce en el verano y en poco m\u00e1s de dos semanas se calaron la segunda txapela al ganar la final del Torneo de Zarautz. [&hellip;]<\/p>\n","protected":false},"author":5,"featured_media":6690,"comment_status":"closed","ping_status":"open","sticky":false,"template":"","format":"standard","meta":{"_et_pb_use_builder":"off","_et_pb_old_content":"","_et_gb_content_width":"","footnotes":""},"categories":[1],"tags":[],"yoast_head":"<!-- This site is optimized with the Yoast SEO plugin v21.8 - https:\/\/yoast.com\/wordpress\/plugins\/seo\/ -->\n<title>Ansa II y Azpiroz se llevan la segunda txapela en poco m\u00e1s de dos semanas | Oriamendi 2010<\/title>\n<meta name=\"robots\" content=\"index, follow, max-snippet:-1, max-image-preview:large, max-video-preview:-1\" \/>\n<link rel=\"canonical\" href=\"https:\/\/oriamendi.eus\/es\/2022\/07\/31\/ansa-ii-y-azpiroz-se-llevan-la-segunda-txapela-en-poco-mas-de-dos-semanas\/\" \/>\n<meta property=\"og:locale\" content=\"es_ES\" \/>\n<meta property=\"og:type\" content=\"article\" \/>\n<meta property=\"og:title\" content=\"Ansa II y Azpiroz se llevan la segunda txapela en poco m\u00e1s de dos semanas | Oriamendi 2010\" \/>\n<meta property=\"og:description\" content=\"Se imponen 25-35 en la final del Torneo de Zarautz a Ezkurra II-Juanenea Goikoetxea V-Odei ganan la txapela del grupo B tras vencer 23-35 a Zaldua II-Martirena Ansa II-Azpiroz siguen de dulce en el verano y en poco m\u00e1s de dos semanas se calaron la segunda txapela al ganar la final del Torneo de Zarautz. [&hellip;]\" \/>\n<meta property=\"og:url\" content=\"https:\/\/oriamendi.eus\/es\/2022\/07\/31\/ansa-ii-y-azpiroz-se-llevan-la-segunda-txapela-en-poco-mas-de-dos-semanas\/\" \/>\n<meta property=\"og:site_name\" content=\"Oriamendi 2010\" \/>\n<meta property=\"article:publisher\" content=\"https:\/\/www.facebook.com\/oriamendi2010remonte\/\" \/>\n<meta property=\"article:published_time\" content=\"2022-07-31T19:58:16+00:00\" \/>\n<meta property=\"article:modified_time\" content=\"2022-07-31T19:58:19+00:00\" \/>\n<meta property=\"og:image\" content=\"https:\/\/oriamendi.eus\/wp-content\/uploads\/2022\/07\/zarautz.jpg\" \/>\n\t<meta property=\"og:image:width\" content=\"1200\" \/>\n\t<meta property=\"og:image:height\" content=\"800\" \/>\n\t<meta property=\"og:image:type\" content=\"image\/jpeg\" \/>\n<meta name=\"author\" content=\"I\u00f1igo Go\u00f1i\" \/>\n<meta name=\"twitter:card\" content=\"summary_large_image\" \/>\n<meta name=\"twitter:creator\" content=\"@oriamendi2010\" \/>\n<meta name=\"twitter:site\" content=\"@oriamendi2010\" \/>\n<meta name=\"twitter:label1\" content=\"Escrito por\" \/>\n\t<meta name=\"twitter:data1\" content=\"I\u00f1igo Go\u00f1i\" \/>\n\t<meta name=\"twitter:label2\" content=\"Tiempo de lectura\" \/>\n\t<meta name=\"twitter:data2\" content=\"3 minutos\" \/>\n<script type=\"application\/ld+json\" class=\"yoast-schema-graph\">{\"@context\":\"https:\/\/schema.org\",\"@graph\":[{\"@type\":\"Article\",\"@id\":\"https:\/\/oriamendi.eus\/es\/2022\/07\/31\/ansa-ii-y-azpiroz-se-llevan-la-segunda-txapela-en-poco-mas-de-dos-semanas\/#article\",\"isPartOf\":{\"@id\":\"https:\/\/oriamendi.eus\/es\/2022\/07\/31\/ansa-ii-y-azpiroz-se-llevan-la-segunda-txapela-en-poco-mas-de-dos-semanas\/\"},\"author\":{\"name\":\"I\u00f1igo Go\u00f1i\",\"@id\":\"https:\/\/oriamendi.eus\/es\/#\/schema\/person\/c0bd06c6c747674306a5c82563e2339a\"},\"headline\":\"Ansa II y Azpiroz se llevan la segunda txapela en poco m\u00e1s de dos semanas\",\"datePublished\":\"2022-07-31T19:58:16+00:00\",\"dateModified\":\"2022-07-31T19:58:19+00:00\",\"mainEntityOfPage\":{\"@id\":\"https:\/\/oriamendi.eus\/es\/2022\/07\/31\/ansa-ii-y-azpiroz-se-llevan-la-segunda-txapela-en-poco-mas-de-dos-semanas\/\"},\"wordCount\":398,\"publisher\":{\"@id\":\"https:\/\/oriamendi.eus\/es\/#organization\"},\"articleSection\":[\"Sin categorizar\"],\"inLanguage\":\"es\"},{\"@type\":\"WebPage\",\"@id\":\"https:\/\/oriamendi.eus\/es\/2022\/07\/31\/ansa-ii-y-azpiroz-se-llevan-la-segunda-txapela-en-poco-mas-de-dos-semanas\/\",\"url\":\"https:\/\/oriamendi.eus\/es\/2022\/07\/31\/ansa-ii-y-azpiroz-se-llevan-la-segunda-txapela-en-poco-mas-de-dos-semanas\/\",\"name\":\"Ansa II y Azpiroz se llevan la segunda txapela en poco m\u00e1s de dos semanas | Oriamendi 2010\",\"isPartOf\":{\"@id\":\"https:\/\/oriamendi.eus\/es\/#website\"},\"datePublished\":\"2022-07-31T19:58:16+00:00\",\"dateModified\":\"2022-07-31T19:58:19+00:00\",\"breadcrumb\":{\"@id\":\"https:\/\/oriamendi.eus\/es\/2022\/07\/31\/ansa-ii-y-azpiroz-se-llevan-la-segunda-txapela-en-poco-mas-de-dos-semanas\/#breadcrumb\"},\"inLanguage\":\"es\",\"potentialAction\":[{\"@type\":\"ReadAction\",\"target\":[\"https:\/\/oriamendi.eus\/es\/2022\/07\/31\/ansa-ii-y-azpiroz-se-llevan-la-segunda-txapela-en-poco-mas-de-dos-semanas\/\"]}]},{\"@type\":\"BreadcrumbList\",\"@id\":\"https:\/\/oriamendi.eus\/es\/2022\/07\/31\/ansa-ii-y-azpiroz-se-llevan-la-segunda-txapela-en-poco-mas-de-dos-semanas\/#breadcrumb\",\"itemListElement\":[{\"@type\":\"ListItem\",\"position\":1,\"name\":\"Portada\",\"item\":\"https:\/\/oriamendi.eus\/es\/\"},{\"@type\":\"ListItem\",\"position\":2,\"name\":\"Ansa II y Azpiroz se llevan la segunda txapela en poco m\u00e1s de dos semanas\"}]},{\"@type\":\"WebSite\",\"@id\":\"https:\/\/oriamendi.eus\/es\/#website\",\"url\":\"https:\/\/oriamendi.eus\/es\/\",\"name\":\"Oriamendi\",\"description\":\"Remonte en Galarreta. Hernani. Gipuzkoa\",\"publisher\":{\"@id\":\"https:\/\/oriamendi.eus\/es\/#organization\"},\"potentialAction\":[{\"@type\":\"SearchAction\",\"target\":{\"@type\":\"EntryPoint\",\"urlTemplate\":\"https:\/\/oriamendi.eus\/es\/?s={search_term_string}\"},\"query-input\":\"required name=search_term_string\"}],\"inLanguage\":\"es\"},{\"@type\":\"Organization\",\"@id\":\"https:\/\/oriamendi.eus\/es\/#organization\",\"name\":\"Oriamendi\",\"url\":\"https:\/\/oriamendi.eus\/es\/\",\"logo\":{\"@type\":\"ImageObject\",\"inLanguage\":\"es\",\"@id\":\"https:\/\/oriamendi.eus\/es\/#\/schema\/logo\/image\/\",\"url\":\"https:\/\/oriamendi.eus\/wp-content\/uploads\/2020\/06\/logo-oriamendi.png\",\"contentUrl\":\"https:\/\/oriamendi.eus\/wp-content\/uploads\/2020\/06\/logo-oriamendi.png\",\"width\":300,\"height\":90,\"caption\":\"Oriamendi\"},\"image\":{\"@id\":\"https:\/\/oriamendi.eus\/es\/#\/schema\/logo\/image\/\"},\"sameAs\":[\"https:\/\/www.facebook.com\/oriamendi2010remonte\/\",\"https:\/\/twitter.com\/oriamendi2010\",\"https:\/\/www.instagram.com\/galarretajaialai\/\",\"https:\/\/www.youtube.com\/channel\/UC8gVNzQqB1iwnC-_rI-ihmA\/featured\"]},{\"@type\":\"Person\",\"@id\":\"https:\/\/oriamendi.eus\/es\/#\/schema\/person\/c0bd06c6c747674306a5c82563e2339a\",\"name\":\"I\u00f1igo Go\u00f1i\",\"image\":{\"@type\":\"ImageObject\",\"inLanguage\":\"es\",\"@id\":\"https:\/\/oriamendi.eus\/es\/#\/schema\/person\/image\/\",\"url\":\"https:\/\/secure.gravatar.com\/avatar\/fbb07ffc7b803bbfcc2b6419c06abd3a?s=96&d=mm&r=g\",\"contentUrl\":\"https:\/\/secure.gravatar.com\/avatar\/fbb07ffc7b803bbfcc2b6419c06abd3a?s=96&d=mm&r=g\",\"caption\":\"I\u00f1igo Go\u00f1i\"},\"url\":\"https:\/\/oriamendi.eus\/es\/author\/om-berriak\/\"}]}<\/script>\n<!-- \/ Yoast SEO plugin. -->","yoast_head_json":{"title":"Ansa II y Azpiroz se llevan la segunda txapela en poco m\u00e1s de dos semanas | Oriamendi 2010","robots":{"index":"index","follow":"follow","max-snippet":"max-snippet:-1","max-image-preview":"max-image-preview:large","max-video-preview":"max-video-preview:-1"},"canonical":"https:\/\/oriamendi.eus\/es\/2022\/07\/31\/ansa-ii-y-azpiroz-se-llevan-la-segunda-txapela-en-poco-mas-de-dos-semanas\/","og_locale":"es_ES","og_type":"article","og_title":"Ansa II y Azpiroz se llevan la segunda txapela en poco m\u00e1s de dos semanas | Oriamendi 2010","og_description":"Se imponen 25-35 en la final del Torneo de Zarautz a Ezkurra II-Juanenea Goikoetxea V-Odei ganan la txapela del grupo B tras vencer 23-35 a Zaldua II-Martirena Ansa II-Azpiroz siguen de dulce en el verano y en poco m\u00e1s de dos semanas se calaron la segunda txapela al ganar la final del Torneo de Zarautz. [&hellip;]","og_url":"https:\/\/oriamendi.eus\/es\/2022\/07\/31\/ansa-ii-y-azpiroz-se-llevan-la-segunda-txapela-en-poco-mas-de-dos-semanas\/","og_site_name":"Oriamendi 2010","article_publisher":"https:\/\/www.facebook.com\/oriamendi2010remonte\/","article_published_time":"2022-07-31T19:58:16+00:00","article_modified_time":"2022-07-31T19:58:19+00:00","og_image":[{"width":1200,"height":800,"url":"https:\/\/oriamendi.eus\/wp-content\/uploads\/2022\/07\/zarautz.jpg","type":"image\/jpeg"}],"author":"I\u00f1igo Go\u00f1i","twitter_card":"summary_large_image","twitter_creator":"@oriamendi2010","twitter_site":"@oriamendi2010","twitter_misc":{"Escrito por":"I\u00f1igo Go\u00f1i","Tiempo de lectura":"3 minutos"},"schema":{"@context":"https:\/\/schema.org","@graph":[{"@type":"Article","@id":"https:\/\/oriamendi.eus\/es\/2022\/07\/31\/ansa-ii-y-azpiroz-se-llevan-la-segunda-txapela-en-poco-mas-de-dos-semanas\/#article","isPartOf":{"@id":"https:\/\/oriamendi.eus\/es\/2022\/07\/31\/ansa-ii-y-azpiroz-se-llevan-la-segunda-txapela-en-poco-mas-de-dos-semanas\/"},"author":{"name":"I\u00f1igo Go\u00f1i","@id":"https:\/\/oriamendi.eus\/es\/#\/schema\/person\/c0bd06c6c747674306a5c82563e2339a"},"headline":"Ansa II y Azpiroz se llevan la segunda txapela en poco m\u00e1s de dos semanas","datePublished":"2022-07-31T19:58:16+00:00","dateModified":"2022-07-31T19:58:19+00:00","mainEntityOfPage":{"@id":"https:\/\/oriamendi.eus\/es\/2022\/07\/31\/ansa-ii-y-azpiroz-se-llevan-la-segunda-txapela-en-poco-mas-de-dos-semanas\/"},"wordCount":398,"publisher":{"@id":"https:\/\/oriamendi.eus\/es\/#organization"},"articleSection":["Sin categorizar"],"inLanguage":"es"},{"@type":"WebPage","@id":"https:\/\/oriamendi.eus\/es\/2022\/07\/31\/ansa-ii-y-azpiroz-se-llevan-la-segunda-txapela-en-poco-mas-de-dos-semanas\/","url":"https:\/\/oriamendi.eus\/es\/2022\/07\/31\/ansa-ii-y-azpiroz-se-llevan-la-segunda-txapela-en-poco-mas-de-dos-semanas\/","name":"Ansa II y Azpiroz se llevan la segunda txapela en poco m\u00e1s de dos semanas | Oriamendi 2010","isPartOf":{"@id":"https:\/\/oriamendi.eus\/es\/#website"},"datePublished":"2022-07-31T19:58:16+00:00","dateModified":"2022-07-31T19:58:19+00:00","breadcrumb":{"@id":"https:\/\/oriamendi.eus\/es\/2022\/07\/31\/ansa-ii-y-azpiroz-se-llevan-la-segunda-txapela-en-poco-mas-de-dos-semanas\/#breadcrumb"},"inLanguage":"es","potentialAction":[{"@type":"ReadAction","target":["https:\/\/oriamendi.eus\/es\/2022\/07\/31\/ansa-ii-y-azpiroz-se-llevan-la-segunda-txapela-en-poco-mas-de-dos-semanas\/"]}]},{"@type":"BreadcrumbList","@id":"https:\/\/oriamendi.eus\/es\/2022\/07\/31\/ansa-ii-y-azpiroz-se-llevan-la-segunda-txapela-en-poco-mas-de-dos-semanas\/#breadcrumb","itemListElement":[{"@type":"ListItem","position":1,"name":"Portada","item":"https:\/\/oriamendi.eus\/es\/"},{"@type":"ListItem","position":2,"name":"Ansa II y Azpiroz se llevan la segunda txapela en poco m\u00e1s de dos semanas"}]},{"@type":"WebSite","@id":"https:\/\/oriamendi.eus\/es\/#website","url":"https:\/\/oriamendi.eus\/es\/","name":"Oriamendi","description":"Remonte en Galarreta. Hernani. Gipuzkoa","publisher":{"@id":"https:\/\/oriamendi.eus\/es\/#organization"},"potentialAction":[{"@type":"SearchAction","target":{"@type":"EntryPoint","urlTemplate":"https:\/\/oriamendi.eus\/es\/?s={search_term_string}"},"query-input":"required name=search_term_string"}],"inLanguage":"es"},{"@type":"Organization","@id":"https:\/\/oriamendi.eus\/es\/#organization","name":"Oriamendi","url":"https:\/\/oriamendi.eus\/es\/","logo":{"@type":"ImageObject","inLanguage":"es","@id":"https:\/\/oriamendi.eus\/es\/#\/schema\/logo\/image\/","url":"https:\/\/oriamendi.eus\/wp-content\/uploads\/2020\/06\/logo-oriamendi.png","contentUrl":"https:\/\/oriamendi.eus\/wp-content\/uploads\/2020\/06\/logo-oriamendi.png","width":300,"height":90,"caption":"Oriamendi"},"image":{"@id":"https:\/\/oriamendi.eus\/es\/#\/schema\/logo\/image\/"},"sameAs":["https:\/\/www.facebook.com\/oriamendi2010remonte\/","https:\/\/twitter.com\/oriamendi2010","https:\/\/www.instagram.com\/galarretajaialai\/","https:\/\/www.youtube.com\/channel\/UC8gVNzQqB1iwnC-_rI-ihmA\/featured"]},{"@type":"Person","@id":"https:\/\/oriamendi.eus\/es\/#\/schema\/person\/c0bd06c6c747674306a5c82563e2339a","name":"I\u00f1igo Go\u00f1i","image":{"@type":"ImageObject","inLanguage":"es","@id":"https:\/\/oriamendi.eus\/es\/#\/schema\/person\/image\/","url":"https:\/\/secure.gravatar.com\/avatar\/fbb07ffc7b803bbfcc2b6419c06abd3a?s=96&d=mm&r=g","contentUrl":"https:\/\/secure.gravatar.com\/avatar\/fbb07ffc7b803bbfcc2b6419c06abd3a?s=96&d=mm&r=g","caption":"I\u00f1igo Go\u00f1i"},"url":"https:\/\/oriamendi.eus\/es\/author\/om-berriak\/"}]}},"_links":{"self":[{"href":"https:\/\/oriamendi.eus\/es\/wp-json\/wp\/v2\/posts\/6683"}],"collection":[{"href":"https:\/\/oriamendi.eus\/es\/wp-json\/wp\/v2\/posts"}],"about":[{"href":"https:\/\/oriamendi.eus\/es\/wp-json\/wp\/v2\/types\/post"}],"author":[{"embeddable":true,"href":"https:\/\/oriamendi.eus\/es\/wp-json\/wp\/v2\/users\/5"}],"replies":[{"embeddable":true,"href":"https:\/\/oriamendi.eus\/es\/wp-json\/wp\/v2\/comments?post=6683"}],"version-history":[{"count":3,"href":"https:\/\/oriamendi.eus\/es\/wp-json\/wp\/v2\/posts\/6683\/revisions"}],"predecessor-version":[{"id":6692,"href":"https:\/\/oriamendi.eus\/es\/wp-json\/wp\/v2\/posts\/6683\/revisions\/6692"}],"wp:featuredmedia":[{"embeddable":true,"href":"https:\/\/oriamendi.eus\/es\/wp-json\/wp\/v2\/media\/6690"}],"wp:attachment":[{"href":"https:\/\/oriamendi.eus\/es\/wp-json\/wp\/v2\/media?parent=6683"}],"wp:term":[{"taxonomy":"category","embeddable":true,"href":"https:\/\/oriamendi.eus\/es\/wp-json\/wp\/v2\/categories?post=6683"},{"taxonomy":"post_tag","embeddable":true,"href":"https:\/\/oriamendi.eus\/es\/wp-json\/wp\/v2\/tags?post=6683"}],"curies":[{"name":"wp","href":"https:\/\/api.w.org\/{rel}","templated":true}]}}