                                        
                                        
                                        
                                        
                                        
                                        
                                        
                                        
                                        
                                        
                                        
                                        
                                        
                                        
                                        
                                        
                                        
                                        
{"id":6678,"date":"2022-07-30T20:10:23","date_gmt":"2022-07-30T18:10:23","guid":{"rendered":"https:\/\/oriamendi.eus\/?p=6678"},"modified":"2022-07-30T20:10:26","modified_gmt":"2022-07-30T18:10:26","slug":"el-torneo-de-zarautz-tendra-la-misma-final-que-el-torneo-san-fermin","status":"publish","type":"post","link":"https:\/\/oriamendi.eus\/es\/2022\/07\/30\/el-torneo-de-zarautz-tendra-la-misma-final-que-el-torneo-san-fermin\/","title":{"rendered":"El Torneo de Zarautz tendr\u00e1 la misma final que el Torneo San Ferm\u00edn"},"content":{"rendered":"\n<p><strong>Ezkurra II y Juanenea ganaron 30-35 a Urriza y Zubiri y se medir\u00e1n a Ansa II y Azpiroz en la final de hoy<\/strong><\/p>\n\n\n\n<p><strong>En el grupo B Goikoetxea V-Odei, que ganaron 35-23 a Loitegi-Apezetxea, ser\u00e1n los rivales de Zaldua II-Martirena<\/strong><\/p>\n\n\n\n<p><br>El Torneo de Zarautz vivir\u00e1 ma\u00f1ana a partir de las 17:30 horas las finales del grupo B y del grupo A, en el front\u00f3n Aritzbatalde. En el grupo A la final la disputar\u00e1n Ansa II-Azpiroz contra ezkurra II-Juanenea. Es la misma final que en el Torneo San Ferm\u00edn, despu\u00e9s de que hoy, Ezkurra II y Juanenea se hayan impuesto 30-35 a Urriza y Zubiri en la segunda semifinal.<\/p>\n\n\n\n<p>En el grupo B Goikoetxea V y Odei han eliminado a Loitegi y Apezetxea con comodidad, 35-23, y se enfrentar\u00e1n a Zaldua II y Martirena en la final de ma\u00f1ana.<\/p>\n\n\n\n<p>La semifinal del grupo A ha sido un aut\u00e9ntico partidazo. El partido ha durado una hora donde se ha visto un remonte muy brillante con los cuatro remontistas enchufados. Al final la victoria ha sido azul gracias al acierto de Ezkurra II, que ha estado superlativo con 18 tantos, nueve de ellos a dos paredes. Urriza tambi\u00e9n ha estado a gran nivel con 17 tantos, cuatro en dos paredes. Los zagueros tambi\u00e9n ha brillado. Defendieron mucho y sobre todo han estado muy seguros sin apenas fallar ninguna pelota. El p\u00fablico ha disfrutado mucho y se ha levantado m\u00e1s de una vez para aplaudir.\u00a0El partido ha transcurrido igualado hasta el empate a 25. Al inicio los colorados han cogido una ventaja de cinco tantos, 3-8, pero los azules han vuelto al duelo con rapidez. La semifinal ha tenido momentos espectaculares con empates constantes. El estir\u00f3n azul ha llegado casi al final. Del empate a 25 se ha pasado al 26-30 y han mantenido esas ventajas cortas pero suficientes para llegar a la gran final.<\/p>\n\n\n\n<p>Una final que se espera igualada con cuatro remontistas en forma y con sabor a revancha.<\/p>\n\n\n\n<p>En la semifinal del grupo B ha destacado sobremanera Goikoetxea en ataque y Odei en defensa y en ataque. El zaguero ha logrado 8 tantos de saque y siete en el peloteo sin apenas fallos. Goikoetxea ha terminado inmaculado con cero fallos y 13 tantos. El marcador se igual\u00f3 en el 11-9, pero los colorados han abierto brecha y se han impuesto con claridad.\u00a0<\/p>\n","protected":false},"excerpt":{"rendered":"<p>Ezkurra II y Juanenea ganaron 30-35 a Urriza y Zubiri y se medir\u00e1n a Ansa II y Azpiroz en la final de hoy En el grupo B Goikoetxea V-Odei, que ganaron 35-23 a Loitegi-Apezetxea, ser\u00e1n los rivales de Zaldua II-Martirena El Torneo de Zarautz vivir\u00e1 ma\u00f1ana a partir de las 17:30 horas las finales del [&hellip;]<\/p>\n","protected":false},"author":5,"featured_media":6635,"comment_status":"closed","ping_status":"open","sticky":false,"template":"","format":"standard","meta":{"_et_pb_use_builder":"off","_et_pb_old_content":"","_et_gb_content_width":"","footnotes":""},"categories":[1],"tags":[],"yoast_head":"<!-- This site is optimized with the Yoast SEO plugin v21.8 - https:\/\/yoast.com\/wordpress\/plugins\/seo\/ -->\n<title>El Torneo de Zarautz tendr\u00e1 la misma final que el Torneo San Ferm\u00edn | Oriamendi 2010<\/title>\n<meta name=\"robots\" content=\"index, follow, max-snippet:-1, max-image-preview:large, max-video-preview:-1\" \/>\n<link rel=\"canonical\" href=\"https:\/\/oriamendi.eus\/es\/2022\/07\/30\/el-torneo-de-zarautz-tendra-la-misma-final-que-el-torneo-san-fermin\/\" \/>\n<meta property=\"og:locale\" content=\"es_ES\" \/>\n<meta property=\"og:type\" content=\"article\" \/>\n<meta property=\"og:title\" content=\"El Torneo de Zarautz tendr\u00e1 la misma final que el Torneo San Ferm\u00edn | Oriamendi 2010\" \/>\n<meta property=\"og:description\" content=\"Ezkurra II y Juanenea ganaron 30-35 a Urriza y Zubiri y se medir\u00e1n a Ansa II y Azpiroz en la final de hoy En el grupo B Goikoetxea V-Odei, que ganaron 35-23 a Loitegi-Apezetxea, ser\u00e1n los rivales de Zaldua II-Martirena El Torneo de Zarautz vivir\u00e1 ma\u00f1ana a partir de las 17:30 horas las finales del [&hellip;]\" \/>\n<meta property=\"og:url\" content=\"https:\/\/oriamendi.eus\/es\/2022\/07\/30\/el-torneo-de-zarautz-tendra-la-misma-final-que-el-torneo-san-fermin\/\" \/>\n<meta property=\"og:site_name\" content=\"Oriamendi 2010\" \/>\n<meta property=\"article:publisher\" content=\"https:\/\/www.facebook.com\/oriamendi2010remonte\/\" \/>\n<meta property=\"article:published_time\" content=\"2022-07-30T18:10:23+00:00\" \/>\n<meta property=\"article:modified_time\" content=\"2022-07-30T18:10:26+00:00\" \/>\n<meta property=\"og:image\" content=\"https:\/\/oriamendi.eus\/wp-content\/uploads\/2022\/07\/IMG_12072022_185254_2000_x_1293_pixel.jpg\" \/>\n\t<meta property=\"og:image:width\" content=\"1200\" \/>\n\t<meta property=\"og:image:height\" content=\"776\" \/>\n\t<meta property=\"og:image:type\" content=\"image\/jpeg\" \/>\n<meta name=\"author\" content=\"I\u00f1igo Go\u00f1i\" \/>\n<meta name=\"twitter:card\" content=\"summary_large_image\" \/>\n<meta name=\"twitter:creator\" content=\"@oriamendi2010\" \/>\n<meta name=\"twitter:site\" content=\"@oriamendi2010\" \/>\n<meta name=\"twitter:label1\" content=\"Escrito por\" \/>\n\t<meta name=\"twitter:data1\" content=\"I\u00f1igo Go\u00f1i\" \/>\n\t<meta name=\"twitter:label2\" content=\"Tiempo de lectura\" \/>\n\t<meta name=\"twitter:data2\" content=\"2 minutos\" \/>\n<script type=\"application\/ld+json\" class=\"yoast-schema-graph\">{\"@context\":\"https:\/\/schema.org\",\"@graph\":[{\"@type\":\"Article\",\"@id\":\"https:\/\/oriamendi.eus\/es\/2022\/07\/30\/el-torneo-de-zarautz-tendra-la-misma-final-que-el-torneo-san-fermin\/#article\",\"isPartOf\":{\"@id\":\"https:\/\/oriamendi.eus\/es\/2022\/07\/30\/el-torneo-de-zarautz-tendra-la-misma-final-que-el-torneo-san-fermin\/\"},\"author\":{\"name\":\"I\u00f1igo Go\u00f1i\",\"@id\":\"https:\/\/oriamendi.eus\/es\/#\/schema\/person\/c0bd06c6c747674306a5c82563e2339a\"},\"headline\":\"El Torneo de Zarautz tendr\u00e1 la misma final que el Torneo San Ferm\u00edn\",\"datePublished\":\"2022-07-30T18:10:23+00:00\",\"dateModified\":\"2022-07-30T18:10:26+00:00\",\"mainEntityOfPage\":{\"@id\":\"https:\/\/oriamendi.eus\/es\/2022\/07\/30\/el-torneo-de-zarautz-tendra-la-misma-final-que-el-torneo-san-fermin\/\"},\"wordCount\":414,\"publisher\":{\"@id\":\"https:\/\/oriamendi.eus\/es\/#organization\"},\"articleSection\":[\"Sin categorizar\"],\"inLanguage\":\"es\"},{\"@type\":\"WebPage\",\"@id\":\"https:\/\/oriamendi.eus\/es\/2022\/07\/30\/el-torneo-de-zarautz-tendra-la-misma-final-que-el-torneo-san-fermin\/\",\"url\":\"https:\/\/oriamendi.eus\/es\/2022\/07\/30\/el-torneo-de-zarautz-tendra-la-misma-final-que-el-torneo-san-fermin\/\",\"name\":\"El Torneo de Zarautz tendr\u00e1 la misma final que el Torneo San Ferm\u00edn | Oriamendi 2010\",\"isPartOf\":{\"@id\":\"https:\/\/oriamendi.eus\/es\/#website\"},\"datePublished\":\"2022-07-30T18:10:23+00:00\",\"dateModified\":\"2022-07-30T18:10:26+00:00\",\"breadcrumb\":{\"@id\":\"https:\/\/oriamendi.eus\/es\/2022\/07\/30\/el-torneo-de-zarautz-tendra-la-misma-final-que-el-torneo-san-fermin\/#breadcrumb\"},\"inLanguage\":\"es\",\"potentialAction\":[{\"@type\":\"ReadAction\",\"target\":[\"https:\/\/oriamendi.eus\/es\/2022\/07\/30\/el-torneo-de-zarautz-tendra-la-misma-final-que-el-torneo-san-fermin\/\"]}]},{\"@type\":\"BreadcrumbList\",\"@id\":\"https:\/\/oriamendi.eus\/es\/2022\/07\/30\/el-torneo-de-zarautz-tendra-la-misma-final-que-el-torneo-san-fermin\/#breadcrumb\",\"itemListElement\":[{\"@type\":\"ListItem\",\"position\":1,\"name\":\"Portada\",\"item\":\"https:\/\/oriamendi.eus\/es\/\"},{\"@type\":\"ListItem\",\"position\":2,\"name\":\"El Torneo de Zarautz tendr\u00e1 la misma final que el Torneo San Ferm\u00edn\"}]},{\"@type\":\"WebSite\",\"@id\":\"https:\/\/oriamendi.eus\/es\/#website\",\"url\":\"https:\/\/oriamendi.eus\/es\/\",\"name\":\"Oriamendi\",\"description\":\"Remonte en Galarreta. Hernani. Gipuzkoa\",\"publisher\":{\"@id\":\"https:\/\/oriamendi.eus\/es\/#organization\"},\"potentialAction\":[{\"@type\":\"SearchAction\",\"target\":{\"@type\":\"EntryPoint\",\"urlTemplate\":\"https:\/\/oriamendi.eus\/es\/?s={search_term_string}\"},\"query-input\":\"required name=search_term_string\"}],\"inLanguage\":\"es\"},{\"@type\":\"Organization\",\"@id\":\"https:\/\/oriamendi.eus\/es\/#organization\",\"name\":\"Oriamendi\",\"url\":\"https:\/\/oriamendi.eus\/es\/\",\"logo\":{\"@type\":\"ImageObject\",\"inLanguage\":\"es\",\"@id\":\"https:\/\/oriamendi.eus\/es\/#\/schema\/logo\/image\/\",\"url\":\"https:\/\/oriamendi.eus\/wp-content\/uploads\/2020\/06\/logo-oriamendi.png\",\"contentUrl\":\"https:\/\/oriamendi.eus\/wp-content\/uploads\/2020\/06\/logo-oriamendi.png\",\"width\":300,\"height\":90,\"caption\":\"Oriamendi\"},\"image\":{\"@id\":\"https:\/\/oriamendi.eus\/es\/#\/schema\/logo\/image\/\"},\"sameAs\":[\"https:\/\/www.facebook.com\/oriamendi2010remonte\/\",\"https:\/\/twitter.com\/oriamendi2010\",\"https:\/\/www.instagram.com\/galarretajaialai\/\",\"https:\/\/www.youtube.com\/channel\/UC8gVNzQqB1iwnC-_rI-ihmA\/featured\"]},{\"@type\":\"Person\",\"@id\":\"https:\/\/oriamendi.eus\/es\/#\/schema\/person\/c0bd06c6c747674306a5c82563e2339a\",\"name\":\"I\u00f1igo Go\u00f1i\",\"image\":{\"@type\":\"ImageObject\",\"inLanguage\":\"es\",\"@id\":\"https:\/\/oriamendi.eus\/es\/#\/schema\/person\/image\/\",\"url\":\"https:\/\/secure.gravatar.com\/avatar\/fbb07ffc7b803bbfcc2b6419c06abd3a?s=96&d=mm&r=g\",\"contentUrl\":\"https:\/\/secure.gravatar.com\/avatar\/fbb07ffc7b803bbfcc2b6419c06abd3a?s=96&d=mm&r=g\",\"caption\":\"I\u00f1igo Go\u00f1i\"},\"url\":\"https:\/\/oriamendi.eus\/es\/author\/om-berriak\/\"}]}<\/script>\n<!-- \/ Yoast SEO plugin. -->","yoast_head_json":{"title":"El Torneo de Zarautz tendr\u00e1 la misma final que el Torneo San Ferm\u00edn | Oriamendi 2010","robots":{"index":"index","follow":"follow","max-snippet":"max-snippet:-1","max-image-preview":"max-image-preview:large","max-video-preview":"max-video-preview:-1"},"canonical":"https:\/\/oriamendi.eus\/es\/2022\/07\/30\/el-torneo-de-zarautz-tendra-la-misma-final-que-el-torneo-san-fermin\/","og_locale":"es_ES","og_type":"article","og_title":"El Torneo de Zarautz tendr\u00e1 la misma final que el Torneo San Ferm\u00edn | Oriamendi 2010","og_description":"Ezkurra II y Juanenea ganaron 30-35 a Urriza y Zubiri y se medir\u00e1n a Ansa II y Azpiroz en la final de hoy En el grupo B Goikoetxea V-Odei, que ganaron 35-23 a Loitegi-Apezetxea, ser\u00e1n los rivales de Zaldua II-Martirena El Torneo de Zarautz vivir\u00e1 ma\u00f1ana a partir de las 17:30 horas las finales del [&hellip;]","og_url":"https:\/\/oriamendi.eus\/es\/2022\/07\/30\/el-torneo-de-zarautz-tendra-la-misma-final-que-el-torneo-san-fermin\/","og_site_name":"Oriamendi 2010","article_publisher":"https:\/\/www.facebook.com\/oriamendi2010remonte\/","article_published_time":"2022-07-30T18:10:23+00:00","article_modified_time":"2022-07-30T18:10:26+00:00","og_image":[{"width":1200,"height":776,"url":"https:\/\/oriamendi.eus\/wp-content\/uploads\/2022\/07\/IMG_12072022_185254_2000_x_1293_pixel.jpg","type":"image\/jpeg"}],"author":"I\u00f1igo Go\u00f1i","twitter_card":"summary_large_image","twitter_creator":"@oriamendi2010","twitter_site":"@oriamendi2010","twitter_misc":{"Escrito por":"I\u00f1igo Go\u00f1i","Tiempo de lectura":"2 minutos"},"schema":{"@context":"https:\/\/schema.org","@graph":[{"@type":"Article","@id":"https:\/\/oriamendi.eus\/es\/2022\/07\/30\/el-torneo-de-zarautz-tendra-la-misma-final-que-el-torneo-san-fermin\/#article","isPartOf":{"@id":"https:\/\/oriamendi.eus\/es\/2022\/07\/30\/el-torneo-de-zarautz-tendra-la-misma-final-que-el-torneo-san-fermin\/"},"author":{"name":"I\u00f1igo Go\u00f1i","@id":"https:\/\/oriamendi.eus\/es\/#\/schema\/person\/c0bd06c6c747674306a5c82563e2339a"},"headline":"El Torneo de Zarautz tendr\u00e1 la misma final que el Torneo San Ferm\u00edn","datePublished":"2022-07-30T18:10:23+00:00","dateModified":"2022-07-30T18:10:26+00:00","mainEntityOfPage":{"@id":"https:\/\/oriamendi.eus\/es\/2022\/07\/30\/el-torneo-de-zarautz-tendra-la-misma-final-que-el-torneo-san-fermin\/"},"wordCount":414,"publisher":{"@id":"https:\/\/oriamendi.eus\/es\/#organization"},"articleSection":["Sin categorizar"],"inLanguage":"es"},{"@type":"WebPage","@id":"https:\/\/oriamendi.eus\/es\/2022\/07\/30\/el-torneo-de-zarautz-tendra-la-misma-final-que-el-torneo-san-fermin\/","url":"https:\/\/oriamendi.eus\/es\/2022\/07\/30\/el-torneo-de-zarautz-tendra-la-misma-final-que-el-torneo-san-fermin\/","name":"El Torneo de Zarautz tendr\u00e1 la misma final que el Torneo San Ferm\u00edn | Oriamendi 2010","isPartOf":{"@id":"https:\/\/oriamendi.eus\/es\/#website"},"datePublished":"2022-07-30T18:10:23+00:00","dateModified":"2022-07-30T18:10:26+00:00","breadcrumb":{"@id":"https:\/\/oriamendi.eus\/es\/2022\/07\/30\/el-torneo-de-zarautz-tendra-la-misma-final-que-el-torneo-san-fermin\/#breadcrumb"},"inLanguage":"es","potentialAction":[{"@type":"ReadAction","target":["https:\/\/oriamendi.eus\/es\/2022\/07\/30\/el-torneo-de-zarautz-tendra-la-misma-final-que-el-torneo-san-fermin\/"]}]},{"@type":"BreadcrumbList","@id":"https:\/\/oriamendi.eus\/es\/2022\/07\/30\/el-torneo-de-zarautz-tendra-la-misma-final-que-el-torneo-san-fermin\/#breadcrumb","itemListElement":[{"@type":"ListItem","position":1,"name":"Portada","item":"https:\/\/oriamendi.eus\/es\/"},{"@type":"ListItem","position":2,"name":"El Torneo de Zarautz tendr\u00e1 la misma final que el Torneo San Ferm\u00edn"}]},{"@type":"WebSite","@id":"https:\/\/oriamendi.eus\/es\/#website","url":"https:\/\/oriamendi.eus\/es\/","name":"Oriamendi","description":"Remonte en Galarreta. Hernani. Gipuzkoa","publisher":{"@id":"https:\/\/oriamendi.eus\/es\/#organization"},"potentialAction":[{"@type":"SearchAction","target":{"@type":"EntryPoint","urlTemplate":"https:\/\/oriamendi.eus\/es\/?s={search_term_string}"},"query-input":"required name=search_term_string"}],"inLanguage":"es"},{"@type":"Organization","@id":"https:\/\/oriamendi.eus\/es\/#organization","name":"Oriamendi","url":"https:\/\/oriamendi.eus\/es\/","logo":{"@type":"ImageObject","inLanguage":"es","@id":"https:\/\/oriamendi.eus\/es\/#\/schema\/logo\/image\/","url":"https:\/\/oriamendi.eus\/wp-content\/uploads\/2020\/06\/logo-oriamendi.png","contentUrl":"https:\/\/oriamendi.eus\/wp-content\/uploads\/2020\/06\/logo-oriamendi.png","width":300,"height":90,"caption":"Oriamendi"},"image":{"@id":"https:\/\/oriamendi.eus\/es\/#\/schema\/logo\/image\/"},"sameAs":["https:\/\/www.facebook.com\/oriamendi2010remonte\/","https:\/\/twitter.com\/oriamendi2010","https:\/\/www.instagram.com\/galarretajaialai\/","https:\/\/www.youtube.com\/channel\/UC8gVNzQqB1iwnC-_rI-ihmA\/featured"]},{"@type":"Person","@id":"https:\/\/oriamendi.eus\/es\/#\/schema\/person\/c0bd06c6c747674306a5c82563e2339a","name":"I\u00f1igo Go\u00f1i","image":{"@type":"ImageObject","inLanguage":"es","@id":"https:\/\/oriamendi.eus\/es\/#\/schema\/person\/image\/","url":"https:\/\/secure.gravatar.com\/avatar\/fbb07ffc7b803bbfcc2b6419c06abd3a?s=96&d=mm&r=g","contentUrl":"https:\/\/secure.gravatar.com\/avatar\/fbb07ffc7b803bbfcc2b6419c06abd3a?s=96&d=mm&r=g","caption":"I\u00f1igo Go\u00f1i"},"url":"https:\/\/oriamendi.eus\/es\/author\/om-berriak\/"}]}},"_links":{"self":[{"href":"https:\/\/oriamendi.eus\/es\/wp-json\/wp\/v2\/posts\/6678"}],"collection":[{"href":"https:\/\/oriamendi.eus\/es\/wp-json\/wp\/v2\/posts"}],"about":[{"href":"https:\/\/oriamendi.eus\/es\/wp-json\/wp\/v2\/types\/post"}],"author":[{"embeddable":true,"href":"https:\/\/oriamendi.eus\/es\/wp-json\/wp\/v2\/users\/5"}],"replies":[{"embeddable":true,"href":"https:\/\/oriamendi.eus\/es\/wp-json\/wp\/v2\/comments?post=6678"}],"version-history":[{"count":1,"href":"https:\/\/oriamendi.eus\/es\/wp-json\/wp\/v2\/posts\/6678\/revisions"}],"predecessor-version":[{"id":6679,"href":"https:\/\/oriamendi.eus\/es\/wp-json\/wp\/v2\/posts\/6678\/revisions\/6679"}],"wp:featuredmedia":[{"embeddable":true,"href":"https:\/\/oriamendi.eus\/es\/wp-json\/wp\/v2\/media\/6635"}],"wp:attachment":[{"href":"https:\/\/oriamendi.eus\/es\/wp-json\/wp\/v2\/media?parent=6678"}],"wp:term":[{"taxonomy":"category","embeddable":true,"href":"https:\/\/oriamendi.eus\/es\/wp-json\/wp\/v2\/categories?post=6678"},{"taxonomy":"post_tag","embeddable":true,"href":"https:\/\/oriamendi.eus\/es\/wp-json\/wp\/v2\/tags?post=6678"}],"curies":[{"name":"wp","href":"https:\/\/api.w.org\/{rel}","templated":true}]}}