                                        
                                        
                                        
                                        
                                        
                                        
                                        
                                        
                                        
                                        
                                        
                                        
                                        
                                        
                                        
                                        
                                        
                                        
{"id":6674,"date":"2022-07-29T21:35:46","date_gmt":"2022-07-29T19:35:46","guid":{"rendered":"https:\/\/oriamendi.eus\/?p=6674"},"modified":"2022-07-29T21:35:48","modified_gmt":"2022-07-29T19:35:48","slug":"ansa-ii-y-azpiroz-se-clasifican-para-la-final-del-torneo-de-zarautz","status":"publish","type":"post","link":"https:\/\/oriamendi.eus\/es\/2022\/07\/29\/ansa-ii-y-azpiroz-se-clasifican-para-la-final-del-torneo-de-zarautz\/","title":{"rendered":"Ansa II y Azpiroz se clasifican para la final del Torneo de Zarautz"},"content":{"rendered":"\n<p><strong><br>Ganan 35-26 a Aldabe y Barrenetxea, el mismo resultado que la semifinal del grupo B con victoria de Zaldua II-Martirena<\/strong><\/p>\n\n\n\n<p><br>El Torneo de Zarautz comenz\u00f3 con las dos primeras semifinales de los grupos A y B\u00a0 el mismo resultado en ambos partidos, 35-26.<\/p>\n\n\n\n<p>En el primer partido, correspondiente al grupo B, Zaldua II-Martirena ganaron 35-26 a Etxarri-Labaka y pasan a la final. En el segundo partido, del grupo A, Ansa II-Azpiroz ganaron 26-35 a Aldabe y Barrenetxea IV y ya son finalistas.\u00a0<\/p>\n\n\n\n<p>En el partido del torneo de las estrellas Ansa II y Azpiroz fueron mejores que Aldabe y Barrenetxea. En el front\u00f3n peque\u00f1o los azules se amoldaron mejor y aunque hasta el empate a diez hubo mucha igualdad e incluso ventajas coloradas, los azules lograron sacar provecho al front\u00f3n corto y abrieron peque\u00f1as ventajas que fueron aumentando hasta los nueve del final.\u00a0 Se pas\u00f3 al 13-16, 16-20, 20-27, 23-30 y 26-35 final.<\/p>\n\n\n\n<p>Destac\u00f3 un Azpiroz muy seguro que defendi\u00f3 mucho. Hizo dos tantos de saque y seis en el peloteo. Le acompa\u00f1\u00f3 un Ansa que llev\u00f3 la voz cantante e imprimi\u00f3 velocidad al partido y a la pelota. En los colorados Aldabe no pudo contener y sujetar a los rivales. A Barrenetxea le cost\u00f3 acoplarse al front\u00f3n.\u00a0<\/p>\n\n\n\n<p>El primer partido tuvo un argumento parecido con un Zaldua II y Martirena m\u00e1s seguros que sus rivales. Etxarri fue el pelotari que acus\u00f3 la cancha de Aritzbatalde.\u00a0Al finalizar el partido se sorteo un remonte y una pareja holandesa fue la afortunada. La entrada en el front\u00f3n zarauztarra fue bonita.\u00a0<\/p>\n","protected":false},"excerpt":{"rendered":"<p>Ganan 35-26 a Aldabe y Barrenetxea, el mismo resultado que la semifinal del grupo B con victoria de Zaldua II-Martirena El Torneo de Zarautz comenz\u00f3 con las dos primeras semifinales de los grupos A y B\u00a0 el mismo resultado en ambos partidos, 35-26. En el primer partido, correspondiente al grupo B, Zaldua II-Martirena ganaron 35-26 [&hellip;]<\/p>\n","protected":false},"author":5,"featured_media":6644,"comment_status":"closed","ping_status":"open","sticky":false,"template":"","format":"standard","meta":{"_et_pb_use_builder":"off","_et_pb_old_content":"","_et_gb_content_width":"","footnotes":""},"categories":[1],"tags":[],"yoast_head":"<!-- This site is optimized with the Yoast SEO plugin v21.8 - https:\/\/yoast.com\/wordpress\/plugins\/seo\/ -->\n<title>Ansa II y Azpiroz se clasifican para la final del Torneo de Zarautz | Oriamendi 2010<\/title>\n<meta name=\"robots\" content=\"index, follow, max-snippet:-1, max-image-preview:large, max-video-preview:-1\" \/>\n<link rel=\"canonical\" href=\"https:\/\/oriamendi.eus\/es\/2022\/07\/29\/ansa-ii-y-azpiroz-se-clasifican-para-la-final-del-torneo-de-zarautz\/\" \/>\n<meta property=\"og:locale\" content=\"es_ES\" \/>\n<meta property=\"og:type\" content=\"article\" \/>\n<meta property=\"og:title\" content=\"Ansa II y Azpiroz se clasifican para la final del Torneo de Zarautz | Oriamendi 2010\" \/>\n<meta property=\"og:description\" content=\"Ganan 35-26 a Aldabe y Barrenetxea, el mismo resultado que la semifinal del grupo B con victoria de Zaldua II-Martirena El Torneo de Zarautz comenz\u00f3 con las dos primeras semifinales de los grupos A y B\u00a0 el mismo resultado en ambos partidos, 35-26. En el primer partido, correspondiente al grupo B, Zaldua II-Martirena ganaron 35-26 [&hellip;]\" \/>\n<meta property=\"og:url\" content=\"https:\/\/oriamendi.eus\/es\/2022\/07\/29\/ansa-ii-y-azpiroz-se-clasifican-para-la-final-del-torneo-de-zarautz\/\" \/>\n<meta property=\"og:site_name\" content=\"Oriamendi 2010\" \/>\n<meta property=\"article:publisher\" content=\"https:\/\/www.facebook.com\/oriamendi2010remonte\/\" \/>\n<meta property=\"article:published_time\" content=\"2022-07-29T19:35:46+00:00\" \/>\n<meta property=\"article:modified_time\" content=\"2022-07-29T19:35:48+00:00\" \/>\n<meta property=\"og:image\" content=\"https:\/\/oriamendi.eus\/wp-content\/uploads\/2022\/07\/IMG_15072022_201216_2000_x_1333_pixel.jpg\" \/>\n\t<meta property=\"og:image:width\" content=\"1200\" \/>\n\t<meta property=\"og:image:height\" content=\"800\" \/>\n\t<meta property=\"og:image:type\" content=\"image\/jpeg\" \/>\n<meta name=\"author\" content=\"I\u00f1igo Go\u00f1i\" \/>\n<meta name=\"twitter:card\" content=\"summary_large_image\" \/>\n<meta name=\"twitter:creator\" content=\"@oriamendi2010\" \/>\n<meta name=\"twitter:site\" content=\"@oriamendi2010\" \/>\n<meta name=\"twitter:label1\" content=\"Escrito por\" \/>\n\t<meta name=\"twitter:data1\" content=\"I\u00f1igo Go\u00f1i\" \/>\n\t<meta name=\"twitter:label2\" content=\"Tiempo de lectura\" \/>\n\t<meta name=\"twitter:data2\" content=\"2 minutos\" \/>\n<script type=\"application\/ld+json\" class=\"yoast-schema-graph\">{\"@context\":\"https:\/\/schema.org\",\"@graph\":[{\"@type\":\"Article\",\"@id\":\"https:\/\/oriamendi.eus\/es\/2022\/07\/29\/ansa-ii-y-azpiroz-se-clasifican-para-la-final-del-torneo-de-zarautz\/#article\",\"isPartOf\":{\"@id\":\"https:\/\/oriamendi.eus\/es\/2022\/07\/29\/ansa-ii-y-azpiroz-se-clasifican-para-la-final-del-torneo-de-zarautz\/\"},\"author\":{\"name\":\"I\u00f1igo Go\u00f1i\",\"@id\":\"https:\/\/oriamendi.eus\/es\/#\/schema\/person\/c0bd06c6c747674306a5c82563e2339a\"},\"headline\":\"Ansa II y Azpiroz se clasifican para la final del Torneo de Zarautz\",\"datePublished\":\"2022-07-29T19:35:46+00:00\",\"dateModified\":\"2022-07-29T19:35:48+00:00\",\"mainEntityOfPage\":{\"@id\":\"https:\/\/oriamendi.eus\/es\/2022\/07\/29\/ansa-ii-y-azpiroz-se-clasifican-para-la-final-del-torneo-de-zarautz\/\"},\"wordCount\":279,\"publisher\":{\"@id\":\"https:\/\/oriamendi.eus\/es\/#organization\"},\"articleSection\":[\"Sin categorizar\"],\"inLanguage\":\"es\"},{\"@type\":\"WebPage\",\"@id\":\"https:\/\/oriamendi.eus\/es\/2022\/07\/29\/ansa-ii-y-azpiroz-se-clasifican-para-la-final-del-torneo-de-zarautz\/\",\"url\":\"https:\/\/oriamendi.eus\/es\/2022\/07\/29\/ansa-ii-y-azpiroz-se-clasifican-para-la-final-del-torneo-de-zarautz\/\",\"name\":\"Ansa II y Azpiroz se clasifican para la final del Torneo de Zarautz | Oriamendi 2010\",\"isPartOf\":{\"@id\":\"https:\/\/oriamendi.eus\/es\/#website\"},\"datePublished\":\"2022-07-29T19:35:46+00:00\",\"dateModified\":\"2022-07-29T19:35:48+00:00\",\"breadcrumb\":{\"@id\":\"https:\/\/oriamendi.eus\/es\/2022\/07\/29\/ansa-ii-y-azpiroz-se-clasifican-para-la-final-del-torneo-de-zarautz\/#breadcrumb\"},\"inLanguage\":\"es\",\"potentialAction\":[{\"@type\":\"ReadAction\",\"target\":[\"https:\/\/oriamendi.eus\/es\/2022\/07\/29\/ansa-ii-y-azpiroz-se-clasifican-para-la-final-del-torneo-de-zarautz\/\"]}]},{\"@type\":\"BreadcrumbList\",\"@id\":\"https:\/\/oriamendi.eus\/es\/2022\/07\/29\/ansa-ii-y-azpiroz-se-clasifican-para-la-final-del-torneo-de-zarautz\/#breadcrumb\",\"itemListElement\":[{\"@type\":\"ListItem\",\"position\":1,\"name\":\"Portada\",\"item\":\"https:\/\/oriamendi.eus\/es\/\"},{\"@type\":\"ListItem\",\"position\":2,\"name\":\"Ansa II y Azpiroz se clasifican para la final del Torneo de Zarautz\"}]},{\"@type\":\"WebSite\",\"@id\":\"https:\/\/oriamendi.eus\/es\/#website\",\"url\":\"https:\/\/oriamendi.eus\/es\/\",\"name\":\"Oriamendi\",\"description\":\"Remonte en Galarreta. Hernani. Gipuzkoa\",\"publisher\":{\"@id\":\"https:\/\/oriamendi.eus\/es\/#organization\"},\"potentialAction\":[{\"@type\":\"SearchAction\",\"target\":{\"@type\":\"EntryPoint\",\"urlTemplate\":\"https:\/\/oriamendi.eus\/es\/?s={search_term_string}\"},\"query-input\":\"required name=search_term_string\"}],\"inLanguage\":\"es\"},{\"@type\":\"Organization\",\"@id\":\"https:\/\/oriamendi.eus\/es\/#organization\",\"name\":\"Oriamendi\",\"url\":\"https:\/\/oriamendi.eus\/es\/\",\"logo\":{\"@type\":\"ImageObject\",\"inLanguage\":\"es\",\"@id\":\"https:\/\/oriamendi.eus\/es\/#\/schema\/logo\/image\/\",\"url\":\"https:\/\/oriamendi.eus\/wp-content\/uploads\/2020\/06\/logo-oriamendi.png\",\"contentUrl\":\"https:\/\/oriamendi.eus\/wp-content\/uploads\/2020\/06\/logo-oriamendi.png\",\"width\":300,\"height\":90,\"caption\":\"Oriamendi\"},\"image\":{\"@id\":\"https:\/\/oriamendi.eus\/es\/#\/schema\/logo\/image\/\"},\"sameAs\":[\"https:\/\/www.facebook.com\/oriamendi2010remonte\/\",\"https:\/\/twitter.com\/oriamendi2010\",\"https:\/\/www.instagram.com\/galarretajaialai\/\",\"https:\/\/www.youtube.com\/channel\/UC8gVNzQqB1iwnC-_rI-ihmA\/featured\"]},{\"@type\":\"Person\",\"@id\":\"https:\/\/oriamendi.eus\/es\/#\/schema\/person\/c0bd06c6c747674306a5c82563e2339a\",\"name\":\"I\u00f1igo Go\u00f1i\",\"image\":{\"@type\":\"ImageObject\",\"inLanguage\":\"es\",\"@id\":\"https:\/\/oriamendi.eus\/es\/#\/schema\/person\/image\/\",\"url\":\"https:\/\/secure.gravatar.com\/avatar\/fbb07ffc7b803bbfcc2b6419c06abd3a?s=96&d=mm&r=g\",\"contentUrl\":\"https:\/\/secure.gravatar.com\/avatar\/fbb07ffc7b803bbfcc2b6419c06abd3a?s=96&d=mm&r=g\",\"caption\":\"I\u00f1igo Go\u00f1i\"},\"url\":\"https:\/\/oriamendi.eus\/es\/author\/om-berriak\/\"}]}<\/script>\n<!-- \/ Yoast SEO plugin. -->","yoast_head_json":{"title":"Ansa II y Azpiroz se clasifican para la final del Torneo de Zarautz | Oriamendi 2010","robots":{"index":"index","follow":"follow","max-snippet":"max-snippet:-1","max-image-preview":"max-image-preview:large","max-video-preview":"max-video-preview:-1"},"canonical":"https:\/\/oriamendi.eus\/es\/2022\/07\/29\/ansa-ii-y-azpiroz-se-clasifican-para-la-final-del-torneo-de-zarautz\/","og_locale":"es_ES","og_type":"article","og_title":"Ansa II y Azpiroz se clasifican para la final del Torneo de Zarautz | Oriamendi 2010","og_description":"Ganan 35-26 a Aldabe y Barrenetxea, el mismo resultado que la semifinal del grupo B con victoria de Zaldua II-Martirena El Torneo de Zarautz comenz\u00f3 con las dos primeras semifinales de los grupos A y B\u00a0 el mismo resultado en ambos partidos, 35-26. En el primer partido, correspondiente al grupo B, Zaldua II-Martirena ganaron 35-26 [&hellip;]","og_url":"https:\/\/oriamendi.eus\/es\/2022\/07\/29\/ansa-ii-y-azpiroz-se-clasifican-para-la-final-del-torneo-de-zarautz\/","og_site_name":"Oriamendi 2010","article_publisher":"https:\/\/www.facebook.com\/oriamendi2010remonte\/","article_published_time":"2022-07-29T19:35:46+00:00","article_modified_time":"2022-07-29T19:35:48+00:00","og_image":[{"width":1200,"height":800,"url":"https:\/\/oriamendi.eus\/wp-content\/uploads\/2022\/07\/IMG_15072022_201216_2000_x_1333_pixel.jpg","type":"image\/jpeg"}],"author":"I\u00f1igo Go\u00f1i","twitter_card":"summary_large_image","twitter_creator":"@oriamendi2010","twitter_site":"@oriamendi2010","twitter_misc":{"Escrito por":"I\u00f1igo Go\u00f1i","Tiempo de lectura":"2 minutos"},"schema":{"@context":"https:\/\/schema.org","@graph":[{"@type":"Article","@id":"https:\/\/oriamendi.eus\/es\/2022\/07\/29\/ansa-ii-y-azpiroz-se-clasifican-para-la-final-del-torneo-de-zarautz\/#article","isPartOf":{"@id":"https:\/\/oriamendi.eus\/es\/2022\/07\/29\/ansa-ii-y-azpiroz-se-clasifican-para-la-final-del-torneo-de-zarautz\/"},"author":{"name":"I\u00f1igo Go\u00f1i","@id":"https:\/\/oriamendi.eus\/es\/#\/schema\/person\/c0bd06c6c747674306a5c82563e2339a"},"headline":"Ansa II y Azpiroz se clasifican para la final del Torneo de Zarautz","datePublished":"2022-07-29T19:35:46+00:00","dateModified":"2022-07-29T19:35:48+00:00","mainEntityOfPage":{"@id":"https:\/\/oriamendi.eus\/es\/2022\/07\/29\/ansa-ii-y-azpiroz-se-clasifican-para-la-final-del-torneo-de-zarautz\/"},"wordCount":279,"publisher":{"@id":"https:\/\/oriamendi.eus\/es\/#organization"},"articleSection":["Sin categorizar"],"inLanguage":"es"},{"@type":"WebPage","@id":"https:\/\/oriamendi.eus\/es\/2022\/07\/29\/ansa-ii-y-azpiroz-se-clasifican-para-la-final-del-torneo-de-zarautz\/","url":"https:\/\/oriamendi.eus\/es\/2022\/07\/29\/ansa-ii-y-azpiroz-se-clasifican-para-la-final-del-torneo-de-zarautz\/","name":"Ansa II y Azpiroz se clasifican para la final del Torneo de Zarautz | Oriamendi 2010","isPartOf":{"@id":"https:\/\/oriamendi.eus\/es\/#website"},"datePublished":"2022-07-29T19:35:46+00:00","dateModified":"2022-07-29T19:35:48+00:00","breadcrumb":{"@id":"https:\/\/oriamendi.eus\/es\/2022\/07\/29\/ansa-ii-y-azpiroz-se-clasifican-para-la-final-del-torneo-de-zarautz\/#breadcrumb"},"inLanguage":"es","potentialAction":[{"@type":"ReadAction","target":["https:\/\/oriamendi.eus\/es\/2022\/07\/29\/ansa-ii-y-azpiroz-se-clasifican-para-la-final-del-torneo-de-zarautz\/"]}]},{"@type":"BreadcrumbList","@id":"https:\/\/oriamendi.eus\/es\/2022\/07\/29\/ansa-ii-y-azpiroz-se-clasifican-para-la-final-del-torneo-de-zarautz\/#breadcrumb","itemListElement":[{"@type":"ListItem","position":1,"name":"Portada","item":"https:\/\/oriamendi.eus\/es\/"},{"@type":"ListItem","position":2,"name":"Ansa II y Azpiroz se clasifican para la final del Torneo de Zarautz"}]},{"@type":"WebSite","@id":"https:\/\/oriamendi.eus\/es\/#website","url":"https:\/\/oriamendi.eus\/es\/","name":"Oriamendi","description":"Remonte en Galarreta. Hernani. Gipuzkoa","publisher":{"@id":"https:\/\/oriamendi.eus\/es\/#organization"},"potentialAction":[{"@type":"SearchAction","target":{"@type":"EntryPoint","urlTemplate":"https:\/\/oriamendi.eus\/es\/?s={search_term_string}"},"query-input":"required name=search_term_string"}],"inLanguage":"es"},{"@type":"Organization","@id":"https:\/\/oriamendi.eus\/es\/#organization","name":"Oriamendi","url":"https:\/\/oriamendi.eus\/es\/","logo":{"@type":"ImageObject","inLanguage":"es","@id":"https:\/\/oriamendi.eus\/es\/#\/schema\/logo\/image\/","url":"https:\/\/oriamendi.eus\/wp-content\/uploads\/2020\/06\/logo-oriamendi.png","contentUrl":"https:\/\/oriamendi.eus\/wp-content\/uploads\/2020\/06\/logo-oriamendi.png","width":300,"height":90,"caption":"Oriamendi"},"image":{"@id":"https:\/\/oriamendi.eus\/es\/#\/schema\/logo\/image\/"},"sameAs":["https:\/\/www.facebook.com\/oriamendi2010remonte\/","https:\/\/twitter.com\/oriamendi2010","https:\/\/www.instagram.com\/galarretajaialai\/","https:\/\/www.youtube.com\/channel\/UC8gVNzQqB1iwnC-_rI-ihmA\/featured"]},{"@type":"Person","@id":"https:\/\/oriamendi.eus\/es\/#\/schema\/person\/c0bd06c6c747674306a5c82563e2339a","name":"I\u00f1igo Go\u00f1i","image":{"@type":"ImageObject","inLanguage":"es","@id":"https:\/\/oriamendi.eus\/es\/#\/schema\/person\/image\/","url":"https:\/\/secure.gravatar.com\/avatar\/fbb07ffc7b803bbfcc2b6419c06abd3a?s=96&d=mm&r=g","contentUrl":"https:\/\/secure.gravatar.com\/avatar\/fbb07ffc7b803bbfcc2b6419c06abd3a?s=96&d=mm&r=g","caption":"I\u00f1igo Go\u00f1i"},"url":"https:\/\/oriamendi.eus\/es\/author\/om-berriak\/"}]}},"_links":{"self":[{"href":"https:\/\/oriamendi.eus\/es\/wp-json\/wp\/v2\/posts\/6674"}],"collection":[{"href":"https:\/\/oriamendi.eus\/es\/wp-json\/wp\/v2\/posts"}],"about":[{"href":"https:\/\/oriamendi.eus\/es\/wp-json\/wp\/v2\/types\/post"}],"author":[{"embeddable":true,"href":"https:\/\/oriamendi.eus\/es\/wp-json\/wp\/v2\/users\/5"}],"replies":[{"embeddable":true,"href":"https:\/\/oriamendi.eus\/es\/wp-json\/wp\/v2\/comments?post=6674"}],"version-history":[{"count":1,"href":"https:\/\/oriamendi.eus\/es\/wp-json\/wp\/v2\/posts\/6674\/revisions"}],"predecessor-version":[{"id":6675,"href":"https:\/\/oriamendi.eus\/es\/wp-json\/wp\/v2\/posts\/6674\/revisions\/6675"}],"wp:featuredmedia":[{"embeddable":true,"href":"https:\/\/oriamendi.eus\/es\/wp-json\/wp\/v2\/media\/6644"}],"wp:attachment":[{"href":"https:\/\/oriamendi.eus\/es\/wp-json\/wp\/v2\/media?parent=6674"}],"wp:term":[{"taxonomy":"category","embeddable":true,"href":"https:\/\/oriamendi.eus\/es\/wp-json\/wp\/v2\/categories?post=6674"},{"taxonomy":"post_tag","embeddable":true,"href":"https:\/\/oriamendi.eus\/es\/wp-json\/wp\/v2\/tags?post=6674"}],"curies":[{"name":"wp","href":"https:\/\/api.w.org\/{rel}","templated":true}]}}