                                        
                                        
                                        
                                        
                                        
                                        
                                        
                                        
                                        
                                        
                                        
                                        
                                        
                                        
                                        
                                        
                                        
                                        
{"id":6636,"date":"2022-07-12T19:38:49","date_gmt":"2022-07-12T17:38:49","guid":{"rendered":"https:\/\/oriamendi.eus\/?p=6636"},"modified":"2022-07-12T19:38:52","modified_gmt":"2022-07-12T17:38:52","slug":"ezkurra-y-juanenea-eligen-pelotas-algo-torcidas-en-la-eleccion-de-material","status":"publish","type":"post","link":"https:\/\/oriamendi.eus\/es\/2022\/07\/12\/ezkurra-y-juanenea-eligen-pelotas-algo-torcidas-en-la-eleccion-de-material\/","title":{"rendered":"Ezkurra y Juanenea eligen pelotas algo torcidas en la elecci\u00f3n de material"},"content":{"rendered":"\n<p>Los finalistas acaban de elegir seis pelotas para la final del Torneo San Ferm\u00edn. Ansa II y Azpiroz se enfrentar\u00e1n a Ezkurra II y Juanenea y cada pareja separ\u00f3 tres pelotas.<\/p>\n\n\n\n<p><br>Ansa II no se qued\u00f3 a gusto, sobre todo con las pelotas elegidas por sus rivales. \u00abMe han parecido torcidas\u00bb y Juanenea no se escondi\u00f3. \u00abNosotros en eso no hemos pensado, dos es verdad que cuando las hemos cogido han hecho extra\u00f1os. Queremos aprovechar el saque desde el ancho y luego yo con el pelotazo vivo a ver si hago da\u00f1o. Queremos sacarlos de su sitio \u00ab.<\/p>\n\n\n\n<p>Ansa y Azpiroz eligieron primero y fueron a por pelotas lentas. \u00abDos son lentas y una m\u00e1s viva\u00bb, aseguraba Ansa, pensando que los rivales querr\u00edan pelotas m\u00e1s vivas. \u00abLas dos pelotas de ellos me han parecido muy torcidas. Aritz querr\u00e1 salir desde el ancho para intentar hacer da\u00f1o por ah\u00ed \u00ab.<\/p>\n\n\n\n<p><br>Ezkurra II y Juanenea eligieron despu\u00e9s sus tres pelotas. \u00abImanol est\u00e1 en un gran momento y por eso queremos incomodarle. Tenemos m\u00e1s opciones de mezclar el juego con una pelota peor. Sin embargo, no son pelotas vivas, una s\u00ed, pero dos son lentas. Hab\u00eda de todo y en ese aspecto no hay quejas \u00ab.<\/p>\n","protected":false},"excerpt":{"rendered":"<p>Los finalistas acaban de elegir seis pelotas para la final del Torneo San Ferm\u00edn. Ansa II y Azpiroz se enfrentar\u00e1n a Ezkurra II y Juanenea y cada pareja separ\u00f3 tres pelotas. Ansa II no se qued\u00f3 a gusto, sobre todo con las pelotas elegidas por sus rivales. \u00abMe han parecido torcidas\u00bb y Juanenea no se [&hellip;]<\/p>\n","protected":false},"author":5,"featured_media":6635,"comment_status":"closed","ping_status":"open","sticky":false,"template":"","format":"standard","meta":{"_et_pb_use_builder":"off","_et_pb_old_content":"","_et_gb_content_width":"","footnotes":""},"categories":[1],"tags":[],"yoast_head":"<!-- This site is optimized with the Yoast SEO plugin v21.8 - https:\/\/yoast.com\/wordpress\/plugins\/seo\/ -->\n<title>Ezkurra y Juanenea eligen pelotas algo torcidas en la elecci\u00f3n de material | Oriamendi 2010<\/title>\n<meta name=\"robots\" content=\"index, follow, max-snippet:-1, max-image-preview:large, max-video-preview:-1\" \/>\n<link rel=\"canonical\" href=\"https:\/\/oriamendi.eus\/es\/2022\/07\/12\/ezkurra-y-juanenea-eligen-pelotas-algo-torcidas-en-la-eleccion-de-material\/\" \/>\n<meta property=\"og:locale\" content=\"es_ES\" \/>\n<meta property=\"og:type\" content=\"article\" \/>\n<meta property=\"og:title\" content=\"Ezkurra y Juanenea eligen pelotas algo torcidas en la elecci\u00f3n de material | Oriamendi 2010\" \/>\n<meta property=\"og:description\" content=\"Los finalistas acaban de elegir seis pelotas para la final del Torneo San Ferm\u00edn. Ansa II y Azpiroz se enfrentar\u00e1n a Ezkurra II y Juanenea y cada pareja separ\u00f3 tres pelotas. Ansa II no se qued\u00f3 a gusto, sobre todo con las pelotas elegidas por sus rivales. \u00abMe han parecido torcidas\u00bb y Juanenea no se [&hellip;]\" \/>\n<meta property=\"og:url\" content=\"https:\/\/oriamendi.eus\/es\/2022\/07\/12\/ezkurra-y-juanenea-eligen-pelotas-algo-torcidas-en-la-eleccion-de-material\/\" \/>\n<meta property=\"og:site_name\" content=\"Oriamendi 2010\" \/>\n<meta property=\"article:publisher\" content=\"https:\/\/www.facebook.com\/oriamendi2010remonte\/\" \/>\n<meta property=\"article:published_time\" content=\"2022-07-12T17:38:49+00:00\" \/>\n<meta property=\"article:modified_time\" content=\"2022-07-12T17:38:52+00:00\" \/>\n<meta property=\"og:image\" content=\"https:\/\/oriamendi.eus\/wp-content\/uploads\/2022\/07\/IMG_12072022_185254_2000_x_1293_pixel.jpg\" \/>\n\t<meta property=\"og:image:width\" content=\"1200\" \/>\n\t<meta property=\"og:image:height\" content=\"776\" \/>\n\t<meta property=\"og:image:type\" content=\"image\/jpeg\" \/>\n<meta name=\"author\" content=\"I\u00f1igo Go\u00f1i\" \/>\n<meta name=\"twitter:card\" content=\"summary_large_image\" \/>\n<meta name=\"twitter:creator\" content=\"@oriamendi2010\" \/>\n<meta name=\"twitter:site\" content=\"@oriamendi2010\" \/>\n<meta name=\"twitter:label1\" content=\"Escrito por\" \/>\n\t<meta name=\"twitter:data1\" content=\"I\u00f1igo Go\u00f1i\" \/>\n\t<meta name=\"twitter:label2\" content=\"Tiempo de lectura\" \/>\n\t<meta name=\"twitter:data2\" content=\"1 minuto\" \/>\n<script type=\"application\/ld+json\" class=\"yoast-schema-graph\">{\"@context\":\"https:\/\/schema.org\",\"@graph\":[{\"@type\":\"Article\",\"@id\":\"https:\/\/oriamendi.eus\/es\/2022\/07\/12\/ezkurra-y-juanenea-eligen-pelotas-algo-torcidas-en-la-eleccion-de-material\/#article\",\"isPartOf\":{\"@id\":\"https:\/\/oriamendi.eus\/es\/2022\/07\/12\/ezkurra-y-juanenea-eligen-pelotas-algo-torcidas-en-la-eleccion-de-material\/\"},\"author\":{\"name\":\"I\u00f1igo Go\u00f1i\",\"@id\":\"https:\/\/oriamendi.eus\/es\/#\/schema\/person\/c0bd06c6c747674306a5c82563e2339a\"},\"headline\":\"Ezkurra y Juanenea eligen pelotas algo torcidas en la elecci\u00f3n de material\",\"datePublished\":\"2022-07-12T17:38:49+00:00\",\"dateModified\":\"2022-07-12T17:38:52+00:00\",\"mainEntityOfPage\":{\"@id\":\"https:\/\/oriamendi.eus\/es\/2022\/07\/12\/ezkurra-y-juanenea-eligen-pelotas-algo-torcidas-en-la-eleccion-de-material\/\"},\"wordCount\":224,\"publisher\":{\"@id\":\"https:\/\/oriamendi.eus\/es\/#organization\"},\"articleSection\":[\"Sin categorizar\"],\"inLanguage\":\"es\"},{\"@type\":\"WebPage\",\"@id\":\"https:\/\/oriamendi.eus\/es\/2022\/07\/12\/ezkurra-y-juanenea-eligen-pelotas-algo-torcidas-en-la-eleccion-de-material\/\",\"url\":\"https:\/\/oriamendi.eus\/es\/2022\/07\/12\/ezkurra-y-juanenea-eligen-pelotas-algo-torcidas-en-la-eleccion-de-material\/\",\"name\":\"Ezkurra y Juanenea eligen pelotas algo torcidas en la elecci\u00f3n de material | Oriamendi 2010\",\"isPartOf\":{\"@id\":\"https:\/\/oriamendi.eus\/es\/#website\"},\"datePublished\":\"2022-07-12T17:38:49+00:00\",\"dateModified\":\"2022-07-12T17:38:52+00:00\",\"breadcrumb\":{\"@id\":\"https:\/\/oriamendi.eus\/es\/2022\/07\/12\/ezkurra-y-juanenea-eligen-pelotas-algo-torcidas-en-la-eleccion-de-material\/#breadcrumb\"},\"inLanguage\":\"es\",\"potentialAction\":[{\"@type\":\"ReadAction\",\"target\":[\"https:\/\/oriamendi.eus\/es\/2022\/07\/12\/ezkurra-y-juanenea-eligen-pelotas-algo-torcidas-en-la-eleccion-de-material\/\"]}]},{\"@type\":\"BreadcrumbList\",\"@id\":\"https:\/\/oriamendi.eus\/es\/2022\/07\/12\/ezkurra-y-juanenea-eligen-pelotas-algo-torcidas-en-la-eleccion-de-material\/#breadcrumb\",\"itemListElement\":[{\"@type\":\"ListItem\",\"position\":1,\"name\":\"Portada\",\"item\":\"https:\/\/oriamendi.eus\/es\/\"},{\"@type\":\"ListItem\",\"position\":2,\"name\":\"Ezkurra y Juanenea eligen pelotas algo torcidas en la elecci\u00f3n de material\"}]},{\"@type\":\"WebSite\",\"@id\":\"https:\/\/oriamendi.eus\/es\/#website\",\"url\":\"https:\/\/oriamendi.eus\/es\/\",\"name\":\"Oriamendi\",\"description\":\"Remonte en Galarreta. Hernani. Gipuzkoa\",\"publisher\":{\"@id\":\"https:\/\/oriamendi.eus\/es\/#organization\"},\"potentialAction\":[{\"@type\":\"SearchAction\",\"target\":{\"@type\":\"EntryPoint\",\"urlTemplate\":\"https:\/\/oriamendi.eus\/es\/?s={search_term_string}\"},\"query-input\":\"required name=search_term_string\"}],\"inLanguage\":\"es\"},{\"@type\":\"Organization\",\"@id\":\"https:\/\/oriamendi.eus\/es\/#organization\",\"name\":\"Oriamendi\",\"url\":\"https:\/\/oriamendi.eus\/es\/\",\"logo\":{\"@type\":\"ImageObject\",\"inLanguage\":\"es\",\"@id\":\"https:\/\/oriamendi.eus\/es\/#\/schema\/logo\/image\/\",\"url\":\"https:\/\/oriamendi.eus\/wp-content\/uploads\/2020\/06\/logo-oriamendi.png\",\"contentUrl\":\"https:\/\/oriamendi.eus\/wp-content\/uploads\/2020\/06\/logo-oriamendi.png\",\"width\":300,\"height\":90,\"caption\":\"Oriamendi\"},\"image\":{\"@id\":\"https:\/\/oriamendi.eus\/es\/#\/schema\/logo\/image\/\"},\"sameAs\":[\"https:\/\/www.facebook.com\/oriamendi2010remonte\/\",\"https:\/\/twitter.com\/oriamendi2010\",\"https:\/\/www.instagram.com\/galarretajaialai\/\",\"https:\/\/www.youtube.com\/channel\/UC8gVNzQqB1iwnC-_rI-ihmA\/featured\"]},{\"@type\":\"Person\",\"@id\":\"https:\/\/oriamendi.eus\/es\/#\/schema\/person\/c0bd06c6c747674306a5c82563e2339a\",\"name\":\"I\u00f1igo Go\u00f1i\",\"image\":{\"@type\":\"ImageObject\",\"inLanguage\":\"es\",\"@id\":\"https:\/\/oriamendi.eus\/es\/#\/schema\/person\/image\/\",\"url\":\"https:\/\/secure.gravatar.com\/avatar\/fbb07ffc7b803bbfcc2b6419c06abd3a?s=96&d=mm&r=g\",\"contentUrl\":\"https:\/\/secure.gravatar.com\/avatar\/fbb07ffc7b803bbfcc2b6419c06abd3a?s=96&d=mm&r=g\",\"caption\":\"I\u00f1igo Go\u00f1i\"},\"url\":\"https:\/\/oriamendi.eus\/es\/author\/om-berriak\/\"}]}<\/script>\n<!-- \/ Yoast SEO plugin. -->","yoast_head_json":{"title":"Ezkurra y Juanenea eligen pelotas algo torcidas en la elecci\u00f3n de material | Oriamendi 2010","robots":{"index":"index","follow":"follow","max-snippet":"max-snippet:-1","max-image-preview":"max-image-preview:large","max-video-preview":"max-video-preview:-1"},"canonical":"https:\/\/oriamendi.eus\/es\/2022\/07\/12\/ezkurra-y-juanenea-eligen-pelotas-algo-torcidas-en-la-eleccion-de-material\/","og_locale":"es_ES","og_type":"article","og_title":"Ezkurra y Juanenea eligen pelotas algo torcidas en la elecci\u00f3n de material | Oriamendi 2010","og_description":"Los finalistas acaban de elegir seis pelotas para la final del Torneo San Ferm\u00edn. Ansa II y Azpiroz se enfrentar\u00e1n a Ezkurra II y Juanenea y cada pareja separ\u00f3 tres pelotas. Ansa II no se qued\u00f3 a gusto, sobre todo con las pelotas elegidas por sus rivales. \u00abMe han parecido torcidas\u00bb y Juanenea no se [&hellip;]","og_url":"https:\/\/oriamendi.eus\/es\/2022\/07\/12\/ezkurra-y-juanenea-eligen-pelotas-algo-torcidas-en-la-eleccion-de-material\/","og_site_name":"Oriamendi 2010","article_publisher":"https:\/\/www.facebook.com\/oriamendi2010remonte\/","article_published_time":"2022-07-12T17:38:49+00:00","article_modified_time":"2022-07-12T17:38:52+00:00","og_image":[{"width":1200,"height":776,"url":"https:\/\/oriamendi.eus\/wp-content\/uploads\/2022\/07\/IMG_12072022_185254_2000_x_1293_pixel.jpg","type":"image\/jpeg"}],"author":"I\u00f1igo Go\u00f1i","twitter_card":"summary_large_image","twitter_creator":"@oriamendi2010","twitter_site":"@oriamendi2010","twitter_misc":{"Escrito por":"I\u00f1igo Go\u00f1i","Tiempo de lectura":"1 minuto"},"schema":{"@context":"https:\/\/schema.org","@graph":[{"@type":"Article","@id":"https:\/\/oriamendi.eus\/es\/2022\/07\/12\/ezkurra-y-juanenea-eligen-pelotas-algo-torcidas-en-la-eleccion-de-material\/#article","isPartOf":{"@id":"https:\/\/oriamendi.eus\/es\/2022\/07\/12\/ezkurra-y-juanenea-eligen-pelotas-algo-torcidas-en-la-eleccion-de-material\/"},"author":{"name":"I\u00f1igo Go\u00f1i","@id":"https:\/\/oriamendi.eus\/es\/#\/schema\/person\/c0bd06c6c747674306a5c82563e2339a"},"headline":"Ezkurra y Juanenea eligen pelotas algo torcidas en la elecci\u00f3n de material","datePublished":"2022-07-12T17:38:49+00:00","dateModified":"2022-07-12T17:38:52+00:00","mainEntityOfPage":{"@id":"https:\/\/oriamendi.eus\/es\/2022\/07\/12\/ezkurra-y-juanenea-eligen-pelotas-algo-torcidas-en-la-eleccion-de-material\/"},"wordCount":224,"publisher":{"@id":"https:\/\/oriamendi.eus\/es\/#organization"},"articleSection":["Sin categorizar"],"inLanguage":"es"},{"@type":"WebPage","@id":"https:\/\/oriamendi.eus\/es\/2022\/07\/12\/ezkurra-y-juanenea-eligen-pelotas-algo-torcidas-en-la-eleccion-de-material\/","url":"https:\/\/oriamendi.eus\/es\/2022\/07\/12\/ezkurra-y-juanenea-eligen-pelotas-algo-torcidas-en-la-eleccion-de-material\/","name":"Ezkurra y Juanenea eligen pelotas algo torcidas en la elecci\u00f3n de material | Oriamendi 2010","isPartOf":{"@id":"https:\/\/oriamendi.eus\/es\/#website"},"datePublished":"2022-07-12T17:38:49+00:00","dateModified":"2022-07-12T17:38:52+00:00","breadcrumb":{"@id":"https:\/\/oriamendi.eus\/es\/2022\/07\/12\/ezkurra-y-juanenea-eligen-pelotas-algo-torcidas-en-la-eleccion-de-material\/#breadcrumb"},"inLanguage":"es","potentialAction":[{"@type":"ReadAction","target":["https:\/\/oriamendi.eus\/es\/2022\/07\/12\/ezkurra-y-juanenea-eligen-pelotas-algo-torcidas-en-la-eleccion-de-material\/"]}]},{"@type":"BreadcrumbList","@id":"https:\/\/oriamendi.eus\/es\/2022\/07\/12\/ezkurra-y-juanenea-eligen-pelotas-algo-torcidas-en-la-eleccion-de-material\/#breadcrumb","itemListElement":[{"@type":"ListItem","position":1,"name":"Portada","item":"https:\/\/oriamendi.eus\/es\/"},{"@type":"ListItem","position":2,"name":"Ezkurra y Juanenea eligen pelotas algo torcidas en la elecci\u00f3n de material"}]},{"@type":"WebSite","@id":"https:\/\/oriamendi.eus\/es\/#website","url":"https:\/\/oriamendi.eus\/es\/","name":"Oriamendi","description":"Remonte en Galarreta. Hernani. Gipuzkoa","publisher":{"@id":"https:\/\/oriamendi.eus\/es\/#organization"},"potentialAction":[{"@type":"SearchAction","target":{"@type":"EntryPoint","urlTemplate":"https:\/\/oriamendi.eus\/es\/?s={search_term_string}"},"query-input":"required name=search_term_string"}],"inLanguage":"es"},{"@type":"Organization","@id":"https:\/\/oriamendi.eus\/es\/#organization","name":"Oriamendi","url":"https:\/\/oriamendi.eus\/es\/","logo":{"@type":"ImageObject","inLanguage":"es","@id":"https:\/\/oriamendi.eus\/es\/#\/schema\/logo\/image\/","url":"https:\/\/oriamendi.eus\/wp-content\/uploads\/2020\/06\/logo-oriamendi.png","contentUrl":"https:\/\/oriamendi.eus\/wp-content\/uploads\/2020\/06\/logo-oriamendi.png","width":300,"height":90,"caption":"Oriamendi"},"image":{"@id":"https:\/\/oriamendi.eus\/es\/#\/schema\/logo\/image\/"},"sameAs":["https:\/\/www.facebook.com\/oriamendi2010remonte\/","https:\/\/twitter.com\/oriamendi2010","https:\/\/www.instagram.com\/galarretajaialai\/","https:\/\/www.youtube.com\/channel\/UC8gVNzQqB1iwnC-_rI-ihmA\/featured"]},{"@type":"Person","@id":"https:\/\/oriamendi.eus\/es\/#\/schema\/person\/c0bd06c6c747674306a5c82563e2339a","name":"I\u00f1igo Go\u00f1i","image":{"@type":"ImageObject","inLanguage":"es","@id":"https:\/\/oriamendi.eus\/es\/#\/schema\/person\/image\/","url":"https:\/\/secure.gravatar.com\/avatar\/fbb07ffc7b803bbfcc2b6419c06abd3a?s=96&d=mm&r=g","contentUrl":"https:\/\/secure.gravatar.com\/avatar\/fbb07ffc7b803bbfcc2b6419c06abd3a?s=96&d=mm&r=g","caption":"I\u00f1igo Go\u00f1i"},"url":"https:\/\/oriamendi.eus\/es\/author\/om-berriak\/"}]}},"_links":{"self":[{"href":"https:\/\/oriamendi.eus\/es\/wp-json\/wp\/v2\/posts\/6636"}],"collection":[{"href":"https:\/\/oriamendi.eus\/es\/wp-json\/wp\/v2\/posts"}],"about":[{"href":"https:\/\/oriamendi.eus\/es\/wp-json\/wp\/v2\/types\/post"}],"author":[{"embeddable":true,"href":"https:\/\/oriamendi.eus\/es\/wp-json\/wp\/v2\/users\/5"}],"replies":[{"embeddable":true,"href":"https:\/\/oriamendi.eus\/es\/wp-json\/wp\/v2\/comments?post=6636"}],"version-history":[{"count":1,"href":"https:\/\/oriamendi.eus\/es\/wp-json\/wp\/v2\/posts\/6636\/revisions"}],"predecessor-version":[{"id":6637,"href":"https:\/\/oriamendi.eus\/es\/wp-json\/wp\/v2\/posts\/6636\/revisions\/6637"}],"wp:featuredmedia":[{"embeddable":true,"href":"https:\/\/oriamendi.eus\/es\/wp-json\/wp\/v2\/media\/6635"}],"wp:attachment":[{"href":"https:\/\/oriamendi.eus\/es\/wp-json\/wp\/v2\/media?parent=6636"}],"wp:term":[{"taxonomy":"category","embeddable":true,"href":"https:\/\/oriamendi.eus\/es\/wp-json\/wp\/v2\/categories?post=6636"},{"taxonomy":"post_tag","embeddable":true,"href":"https:\/\/oriamendi.eus\/es\/wp-json\/wp\/v2\/tags?post=6636"}],"curies":[{"name":"wp","href":"https:\/\/api.w.org\/{rel}","templated":true}]}}