                                        
                                        
                                        
                                        
                                        
                                        
                                        
                                        
                                        
                                        
                                        
                                        
                                        
                                        
                                        
                                        
                                        
                                        
{"id":6601,"date":"2022-06-28T08:32:22","date_gmt":"2022-06-28T06:32:22","guid":{"rendered":"https:\/\/oriamendi.eus\/?p=6601"},"modified":"2022-06-28T08:32:24","modified_gmt":"2022-06-28T06:32:24","slug":"aldabe-barrenetxea-iv-y-ezkurra-ii-juanenea-comienzan-con-buen-pie-el-torneo-san-fermin","status":"publish","type":"post","link":"https:\/\/oriamendi.eus\/es\/2022\/06\/28\/aldabe-barrenetxea-iv-y-ezkurra-ii-juanenea-comienzan-con-buen-pie-el-torneo-san-fermin\/","title":{"rendered":"Aldabe-Barrenetxea IV y Ezkurra II-Juanenea comienzan con buen pie el Torneo San Ferm\u00edn"},"content":{"rendered":"\n<p>Aldabe-Barrenetxea IV y Ezkurra II-Juanenea comenzaron con victoria el Torneo San Ferm\u00edn. Los primeros ganaron 30-23 a Urriza y Labaka, mientras los segundos, se impon\u00edan 25-30 a Ansa II-Azpiroz. Los ganadores sumaron cuatro puntos en la clasificaci\u00f3n y entre los perdedores Ezkurra II-Juanenea sumaron uno y Urriza-Labaka no sumaron puntos.<\/p>\n\n\n\n<p>En el primer partido Barrenetxea fue el remontista m\u00e1s destacado. El partido mucha igualdad hasta el 20-19 con alternativas. Urriza trabaj\u00f3 mucho hasta ese momento, pero en la \u00faltima decena el zaguero hernaniarra marc\u00f3 la diferencia. Aldabe imprimi\u00f3 velocidad a la pelota, aunque le cost\u00f3 terminar tantos. Cumpli\u00f3 ante un Urriza que aguant\u00f3 a base de trabajo aunque al final los azules claudicaron ante la fuerza colorada.<\/p>\n\n\n\n<p>En el segundo partido la c\u00e1tedra apostaba por la pareja colorada, pero los azules comandaron el marcador casi desde el principio apoyados en la seguridad de Juanenea. Desde que ha pasado a la zona zagueril el de Saldias se est\u00e1 mostrando segur\u00edsimo. Los azules llevaron la iniciativa y aunque parec\u00eda que iban a ganar m\u00e1s c\u00f3modos los colorados rescataron un punto que les supo a gloria viendo el trascurso del partido. Las ventajas rondaron los diez tantos en fases avanzadas del partido. Juanenea estuvo mejor que Azpiroz sobre todo en defensa. Adelante Ezkurra hizo el doble de tantos que Ansa, aunque tambi\u00e9n cometi\u00f3 errores. En los momentos decisivos Juanenea sac\u00f3, peg\u00f3 y comand\u00f3 a los azules.\u00a0<\/p>\n","protected":false},"excerpt":{"rendered":"<p>Aldabe-Barrenetxea IV y Ezkurra II-Juanenea comenzaron con victoria el Torneo San Ferm\u00edn. Los primeros ganaron 30-23 a Urriza y Labaka, mientras los segundos, se impon\u00edan 25-30 a Ansa II-Azpiroz. Los ganadores sumaron cuatro puntos en la clasificaci\u00f3n y entre los perdedores Ezkurra II-Juanenea sumaron uno y Urriza-Labaka no sumaron puntos. En el primer partido Barrenetxea [&hellip;]<\/p>\n","protected":false},"author":5,"featured_media":6603,"comment_status":"closed","ping_status":"open","sticky":false,"template":"","format":"standard","meta":{"_et_pb_use_builder":"off","_et_pb_old_content":"","_et_gb_content_width":"","footnotes":""},"categories":[1],"tags":[],"yoast_head":"<!-- This site is optimized with the Yoast SEO plugin v21.8 - https:\/\/yoast.com\/wordpress\/plugins\/seo\/ -->\n<title>Aldabe-Barrenetxea IV y Ezkurra II-Juanenea comienzan con buen pie el Torneo San Ferm\u00edn | Oriamendi 2010<\/title>\n<meta name=\"robots\" content=\"index, follow, max-snippet:-1, max-image-preview:large, max-video-preview:-1\" \/>\n<link rel=\"canonical\" href=\"https:\/\/oriamendi.eus\/es\/2022\/06\/28\/aldabe-barrenetxea-iv-y-ezkurra-ii-juanenea-comienzan-con-buen-pie-el-torneo-san-fermin\/\" \/>\n<meta property=\"og:locale\" content=\"es_ES\" \/>\n<meta property=\"og:type\" content=\"article\" \/>\n<meta property=\"og:title\" content=\"Aldabe-Barrenetxea IV y Ezkurra II-Juanenea comienzan con buen pie el Torneo San Ferm\u00edn | Oriamendi 2010\" \/>\n<meta property=\"og:description\" content=\"Aldabe-Barrenetxea IV y Ezkurra II-Juanenea comenzaron con victoria el Torneo San Ferm\u00edn. Los primeros ganaron 30-23 a Urriza y Labaka, mientras los segundos, se impon\u00edan 25-30 a Ansa II-Azpiroz. Los ganadores sumaron cuatro puntos en la clasificaci\u00f3n y entre los perdedores Ezkurra II-Juanenea sumaron uno y Urriza-Labaka no sumaron puntos. En el primer partido Barrenetxea [&hellip;]\" \/>\n<meta property=\"og:url\" content=\"https:\/\/oriamendi.eus\/es\/2022\/06\/28\/aldabe-barrenetxea-iv-y-ezkurra-ii-juanenea-comienzan-con-buen-pie-el-torneo-san-fermin\/\" \/>\n<meta property=\"og:site_name\" content=\"Oriamendi 2010\" \/>\n<meta property=\"article:publisher\" content=\"https:\/\/www.facebook.com\/oriamendi2010remonte\/\" \/>\n<meta property=\"article:published_time\" content=\"2022-06-28T06:32:22+00:00\" \/>\n<meta property=\"article:modified_time\" content=\"2022-06-28T06:32:24+00:00\" \/>\n<meta property=\"og:image\" content=\"https:\/\/oriamendi.eus\/wp-content\/uploads\/2022\/06\/IMG_23062022_182747_2000_x_1333_pixel.jpg\" \/>\n\t<meta property=\"og:image:width\" content=\"1200\" \/>\n\t<meta property=\"og:image:height\" content=\"800\" \/>\n\t<meta property=\"og:image:type\" content=\"image\/jpeg\" \/>\n<meta name=\"author\" content=\"I\u00f1igo Go\u00f1i\" \/>\n<meta name=\"twitter:card\" content=\"summary_large_image\" \/>\n<meta name=\"twitter:creator\" content=\"@oriamendi2010\" \/>\n<meta name=\"twitter:site\" content=\"@oriamendi2010\" \/>\n<meta name=\"twitter:label1\" content=\"Escrito por\" \/>\n\t<meta name=\"twitter:data1\" content=\"I\u00f1igo Go\u00f1i\" \/>\n\t<meta name=\"twitter:label2\" content=\"Tiempo de lectura\" \/>\n\t<meta name=\"twitter:data2\" content=\"2 minutos\" \/>\n<script type=\"application\/ld+json\" class=\"yoast-schema-graph\">{\"@context\":\"https:\/\/schema.org\",\"@graph\":[{\"@type\":\"Article\",\"@id\":\"https:\/\/oriamendi.eus\/es\/2022\/06\/28\/aldabe-barrenetxea-iv-y-ezkurra-ii-juanenea-comienzan-con-buen-pie-el-torneo-san-fermin\/#article\",\"isPartOf\":{\"@id\":\"https:\/\/oriamendi.eus\/es\/2022\/06\/28\/aldabe-barrenetxea-iv-y-ezkurra-ii-juanenea-comienzan-con-buen-pie-el-torneo-san-fermin\/\"},\"author\":{\"name\":\"I\u00f1igo Go\u00f1i\",\"@id\":\"https:\/\/oriamendi.eus\/es\/#\/schema\/person\/c0bd06c6c747674306a5c82563e2339a\"},\"headline\":\"Aldabe-Barrenetxea IV y Ezkurra II-Juanenea comienzan con buen pie el Torneo San Ferm\u00edn\",\"datePublished\":\"2022-06-28T06:32:22+00:00\",\"dateModified\":\"2022-06-28T06:32:24+00:00\",\"mainEntityOfPage\":{\"@id\":\"https:\/\/oriamendi.eus\/es\/2022\/06\/28\/aldabe-barrenetxea-iv-y-ezkurra-ii-juanenea-comienzan-con-buen-pie-el-torneo-san-fermin\/\"},\"wordCount\":257,\"publisher\":{\"@id\":\"https:\/\/oriamendi.eus\/es\/#organization\"},\"articleSection\":[\"Sin categorizar\"],\"inLanguage\":\"es\"},{\"@type\":\"WebPage\",\"@id\":\"https:\/\/oriamendi.eus\/es\/2022\/06\/28\/aldabe-barrenetxea-iv-y-ezkurra-ii-juanenea-comienzan-con-buen-pie-el-torneo-san-fermin\/\",\"url\":\"https:\/\/oriamendi.eus\/es\/2022\/06\/28\/aldabe-barrenetxea-iv-y-ezkurra-ii-juanenea-comienzan-con-buen-pie-el-torneo-san-fermin\/\",\"name\":\"Aldabe-Barrenetxea IV y Ezkurra II-Juanenea comienzan con buen pie el Torneo San Ferm\u00edn | Oriamendi 2010\",\"isPartOf\":{\"@id\":\"https:\/\/oriamendi.eus\/es\/#website\"},\"datePublished\":\"2022-06-28T06:32:22+00:00\",\"dateModified\":\"2022-06-28T06:32:24+00:00\",\"breadcrumb\":{\"@id\":\"https:\/\/oriamendi.eus\/es\/2022\/06\/28\/aldabe-barrenetxea-iv-y-ezkurra-ii-juanenea-comienzan-con-buen-pie-el-torneo-san-fermin\/#breadcrumb\"},\"inLanguage\":\"es\",\"potentialAction\":[{\"@type\":\"ReadAction\",\"target\":[\"https:\/\/oriamendi.eus\/es\/2022\/06\/28\/aldabe-barrenetxea-iv-y-ezkurra-ii-juanenea-comienzan-con-buen-pie-el-torneo-san-fermin\/\"]}]},{\"@type\":\"BreadcrumbList\",\"@id\":\"https:\/\/oriamendi.eus\/es\/2022\/06\/28\/aldabe-barrenetxea-iv-y-ezkurra-ii-juanenea-comienzan-con-buen-pie-el-torneo-san-fermin\/#breadcrumb\",\"itemListElement\":[{\"@type\":\"ListItem\",\"position\":1,\"name\":\"Portada\",\"item\":\"https:\/\/oriamendi.eus\/es\/\"},{\"@type\":\"ListItem\",\"position\":2,\"name\":\"Aldabe-Barrenetxea IV y Ezkurra II-Juanenea comienzan con buen pie el Torneo San Ferm\u00edn\"}]},{\"@type\":\"WebSite\",\"@id\":\"https:\/\/oriamendi.eus\/es\/#website\",\"url\":\"https:\/\/oriamendi.eus\/es\/\",\"name\":\"Oriamendi\",\"description\":\"Remonte en Galarreta. Hernani. Gipuzkoa\",\"publisher\":{\"@id\":\"https:\/\/oriamendi.eus\/es\/#organization\"},\"potentialAction\":[{\"@type\":\"SearchAction\",\"target\":{\"@type\":\"EntryPoint\",\"urlTemplate\":\"https:\/\/oriamendi.eus\/es\/?s={search_term_string}\"},\"query-input\":\"required name=search_term_string\"}],\"inLanguage\":\"es\"},{\"@type\":\"Organization\",\"@id\":\"https:\/\/oriamendi.eus\/es\/#organization\",\"name\":\"Oriamendi\",\"url\":\"https:\/\/oriamendi.eus\/es\/\",\"logo\":{\"@type\":\"ImageObject\",\"inLanguage\":\"es\",\"@id\":\"https:\/\/oriamendi.eus\/es\/#\/schema\/logo\/image\/\",\"url\":\"https:\/\/oriamendi.eus\/wp-content\/uploads\/2020\/06\/logo-oriamendi.png\",\"contentUrl\":\"https:\/\/oriamendi.eus\/wp-content\/uploads\/2020\/06\/logo-oriamendi.png\",\"width\":300,\"height\":90,\"caption\":\"Oriamendi\"},\"image\":{\"@id\":\"https:\/\/oriamendi.eus\/es\/#\/schema\/logo\/image\/\"},\"sameAs\":[\"https:\/\/www.facebook.com\/oriamendi2010remonte\/\",\"https:\/\/twitter.com\/oriamendi2010\",\"https:\/\/www.instagram.com\/galarretajaialai\/\",\"https:\/\/www.youtube.com\/channel\/UC8gVNzQqB1iwnC-_rI-ihmA\/featured\"]},{\"@type\":\"Person\",\"@id\":\"https:\/\/oriamendi.eus\/es\/#\/schema\/person\/c0bd06c6c747674306a5c82563e2339a\",\"name\":\"I\u00f1igo Go\u00f1i\",\"image\":{\"@type\":\"ImageObject\",\"inLanguage\":\"es\",\"@id\":\"https:\/\/oriamendi.eus\/es\/#\/schema\/person\/image\/\",\"url\":\"https:\/\/secure.gravatar.com\/avatar\/fbb07ffc7b803bbfcc2b6419c06abd3a?s=96&d=mm&r=g\",\"contentUrl\":\"https:\/\/secure.gravatar.com\/avatar\/fbb07ffc7b803bbfcc2b6419c06abd3a?s=96&d=mm&r=g\",\"caption\":\"I\u00f1igo Go\u00f1i\"},\"url\":\"https:\/\/oriamendi.eus\/es\/author\/om-berriak\/\"}]}<\/script>\n<!-- \/ Yoast SEO plugin. -->","yoast_head_json":{"title":"Aldabe-Barrenetxea IV y Ezkurra II-Juanenea comienzan con buen pie el Torneo San Ferm\u00edn | Oriamendi 2010","robots":{"index":"index","follow":"follow","max-snippet":"max-snippet:-1","max-image-preview":"max-image-preview:large","max-video-preview":"max-video-preview:-1"},"canonical":"https:\/\/oriamendi.eus\/es\/2022\/06\/28\/aldabe-barrenetxea-iv-y-ezkurra-ii-juanenea-comienzan-con-buen-pie-el-torneo-san-fermin\/","og_locale":"es_ES","og_type":"article","og_title":"Aldabe-Barrenetxea IV y Ezkurra II-Juanenea comienzan con buen pie el Torneo San Ferm\u00edn | Oriamendi 2010","og_description":"Aldabe-Barrenetxea IV y Ezkurra II-Juanenea comenzaron con victoria el Torneo San Ferm\u00edn. Los primeros ganaron 30-23 a Urriza y Labaka, mientras los segundos, se impon\u00edan 25-30 a Ansa II-Azpiroz. Los ganadores sumaron cuatro puntos en la clasificaci\u00f3n y entre los perdedores Ezkurra II-Juanenea sumaron uno y Urriza-Labaka no sumaron puntos. En el primer partido Barrenetxea [&hellip;]","og_url":"https:\/\/oriamendi.eus\/es\/2022\/06\/28\/aldabe-barrenetxea-iv-y-ezkurra-ii-juanenea-comienzan-con-buen-pie-el-torneo-san-fermin\/","og_site_name":"Oriamendi 2010","article_publisher":"https:\/\/www.facebook.com\/oriamendi2010remonte\/","article_published_time":"2022-06-28T06:32:22+00:00","article_modified_time":"2022-06-28T06:32:24+00:00","og_image":[{"width":1200,"height":800,"url":"https:\/\/oriamendi.eus\/wp-content\/uploads\/2022\/06\/IMG_23062022_182747_2000_x_1333_pixel.jpg","type":"image\/jpeg"}],"author":"I\u00f1igo Go\u00f1i","twitter_card":"summary_large_image","twitter_creator":"@oriamendi2010","twitter_site":"@oriamendi2010","twitter_misc":{"Escrito por":"I\u00f1igo Go\u00f1i","Tiempo de lectura":"2 minutos"},"schema":{"@context":"https:\/\/schema.org","@graph":[{"@type":"Article","@id":"https:\/\/oriamendi.eus\/es\/2022\/06\/28\/aldabe-barrenetxea-iv-y-ezkurra-ii-juanenea-comienzan-con-buen-pie-el-torneo-san-fermin\/#article","isPartOf":{"@id":"https:\/\/oriamendi.eus\/es\/2022\/06\/28\/aldabe-barrenetxea-iv-y-ezkurra-ii-juanenea-comienzan-con-buen-pie-el-torneo-san-fermin\/"},"author":{"name":"I\u00f1igo Go\u00f1i","@id":"https:\/\/oriamendi.eus\/es\/#\/schema\/person\/c0bd06c6c747674306a5c82563e2339a"},"headline":"Aldabe-Barrenetxea IV y Ezkurra II-Juanenea comienzan con buen pie el Torneo San Ferm\u00edn","datePublished":"2022-06-28T06:32:22+00:00","dateModified":"2022-06-28T06:32:24+00:00","mainEntityOfPage":{"@id":"https:\/\/oriamendi.eus\/es\/2022\/06\/28\/aldabe-barrenetxea-iv-y-ezkurra-ii-juanenea-comienzan-con-buen-pie-el-torneo-san-fermin\/"},"wordCount":257,"publisher":{"@id":"https:\/\/oriamendi.eus\/es\/#organization"},"articleSection":["Sin categorizar"],"inLanguage":"es"},{"@type":"WebPage","@id":"https:\/\/oriamendi.eus\/es\/2022\/06\/28\/aldabe-barrenetxea-iv-y-ezkurra-ii-juanenea-comienzan-con-buen-pie-el-torneo-san-fermin\/","url":"https:\/\/oriamendi.eus\/es\/2022\/06\/28\/aldabe-barrenetxea-iv-y-ezkurra-ii-juanenea-comienzan-con-buen-pie-el-torneo-san-fermin\/","name":"Aldabe-Barrenetxea IV y Ezkurra II-Juanenea comienzan con buen pie el Torneo San Ferm\u00edn | Oriamendi 2010","isPartOf":{"@id":"https:\/\/oriamendi.eus\/es\/#website"},"datePublished":"2022-06-28T06:32:22+00:00","dateModified":"2022-06-28T06:32:24+00:00","breadcrumb":{"@id":"https:\/\/oriamendi.eus\/es\/2022\/06\/28\/aldabe-barrenetxea-iv-y-ezkurra-ii-juanenea-comienzan-con-buen-pie-el-torneo-san-fermin\/#breadcrumb"},"inLanguage":"es","potentialAction":[{"@type":"ReadAction","target":["https:\/\/oriamendi.eus\/es\/2022\/06\/28\/aldabe-barrenetxea-iv-y-ezkurra-ii-juanenea-comienzan-con-buen-pie-el-torneo-san-fermin\/"]}]},{"@type":"BreadcrumbList","@id":"https:\/\/oriamendi.eus\/es\/2022\/06\/28\/aldabe-barrenetxea-iv-y-ezkurra-ii-juanenea-comienzan-con-buen-pie-el-torneo-san-fermin\/#breadcrumb","itemListElement":[{"@type":"ListItem","position":1,"name":"Portada","item":"https:\/\/oriamendi.eus\/es\/"},{"@type":"ListItem","position":2,"name":"Aldabe-Barrenetxea IV y Ezkurra II-Juanenea comienzan con buen pie el Torneo San Ferm\u00edn"}]},{"@type":"WebSite","@id":"https:\/\/oriamendi.eus\/es\/#website","url":"https:\/\/oriamendi.eus\/es\/","name":"Oriamendi","description":"Remonte en Galarreta. Hernani. Gipuzkoa","publisher":{"@id":"https:\/\/oriamendi.eus\/es\/#organization"},"potentialAction":[{"@type":"SearchAction","target":{"@type":"EntryPoint","urlTemplate":"https:\/\/oriamendi.eus\/es\/?s={search_term_string}"},"query-input":"required name=search_term_string"}],"inLanguage":"es"},{"@type":"Organization","@id":"https:\/\/oriamendi.eus\/es\/#organization","name":"Oriamendi","url":"https:\/\/oriamendi.eus\/es\/","logo":{"@type":"ImageObject","inLanguage":"es","@id":"https:\/\/oriamendi.eus\/es\/#\/schema\/logo\/image\/","url":"https:\/\/oriamendi.eus\/wp-content\/uploads\/2020\/06\/logo-oriamendi.png","contentUrl":"https:\/\/oriamendi.eus\/wp-content\/uploads\/2020\/06\/logo-oriamendi.png","width":300,"height":90,"caption":"Oriamendi"},"image":{"@id":"https:\/\/oriamendi.eus\/es\/#\/schema\/logo\/image\/"},"sameAs":["https:\/\/www.facebook.com\/oriamendi2010remonte\/","https:\/\/twitter.com\/oriamendi2010","https:\/\/www.instagram.com\/galarretajaialai\/","https:\/\/www.youtube.com\/channel\/UC8gVNzQqB1iwnC-_rI-ihmA\/featured"]},{"@type":"Person","@id":"https:\/\/oriamendi.eus\/es\/#\/schema\/person\/c0bd06c6c747674306a5c82563e2339a","name":"I\u00f1igo Go\u00f1i","image":{"@type":"ImageObject","inLanguage":"es","@id":"https:\/\/oriamendi.eus\/es\/#\/schema\/person\/image\/","url":"https:\/\/secure.gravatar.com\/avatar\/fbb07ffc7b803bbfcc2b6419c06abd3a?s=96&d=mm&r=g","contentUrl":"https:\/\/secure.gravatar.com\/avatar\/fbb07ffc7b803bbfcc2b6419c06abd3a?s=96&d=mm&r=g","caption":"I\u00f1igo Go\u00f1i"},"url":"https:\/\/oriamendi.eus\/es\/author\/om-berriak\/"}]}},"_links":{"self":[{"href":"https:\/\/oriamendi.eus\/es\/wp-json\/wp\/v2\/posts\/6601"}],"collection":[{"href":"https:\/\/oriamendi.eus\/es\/wp-json\/wp\/v2\/posts"}],"about":[{"href":"https:\/\/oriamendi.eus\/es\/wp-json\/wp\/v2\/types\/post"}],"author":[{"embeddable":true,"href":"https:\/\/oriamendi.eus\/es\/wp-json\/wp\/v2\/users\/5"}],"replies":[{"embeddable":true,"href":"https:\/\/oriamendi.eus\/es\/wp-json\/wp\/v2\/comments?post=6601"}],"version-history":[{"count":1,"href":"https:\/\/oriamendi.eus\/es\/wp-json\/wp\/v2\/posts\/6601\/revisions"}],"predecessor-version":[{"id":6602,"href":"https:\/\/oriamendi.eus\/es\/wp-json\/wp\/v2\/posts\/6601\/revisions\/6602"}],"wp:featuredmedia":[{"embeddable":true,"href":"https:\/\/oriamendi.eus\/es\/wp-json\/wp\/v2\/media\/6603"}],"wp:attachment":[{"href":"https:\/\/oriamendi.eus\/es\/wp-json\/wp\/v2\/media?parent=6601"}],"wp:term":[{"taxonomy":"category","embeddable":true,"href":"https:\/\/oriamendi.eus\/es\/wp-json\/wp\/v2\/categories?post=6601"},{"taxonomy":"post_tag","embeddable":true,"href":"https:\/\/oriamendi.eus\/es\/wp-json\/wp\/v2\/tags?post=6601"}],"curies":[{"name":"wp","href":"https:\/\/api.w.org\/{rel}","templated":true}]}}