                                        
                                        
                                        
                                        
                                        
                                        
                                        
                                        
                                        
                                        
                                        
                                        
                                        
                                        
                                        
                                        
                                        
                                        
{"id":6576,"date":"2022-06-23T20:28:40","date_gmt":"2022-06-23T18:28:40","guid":{"rendered":"https:\/\/oriamendi.eus\/?p=6576"},"modified":"2022-06-23T20:39:48","modified_gmt":"2022-06-23T18:39:48","slug":"cuatro-parejas-pelearan-por-el-titulo-del-torneo-san-fermin-en-galarreta","status":"publish","type":"post","link":"https:\/\/oriamendi.eus\/es\/2022\/06\/23\/cuatro-parejas-pelearan-por-el-titulo-del-torneo-san-fermin-en-galarreta\/","title":{"rendered":"Cuatro parejas pelear\u00e1n por el t\u00edtulo del Torneo San Ferm\u00edn en Galarreta"},"content":{"rendered":"\n<p>La sede de Construcciones Sukia ha acogido hoy, en Donostia, la presentaci\u00f3n de una nueva edici\u00f3n del Torneo San Ferm\u00edn de remonte.&nbsp;que comenzar\u00e1 el lunes 27 de junio y terminar\u00e1 el viernes 15 de julio.&nbsp;&nbsp;<\/p>\n\n\n\n<p>El torneo contar\u00e1 con cuatro parejas que son las siguientes: Urriza-Labaka, Aldabe-Barrenetxea IV, Ansa II-Azpiroz y Ezkurra II-Juanenea.&nbsp;El Torneo se jugar\u00e1 en cinco jornadas. Los d\u00edas 27 de junio, 4 de julio y el 7 de julio se disputar\u00e1n partidos correspondientes a una liguilla de todos contra todos. El s\u00e1bado 9 de julio se disputar\u00e1 la semifinal&nbsp; y el viernes 15 de julio se disputar\u00e1 la final.&nbsp;<\/p>\n\n\n\n<figure class=\"wp-block-image size-large\"><img fetchpriority=\"high\" fetchpriority=\"high\" decoding=\"async\" width=\"1024\" height=\"683\" src=\"https:\/\/oriamendi.eus\/wp-content\/uploads\/2022\/06\/IMG_23062022_182720_2000_x_1333_pixel-1024x683.jpg\" alt=\"\" class=\"wp-image-6577\" srcset=\"https:\/\/oriamendi.eus\/wp-content\/uploads\/2022\/06\/IMG_23062022_182720_2000_x_1333_pixel-1024x683.jpg 1024w, https:\/\/oriamendi.eus\/wp-content\/uploads\/2022\/06\/IMG_23062022_182720_2000_x_1333_pixel-980x653.jpg 980w, https:\/\/oriamendi.eus\/wp-content\/uploads\/2022\/06\/IMG_23062022_182720_2000_x_1333_pixel-480x320.jpg 480w\" sizes=\"(min-width: 0px) and (max-width: 480px) 480px, (min-width: 481px) and (max-width: 980px) 980px, (min-width: 981px) 1024px, 100vw\" \/><\/figure>\n\n\n\n<p>Los partidos se disputar\u00e1n en el front\u00f3n Galarreta de Hernani. La primera y segunda jornada, los d\u00edas 27 de junio y 4 de julio, comenzar\u00e1n a las 18:00 horas. La tercera jornada de la liguilla se disputar\u00e1 el jueves 7 de julio, a partir de las 16:30, al igual que la semifinal del s\u00e1bado 9 de julio. La gran final se disputar\u00e1 el viernes 15 de julio, a partir de las 18:00 horas.&nbsp;<\/p>\n\n\n\n<p><br>Los partidos se jugar\u00e1n a 30 tantos y se puntuar\u00e1 como en el Sagardoaren Txapelketa. Cuatro puntos el ganador, dos puntos quien haga entre 29-27 tantos, un punto el que haga entre 26-24 tantos, no puntuar\u00e1 la pareja que se quede entre 23-17 tantos y tendr\u00e1 un punto negativo quien haga 16 tantos o menos.<\/p>\n\n\n\n<p>El primer clasificado de la liguilla pasar\u00e1 a la final directamente. El segundo y tercer clasificado disputar\u00e1n la semifinal y el cuarto quedar\u00e1 eliminado.<\/p>\n\n\n\n<p><br>Urriza y Aizpuru II fueron los ganadores del a\u00f1o pasado. Ganaron en la final a Ansa II-Larra\u00f1aga.&nbsp;<\/p>\n","protected":false},"excerpt":{"rendered":"<p>La sede de Construcciones Sukia ha acogido hoy, en Donostia, la presentaci\u00f3n de una nueva edici\u00f3n del Torneo San Ferm\u00edn de remonte.&nbsp;que comenzar\u00e1 el lunes 27 de junio y terminar\u00e1 el viernes 15 de julio.&nbsp;&nbsp; El torneo contar\u00e1 con cuatro parejas que son las siguientes: Urriza-Labaka, Aldabe-Barrenetxea IV, Ansa II-Azpiroz y Ezkurra II-Juanenea.&nbsp;El Torneo se [&hellip;]<\/p>\n","protected":false},"author":5,"featured_media":6580,"comment_status":"closed","ping_status":"open","sticky":false,"template":"","format":"standard","meta":{"_et_pb_use_builder":"off","_et_pb_old_content":"","_et_gb_content_width":"","footnotes":""},"categories":[1],"tags":[],"yoast_head":"<!-- This site is optimized with the Yoast SEO plugin v21.8 - https:\/\/yoast.com\/wordpress\/plugins\/seo\/ -->\n<title>Cuatro parejas pelear\u00e1n por el t\u00edtulo del Torneo San Ferm\u00edn en Galarreta | Oriamendi 2010<\/title>\n<meta name=\"robots\" content=\"index, follow, max-snippet:-1, max-image-preview:large, max-video-preview:-1\" \/>\n<link rel=\"canonical\" href=\"https:\/\/oriamendi.eus\/es\/2022\/06\/23\/cuatro-parejas-pelearan-por-el-titulo-del-torneo-san-fermin-en-galarreta\/\" \/>\n<meta property=\"og:locale\" content=\"es_ES\" \/>\n<meta property=\"og:type\" content=\"article\" \/>\n<meta property=\"og:title\" content=\"Cuatro parejas pelear\u00e1n por el t\u00edtulo del Torneo San Ferm\u00edn en Galarreta | Oriamendi 2010\" \/>\n<meta property=\"og:description\" content=\"La sede de Construcciones Sukia ha acogido hoy, en Donostia, la presentaci\u00f3n de una nueva edici\u00f3n del Torneo San Ferm\u00edn de remonte.&nbsp;que comenzar\u00e1 el lunes 27 de junio y terminar\u00e1 el viernes 15 de julio.&nbsp;&nbsp; El torneo contar\u00e1 con cuatro parejas que son las siguientes: Urriza-Labaka, Aldabe-Barrenetxea IV, Ansa II-Azpiroz y Ezkurra II-Juanenea.&nbsp;El Torneo se [&hellip;]\" \/>\n<meta property=\"og:url\" content=\"https:\/\/oriamendi.eus\/es\/2022\/06\/23\/cuatro-parejas-pelearan-por-el-titulo-del-torneo-san-fermin-en-galarreta\/\" \/>\n<meta property=\"og:site_name\" content=\"Oriamendi 2010\" \/>\n<meta property=\"article:publisher\" content=\"https:\/\/www.facebook.com\/oriamendi2010remonte\/\" \/>\n<meta property=\"article:published_time\" content=\"2022-06-23T18:28:40+00:00\" \/>\n<meta property=\"article:modified_time\" content=\"2022-06-23T18:39:48+00:00\" \/>\n<meta property=\"og:image\" content=\"https:\/\/oriamendi.eus\/wp-content\/uploads\/2022\/06\/IMG_23062022_182756_2000_x_1333_pixel.jpg\" \/>\n\t<meta property=\"og:image:width\" content=\"1200\" \/>\n\t<meta property=\"og:image:height\" content=\"800\" \/>\n\t<meta property=\"og:image:type\" content=\"image\/jpeg\" \/>\n<meta name=\"author\" content=\"I\u00f1igo Go\u00f1i\" \/>\n<meta name=\"twitter:card\" content=\"summary_large_image\" \/>\n<meta name=\"twitter:creator\" content=\"@oriamendi2010\" \/>\n<meta name=\"twitter:site\" content=\"@oriamendi2010\" \/>\n<meta name=\"twitter:label1\" content=\"Escrito por\" \/>\n\t<meta name=\"twitter:data1\" content=\"I\u00f1igo Go\u00f1i\" \/>\n\t<meta name=\"twitter:label2\" content=\"Tiempo de lectura\" \/>\n\t<meta name=\"twitter:data2\" content=\"2 minutos\" \/>\n<script type=\"application\/ld+json\" class=\"yoast-schema-graph\">{\"@context\":\"https:\/\/schema.org\",\"@graph\":[{\"@type\":\"Article\",\"@id\":\"https:\/\/oriamendi.eus\/es\/2022\/06\/23\/cuatro-parejas-pelearan-por-el-titulo-del-torneo-san-fermin-en-galarreta\/#article\",\"isPartOf\":{\"@id\":\"https:\/\/oriamendi.eus\/es\/2022\/06\/23\/cuatro-parejas-pelearan-por-el-titulo-del-torneo-san-fermin-en-galarreta\/\"},\"author\":{\"name\":\"I\u00f1igo Go\u00f1i\",\"@id\":\"https:\/\/oriamendi.eus\/es\/#\/schema\/person\/c0bd06c6c747674306a5c82563e2339a\"},\"headline\":\"Cuatro parejas pelear\u00e1n por el t\u00edtulo del Torneo San Ferm\u00edn en Galarreta\",\"datePublished\":\"2022-06-23T18:28:40+00:00\",\"dateModified\":\"2022-06-23T18:39:48+00:00\",\"mainEntityOfPage\":{\"@id\":\"https:\/\/oriamendi.eus\/es\/2022\/06\/23\/cuatro-parejas-pelearan-por-el-titulo-del-torneo-san-fermin-en-galarreta\/\"},\"wordCount\":294,\"publisher\":{\"@id\":\"https:\/\/oriamendi.eus\/es\/#organization\"},\"articleSection\":[\"Sin categorizar\"],\"inLanguage\":\"es\"},{\"@type\":\"WebPage\",\"@id\":\"https:\/\/oriamendi.eus\/es\/2022\/06\/23\/cuatro-parejas-pelearan-por-el-titulo-del-torneo-san-fermin-en-galarreta\/\",\"url\":\"https:\/\/oriamendi.eus\/es\/2022\/06\/23\/cuatro-parejas-pelearan-por-el-titulo-del-torneo-san-fermin-en-galarreta\/\",\"name\":\"Cuatro parejas pelear\u00e1n por el t\u00edtulo del Torneo San Ferm\u00edn en Galarreta | Oriamendi 2010\",\"isPartOf\":{\"@id\":\"https:\/\/oriamendi.eus\/es\/#website\"},\"datePublished\":\"2022-06-23T18:28:40+00:00\",\"dateModified\":\"2022-06-23T18:39:48+00:00\",\"breadcrumb\":{\"@id\":\"https:\/\/oriamendi.eus\/es\/2022\/06\/23\/cuatro-parejas-pelearan-por-el-titulo-del-torneo-san-fermin-en-galarreta\/#breadcrumb\"},\"inLanguage\":\"es\",\"potentialAction\":[{\"@type\":\"ReadAction\",\"target\":[\"https:\/\/oriamendi.eus\/es\/2022\/06\/23\/cuatro-parejas-pelearan-por-el-titulo-del-torneo-san-fermin-en-galarreta\/\"]}]},{\"@type\":\"BreadcrumbList\",\"@id\":\"https:\/\/oriamendi.eus\/es\/2022\/06\/23\/cuatro-parejas-pelearan-por-el-titulo-del-torneo-san-fermin-en-galarreta\/#breadcrumb\",\"itemListElement\":[{\"@type\":\"ListItem\",\"position\":1,\"name\":\"Portada\",\"item\":\"https:\/\/oriamendi.eus\/es\/\"},{\"@type\":\"ListItem\",\"position\":2,\"name\":\"Cuatro parejas pelear\u00e1n por el t\u00edtulo del Torneo San Ferm\u00edn en Galarreta\"}]},{\"@type\":\"WebSite\",\"@id\":\"https:\/\/oriamendi.eus\/es\/#website\",\"url\":\"https:\/\/oriamendi.eus\/es\/\",\"name\":\"Oriamendi\",\"description\":\"Remonte en Galarreta. Hernani. Gipuzkoa\",\"publisher\":{\"@id\":\"https:\/\/oriamendi.eus\/es\/#organization\"},\"potentialAction\":[{\"@type\":\"SearchAction\",\"target\":{\"@type\":\"EntryPoint\",\"urlTemplate\":\"https:\/\/oriamendi.eus\/es\/?s={search_term_string}\"},\"query-input\":\"required name=search_term_string\"}],\"inLanguage\":\"es\"},{\"@type\":\"Organization\",\"@id\":\"https:\/\/oriamendi.eus\/es\/#organization\",\"name\":\"Oriamendi\",\"url\":\"https:\/\/oriamendi.eus\/es\/\",\"logo\":{\"@type\":\"ImageObject\",\"inLanguage\":\"es\",\"@id\":\"https:\/\/oriamendi.eus\/es\/#\/schema\/logo\/image\/\",\"url\":\"https:\/\/oriamendi.eus\/wp-content\/uploads\/2020\/06\/logo-oriamendi.png\",\"contentUrl\":\"https:\/\/oriamendi.eus\/wp-content\/uploads\/2020\/06\/logo-oriamendi.png\",\"width\":300,\"height\":90,\"caption\":\"Oriamendi\"},\"image\":{\"@id\":\"https:\/\/oriamendi.eus\/es\/#\/schema\/logo\/image\/\"},\"sameAs\":[\"https:\/\/www.facebook.com\/oriamendi2010remonte\/\",\"https:\/\/twitter.com\/oriamendi2010\",\"https:\/\/www.instagram.com\/galarretajaialai\/\",\"https:\/\/www.youtube.com\/channel\/UC8gVNzQqB1iwnC-_rI-ihmA\/featured\"]},{\"@type\":\"Person\",\"@id\":\"https:\/\/oriamendi.eus\/es\/#\/schema\/person\/c0bd06c6c747674306a5c82563e2339a\",\"name\":\"I\u00f1igo Go\u00f1i\",\"image\":{\"@type\":\"ImageObject\",\"inLanguage\":\"es\",\"@id\":\"https:\/\/oriamendi.eus\/es\/#\/schema\/person\/image\/\",\"url\":\"https:\/\/secure.gravatar.com\/avatar\/fbb07ffc7b803bbfcc2b6419c06abd3a?s=96&d=mm&r=g\",\"contentUrl\":\"https:\/\/secure.gravatar.com\/avatar\/fbb07ffc7b803bbfcc2b6419c06abd3a?s=96&d=mm&r=g\",\"caption\":\"I\u00f1igo Go\u00f1i\"},\"url\":\"https:\/\/oriamendi.eus\/es\/author\/om-berriak\/\"}]}<\/script>\n<!-- \/ Yoast SEO plugin. -->","yoast_head_json":{"title":"Cuatro parejas pelear\u00e1n por el t\u00edtulo del Torneo San Ferm\u00edn en Galarreta | Oriamendi 2010","robots":{"index":"index","follow":"follow","max-snippet":"max-snippet:-1","max-image-preview":"max-image-preview:large","max-video-preview":"max-video-preview:-1"},"canonical":"https:\/\/oriamendi.eus\/es\/2022\/06\/23\/cuatro-parejas-pelearan-por-el-titulo-del-torneo-san-fermin-en-galarreta\/","og_locale":"es_ES","og_type":"article","og_title":"Cuatro parejas pelear\u00e1n por el t\u00edtulo del Torneo San Ferm\u00edn en Galarreta | Oriamendi 2010","og_description":"La sede de Construcciones Sukia ha acogido hoy, en Donostia, la presentaci\u00f3n de una nueva edici\u00f3n del Torneo San Ferm\u00edn de remonte.&nbsp;que comenzar\u00e1 el lunes 27 de junio y terminar\u00e1 el viernes 15 de julio.&nbsp;&nbsp; El torneo contar\u00e1 con cuatro parejas que son las siguientes: Urriza-Labaka, Aldabe-Barrenetxea IV, Ansa II-Azpiroz y Ezkurra II-Juanenea.&nbsp;El Torneo se [&hellip;]","og_url":"https:\/\/oriamendi.eus\/es\/2022\/06\/23\/cuatro-parejas-pelearan-por-el-titulo-del-torneo-san-fermin-en-galarreta\/","og_site_name":"Oriamendi 2010","article_publisher":"https:\/\/www.facebook.com\/oriamendi2010remonte\/","article_published_time":"2022-06-23T18:28:40+00:00","article_modified_time":"2022-06-23T18:39:48+00:00","og_image":[{"width":1200,"height":800,"url":"https:\/\/oriamendi.eus\/wp-content\/uploads\/2022\/06\/IMG_23062022_182756_2000_x_1333_pixel.jpg","type":"image\/jpeg"}],"author":"I\u00f1igo Go\u00f1i","twitter_card":"summary_large_image","twitter_creator":"@oriamendi2010","twitter_site":"@oriamendi2010","twitter_misc":{"Escrito por":"I\u00f1igo Go\u00f1i","Tiempo de lectura":"2 minutos"},"schema":{"@context":"https:\/\/schema.org","@graph":[{"@type":"Article","@id":"https:\/\/oriamendi.eus\/es\/2022\/06\/23\/cuatro-parejas-pelearan-por-el-titulo-del-torneo-san-fermin-en-galarreta\/#article","isPartOf":{"@id":"https:\/\/oriamendi.eus\/es\/2022\/06\/23\/cuatro-parejas-pelearan-por-el-titulo-del-torneo-san-fermin-en-galarreta\/"},"author":{"name":"I\u00f1igo Go\u00f1i","@id":"https:\/\/oriamendi.eus\/es\/#\/schema\/person\/c0bd06c6c747674306a5c82563e2339a"},"headline":"Cuatro parejas pelear\u00e1n por el t\u00edtulo del Torneo San Ferm\u00edn en Galarreta","datePublished":"2022-06-23T18:28:40+00:00","dateModified":"2022-06-23T18:39:48+00:00","mainEntityOfPage":{"@id":"https:\/\/oriamendi.eus\/es\/2022\/06\/23\/cuatro-parejas-pelearan-por-el-titulo-del-torneo-san-fermin-en-galarreta\/"},"wordCount":294,"publisher":{"@id":"https:\/\/oriamendi.eus\/es\/#organization"},"articleSection":["Sin categorizar"],"inLanguage":"es"},{"@type":"WebPage","@id":"https:\/\/oriamendi.eus\/es\/2022\/06\/23\/cuatro-parejas-pelearan-por-el-titulo-del-torneo-san-fermin-en-galarreta\/","url":"https:\/\/oriamendi.eus\/es\/2022\/06\/23\/cuatro-parejas-pelearan-por-el-titulo-del-torneo-san-fermin-en-galarreta\/","name":"Cuatro parejas pelear\u00e1n por el t\u00edtulo del Torneo San Ferm\u00edn en Galarreta | Oriamendi 2010","isPartOf":{"@id":"https:\/\/oriamendi.eus\/es\/#website"},"datePublished":"2022-06-23T18:28:40+00:00","dateModified":"2022-06-23T18:39:48+00:00","breadcrumb":{"@id":"https:\/\/oriamendi.eus\/es\/2022\/06\/23\/cuatro-parejas-pelearan-por-el-titulo-del-torneo-san-fermin-en-galarreta\/#breadcrumb"},"inLanguage":"es","potentialAction":[{"@type":"ReadAction","target":["https:\/\/oriamendi.eus\/es\/2022\/06\/23\/cuatro-parejas-pelearan-por-el-titulo-del-torneo-san-fermin-en-galarreta\/"]}]},{"@type":"BreadcrumbList","@id":"https:\/\/oriamendi.eus\/es\/2022\/06\/23\/cuatro-parejas-pelearan-por-el-titulo-del-torneo-san-fermin-en-galarreta\/#breadcrumb","itemListElement":[{"@type":"ListItem","position":1,"name":"Portada","item":"https:\/\/oriamendi.eus\/es\/"},{"@type":"ListItem","position":2,"name":"Cuatro parejas pelear\u00e1n por el t\u00edtulo del Torneo San Ferm\u00edn en Galarreta"}]},{"@type":"WebSite","@id":"https:\/\/oriamendi.eus\/es\/#website","url":"https:\/\/oriamendi.eus\/es\/","name":"Oriamendi","description":"Remonte en Galarreta. Hernani. Gipuzkoa","publisher":{"@id":"https:\/\/oriamendi.eus\/es\/#organization"},"potentialAction":[{"@type":"SearchAction","target":{"@type":"EntryPoint","urlTemplate":"https:\/\/oriamendi.eus\/es\/?s={search_term_string}"},"query-input":"required name=search_term_string"}],"inLanguage":"es"},{"@type":"Organization","@id":"https:\/\/oriamendi.eus\/es\/#organization","name":"Oriamendi","url":"https:\/\/oriamendi.eus\/es\/","logo":{"@type":"ImageObject","inLanguage":"es","@id":"https:\/\/oriamendi.eus\/es\/#\/schema\/logo\/image\/","url":"https:\/\/oriamendi.eus\/wp-content\/uploads\/2020\/06\/logo-oriamendi.png","contentUrl":"https:\/\/oriamendi.eus\/wp-content\/uploads\/2020\/06\/logo-oriamendi.png","width":300,"height":90,"caption":"Oriamendi"},"image":{"@id":"https:\/\/oriamendi.eus\/es\/#\/schema\/logo\/image\/"},"sameAs":["https:\/\/www.facebook.com\/oriamendi2010remonte\/","https:\/\/twitter.com\/oriamendi2010","https:\/\/www.instagram.com\/galarretajaialai\/","https:\/\/www.youtube.com\/channel\/UC8gVNzQqB1iwnC-_rI-ihmA\/featured"]},{"@type":"Person","@id":"https:\/\/oriamendi.eus\/es\/#\/schema\/person\/c0bd06c6c747674306a5c82563e2339a","name":"I\u00f1igo Go\u00f1i","image":{"@type":"ImageObject","inLanguage":"es","@id":"https:\/\/oriamendi.eus\/es\/#\/schema\/person\/image\/","url":"https:\/\/secure.gravatar.com\/avatar\/fbb07ffc7b803bbfcc2b6419c06abd3a?s=96&d=mm&r=g","contentUrl":"https:\/\/secure.gravatar.com\/avatar\/fbb07ffc7b803bbfcc2b6419c06abd3a?s=96&d=mm&r=g","caption":"I\u00f1igo Go\u00f1i"},"url":"https:\/\/oriamendi.eus\/es\/author\/om-berriak\/"}]}},"_links":{"self":[{"href":"https:\/\/oriamendi.eus\/es\/wp-json\/wp\/v2\/posts\/6576"}],"collection":[{"href":"https:\/\/oriamendi.eus\/es\/wp-json\/wp\/v2\/posts"}],"about":[{"href":"https:\/\/oriamendi.eus\/es\/wp-json\/wp\/v2\/types\/post"}],"author":[{"embeddable":true,"href":"https:\/\/oriamendi.eus\/es\/wp-json\/wp\/v2\/users\/5"}],"replies":[{"embeddable":true,"href":"https:\/\/oriamendi.eus\/es\/wp-json\/wp\/v2\/comments?post=6576"}],"version-history":[{"count":2,"href":"https:\/\/oriamendi.eus\/es\/wp-json\/wp\/v2\/posts\/6576\/revisions"}],"predecessor-version":[{"id":6587,"href":"https:\/\/oriamendi.eus\/es\/wp-json\/wp\/v2\/posts\/6576\/revisions\/6587"}],"wp:featuredmedia":[{"embeddable":true,"href":"https:\/\/oriamendi.eus\/es\/wp-json\/wp\/v2\/media\/6580"}],"wp:attachment":[{"href":"https:\/\/oriamendi.eus\/es\/wp-json\/wp\/v2\/media?parent=6576"}],"wp:term":[{"taxonomy":"category","embeddable":true,"href":"https:\/\/oriamendi.eus\/es\/wp-json\/wp\/v2\/categories?post=6576"},{"taxonomy":"post_tag","embeddable":true,"href":"https:\/\/oriamendi.eus\/es\/wp-json\/wp\/v2\/tags?post=6576"}],"curies":[{"name":"wp","href":"https:\/\/api.w.org\/{rel}","templated":true}]}}