                                        
                                        
                                        
                                        
                                        
                                        
                                        
                                        
                                        
                                        
                                        
                                        
                                        
                                        
                                        
                                        
                                        
                                        
{"id":6535,"date":"2022-06-16T21:33:32","date_gmt":"2022-06-16T19:33:32","guid":{"rendered":"https:\/\/oriamendi.eus\/?p=6535"},"modified":"2022-06-16T21:33:35","modified_gmt":"2022-06-16T19:33:35","slug":"la-eleccion-del-material-sorprende-a-los-presentes-y-a-los-mismos-finalistas","status":"publish","type":"post","link":"https:\/\/oriamendi.eus\/es\/2022\/06\/16\/la-eleccion-del-material-sorprende-a-los-presentes-y-a-los-mismos-finalistas\/","title":{"rendered":"La elecci\u00f3n del material sorprende a los presentes y a los mismos finalistas"},"content":{"rendered":"\n<p>Urriza-Zubiri y Ansa-Juanenea separaron las seis pelotas con las que se jugar\u00e1 la final del Sagardoaren Txapelketa del pr\u00f3ximo lunes. Los colorados, Urriza-Zubiri fueron los primeros en separar su material. Unas pelotas \u00abvivas\u00bb seg\u00fan Zubiri. Despu\u00e9s fue el turno de Ansa-Juanenea, que separaron un material diferente, \u00abdos pelotas m\u00e1s bajas y una tercera pelota tambi\u00e9n viva\u00bb asegur\u00f3 Juanenea.<\/p>\n\n\n\n<p>Esa elecci\u00f3n de los azules sorprendi\u00f3 a Zubiri. \u00abpensaba que elegir\u00edan pelotas m\u00e1s vivas para cargarme a m\u00ed el juego y evitar a Urriza\u00bb, pero Juanenea dio inmediatamente la explicaci\u00f3n. \u00abHemos visto que Urriza y Zubiri separaban pelotas vivas y esa era nuestra intenci\u00f3n, pero hemos cambiado sabiendo que ya hab\u00eda material vivo en el cesta\u00f1o. As\u00ed, dos son m\u00e1s bajas y la otra si es parecida a las de ellos\u00bb.<\/p>\n\n\n\n<p>Por lo tanto, unos y otros se quedaron sorprendidos de la elecci\u00f3n del rival. Eso s\u00ed, encontraron material y no hab\u00eda ninguna queja.\u00a0<\/p>\n\n\n\n<figure class=\"wp-block-image size-large\"><img fetchpriority=\"high\" fetchpriority=\"high\" decoding=\"async\" width=\"1024\" height=\"683\" src=\"https:\/\/oriamendi.eus\/wp-content\/uploads\/2022\/06\/IMG_16062022_184908_2000_x_1333_pixel-1024x683.jpg\" alt=\"\" class=\"wp-image-6537\" srcset=\"https:\/\/oriamendi.eus\/wp-content\/uploads\/2022\/06\/IMG_16062022_184908_2000_x_1333_pixel-1024x683.jpg 1024w, https:\/\/oriamendi.eus\/wp-content\/uploads\/2022\/06\/IMG_16062022_184908_2000_x_1333_pixel-980x653.jpg 980w, https:\/\/oriamendi.eus\/wp-content\/uploads\/2022\/06\/IMG_16062022_184908_2000_x_1333_pixel-480x320.jpg 480w\" sizes=\"(min-width: 0px) and (max-width: 480px) 480px, (min-width: 481px) and (max-width: 980px) 980px, (min-width: 981px) 1024px, 100vw\" \/><\/figure>\n\n\n\n<p>Sobre la final ambas parejas saben que ser\u00e1 un partido duro o ante rivales dif\u00edciles de superar. En la liguilla los colorados ganaron con facilidad, 30-16, pero creen que no se repetir\u00e1 ese\u00a0 tipo de partido. \u00abFue el partido malo de ellos\u00bb cree un Zubiri que coincide con Juanenea \u00abnos sali\u00f3 el partido malo del campeonato\u00bb.\u00a0<\/p>\n\n\n\n<p>Los colorados han disputado un campeonato perfecto, con seis victorias en seis partidos, mientras Ansa y Juanenea vienen hacia arriba.\u00a0Los dos Aritz, ambos zagueros, est\u00e1n dispuestos a trabajar duro y hacer el mejor partido posible. \u00abVoy dispuesto a trabajar\u00bb afirma el goizuetarra. El de Saldias cree que \u00absi sigo en la l\u00ednea del campeonato, con pocos fallos, ser\u00e1 importante y buena se\u00f1al\u00bb.<\/p>\n","protected":false},"excerpt":{"rendered":"<p>Urriza-Zubiri y Ansa-Juanenea separaron las seis pelotas con las que se jugar\u00e1 la final del Sagardoaren Txapelketa del pr\u00f3ximo lunes. Los colorados, Urriza-Zubiri fueron los primeros en separar su material. Unas pelotas \u00abvivas\u00bb seg\u00fan Zubiri. Despu\u00e9s fue el turno de Ansa-Juanenea, que separaron un material diferente, \u00abdos pelotas m\u00e1s bajas y una tercera pelota tambi\u00e9n [&hellip;]<\/p>\n","protected":false},"author":5,"featured_media":6539,"comment_status":"closed","ping_status":"open","sticky":false,"template":"","format":"standard","meta":{"_et_pb_use_builder":"off","_et_pb_old_content":"","_et_gb_content_width":"","footnotes":""},"categories":[1],"tags":[],"yoast_head":"<!-- This site is optimized with the Yoast SEO plugin v21.8 - https:\/\/yoast.com\/wordpress\/plugins\/seo\/ -->\n<title>La elecci\u00f3n del material sorprende a los presentes y a los mismos finalistas | Oriamendi 2010<\/title>\n<meta name=\"robots\" content=\"index, follow, max-snippet:-1, max-image-preview:large, max-video-preview:-1\" \/>\n<link rel=\"canonical\" href=\"https:\/\/oriamendi.eus\/es\/2022\/06\/16\/la-eleccion-del-material-sorprende-a-los-presentes-y-a-los-mismos-finalistas\/\" \/>\n<meta property=\"og:locale\" content=\"es_ES\" \/>\n<meta property=\"og:type\" content=\"article\" \/>\n<meta property=\"og:title\" content=\"La elecci\u00f3n del material sorprende a los presentes y a los mismos finalistas | Oriamendi 2010\" \/>\n<meta property=\"og:description\" content=\"Urriza-Zubiri y Ansa-Juanenea separaron las seis pelotas con las que se jugar\u00e1 la final del Sagardoaren Txapelketa del pr\u00f3ximo lunes. Los colorados, Urriza-Zubiri fueron los primeros en separar su material. Unas pelotas \u00abvivas\u00bb seg\u00fan Zubiri. Despu\u00e9s fue el turno de Ansa-Juanenea, que separaron un material diferente, \u00abdos pelotas m\u00e1s bajas y una tercera pelota tambi\u00e9n [&hellip;]\" \/>\n<meta property=\"og:url\" content=\"https:\/\/oriamendi.eus\/es\/2022\/06\/16\/la-eleccion-del-material-sorprende-a-los-presentes-y-a-los-mismos-finalistas\/\" \/>\n<meta property=\"og:site_name\" content=\"Oriamendi 2010\" \/>\n<meta property=\"article:publisher\" content=\"https:\/\/www.facebook.com\/oriamendi2010remonte\/\" \/>\n<meta property=\"article:published_time\" content=\"2022-06-16T19:33:32+00:00\" \/>\n<meta property=\"article:modified_time\" content=\"2022-06-16T19:33:35+00:00\" \/>\n<meta property=\"og:image\" content=\"https:\/\/oriamendi.eus\/wp-content\/uploads\/2022\/06\/IMG_16062022_184835_2000_x_1334_pixel.jpg\" \/>\n\t<meta property=\"og:image:width\" content=\"1200\" \/>\n\t<meta property=\"og:image:height\" content=\"800\" \/>\n\t<meta property=\"og:image:type\" content=\"image\/jpeg\" \/>\n<meta name=\"author\" content=\"I\u00f1igo Go\u00f1i\" \/>\n<meta name=\"twitter:card\" content=\"summary_large_image\" \/>\n<meta name=\"twitter:creator\" content=\"@oriamendi2010\" \/>\n<meta name=\"twitter:site\" content=\"@oriamendi2010\" \/>\n<meta name=\"twitter:label1\" content=\"Escrito por\" \/>\n\t<meta name=\"twitter:data1\" content=\"I\u00f1igo Go\u00f1i\" \/>\n\t<meta name=\"twitter:label2\" content=\"Tiempo de lectura\" \/>\n\t<meta name=\"twitter:data2\" content=\"2 minutos\" \/>\n<script type=\"application\/ld+json\" class=\"yoast-schema-graph\">{\"@context\":\"https:\/\/schema.org\",\"@graph\":[{\"@type\":\"Article\",\"@id\":\"https:\/\/oriamendi.eus\/es\/2022\/06\/16\/la-eleccion-del-material-sorprende-a-los-presentes-y-a-los-mismos-finalistas\/#article\",\"isPartOf\":{\"@id\":\"https:\/\/oriamendi.eus\/es\/2022\/06\/16\/la-eleccion-del-material-sorprende-a-los-presentes-y-a-los-mismos-finalistas\/\"},\"author\":{\"name\":\"I\u00f1igo Go\u00f1i\",\"@id\":\"https:\/\/oriamendi.eus\/es\/#\/schema\/person\/c0bd06c6c747674306a5c82563e2339a\"},\"headline\":\"La elecci\u00f3n del material sorprende a los presentes y a los mismos finalistas\",\"datePublished\":\"2022-06-16T19:33:32+00:00\",\"dateModified\":\"2022-06-16T19:33:35+00:00\",\"mainEntityOfPage\":{\"@id\":\"https:\/\/oriamendi.eus\/es\/2022\/06\/16\/la-eleccion-del-material-sorprende-a-los-presentes-y-a-los-mismos-finalistas\/\"},\"wordCount\":304,\"publisher\":{\"@id\":\"https:\/\/oriamendi.eus\/es\/#organization\"},\"articleSection\":[\"Sin categorizar\"],\"inLanguage\":\"es\"},{\"@type\":\"WebPage\",\"@id\":\"https:\/\/oriamendi.eus\/es\/2022\/06\/16\/la-eleccion-del-material-sorprende-a-los-presentes-y-a-los-mismos-finalistas\/\",\"url\":\"https:\/\/oriamendi.eus\/es\/2022\/06\/16\/la-eleccion-del-material-sorprende-a-los-presentes-y-a-los-mismos-finalistas\/\",\"name\":\"La elecci\u00f3n del material sorprende a los presentes y a los mismos finalistas | Oriamendi 2010\",\"isPartOf\":{\"@id\":\"https:\/\/oriamendi.eus\/es\/#website\"},\"datePublished\":\"2022-06-16T19:33:32+00:00\",\"dateModified\":\"2022-06-16T19:33:35+00:00\",\"breadcrumb\":{\"@id\":\"https:\/\/oriamendi.eus\/es\/2022\/06\/16\/la-eleccion-del-material-sorprende-a-los-presentes-y-a-los-mismos-finalistas\/#breadcrumb\"},\"inLanguage\":\"es\",\"potentialAction\":[{\"@type\":\"ReadAction\",\"target\":[\"https:\/\/oriamendi.eus\/es\/2022\/06\/16\/la-eleccion-del-material-sorprende-a-los-presentes-y-a-los-mismos-finalistas\/\"]}]},{\"@type\":\"BreadcrumbList\",\"@id\":\"https:\/\/oriamendi.eus\/es\/2022\/06\/16\/la-eleccion-del-material-sorprende-a-los-presentes-y-a-los-mismos-finalistas\/#breadcrumb\",\"itemListElement\":[{\"@type\":\"ListItem\",\"position\":1,\"name\":\"Portada\",\"item\":\"https:\/\/oriamendi.eus\/es\/\"},{\"@type\":\"ListItem\",\"position\":2,\"name\":\"La elecci\u00f3n del material sorprende a los presentes y a los mismos finalistas\"}]},{\"@type\":\"WebSite\",\"@id\":\"https:\/\/oriamendi.eus\/es\/#website\",\"url\":\"https:\/\/oriamendi.eus\/es\/\",\"name\":\"Oriamendi\",\"description\":\"Remonte en Galarreta. Hernani. Gipuzkoa\",\"publisher\":{\"@id\":\"https:\/\/oriamendi.eus\/es\/#organization\"},\"potentialAction\":[{\"@type\":\"SearchAction\",\"target\":{\"@type\":\"EntryPoint\",\"urlTemplate\":\"https:\/\/oriamendi.eus\/es\/?s={search_term_string}\"},\"query-input\":\"required name=search_term_string\"}],\"inLanguage\":\"es\"},{\"@type\":\"Organization\",\"@id\":\"https:\/\/oriamendi.eus\/es\/#organization\",\"name\":\"Oriamendi\",\"url\":\"https:\/\/oriamendi.eus\/es\/\",\"logo\":{\"@type\":\"ImageObject\",\"inLanguage\":\"es\",\"@id\":\"https:\/\/oriamendi.eus\/es\/#\/schema\/logo\/image\/\",\"url\":\"https:\/\/oriamendi.eus\/wp-content\/uploads\/2020\/06\/logo-oriamendi.png\",\"contentUrl\":\"https:\/\/oriamendi.eus\/wp-content\/uploads\/2020\/06\/logo-oriamendi.png\",\"width\":300,\"height\":90,\"caption\":\"Oriamendi\"},\"image\":{\"@id\":\"https:\/\/oriamendi.eus\/es\/#\/schema\/logo\/image\/\"},\"sameAs\":[\"https:\/\/www.facebook.com\/oriamendi2010remonte\/\",\"https:\/\/twitter.com\/oriamendi2010\",\"https:\/\/www.instagram.com\/galarretajaialai\/\",\"https:\/\/www.youtube.com\/channel\/UC8gVNzQqB1iwnC-_rI-ihmA\/featured\"]},{\"@type\":\"Person\",\"@id\":\"https:\/\/oriamendi.eus\/es\/#\/schema\/person\/c0bd06c6c747674306a5c82563e2339a\",\"name\":\"I\u00f1igo Go\u00f1i\",\"image\":{\"@type\":\"ImageObject\",\"inLanguage\":\"es\",\"@id\":\"https:\/\/oriamendi.eus\/es\/#\/schema\/person\/image\/\",\"url\":\"https:\/\/secure.gravatar.com\/avatar\/fbb07ffc7b803bbfcc2b6419c06abd3a?s=96&d=mm&r=g\",\"contentUrl\":\"https:\/\/secure.gravatar.com\/avatar\/fbb07ffc7b803bbfcc2b6419c06abd3a?s=96&d=mm&r=g\",\"caption\":\"I\u00f1igo Go\u00f1i\"},\"url\":\"https:\/\/oriamendi.eus\/es\/author\/om-berriak\/\"}]}<\/script>\n<!-- \/ Yoast SEO plugin. -->","yoast_head_json":{"title":"La elecci\u00f3n del material sorprende a los presentes y a los mismos finalistas | Oriamendi 2010","robots":{"index":"index","follow":"follow","max-snippet":"max-snippet:-1","max-image-preview":"max-image-preview:large","max-video-preview":"max-video-preview:-1"},"canonical":"https:\/\/oriamendi.eus\/es\/2022\/06\/16\/la-eleccion-del-material-sorprende-a-los-presentes-y-a-los-mismos-finalistas\/","og_locale":"es_ES","og_type":"article","og_title":"La elecci\u00f3n del material sorprende a los presentes y a los mismos finalistas | Oriamendi 2010","og_description":"Urriza-Zubiri y Ansa-Juanenea separaron las seis pelotas con las que se jugar\u00e1 la final del Sagardoaren Txapelketa del pr\u00f3ximo lunes. Los colorados, Urriza-Zubiri fueron los primeros en separar su material. Unas pelotas \u00abvivas\u00bb seg\u00fan Zubiri. Despu\u00e9s fue el turno de Ansa-Juanenea, que separaron un material diferente, \u00abdos pelotas m\u00e1s bajas y una tercera pelota tambi\u00e9n [&hellip;]","og_url":"https:\/\/oriamendi.eus\/es\/2022\/06\/16\/la-eleccion-del-material-sorprende-a-los-presentes-y-a-los-mismos-finalistas\/","og_site_name":"Oriamendi 2010","article_publisher":"https:\/\/www.facebook.com\/oriamendi2010remonte\/","article_published_time":"2022-06-16T19:33:32+00:00","article_modified_time":"2022-06-16T19:33:35+00:00","og_image":[{"width":1200,"height":800,"url":"https:\/\/oriamendi.eus\/wp-content\/uploads\/2022\/06\/IMG_16062022_184835_2000_x_1334_pixel.jpg","type":"image\/jpeg"}],"author":"I\u00f1igo Go\u00f1i","twitter_card":"summary_large_image","twitter_creator":"@oriamendi2010","twitter_site":"@oriamendi2010","twitter_misc":{"Escrito por":"I\u00f1igo Go\u00f1i","Tiempo de lectura":"2 minutos"},"schema":{"@context":"https:\/\/schema.org","@graph":[{"@type":"Article","@id":"https:\/\/oriamendi.eus\/es\/2022\/06\/16\/la-eleccion-del-material-sorprende-a-los-presentes-y-a-los-mismos-finalistas\/#article","isPartOf":{"@id":"https:\/\/oriamendi.eus\/es\/2022\/06\/16\/la-eleccion-del-material-sorprende-a-los-presentes-y-a-los-mismos-finalistas\/"},"author":{"name":"I\u00f1igo Go\u00f1i","@id":"https:\/\/oriamendi.eus\/es\/#\/schema\/person\/c0bd06c6c747674306a5c82563e2339a"},"headline":"La elecci\u00f3n del material sorprende a los presentes y a los mismos finalistas","datePublished":"2022-06-16T19:33:32+00:00","dateModified":"2022-06-16T19:33:35+00:00","mainEntityOfPage":{"@id":"https:\/\/oriamendi.eus\/es\/2022\/06\/16\/la-eleccion-del-material-sorprende-a-los-presentes-y-a-los-mismos-finalistas\/"},"wordCount":304,"publisher":{"@id":"https:\/\/oriamendi.eus\/es\/#organization"},"articleSection":["Sin categorizar"],"inLanguage":"es"},{"@type":"WebPage","@id":"https:\/\/oriamendi.eus\/es\/2022\/06\/16\/la-eleccion-del-material-sorprende-a-los-presentes-y-a-los-mismos-finalistas\/","url":"https:\/\/oriamendi.eus\/es\/2022\/06\/16\/la-eleccion-del-material-sorprende-a-los-presentes-y-a-los-mismos-finalistas\/","name":"La elecci\u00f3n del material sorprende a los presentes y a los mismos finalistas | Oriamendi 2010","isPartOf":{"@id":"https:\/\/oriamendi.eus\/es\/#website"},"datePublished":"2022-06-16T19:33:32+00:00","dateModified":"2022-06-16T19:33:35+00:00","breadcrumb":{"@id":"https:\/\/oriamendi.eus\/es\/2022\/06\/16\/la-eleccion-del-material-sorprende-a-los-presentes-y-a-los-mismos-finalistas\/#breadcrumb"},"inLanguage":"es","potentialAction":[{"@type":"ReadAction","target":["https:\/\/oriamendi.eus\/es\/2022\/06\/16\/la-eleccion-del-material-sorprende-a-los-presentes-y-a-los-mismos-finalistas\/"]}]},{"@type":"BreadcrumbList","@id":"https:\/\/oriamendi.eus\/es\/2022\/06\/16\/la-eleccion-del-material-sorprende-a-los-presentes-y-a-los-mismos-finalistas\/#breadcrumb","itemListElement":[{"@type":"ListItem","position":1,"name":"Portada","item":"https:\/\/oriamendi.eus\/es\/"},{"@type":"ListItem","position":2,"name":"La elecci\u00f3n del material sorprende a los presentes y a los mismos finalistas"}]},{"@type":"WebSite","@id":"https:\/\/oriamendi.eus\/es\/#website","url":"https:\/\/oriamendi.eus\/es\/","name":"Oriamendi","description":"Remonte en Galarreta. Hernani. Gipuzkoa","publisher":{"@id":"https:\/\/oriamendi.eus\/es\/#organization"},"potentialAction":[{"@type":"SearchAction","target":{"@type":"EntryPoint","urlTemplate":"https:\/\/oriamendi.eus\/es\/?s={search_term_string}"},"query-input":"required name=search_term_string"}],"inLanguage":"es"},{"@type":"Organization","@id":"https:\/\/oriamendi.eus\/es\/#organization","name":"Oriamendi","url":"https:\/\/oriamendi.eus\/es\/","logo":{"@type":"ImageObject","inLanguage":"es","@id":"https:\/\/oriamendi.eus\/es\/#\/schema\/logo\/image\/","url":"https:\/\/oriamendi.eus\/wp-content\/uploads\/2020\/06\/logo-oriamendi.png","contentUrl":"https:\/\/oriamendi.eus\/wp-content\/uploads\/2020\/06\/logo-oriamendi.png","width":300,"height":90,"caption":"Oriamendi"},"image":{"@id":"https:\/\/oriamendi.eus\/es\/#\/schema\/logo\/image\/"},"sameAs":["https:\/\/www.facebook.com\/oriamendi2010remonte\/","https:\/\/twitter.com\/oriamendi2010","https:\/\/www.instagram.com\/galarretajaialai\/","https:\/\/www.youtube.com\/channel\/UC8gVNzQqB1iwnC-_rI-ihmA\/featured"]},{"@type":"Person","@id":"https:\/\/oriamendi.eus\/es\/#\/schema\/person\/c0bd06c6c747674306a5c82563e2339a","name":"I\u00f1igo Go\u00f1i","image":{"@type":"ImageObject","inLanguage":"es","@id":"https:\/\/oriamendi.eus\/es\/#\/schema\/person\/image\/","url":"https:\/\/secure.gravatar.com\/avatar\/fbb07ffc7b803bbfcc2b6419c06abd3a?s=96&d=mm&r=g","contentUrl":"https:\/\/secure.gravatar.com\/avatar\/fbb07ffc7b803bbfcc2b6419c06abd3a?s=96&d=mm&r=g","caption":"I\u00f1igo Go\u00f1i"},"url":"https:\/\/oriamendi.eus\/es\/author\/om-berriak\/"}]}},"_links":{"self":[{"href":"https:\/\/oriamendi.eus\/es\/wp-json\/wp\/v2\/posts\/6535"}],"collection":[{"href":"https:\/\/oriamendi.eus\/es\/wp-json\/wp\/v2\/posts"}],"about":[{"href":"https:\/\/oriamendi.eus\/es\/wp-json\/wp\/v2\/types\/post"}],"author":[{"embeddable":true,"href":"https:\/\/oriamendi.eus\/es\/wp-json\/wp\/v2\/users\/5"}],"replies":[{"embeddable":true,"href":"https:\/\/oriamendi.eus\/es\/wp-json\/wp\/v2\/comments?post=6535"}],"version-history":[{"count":2,"href":"https:\/\/oriamendi.eus\/es\/wp-json\/wp\/v2\/posts\/6535\/revisions"}],"predecessor-version":[{"id":6541,"href":"https:\/\/oriamendi.eus\/es\/wp-json\/wp\/v2\/posts\/6535\/revisions\/6541"}],"wp:featuredmedia":[{"embeddable":true,"href":"https:\/\/oriamendi.eus\/es\/wp-json\/wp\/v2\/media\/6539"}],"wp:attachment":[{"href":"https:\/\/oriamendi.eus\/es\/wp-json\/wp\/v2\/media?parent=6535"}],"wp:term":[{"taxonomy":"category","embeddable":true,"href":"https:\/\/oriamendi.eus\/es\/wp-json\/wp\/v2\/categories?post=6535"},{"taxonomy":"post_tag","embeddable":true,"href":"https:\/\/oriamendi.eus\/es\/wp-json\/wp\/v2\/tags?post=6535"}],"curies":[{"name":"wp","href":"https:\/\/api.w.org\/{rel}","templated":true}]}}