                                        
                                        
                                        
                                        
                                        
                                        
                                        
                                        
                                        
                                        
                                        
                                        
                                        
                                        
                                        
                                        
                                        
                                        
{"id":6532,"date":"2022-06-14T09:30:10","date_gmt":"2022-06-14T07:30:10","guid":{"rendered":"https:\/\/oriamendi.eus\/?p=6532"},"modified":"2022-06-14T09:30:13","modified_gmt":"2022-06-14T07:30:13","slug":"setien-y-larre-gain-a-la-final-del-sagardoaren-txapelketa","status":"publish","type":"post","link":"https:\/\/oriamendi.eus\/es\/2022\/06\/14\/setien-y-larre-gain-a-la-final-del-sagardoaren-txapelketa\/","title":{"rendered":"Setien y Larre Gain, a la final del Sagardoaren Txapelketa"},"content":{"rendered":"\n<p><strong>Ansa II-Juanenea vencieron a Goikoetxea V-Barrenetxea IV por 30-25 y Urriza-Zubiri ganaron 30-22 ante Segurola-Azpiroz<\/strong><\/p>\n\n\n\n<p>Ya tenemos finalistas del Sagardoaren Txapelketa. Ansa II-Juanenea y Urriza-Zubiri disputar\u00e1n el pr\u00f3ximo lunes la gran final. En semifinales, Setien y Larre Gain se impusieron a Goikoetxea V-Barrenetxea IV y a Segurola-Azpiroz, que representan a Oialume Zar y Petritegi.<\/p>\n\n\n\n<p>En la primera semifinal Ansa y Juanenea derrotaron por 25-30 a Goikoetxea V y Barrenetxea. Una vez m\u00e1s, Oialume Zar se ha quedado a las puertas de la final. En el segundo partido Urriza y Zubiri ganaron 30-22 a Segurola y Azpiroz. Por lo tanto, los delanteros Urriza y Ansa volver\u00e1n a verse las caras en la final del Sagardoaren Txapelketa. En esta ocasi\u00f3n, con Juanenea y Zubiri como pareja. El a\u00f1o pasado Labaka y Zaldua eran las parejas de Ansa II y Urriza.<\/p>\n\n\n\n<p>Las semifinales fueron disputadas y en Galarreta los aficionados que se acercaron pusieron un ambiente realmente bonito.  Much\u00edsima gente se acerc\u00f3 ayer al front\u00f3n de Hernani.<\/p>\n\n\n\n<p>Ansa y Juanenea se impusieron desde el principio en la primera semifinal, a pesar de ser un partido disputado. Se adelantaron 2-4 y fueron manteniendo la ventaja, hasta el 7-10. Entonces una tacada de cinco tantos seguidos llev\u00f3 a los azules hasta el 7-15, logrando una ventaja de ocho tantos. Mantuvieron la ventaja hasta el 12 y 20 y entonces vino la reacci\u00f3n de los colorados. Se acercaron a tres tantos 20-23, pero no fue m\u00e1s all\u00e1. Ansa y Juanenea ampliaron su ventaja a seis tantos, 23-29 y cerraron el partido 25-30.<\/p>\n\n\n\n<p>Se jugaron tantos muy duros y el partido fue espectacular. Los cuatro pelotaris tambi\u00e9n se quedaron en el suelo al finalizar varios de los tantos. Ansa fue el pelotari que mejor n\u00fameros hizo con 18 tantos y tres errores. Domin\u00f3 el duelo de delanteros y estuvo muy bien. Goikoetxea hizo siete tantos y cometi\u00f3 tres errores. En el duelo de zagueros Barrenetxea tambi\u00e9n hizo un partido significativo con 14 tantos y dos errores, pero Juanenea lo sujet\u00f3 bastante bien y apenas cometi\u00f3 errores. Hizo siete tantos por un solo error.<\/p>\n\n\n\n<figure class=\"wp-block-image size-large\"><img fetchpriority=\"high\" fetchpriority=\"high\" decoding=\"async\" width=\"1024\" height=\"683\" src=\"https:\/\/oriamendi.eus\/wp-content\/uploads\/2022\/06\/IMG_13062022_191538_2000_x_1333_pixel-1024x683.jpg\" alt=\"\" class=\"wp-image-6528\" srcset=\"https:\/\/oriamendi.eus\/wp-content\/uploads\/2022\/06\/IMG_13062022_191538_2000_x_1333_pixel-1024x683.jpg 1024w, https:\/\/oriamendi.eus\/wp-content\/uploads\/2022\/06\/IMG_13062022_191538_2000_x_1333_pixel-980x653.jpg 980w, https:\/\/oriamendi.eus\/wp-content\/uploads\/2022\/06\/IMG_13062022_191538_2000_x_1333_pixel-480x320.jpg 480w\" sizes=\"(min-width: 0px) and (max-width: 480px) 480px, (min-width: 481px) and (max-width: 980px) 980px, (min-width: 981px) 1024px, 100vw\" \/><\/figure>\n\n\n\n<p>El segundo partido tambi\u00e9n fue duro y los colorados, Urriza y Zubiri sentenciaron el partido en los tantos finales. Los azules comenzaron bien el partido, por delante, 2-4, y el duelo transcurr\u00eda parejo. Los rojos lograron cuatro y cinco tantos de ventaja 12-8 y 19-14, pero los azules, con Segurola golpeando duro a la pelota y rematando muy bien, se acercaron a un tanto, 21-20.<\/p>\n\n\n\n<p>Sin embargo, no consiguieron empatar el partido y los rojos completaron una mejor recta final. Zubiri puso su experiencia en la cancha y logr\u00f3 superar a Azpiroz. El partido del goizuetarra fue para destacar. Elevaron la diferencia a seis tantos y decidieron el partido, 30-22. Los azules notaron el cansancio y se quedaron en 22. Zubiri fue el mejor remontista de las semifinales con 11 tantos y un solo error. Urriza se anot\u00f3 13 tantos y dos errores. En los azules destac\u00f3 Segurola y estuvo a la altura de Urriza con 14 tantos y 4 errores. Azp\u00edroz hizo cinco tantos y dos errores.<\/p>\n","protected":false},"excerpt":{"rendered":"<p>Ansa II-Juanenea vencieron a Goikoetxea V-Barrenetxea IV por 30-25 y Urriza-Zubiri ganaron 30-22 ante Segurola-Azpiroz Ya tenemos finalistas del Sagardoaren Txapelketa. Ansa II-Juanenea y Urriza-Zubiri disputar\u00e1n el pr\u00f3ximo lunes la gran final. En semifinales, Setien y Larre Gain se impusieron a Goikoetxea V-Barrenetxea IV y a Segurola-Azpiroz, que representan a Oialume Zar y Petritegi. En [&hellip;]<\/p>\n","protected":false},"author":5,"featured_media":6531,"comment_status":"closed","ping_status":"open","sticky":false,"template":"","format":"standard","meta":{"_et_pb_use_builder":"off","_et_pb_old_content":"","_et_gb_content_width":"","footnotes":""},"categories":[1],"tags":[],"yoast_head":"<!-- This site is optimized with the Yoast SEO plugin v21.8 - https:\/\/yoast.com\/wordpress\/plugins\/seo\/ -->\n<title>Setien y Larre Gain, a la final del Sagardoaren Txapelketa | Oriamendi 2010<\/title>\n<meta name=\"robots\" content=\"index, follow, max-snippet:-1, max-image-preview:large, max-video-preview:-1\" \/>\n<link rel=\"canonical\" href=\"https:\/\/oriamendi.eus\/es\/2022\/06\/14\/setien-y-larre-gain-a-la-final-del-sagardoaren-txapelketa\/\" \/>\n<meta property=\"og:locale\" content=\"es_ES\" \/>\n<meta property=\"og:type\" content=\"article\" \/>\n<meta property=\"og:title\" content=\"Setien y Larre Gain, a la final del Sagardoaren Txapelketa | Oriamendi 2010\" \/>\n<meta property=\"og:description\" content=\"Ansa II-Juanenea vencieron a Goikoetxea V-Barrenetxea IV por 30-25 y Urriza-Zubiri ganaron 30-22 ante Segurola-Azpiroz Ya tenemos finalistas del Sagardoaren Txapelketa. Ansa II-Juanenea y Urriza-Zubiri disputar\u00e1n el pr\u00f3ximo lunes la gran final. En semifinales, Setien y Larre Gain se impusieron a Goikoetxea V-Barrenetxea IV y a Segurola-Azpiroz, que representan a Oialume Zar y Petritegi. En [&hellip;]\" \/>\n<meta property=\"og:url\" content=\"https:\/\/oriamendi.eus\/es\/2022\/06\/14\/setien-y-larre-gain-a-la-final-del-sagardoaren-txapelketa\/\" \/>\n<meta property=\"og:site_name\" content=\"Oriamendi 2010\" \/>\n<meta property=\"article:publisher\" content=\"https:\/\/www.facebook.com\/oriamendi2010remonte\/\" \/>\n<meta property=\"article:published_time\" content=\"2022-06-14T07:30:10+00:00\" \/>\n<meta property=\"article:modified_time\" content=\"2022-06-14T07:30:13+00:00\" \/>\n<meta property=\"og:image\" content=\"https:\/\/oriamendi.eus\/wp-content\/uploads\/2022\/06\/IMG_13062022_203952_2000_x_1333_pixel.jpg\" \/>\n\t<meta property=\"og:image:width\" content=\"1200\" \/>\n\t<meta property=\"og:image:height\" content=\"800\" \/>\n\t<meta property=\"og:image:type\" content=\"image\/jpeg\" \/>\n<meta name=\"author\" content=\"I\u00f1igo Go\u00f1i\" \/>\n<meta name=\"twitter:card\" content=\"summary_large_image\" \/>\n<meta name=\"twitter:creator\" content=\"@oriamendi2010\" \/>\n<meta name=\"twitter:site\" content=\"@oriamendi2010\" \/>\n<meta name=\"twitter:label1\" content=\"Escrito por\" \/>\n\t<meta name=\"twitter:data1\" content=\"I\u00f1igo Go\u00f1i\" \/>\n\t<meta name=\"twitter:label2\" content=\"Tiempo de lectura\" \/>\n\t<meta name=\"twitter:data2\" content=\"3 minutos\" \/>\n<script type=\"application\/ld+json\" class=\"yoast-schema-graph\">{\"@context\":\"https:\/\/schema.org\",\"@graph\":[{\"@type\":\"Article\",\"@id\":\"https:\/\/oriamendi.eus\/es\/2022\/06\/14\/setien-y-larre-gain-a-la-final-del-sagardoaren-txapelketa\/#article\",\"isPartOf\":{\"@id\":\"https:\/\/oriamendi.eus\/es\/2022\/06\/14\/setien-y-larre-gain-a-la-final-del-sagardoaren-txapelketa\/\"},\"author\":{\"name\":\"I\u00f1igo Go\u00f1i\",\"@id\":\"https:\/\/oriamendi.eus\/es\/#\/schema\/person\/c0bd06c6c747674306a5c82563e2339a\"},\"headline\":\"Setien y Larre Gain, a la final del Sagardoaren Txapelketa\",\"datePublished\":\"2022-06-14T07:30:10+00:00\",\"dateModified\":\"2022-06-14T07:30:13+00:00\",\"mainEntityOfPage\":{\"@id\":\"https:\/\/oriamendi.eus\/es\/2022\/06\/14\/setien-y-larre-gain-a-la-final-del-sagardoaren-txapelketa\/\"},\"wordCount\":531,\"publisher\":{\"@id\":\"https:\/\/oriamendi.eus\/es\/#organization\"},\"articleSection\":[\"Sin categorizar\"],\"inLanguage\":\"es\"},{\"@type\":\"WebPage\",\"@id\":\"https:\/\/oriamendi.eus\/es\/2022\/06\/14\/setien-y-larre-gain-a-la-final-del-sagardoaren-txapelketa\/\",\"url\":\"https:\/\/oriamendi.eus\/es\/2022\/06\/14\/setien-y-larre-gain-a-la-final-del-sagardoaren-txapelketa\/\",\"name\":\"Setien y Larre Gain, a la final del Sagardoaren Txapelketa | Oriamendi 2010\",\"isPartOf\":{\"@id\":\"https:\/\/oriamendi.eus\/es\/#website\"},\"datePublished\":\"2022-06-14T07:30:10+00:00\",\"dateModified\":\"2022-06-14T07:30:13+00:00\",\"breadcrumb\":{\"@id\":\"https:\/\/oriamendi.eus\/es\/2022\/06\/14\/setien-y-larre-gain-a-la-final-del-sagardoaren-txapelketa\/#breadcrumb\"},\"inLanguage\":\"es\",\"potentialAction\":[{\"@type\":\"ReadAction\",\"target\":[\"https:\/\/oriamendi.eus\/es\/2022\/06\/14\/setien-y-larre-gain-a-la-final-del-sagardoaren-txapelketa\/\"]}]},{\"@type\":\"BreadcrumbList\",\"@id\":\"https:\/\/oriamendi.eus\/es\/2022\/06\/14\/setien-y-larre-gain-a-la-final-del-sagardoaren-txapelketa\/#breadcrumb\",\"itemListElement\":[{\"@type\":\"ListItem\",\"position\":1,\"name\":\"Portada\",\"item\":\"https:\/\/oriamendi.eus\/es\/\"},{\"@type\":\"ListItem\",\"position\":2,\"name\":\"Setien y Larre Gain, a la final del Sagardoaren Txapelketa\"}]},{\"@type\":\"WebSite\",\"@id\":\"https:\/\/oriamendi.eus\/es\/#website\",\"url\":\"https:\/\/oriamendi.eus\/es\/\",\"name\":\"Oriamendi\",\"description\":\"Remonte en Galarreta. Hernani. Gipuzkoa\",\"publisher\":{\"@id\":\"https:\/\/oriamendi.eus\/es\/#organization\"},\"potentialAction\":[{\"@type\":\"SearchAction\",\"target\":{\"@type\":\"EntryPoint\",\"urlTemplate\":\"https:\/\/oriamendi.eus\/es\/?s={search_term_string}\"},\"query-input\":\"required name=search_term_string\"}],\"inLanguage\":\"es\"},{\"@type\":\"Organization\",\"@id\":\"https:\/\/oriamendi.eus\/es\/#organization\",\"name\":\"Oriamendi\",\"url\":\"https:\/\/oriamendi.eus\/es\/\",\"logo\":{\"@type\":\"ImageObject\",\"inLanguage\":\"es\",\"@id\":\"https:\/\/oriamendi.eus\/es\/#\/schema\/logo\/image\/\",\"url\":\"https:\/\/oriamendi.eus\/wp-content\/uploads\/2020\/06\/logo-oriamendi.png\",\"contentUrl\":\"https:\/\/oriamendi.eus\/wp-content\/uploads\/2020\/06\/logo-oriamendi.png\",\"width\":300,\"height\":90,\"caption\":\"Oriamendi\"},\"image\":{\"@id\":\"https:\/\/oriamendi.eus\/es\/#\/schema\/logo\/image\/\"},\"sameAs\":[\"https:\/\/www.facebook.com\/oriamendi2010remonte\/\",\"https:\/\/twitter.com\/oriamendi2010\",\"https:\/\/www.instagram.com\/galarretajaialai\/\",\"https:\/\/www.youtube.com\/channel\/UC8gVNzQqB1iwnC-_rI-ihmA\/featured\"]},{\"@type\":\"Person\",\"@id\":\"https:\/\/oriamendi.eus\/es\/#\/schema\/person\/c0bd06c6c747674306a5c82563e2339a\",\"name\":\"I\u00f1igo Go\u00f1i\",\"image\":{\"@type\":\"ImageObject\",\"inLanguage\":\"es\",\"@id\":\"https:\/\/oriamendi.eus\/es\/#\/schema\/person\/image\/\",\"url\":\"https:\/\/secure.gravatar.com\/avatar\/fbb07ffc7b803bbfcc2b6419c06abd3a?s=96&d=mm&r=g\",\"contentUrl\":\"https:\/\/secure.gravatar.com\/avatar\/fbb07ffc7b803bbfcc2b6419c06abd3a?s=96&d=mm&r=g\",\"caption\":\"I\u00f1igo Go\u00f1i\"},\"url\":\"https:\/\/oriamendi.eus\/es\/author\/om-berriak\/\"}]}<\/script>\n<!-- \/ Yoast SEO plugin. -->","yoast_head_json":{"title":"Setien y Larre Gain, a la final del Sagardoaren Txapelketa | Oriamendi 2010","robots":{"index":"index","follow":"follow","max-snippet":"max-snippet:-1","max-image-preview":"max-image-preview:large","max-video-preview":"max-video-preview:-1"},"canonical":"https:\/\/oriamendi.eus\/es\/2022\/06\/14\/setien-y-larre-gain-a-la-final-del-sagardoaren-txapelketa\/","og_locale":"es_ES","og_type":"article","og_title":"Setien y Larre Gain, a la final del Sagardoaren Txapelketa | Oriamendi 2010","og_description":"Ansa II-Juanenea vencieron a Goikoetxea V-Barrenetxea IV por 30-25 y Urriza-Zubiri ganaron 30-22 ante Segurola-Azpiroz Ya tenemos finalistas del Sagardoaren Txapelketa. Ansa II-Juanenea y Urriza-Zubiri disputar\u00e1n el pr\u00f3ximo lunes la gran final. En semifinales, Setien y Larre Gain se impusieron a Goikoetxea V-Barrenetxea IV y a Segurola-Azpiroz, que representan a Oialume Zar y Petritegi. En [&hellip;]","og_url":"https:\/\/oriamendi.eus\/es\/2022\/06\/14\/setien-y-larre-gain-a-la-final-del-sagardoaren-txapelketa\/","og_site_name":"Oriamendi 2010","article_publisher":"https:\/\/www.facebook.com\/oriamendi2010remonte\/","article_published_time":"2022-06-14T07:30:10+00:00","article_modified_time":"2022-06-14T07:30:13+00:00","og_image":[{"width":1200,"height":800,"url":"https:\/\/oriamendi.eus\/wp-content\/uploads\/2022\/06\/IMG_13062022_203952_2000_x_1333_pixel.jpg","type":"image\/jpeg"}],"author":"I\u00f1igo Go\u00f1i","twitter_card":"summary_large_image","twitter_creator":"@oriamendi2010","twitter_site":"@oriamendi2010","twitter_misc":{"Escrito por":"I\u00f1igo Go\u00f1i","Tiempo de lectura":"3 minutos"},"schema":{"@context":"https:\/\/schema.org","@graph":[{"@type":"Article","@id":"https:\/\/oriamendi.eus\/es\/2022\/06\/14\/setien-y-larre-gain-a-la-final-del-sagardoaren-txapelketa\/#article","isPartOf":{"@id":"https:\/\/oriamendi.eus\/es\/2022\/06\/14\/setien-y-larre-gain-a-la-final-del-sagardoaren-txapelketa\/"},"author":{"name":"I\u00f1igo Go\u00f1i","@id":"https:\/\/oriamendi.eus\/es\/#\/schema\/person\/c0bd06c6c747674306a5c82563e2339a"},"headline":"Setien y Larre Gain, a la final del Sagardoaren Txapelketa","datePublished":"2022-06-14T07:30:10+00:00","dateModified":"2022-06-14T07:30:13+00:00","mainEntityOfPage":{"@id":"https:\/\/oriamendi.eus\/es\/2022\/06\/14\/setien-y-larre-gain-a-la-final-del-sagardoaren-txapelketa\/"},"wordCount":531,"publisher":{"@id":"https:\/\/oriamendi.eus\/es\/#organization"},"articleSection":["Sin categorizar"],"inLanguage":"es"},{"@type":"WebPage","@id":"https:\/\/oriamendi.eus\/es\/2022\/06\/14\/setien-y-larre-gain-a-la-final-del-sagardoaren-txapelketa\/","url":"https:\/\/oriamendi.eus\/es\/2022\/06\/14\/setien-y-larre-gain-a-la-final-del-sagardoaren-txapelketa\/","name":"Setien y Larre Gain, a la final del Sagardoaren Txapelketa | Oriamendi 2010","isPartOf":{"@id":"https:\/\/oriamendi.eus\/es\/#website"},"datePublished":"2022-06-14T07:30:10+00:00","dateModified":"2022-06-14T07:30:13+00:00","breadcrumb":{"@id":"https:\/\/oriamendi.eus\/es\/2022\/06\/14\/setien-y-larre-gain-a-la-final-del-sagardoaren-txapelketa\/#breadcrumb"},"inLanguage":"es","potentialAction":[{"@type":"ReadAction","target":["https:\/\/oriamendi.eus\/es\/2022\/06\/14\/setien-y-larre-gain-a-la-final-del-sagardoaren-txapelketa\/"]}]},{"@type":"BreadcrumbList","@id":"https:\/\/oriamendi.eus\/es\/2022\/06\/14\/setien-y-larre-gain-a-la-final-del-sagardoaren-txapelketa\/#breadcrumb","itemListElement":[{"@type":"ListItem","position":1,"name":"Portada","item":"https:\/\/oriamendi.eus\/es\/"},{"@type":"ListItem","position":2,"name":"Setien y Larre Gain, a la final del Sagardoaren Txapelketa"}]},{"@type":"WebSite","@id":"https:\/\/oriamendi.eus\/es\/#website","url":"https:\/\/oriamendi.eus\/es\/","name":"Oriamendi","description":"Remonte en Galarreta. Hernani. Gipuzkoa","publisher":{"@id":"https:\/\/oriamendi.eus\/es\/#organization"},"potentialAction":[{"@type":"SearchAction","target":{"@type":"EntryPoint","urlTemplate":"https:\/\/oriamendi.eus\/es\/?s={search_term_string}"},"query-input":"required name=search_term_string"}],"inLanguage":"es"},{"@type":"Organization","@id":"https:\/\/oriamendi.eus\/es\/#organization","name":"Oriamendi","url":"https:\/\/oriamendi.eus\/es\/","logo":{"@type":"ImageObject","inLanguage":"es","@id":"https:\/\/oriamendi.eus\/es\/#\/schema\/logo\/image\/","url":"https:\/\/oriamendi.eus\/wp-content\/uploads\/2020\/06\/logo-oriamendi.png","contentUrl":"https:\/\/oriamendi.eus\/wp-content\/uploads\/2020\/06\/logo-oriamendi.png","width":300,"height":90,"caption":"Oriamendi"},"image":{"@id":"https:\/\/oriamendi.eus\/es\/#\/schema\/logo\/image\/"},"sameAs":["https:\/\/www.facebook.com\/oriamendi2010remonte\/","https:\/\/twitter.com\/oriamendi2010","https:\/\/www.instagram.com\/galarretajaialai\/","https:\/\/www.youtube.com\/channel\/UC8gVNzQqB1iwnC-_rI-ihmA\/featured"]},{"@type":"Person","@id":"https:\/\/oriamendi.eus\/es\/#\/schema\/person\/c0bd06c6c747674306a5c82563e2339a","name":"I\u00f1igo Go\u00f1i","image":{"@type":"ImageObject","inLanguage":"es","@id":"https:\/\/oriamendi.eus\/es\/#\/schema\/person\/image\/","url":"https:\/\/secure.gravatar.com\/avatar\/fbb07ffc7b803bbfcc2b6419c06abd3a?s=96&d=mm&r=g","contentUrl":"https:\/\/secure.gravatar.com\/avatar\/fbb07ffc7b803bbfcc2b6419c06abd3a?s=96&d=mm&r=g","caption":"I\u00f1igo Go\u00f1i"},"url":"https:\/\/oriamendi.eus\/es\/author\/om-berriak\/"}]}},"_links":{"self":[{"href":"https:\/\/oriamendi.eus\/es\/wp-json\/wp\/v2\/posts\/6532"}],"collection":[{"href":"https:\/\/oriamendi.eus\/es\/wp-json\/wp\/v2\/posts"}],"about":[{"href":"https:\/\/oriamendi.eus\/es\/wp-json\/wp\/v2\/types\/post"}],"author":[{"embeddable":true,"href":"https:\/\/oriamendi.eus\/es\/wp-json\/wp\/v2\/users\/5"}],"replies":[{"embeddable":true,"href":"https:\/\/oriamendi.eus\/es\/wp-json\/wp\/v2\/comments?post=6532"}],"version-history":[{"count":1,"href":"https:\/\/oriamendi.eus\/es\/wp-json\/wp\/v2\/posts\/6532\/revisions"}],"predecessor-version":[{"id":6533,"href":"https:\/\/oriamendi.eus\/es\/wp-json\/wp\/v2\/posts\/6532\/revisions\/6533"}],"wp:featuredmedia":[{"embeddable":true,"href":"https:\/\/oriamendi.eus\/es\/wp-json\/wp\/v2\/media\/6531"}],"wp:attachment":[{"href":"https:\/\/oriamendi.eus\/es\/wp-json\/wp\/v2\/media?parent=6532"}],"wp:term":[{"taxonomy":"category","embeddable":true,"href":"https:\/\/oriamendi.eus\/es\/wp-json\/wp\/v2\/categories?post=6532"},{"taxonomy":"post_tag","embeddable":true,"href":"https:\/\/oriamendi.eus\/es\/wp-json\/wp\/v2\/tags?post=6532"}],"curies":[{"name":"wp","href":"https:\/\/api.w.org\/{rel}","templated":true}]}}