                                        
                                        
                                        
                                        
                                        
                                        
                                        
                                        
                                        
                                        
                                        
                                        
                                        
                                        
                                        
                                        
                                        
                                        
{"id":6511,"date":"2022-06-07T13:49:15","date_gmt":"2022-06-07T11:49:15","guid":{"rendered":"https:\/\/oriamendi.eus\/?p=6511"},"modified":"2022-06-07T13:49:18","modified_gmt":"2022-06-07T11:49:18","slug":"finaliza-la-liguilla-del-sagardoaren-txapelketa","status":"publish","type":"post","link":"https:\/\/oriamendi.eus\/es\/2022\/06\/07\/finaliza-la-liguilla-del-sagardoaren-txapelketa\/","title":{"rendered":"Finaliza la liguilla del Sagardoaren Txapelketa"},"content":{"rendered":"\n<p>La primera fase del Sagardoaren Txapelketa ha finalizado y ya han quedado decididas las parejas clasificadas para las semifinales. En la \u00faltima jornada el resultado fue el mismo. As\u00ed, en la primera, Urriza y Zubiri (Larre Gain 30-21) se impusieron a Ezkurra II y Zaldua I (Gurutzeta). En la segunda, Ansa y Juanenea (Setien), con id\u00e9ntico resultado, ganaron ante Segurola y Aziroz (Petritegi).<\/p>\n\n\n\n<p><\/p>\n\n\n\n<p>La clasificaci\u00f3n queda as\u00ed. Urriza y Zubiri han ganado todos los partidos, cinco, y con 20 puntos han quedado primeros. Las pocas opciones de clasificarse que ten\u00edan Ezkurra y Zaldua las perdieron ayer y se han quedado en la calle tras clasificarse quintos con cinco puntos. Ansa y Juanenea, superaron a Segurola y Azpiroz tras ganar el partido entre ambos. As\u00ed, han sido tercero y cuarto respectivamente. Goikoetxea y Barrenetxea (Oialume Zar) han sido segundos y Aldabe y Larra\u00f1aga (Bereziartua) perdieron hace tiempo sus opciones de clasificarse.<\/p>\n\n\n\n<p>En semifinales, el pr\u00f3ximo lunes, Urriza y Zubiri se enfrentar\u00e1n a Segurola y Azpiroz y en la otra se enfrentar\u00e1n Goikoetxea V-Barrenetxea IV a Ansa II-Juanenea.<\/p>\n\n\n\n<p>En cuanto a los partidos de ayer, ambos fueron muy diferentes. En el primero los azules mandaron durante mucho tiempo, aunque al final el resultado fue el mismo en ambos partidos. Ezkurra y Zaldua comenzaron por delante y el partido transcurri\u00f3 igualado. Tambi\u00e9n mandaban 16-18 Ezkurra y Zaldua, pero se les hizo largo el final de partido y con un parcial de 14-3 los rojos lograron la victoria.<\/p>\n\n\n\n<p>En el segundo partido Ansa y Juanenea decidieron el partido inmediatamente. Se adelantaron 15-1 en diez minutos y qued\u00f3 sentenciado el partido. Sin embargo, los azules se acercaron a seis tantos por 24-18, 26-20, aunque ya era demasiado tarde para llevarse la victoria. Antes del partido las dos parejas sab\u00edan que estaban clasificadas y quiz\u00e1 eso influy\u00f3.<\/p>\n","protected":false},"excerpt":{"rendered":"<p>La primera fase del Sagardoaren Txapelketa ha finalizado y ya han quedado decididas las parejas clasificadas para las semifinales. En la \u00faltima jornada el resultado fue el mismo. As\u00ed, en la primera, Urriza y Zubiri (Larre Gain 30-21) se impusieron a Ezkurra II y Zaldua I (Gurutzeta). En la segunda, Ansa y Juanenea (Setien), con [&hellip;]<\/p>\n","protected":false},"author":5,"featured_media":6510,"comment_status":"closed","ping_status":"open","sticky":false,"template":"","format":"standard","meta":{"_et_pb_use_builder":"off","_et_pb_old_content":"","_et_gb_content_width":"","footnotes":""},"categories":[1],"tags":[],"yoast_head":"<!-- This site is optimized with the Yoast SEO plugin v21.8 - https:\/\/yoast.com\/wordpress\/plugins\/seo\/ -->\n<title>Finaliza la liguilla del Sagardoaren Txapelketa | Oriamendi 2010<\/title>\n<meta name=\"robots\" content=\"index, follow, max-snippet:-1, max-image-preview:large, max-video-preview:-1\" \/>\n<link rel=\"canonical\" href=\"https:\/\/oriamendi.eus\/es\/2022\/06\/07\/finaliza-la-liguilla-del-sagardoaren-txapelketa\/\" \/>\n<meta property=\"og:locale\" content=\"es_ES\" \/>\n<meta property=\"og:type\" content=\"article\" \/>\n<meta property=\"og:title\" content=\"Finaliza la liguilla del Sagardoaren Txapelketa | Oriamendi 2010\" \/>\n<meta property=\"og:description\" content=\"La primera fase del Sagardoaren Txapelketa ha finalizado y ya han quedado decididas las parejas clasificadas para las semifinales. En la \u00faltima jornada el resultado fue el mismo. As\u00ed, en la primera, Urriza y Zubiri (Larre Gain 30-21) se impusieron a Ezkurra II y Zaldua I (Gurutzeta). En la segunda, Ansa y Juanenea (Setien), con [&hellip;]\" \/>\n<meta property=\"og:url\" content=\"https:\/\/oriamendi.eus\/es\/2022\/06\/07\/finaliza-la-liguilla-del-sagardoaren-txapelketa\/\" \/>\n<meta property=\"og:site_name\" content=\"Oriamendi 2010\" \/>\n<meta property=\"article:publisher\" content=\"https:\/\/www.facebook.com\/oriamendi2010remonte\/\" \/>\n<meta property=\"article:published_time\" content=\"2022-06-07T11:49:15+00:00\" \/>\n<meta property=\"article:modified_time\" content=\"2022-06-07T11:49:18+00:00\" \/>\n<meta property=\"og:image\" content=\"https:\/\/oriamendi.eus\/wp-content\/uploads\/2022\/06\/PHOTO-2022-06-07-13-20-26.jpg\" \/>\n\t<meta property=\"og:image:width\" content=\"1200\" \/>\n\t<meta property=\"og:image:height\" content=\"1200\" \/>\n\t<meta property=\"og:image:type\" content=\"image\/jpeg\" \/>\n<meta name=\"author\" content=\"I\u00f1igo Go\u00f1i\" \/>\n<meta name=\"twitter:card\" content=\"summary_large_image\" \/>\n<meta name=\"twitter:creator\" content=\"@oriamendi2010\" \/>\n<meta name=\"twitter:site\" content=\"@oriamendi2010\" \/>\n<meta name=\"twitter:label1\" content=\"Escrito por\" \/>\n\t<meta name=\"twitter:data1\" content=\"I\u00f1igo Go\u00f1i\" \/>\n\t<meta name=\"twitter:label2\" content=\"Tiempo de lectura\" \/>\n\t<meta name=\"twitter:data2\" content=\"2 minutos\" \/>\n<script type=\"application\/ld+json\" class=\"yoast-schema-graph\">{\"@context\":\"https:\/\/schema.org\",\"@graph\":[{\"@type\":\"Article\",\"@id\":\"https:\/\/oriamendi.eus\/es\/2022\/06\/07\/finaliza-la-liguilla-del-sagardoaren-txapelketa\/#article\",\"isPartOf\":{\"@id\":\"https:\/\/oriamendi.eus\/es\/2022\/06\/07\/finaliza-la-liguilla-del-sagardoaren-txapelketa\/\"},\"author\":{\"name\":\"I\u00f1igo Go\u00f1i\",\"@id\":\"https:\/\/oriamendi.eus\/es\/#\/schema\/person\/c0bd06c6c747674306a5c82563e2339a\"},\"headline\":\"Finaliza la liguilla del Sagardoaren Txapelketa\",\"datePublished\":\"2022-06-07T11:49:15+00:00\",\"dateModified\":\"2022-06-07T11:49:18+00:00\",\"mainEntityOfPage\":{\"@id\":\"https:\/\/oriamendi.eus\/es\/2022\/06\/07\/finaliza-la-liguilla-del-sagardoaren-txapelketa\/\"},\"wordCount\":315,\"publisher\":{\"@id\":\"https:\/\/oriamendi.eus\/es\/#organization\"},\"articleSection\":[\"Sin categorizar\"],\"inLanguage\":\"es\"},{\"@type\":\"WebPage\",\"@id\":\"https:\/\/oriamendi.eus\/es\/2022\/06\/07\/finaliza-la-liguilla-del-sagardoaren-txapelketa\/\",\"url\":\"https:\/\/oriamendi.eus\/es\/2022\/06\/07\/finaliza-la-liguilla-del-sagardoaren-txapelketa\/\",\"name\":\"Finaliza la liguilla del Sagardoaren Txapelketa | Oriamendi 2010\",\"isPartOf\":{\"@id\":\"https:\/\/oriamendi.eus\/es\/#website\"},\"datePublished\":\"2022-06-07T11:49:15+00:00\",\"dateModified\":\"2022-06-07T11:49:18+00:00\",\"breadcrumb\":{\"@id\":\"https:\/\/oriamendi.eus\/es\/2022\/06\/07\/finaliza-la-liguilla-del-sagardoaren-txapelketa\/#breadcrumb\"},\"inLanguage\":\"es\",\"potentialAction\":[{\"@type\":\"ReadAction\",\"target\":[\"https:\/\/oriamendi.eus\/es\/2022\/06\/07\/finaliza-la-liguilla-del-sagardoaren-txapelketa\/\"]}]},{\"@type\":\"BreadcrumbList\",\"@id\":\"https:\/\/oriamendi.eus\/es\/2022\/06\/07\/finaliza-la-liguilla-del-sagardoaren-txapelketa\/#breadcrumb\",\"itemListElement\":[{\"@type\":\"ListItem\",\"position\":1,\"name\":\"Portada\",\"item\":\"https:\/\/oriamendi.eus\/es\/\"},{\"@type\":\"ListItem\",\"position\":2,\"name\":\"Finaliza la liguilla del Sagardoaren Txapelketa\"}]},{\"@type\":\"WebSite\",\"@id\":\"https:\/\/oriamendi.eus\/es\/#website\",\"url\":\"https:\/\/oriamendi.eus\/es\/\",\"name\":\"Oriamendi\",\"description\":\"Remonte en Galarreta. Hernani. Gipuzkoa\",\"publisher\":{\"@id\":\"https:\/\/oriamendi.eus\/es\/#organization\"},\"potentialAction\":[{\"@type\":\"SearchAction\",\"target\":{\"@type\":\"EntryPoint\",\"urlTemplate\":\"https:\/\/oriamendi.eus\/es\/?s={search_term_string}\"},\"query-input\":\"required name=search_term_string\"}],\"inLanguage\":\"es\"},{\"@type\":\"Organization\",\"@id\":\"https:\/\/oriamendi.eus\/es\/#organization\",\"name\":\"Oriamendi\",\"url\":\"https:\/\/oriamendi.eus\/es\/\",\"logo\":{\"@type\":\"ImageObject\",\"inLanguage\":\"es\",\"@id\":\"https:\/\/oriamendi.eus\/es\/#\/schema\/logo\/image\/\",\"url\":\"https:\/\/oriamendi.eus\/wp-content\/uploads\/2020\/06\/logo-oriamendi.png\",\"contentUrl\":\"https:\/\/oriamendi.eus\/wp-content\/uploads\/2020\/06\/logo-oriamendi.png\",\"width\":300,\"height\":90,\"caption\":\"Oriamendi\"},\"image\":{\"@id\":\"https:\/\/oriamendi.eus\/es\/#\/schema\/logo\/image\/\"},\"sameAs\":[\"https:\/\/www.facebook.com\/oriamendi2010remonte\/\",\"https:\/\/twitter.com\/oriamendi2010\",\"https:\/\/www.instagram.com\/galarretajaialai\/\",\"https:\/\/www.youtube.com\/channel\/UC8gVNzQqB1iwnC-_rI-ihmA\/featured\"]},{\"@type\":\"Person\",\"@id\":\"https:\/\/oriamendi.eus\/es\/#\/schema\/person\/c0bd06c6c747674306a5c82563e2339a\",\"name\":\"I\u00f1igo Go\u00f1i\",\"image\":{\"@type\":\"ImageObject\",\"inLanguage\":\"es\",\"@id\":\"https:\/\/oriamendi.eus\/es\/#\/schema\/person\/image\/\",\"url\":\"https:\/\/secure.gravatar.com\/avatar\/fbb07ffc7b803bbfcc2b6419c06abd3a?s=96&d=mm&r=g\",\"contentUrl\":\"https:\/\/secure.gravatar.com\/avatar\/fbb07ffc7b803bbfcc2b6419c06abd3a?s=96&d=mm&r=g\",\"caption\":\"I\u00f1igo Go\u00f1i\"},\"url\":\"https:\/\/oriamendi.eus\/es\/author\/om-berriak\/\"}]}<\/script>\n<!-- \/ Yoast SEO plugin. -->","yoast_head_json":{"title":"Finaliza la liguilla del Sagardoaren Txapelketa | Oriamendi 2010","robots":{"index":"index","follow":"follow","max-snippet":"max-snippet:-1","max-image-preview":"max-image-preview:large","max-video-preview":"max-video-preview:-1"},"canonical":"https:\/\/oriamendi.eus\/es\/2022\/06\/07\/finaliza-la-liguilla-del-sagardoaren-txapelketa\/","og_locale":"es_ES","og_type":"article","og_title":"Finaliza la liguilla del Sagardoaren Txapelketa | Oriamendi 2010","og_description":"La primera fase del Sagardoaren Txapelketa ha finalizado y ya han quedado decididas las parejas clasificadas para las semifinales. En la \u00faltima jornada el resultado fue el mismo. As\u00ed, en la primera, Urriza y Zubiri (Larre Gain 30-21) se impusieron a Ezkurra II y Zaldua I (Gurutzeta). En la segunda, Ansa y Juanenea (Setien), con [&hellip;]","og_url":"https:\/\/oriamendi.eus\/es\/2022\/06\/07\/finaliza-la-liguilla-del-sagardoaren-txapelketa\/","og_site_name":"Oriamendi 2010","article_publisher":"https:\/\/www.facebook.com\/oriamendi2010remonte\/","article_published_time":"2022-06-07T11:49:15+00:00","article_modified_time":"2022-06-07T11:49:18+00:00","og_image":[{"width":1200,"height":1200,"url":"https:\/\/oriamendi.eus\/wp-content\/uploads\/2022\/06\/PHOTO-2022-06-07-13-20-26.jpg","type":"image\/jpeg"}],"author":"I\u00f1igo Go\u00f1i","twitter_card":"summary_large_image","twitter_creator":"@oriamendi2010","twitter_site":"@oriamendi2010","twitter_misc":{"Escrito por":"I\u00f1igo Go\u00f1i","Tiempo de lectura":"2 minutos"},"schema":{"@context":"https:\/\/schema.org","@graph":[{"@type":"Article","@id":"https:\/\/oriamendi.eus\/es\/2022\/06\/07\/finaliza-la-liguilla-del-sagardoaren-txapelketa\/#article","isPartOf":{"@id":"https:\/\/oriamendi.eus\/es\/2022\/06\/07\/finaliza-la-liguilla-del-sagardoaren-txapelketa\/"},"author":{"name":"I\u00f1igo Go\u00f1i","@id":"https:\/\/oriamendi.eus\/es\/#\/schema\/person\/c0bd06c6c747674306a5c82563e2339a"},"headline":"Finaliza la liguilla del Sagardoaren Txapelketa","datePublished":"2022-06-07T11:49:15+00:00","dateModified":"2022-06-07T11:49:18+00:00","mainEntityOfPage":{"@id":"https:\/\/oriamendi.eus\/es\/2022\/06\/07\/finaliza-la-liguilla-del-sagardoaren-txapelketa\/"},"wordCount":315,"publisher":{"@id":"https:\/\/oriamendi.eus\/es\/#organization"},"articleSection":["Sin categorizar"],"inLanguage":"es"},{"@type":"WebPage","@id":"https:\/\/oriamendi.eus\/es\/2022\/06\/07\/finaliza-la-liguilla-del-sagardoaren-txapelketa\/","url":"https:\/\/oriamendi.eus\/es\/2022\/06\/07\/finaliza-la-liguilla-del-sagardoaren-txapelketa\/","name":"Finaliza la liguilla del Sagardoaren Txapelketa | Oriamendi 2010","isPartOf":{"@id":"https:\/\/oriamendi.eus\/es\/#website"},"datePublished":"2022-06-07T11:49:15+00:00","dateModified":"2022-06-07T11:49:18+00:00","breadcrumb":{"@id":"https:\/\/oriamendi.eus\/es\/2022\/06\/07\/finaliza-la-liguilla-del-sagardoaren-txapelketa\/#breadcrumb"},"inLanguage":"es","potentialAction":[{"@type":"ReadAction","target":["https:\/\/oriamendi.eus\/es\/2022\/06\/07\/finaliza-la-liguilla-del-sagardoaren-txapelketa\/"]}]},{"@type":"BreadcrumbList","@id":"https:\/\/oriamendi.eus\/es\/2022\/06\/07\/finaliza-la-liguilla-del-sagardoaren-txapelketa\/#breadcrumb","itemListElement":[{"@type":"ListItem","position":1,"name":"Portada","item":"https:\/\/oriamendi.eus\/es\/"},{"@type":"ListItem","position":2,"name":"Finaliza la liguilla del Sagardoaren Txapelketa"}]},{"@type":"WebSite","@id":"https:\/\/oriamendi.eus\/es\/#website","url":"https:\/\/oriamendi.eus\/es\/","name":"Oriamendi","description":"Remonte en Galarreta. Hernani. Gipuzkoa","publisher":{"@id":"https:\/\/oriamendi.eus\/es\/#organization"},"potentialAction":[{"@type":"SearchAction","target":{"@type":"EntryPoint","urlTemplate":"https:\/\/oriamendi.eus\/es\/?s={search_term_string}"},"query-input":"required name=search_term_string"}],"inLanguage":"es"},{"@type":"Organization","@id":"https:\/\/oriamendi.eus\/es\/#organization","name":"Oriamendi","url":"https:\/\/oriamendi.eus\/es\/","logo":{"@type":"ImageObject","inLanguage":"es","@id":"https:\/\/oriamendi.eus\/es\/#\/schema\/logo\/image\/","url":"https:\/\/oriamendi.eus\/wp-content\/uploads\/2020\/06\/logo-oriamendi.png","contentUrl":"https:\/\/oriamendi.eus\/wp-content\/uploads\/2020\/06\/logo-oriamendi.png","width":300,"height":90,"caption":"Oriamendi"},"image":{"@id":"https:\/\/oriamendi.eus\/es\/#\/schema\/logo\/image\/"},"sameAs":["https:\/\/www.facebook.com\/oriamendi2010remonte\/","https:\/\/twitter.com\/oriamendi2010","https:\/\/www.instagram.com\/galarretajaialai\/","https:\/\/www.youtube.com\/channel\/UC8gVNzQqB1iwnC-_rI-ihmA\/featured"]},{"@type":"Person","@id":"https:\/\/oriamendi.eus\/es\/#\/schema\/person\/c0bd06c6c747674306a5c82563e2339a","name":"I\u00f1igo Go\u00f1i","image":{"@type":"ImageObject","inLanguage":"es","@id":"https:\/\/oriamendi.eus\/es\/#\/schema\/person\/image\/","url":"https:\/\/secure.gravatar.com\/avatar\/fbb07ffc7b803bbfcc2b6419c06abd3a?s=96&d=mm&r=g","contentUrl":"https:\/\/secure.gravatar.com\/avatar\/fbb07ffc7b803bbfcc2b6419c06abd3a?s=96&d=mm&r=g","caption":"I\u00f1igo Go\u00f1i"},"url":"https:\/\/oriamendi.eus\/es\/author\/om-berriak\/"}]}},"_links":{"self":[{"href":"https:\/\/oriamendi.eus\/es\/wp-json\/wp\/v2\/posts\/6511"}],"collection":[{"href":"https:\/\/oriamendi.eus\/es\/wp-json\/wp\/v2\/posts"}],"about":[{"href":"https:\/\/oriamendi.eus\/es\/wp-json\/wp\/v2\/types\/post"}],"author":[{"embeddable":true,"href":"https:\/\/oriamendi.eus\/es\/wp-json\/wp\/v2\/users\/5"}],"replies":[{"embeddable":true,"href":"https:\/\/oriamendi.eus\/es\/wp-json\/wp\/v2\/comments?post=6511"}],"version-history":[{"count":1,"href":"https:\/\/oriamendi.eus\/es\/wp-json\/wp\/v2\/posts\/6511\/revisions"}],"predecessor-version":[{"id":6512,"href":"https:\/\/oriamendi.eus\/es\/wp-json\/wp\/v2\/posts\/6511\/revisions\/6512"}],"wp:featuredmedia":[{"embeddable":true,"href":"https:\/\/oriamendi.eus\/es\/wp-json\/wp\/v2\/media\/6510"}],"wp:attachment":[{"href":"https:\/\/oriamendi.eus\/es\/wp-json\/wp\/v2\/media?parent=6511"}],"wp:term":[{"taxonomy":"category","embeddable":true,"href":"https:\/\/oriamendi.eus\/es\/wp-json\/wp\/v2\/categories?post=6511"},{"taxonomy":"post_tag","embeddable":true,"href":"https:\/\/oriamendi.eus\/es\/wp-json\/wp\/v2\/tags?post=6511"}],"curies":[{"name":"wp","href":"https:\/\/api.w.org\/{rel}","templated":true}]}}