                                        
                                        
                                        
                                        
                                        
                                        
                                        
                                        
                                        
                                        
                                        
                                        
                                        
                                        
                                        
                                        
                                        
                                        
{"id":6462,"date":"2022-05-17T18:29:06","date_gmt":"2022-05-17T16:29:06","guid":{"rendered":"https:\/\/oriamendi.eus\/?p=6462"},"modified":"2022-05-19T10:50:38","modified_gmt":"2022-05-19T08:50:38","slug":"aldabe-y-larranaga-no-estaran-en-las-semifinales-del-sagardoaren-txapelketa","status":"publish","type":"post","link":"https:\/\/oriamendi.eus\/es\/2022\/05\/17\/aldabe-y-larranaga-no-estaran-en-las-semifinales-del-sagardoaren-txapelketa\/","title":{"rendered":"Urriza y Zubiri dan un paso importante en el Sagardoaren Txapelketa"},"content":{"rendered":"\n<p>La pareja formada por Urriza y Zubiri (Larre Gain) volvi\u00f3 a ganar en el Sagardoaren Txapelketa, al doblegar por 30-17 a Aldabe y Larra\u00f1aga. La pareja que representa a Bereziartua, que no conoce la victoria en tres partidos, todav\u00eda mantiene opciones de clasificaci\u00f3n a semifinales. La liguilla se juega todos contra todos y todav\u00eda les restan dos partidos, por lo que pueden sumar ocho e incluso clasificarse en tercera posici\u00f3n. Por su parte, la pareja ganadora se ha situado en la segunda posici\u00f3n de la clasificaci\u00f3n tras los dos partidos disputados.<\/p>\n\n\n\n<p>El segundo partido del festival fue m\u00e1s disputado, pero al final Segurola y Azpiroz (Petritegi) lograron la victoria ante Ezkurra II y Zaldua I (Gurutzeta) (29-30). Con este resultado, Segurola y Azpiroz suben hasta la tercera plaza, mientras que Ezkurra II y Zaldua I siguen quintos, a falta de un partido. Todav\u00eda no est\u00e1 claro para qui\u00e9n ser\u00e1 ese pen\u00faltimo puesto.<\/p>\n\n\n\n<p>Urriza y Zubiri fueron superiores en el primer partido. Al principio fue un duelo igualado, pero poco a poco los colorados fueron consiguiendo ventajas y se fueron escapando 10-6 y 24-13. El partido estaba decidido y a pesar de no tener el punto negativo al final, los azules se quedaron en 17 y se han quedado sin opciones.<\/p>\n\n\n\n<p>El segundo fue un partido m\u00e1s espectacular. Los azules comenzaron bien el partido y lograron bonitas ventajas, 6-11, 8-15, 8-18, 18-27. Ezkurra II no estuvo bien al principio y no buscaba su sitio en la cancha. En cambio, los azules jugaban muy c\u00f3modos. Diez tantos de ventaja parec\u00edan decisivos, pero los rojos no se rindieron.<\/p>\n\n\n\n<p>Segurola y Azp\u00edroz tuvieron dificultades para cerrar el partido y pasaron del 20-28 al 24-29. A cinco tantos estaban los rojos, pero s\u00f3lo faltaba un tanto azul para acabar el partido. Se les notaron los nervios y Ezkurra y Zaldua lograron empatar a 29. Los cuatro remontistas disputaron un espectacular \u00faltimo tanto. Ezkurra tuvo al alcance de la mano la victoria con un dos paredes, pero Azp\u00edroz la llev\u00f3 bien y cuando Segurola tuvo su oportunidad no fall\u00f3. A pesar de la angustia, lograron la victoria.<\/p>\n\n\n\n<p><\/p>\n\n\n\n<figure class=\"wp-block-image size-large\"><img fetchpriority=\"high\" fetchpriority=\"high\" decoding=\"async\" width=\"1024\" height=\"1024\" src=\"https:\/\/oriamendi.eus\/wp-content\/uploads\/2022\/05\/2022-05-16-Sailkapen-orokorra.-1-1024x1024.jpg\" alt=\"\" class=\"wp-image-6471\" srcset=\"https:\/\/oriamendi.eus\/wp-content\/uploads\/2022\/05\/2022-05-16-Sailkapen-orokorra.-1-1024x1024.jpg 1024w, https:\/\/oriamendi.eus\/wp-content\/uploads\/2022\/05\/2022-05-16-Sailkapen-orokorra.-1-980x980.jpg 980w, https:\/\/oriamendi.eus\/wp-content\/uploads\/2022\/05\/2022-05-16-Sailkapen-orokorra.-1-480x480.jpg 480w\" sizes=\"(min-width: 0px) and (max-width: 480px) 480px, (min-width: 481px) and (max-width: 980px) 980px, (min-width: 981px) 1024px, 100vw\" \/><\/figure>\n","protected":false},"excerpt":{"rendered":"<p>La pareja formada por Urriza y Zubiri (Larre Gain) volvi\u00f3 a ganar en el Sagardoaren Txapelketa, al doblegar por 30-17 a Aldabe y Larra\u00f1aga. La pareja que representa a Bereziartua, que no conoce la victoria en tres partidos, todav\u00eda mantiene opciones de clasificaci\u00f3n a semifinales. La liguilla se juega todos contra todos y todav\u00eda les [&hellip;]<\/p>\n","protected":false},"author":5,"featured_media":6398,"comment_status":"closed","ping_status":"open","sticky":false,"template":"","format":"standard","meta":{"_et_pb_use_builder":"off","_et_pb_old_content":"","_et_gb_content_width":"","footnotes":""},"categories":[1],"tags":[],"yoast_head":"<!-- This site is optimized with the Yoast SEO plugin v21.8 - https:\/\/yoast.com\/wordpress\/plugins\/seo\/ -->\n<title>Urriza y Zubiri dan un paso importante en el Sagardoaren Txapelketa | Oriamendi 2010<\/title>\n<meta name=\"robots\" content=\"index, follow, max-snippet:-1, max-image-preview:large, max-video-preview:-1\" \/>\n<link rel=\"canonical\" href=\"https:\/\/oriamendi.eus\/es\/2022\/05\/17\/aldabe-y-larranaga-no-estaran-en-las-semifinales-del-sagardoaren-txapelketa\/\" \/>\n<meta property=\"og:locale\" content=\"es_ES\" \/>\n<meta property=\"og:type\" content=\"article\" \/>\n<meta property=\"og:title\" content=\"Urriza y Zubiri dan un paso importante en el Sagardoaren Txapelketa | Oriamendi 2010\" \/>\n<meta property=\"og:description\" content=\"La pareja formada por Urriza y Zubiri (Larre Gain) volvi\u00f3 a ganar en el Sagardoaren Txapelketa, al doblegar por 30-17 a Aldabe y Larra\u00f1aga. La pareja que representa a Bereziartua, que no conoce la victoria en tres partidos, todav\u00eda mantiene opciones de clasificaci\u00f3n a semifinales. La liguilla se juega todos contra todos y todav\u00eda les [&hellip;]\" \/>\n<meta property=\"og:url\" content=\"https:\/\/oriamendi.eus\/es\/2022\/05\/17\/aldabe-y-larranaga-no-estaran-en-las-semifinales-del-sagardoaren-txapelketa\/\" \/>\n<meta property=\"og:site_name\" content=\"Oriamendi 2010\" \/>\n<meta property=\"article:publisher\" content=\"https:\/\/www.facebook.com\/oriamendi2010remonte\/\" \/>\n<meta property=\"article:published_time\" content=\"2022-05-17T16:29:06+00:00\" \/>\n<meta property=\"article:modified_time\" content=\"2022-05-19T08:50:38+00:00\" \/>\n<meta property=\"og:image\" content=\"https:\/\/oriamendi.eus\/wp-content\/uploads\/2022\/04\/IMG_21042022_190038_2000_x_1333_pixel.jpg\" \/>\n\t<meta property=\"og:image:width\" content=\"1200\" \/>\n\t<meta property=\"og:image:height\" content=\"800\" \/>\n\t<meta property=\"og:image:type\" content=\"image\/jpeg\" \/>\n<meta name=\"author\" content=\"I\u00f1igo Go\u00f1i\" \/>\n<meta name=\"twitter:card\" content=\"summary_large_image\" \/>\n<meta name=\"twitter:creator\" content=\"@oriamendi2010\" \/>\n<meta name=\"twitter:site\" content=\"@oriamendi2010\" \/>\n<meta name=\"twitter:label1\" content=\"Escrito por\" \/>\n\t<meta name=\"twitter:data1\" content=\"I\u00f1igo Go\u00f1i\" \/>\n\t<meta name=\"twitter:label2\" content=\"Tiempo de lectura\" \/>\n\t<meta name=\"twitter:data2\" content=\"2 minutos\" \/>\n<script type=\"application\/ld+json\" class=\"yoast-schema-graph\">{\"@context\":\"https:\/\/schema.org\",\"@graph\":[{\"@type\":\"Article\",\"@id\":\"https:\/\/oriamendi.eus\/es\/2022\/05\/17\/aldabe-y-larranaga-no-estaran-en-las-semifinales-del-sagardoaren-txapelketa\/#article\",\"isPartOf\":{\"@id\":\"https:\/\/oriamendi.eus\/es\/2022\/05\/17\/aldabe-y-larranaga-no-estaran-en-las-semifinales-del-sagardoaren-txapelketa\/\"},\"author\":{\"name\":\"I\u00f1igo Go\u00f1i\",\"@id\":\"https:\/\/oriamendi.eus\/es\/#\/schema\/person\/c0bd06c6c747674306a5c82563e2339a\"},\"headline\":\"Urriza y Zubiri dan un paso importante en el Sagardoaren Txapelketa\",\"datePublished\":\"2022-05-17T16:29:06+00:00\",\"dateModified\":\"2022-05-19T08:50:38+00:00\",\"mainEntityOfPage\":{\"@id\":\"https:\/\/oriamendi.eus\/es\/2022\/05\/17\/aldabe-y-larranaga-no-estaran-en-las-semifinales-del-sagardoaren-txapelketa\/\"},\"wordCount\":377,\"publisher\":{\"@id\":\"https:\/\/oriamendi.eus\/es\/#organization\"},\"articleSection\":[\"Sin categorizar\"],\"inLanguage\":\"es\"},{\"@type\":\"WebPage\",\"@id\":\"https:\/\/oriamendi.eus\/es\/2022\/05\/17\/aldabe-y-larranaga-no-estaran-en-las-semifinales-del-sagardoaren-txapelketa\/\",\"url\":\"https:\/\/oriamendi.eus\/es\/2022\/05\/17\/aldabe-y-larranaga-no-estaran-en-las-semifinales-del-sagardoaren-txapelketa\/\",\"name\":\"Urriza y Zubiri dan un paso importante en el Sagardoaren Txapelketa | Oriamendi 2010\",\"isPartOf\":{\"@id\":\"https:\/\/oriamendi.eus\/es\/#website\"},\"datePublished\":\"2022-05-17T16:29:06+00:00\",\"dateModified\":\"2022-05-19T08:50:38+00:00\",\"breadcrumb\":{\"@id\":\"https:\/\/oriamendi.eus\/es\/2022\/05\/17\/aldabe-y-larranaga-no-estaran-en-las-semifinales-del-sagardoaren-txapelketa\/#breadcrumb\"},\"inLanguage\":\"es\",\"potentialAction\":[{\"@type\":\"ReadAction\",\"target\":[\"https:\/\/oriamendi.eus\/es\/2022\/05\/17\/aldabe-y-larranaga-no-estaran-en-las-semifinales-del-sagardoaren-txapelketa\/\"]}]},{\"@type\":\"BreadcrumbList\",\"@id\":\"https:\/\/oriamendi.eus\/es\/2022\/05\/17\/aldabe-y-larranaga-no-estaran-en-las-semifinales-del-sagardoaren-txapelketa\/#breadcrumb\",\"itemListElement\":[{\"@type\":\"ListItem\",\"position\":1,\"name\":\"Portada\",\"item\":\"https:\/\/oriamendi.eus\/es\/\"},{\"@type\":\"ListItem\",\"position\":2,\"name\":\"Urriza y Zubiri dan un paso importante en el Sagardoaren Txapelketa\"}]},{\"@type\":\"WebSite\",\"@id\":\"https:\/\/oriamendi.eus\/es\/#website\",\"url\":\"https:\/\/oriamendi.eus\/es\/\",\"name\":\"Oriamendi\",\"description\":\"Remonte en Galarreta. Hernani. Gipuzkoa\",\"publisher\":{\"@id\":\"https:\/\/oriamendi.eus\/es\/#organization\"},\"potentialAction\":[{\"@type\":\"SearchAction\",\"target\":{\"@type\":\"EntryPoint\",\"urlTemplate\":\"https:\/\/oriamendi.eus\/es\/?s={search_term_string}\"},\"query-input\":\"required name=search_term_string\"}],\"inLanguage\":\"es\"},{\"@type\":\"Organization\",\"@id\":\"https:\/\/oriamendi.eus\/es\/#organization\",\"name\":\"Oriamendi\",\"url\":\"https:\/\/oriamendi.eus\/es\/\",\"logo\":{\"@type\":\"ImageObject\",\"inLanguage\":\"es\",\"@id\":\"https:\/\/oriamendi.eus\/es\/#\/schema\/logo\/image\/\",\"url\":\"https:\/\/oriamendi.eus\/wp-content\/uploads\/2020\/06\/logo-oriamendi.png\",\"contentUrl\":\"https:\/\/oriamendi.eus\/wp-content\/uploads\/2020\/06\/logo-oriamendi.png\",\"width\":300,\"height\":90,\"caption\":\"Oriamendi\"},\"image\":{\"@id\":\"https:\/\/oriamendi.eus\/es\/#\/schema\/logo\/image\/\"},\"sameAs\":[\"https:\/\/www.facebook.com\/oriamendi2010remonte\/\",\"https:\/\/twitter.com\/oriamendi2010\",\"https:\/\/www.instagram.com\/galarretajaialai\/\",\"https:\/\/www.youtube.com\/channel\/UC8gVNzQqB1iwnC-_rI-ihmA\/featured\"]},{\"@type\":\"Person\",\"@id\":\"https:\/\/oriamendi.eus\/es\/#\/schema\/person\/c0bd06c6c747674306a5c82563e2339a\",\"name\":\"I\u00f1igo Go\u00f1i\",\"image\":{\"@type\":\"ImageObject\",\"inLanguage\":\"es\",\"@id\":\"https:\/\/oriamendi.eus\/es\/#\/schema\/person\/image\/\",\"url\":\"https:\/\/secure.gravatar.com\/avatar\/fbb07ffc7b803bbfcc2b6419c06abd3a?s=96&d=mm&r=g\",\"contentUrl\":\"https:\/\/secure.gravatar.com\/avatar\/fbb07ffc7b803bbfcc2b6419c06abd3a?s=96&d=mm&r=g\",\"caption\":\"I\u00f1igo Go\u00f1i\"},\"url\":\"https:\/\/oriamendi.eus\/es\/author\/om-berriak\/\"}]}<\/script>\n<!-- \/ Yoast SEO plugin. -->","yoast_head_json":{"title":"Urriza y Zubiri dan un paso importante en el Sagardoaren Txapelketa | Oriamendi 2010","robots":{"index":"index","follow":"follow","max-snippet":"max-snippet:-1","max-image-preview":"max-image-preview:large","max-video-preview":"max-video-preview:-1"},"canonical":"https:\/\/oriamendi.eus\/es\/2022\/05\/17\/aldabe-y-larranaga-no-estaran-en-las-semifinales-del-sagardoaren-txapelketa\/","og_locale":"es_ES","og_type":"article","og_title":"Urriza y Zubiri dan un paso importante en el Sagardoaren Txapelketa | Oriamendi 2010","og_description":"La pareja formada por Urriza y Zubiri (Larre Gain) volvi\u00f3 a ganar en el Sagardoaren Txapelketa, al doblegar por 30-17 a Aldabe y Larra\u00f1aga. La pareja que representa a Bereziartua, que no conoce la victoria en tres partidos, todav\u00eda mantiene opciones de clasificaci\u00f3n a semifinales. La liguilla se juega todos contra todos y todav\u00eda les [&hellip;]","og_url":"https:\/\/oriamendi.eus\/es\/2022\/05\/17\/aldabe-y-larranaga-no-estaran-en-las-semifinales-del-sagardoaren-txapelketa\/","og_site_name":"Oriamendi 2010","article_publisher":"https:\/\/www.facebook.com\/oriamendi2010remonte\/","article_published_time":"2022-05-17T16:29:06+00:00","article_modified_time":"2022-05-19T08:50:38+00:00","og_image":[{"width":1200,"height":800,"url":"https:\/\/oriamendi.eus\/wp-content\/uploads\/2022\/04\/IMG_21042022_190038_2000_x_1333_pixel.jpg","type":"image\/jpeg"}],"author":"I\u00f1igo Go\u00f1i","twitter_card":"summary_large_image","twitter_creator":"@oriamendi2010","twitter_site":"@oriamendi2010","twitter_misc":{"Escrito por":"I\u00f1igo Go\u00f1i","Tiempo de lectura":"2 minutos"},"schema":{"@context":"https:\/\/schema.org","@graph":[{"@type":"Article","@id":"https:\/\/oriamendi.eus\/es\/2022\/05\/17\/aldabe-y-larranaga-no-estaran-en-las-semifinales-del-sagardoaren-txapelketa\/#article","isPartOf":{"@id":"https:\/\/oriamendi.eus\/es\/2022\/05\/17\/aldabe-y-larranaga-no-estaran-en-las-semifinales-del-sagardoaren-txapelketa\/"},"author":{"name":"I\u00f1igo Go\u00f1i","@id":"https:\/\/oriamendi.eus\/es\/#\/schema\/person\/c0bd06c6c747674306a5c82563e2339a"},"headline":"Urriza y Zubiri dan un paso importante en el Sagardoaren Txapelketa","datePublished":"2022-05-17T16:29:06+00:00","dateModified":"2022-05-19T08:50:38+00:00","mainEntityOfPage":{"@id":"https:\/\/oriamendi.eus\/es\/2022\/05\/17\/aldabe-y-larranaga-no-estaran-en-las-semifinales-del-sagardoaren-txapelketa\/"},"wordCount":377,"publisher":{"@id":"https:\/\/oriamendi.eus\/es\/#organization"},"articleSection":["Sin categorizar"],"inLanguage":"es"},{"@type":"WebPage","@id":"https:\/\/oriamendi.eus\/es\/2022\/05\/17\/aldabe-y-larranaga-no-estaran-en-las-semifinales-del-sagardoaren-txapelketa\/","url":"https:\/\/oriamendi.eus\/es\/2022\/05\/17\/aldabe-y-larranaga-no-estaran-en-las-semifinales-del-sagardoaren-txapelketa\/","name":"Urriza y Zubiri dan un paso importante en el Sagardoaren Txapelketa | Oriamendi 2010","isPartOf":{"@id":"https:\/\/oriamendi.eus\/es\/#website"},"datePublished":"2022-05-17T16:29:06+00:00","dateModified":"2022-05-19T08:50:38+00:00","breadcrumb":{"@id":"https:\/\/oriamendi.eus\/es\/2022\/05\/17\/aldabe-y-larranaga-no-estaran-en-las-semifinales-del-sagardoaren-txapelketa\/#breadcrumb"},"inLanguage":"es","potentialAction":[{"@type":"ReadAction","target":["https:\/\/oriamendi.eus\/es\/2022\/05\/17\/aldabe-y-larranaga-no-estaran-en-las-semifinales-del-sagardoaren-txapelketa\/"]}]},{"@type":"BreadcrumbList","@id":"https:\/\/oriamendi.eus\/es\/2022\/05\/17\/aldabe-y-larranaga-no-estaran-en-las-semifinales-del-sagardoaren-txapelketa\/#breadcrumb","itemListElement":[{"@type":"ListItem","position":1,"name":"Portada","item":"https:\/\/oriamendi.eus\/es\/"},{"@type":"ListItem","position":2,"name":"Urriza y Zubiri dan un paso importante en el Sagardoaren Txapelketa"}]},{"@type":"WebSite","@id":"https:\/\/oriamendi.eus\/es\/#website","url":"https:\/\/oriamendi.eus\/es\/","name":"Oriamendi","description":"Remonte en Galarreta. Hernani. Gipuzkoa","publisher":{"@id":"https:\/\/oriamendi.eus\/es\/#organization"},"potentialAction":[{"@type":"SearchAction","target":{"@type":"EntryPoint","urlTemplate":"https:\/\/oriamendi.eus\/es\/?s={search_term_string}"},"query-input":"required name=search_term_string"}],"inLanguage":"es"},{"@type":"Organization","@id":"https:\/\/oriamendi.eus\/es\/#organization","name":"Oriamendi","url":"https:\/\/oriamendi.eus\/es\/","logo":{"@type":"ImageObject","inLanguage":"es","@id":"https:\/\/oriamendi.eus\/es\/#\/schema\/logo\/image\/","url":"https:\/\/oriamendi.eus\/wp-content\/uploads\/2020\/06\/logo-oriamendi.png","contentUrl":"https:\/\/oriamendi.eus\/wp-content\/uploads\/2020\/06\/logo-oriamendi.png","width":300,"height":90,"caption":"Oriamendi"},"image":{"@id":"https:\/\/oriamendi.eus\/es\/#\/schema\/logo\/image\/"},"sameAs":["https:\/\/www.facebook.com\/oriamendi2010remonte\/","https:\/\/twitter.com\/oriamendi2010","https:\/\/www.instagram.com\/galarretajaialai\/","https:\/\/www.youtube.com\/channel\/UC8gVNzQqB1iwnC-_rI-ihmA\/featured"]},{"@type":"Person","@id":"https:\/\/oriamendi.eus\/es\/#\/schema\/person\/c0bd06c6c747674306a5c82563e2339a","name":"I\u00f1igo Go\u00f1i","image":{"@type":"ImageObject","inLanguage":"es","@id":"https:\/\/oriamendi.eus\/es\/#\/schema\/person\/image\/","url":"https:\/\/secure.gravatar.com\/avatar\/fbb07ffc7b803bbfcc2b6419c06abd3a?s=96&d=mm&r=g","contentUrl":"https:\/\/secure.gravatar.com\/avatar\/fbb07ffc7b803bbfcc2b6419c06abd3a?s=96&d=mm&r=g","caption":"I\u00f1igo Go\u00f1i"},"url":"https:\/\/oriamendi.eus\/es\/author\/om-berriak\/"}]}},"_links":{"self":[{"href":"https:\/\/oriamendi.eus\/es\/wp-json\/wp\/v2\/posts\/6462"}],"collection":[{"href":"https:\/\/oriamendi.eus\/es\/wp-json\/wp\/v2\/posts"}],"about":[{"href":"https:\/\/oriamendi.eus\/es\/wp-json\/wp\/v2\/types\/post"}],"author":[{"embeddable":true,"href":"https:\/\/oriamendi.eus\/es\/wp-json\/wp\/v2\/users\/5"}],"replies":[{"embeddable":true,"href":"https:\/\/oriamendi.eus\/es\/wp-json\/wp\/v2\/comments?post=6462"}],"version-history":[{"count":3,"href":"https:\/\/oriamendi.eus\/es\/wp-json\/wp\/v2\/posts\/6462\/revisions"}],"predecessor-version":[{"id":6474,"href":"https:\/\/oriamendi.eus\/es\/wp-json\/wp\/v2\/posts\/6462\/revisions\/6474"}],"wp:featuredmedia":[{"embeddable":true,"href":"https:\/\/oriamendi.eus\/es\/wp-json\/wp\/v2\/media\/6398"}],"wp:attachment":[{"href":"https:\/\/oriamendi.eus\/es\/wp-json\/wp\/v2\/media?parent=6462"}],"wp:term":[{"taxonomy":"category","embeddable":true,"href":"https:\/\/oriamendi.eus\/es\/wp-json\/wp\/v2\/categories?post=6462"},{"taxonomy":"post_tag","embeddable":true,"href":"https:\/\/oriamendi.eus\/es\/wp-json\/wp\/v2\/tags?post=6462"}],"curies":[{"name":"wp","href":"https:\/\/api.w.org\/{rel}","templated":true}]}}