                                        
                                        
                                        
                                        
                                        
                                        
                                        
                                        
                                        
                                        
                                        
                                        
                                        
                                        
                                        
                                        
                                        
                                        
{"id":6451,"date":"2022-05-15T14:35:15","date_gmt":"2022-05-15T12:35:15","guid":{"rendered":"https:\/\/oriamendi.eus\/?p=6451"},"modified":"2022-05-15T14:42:51","modified_gmt":"2022-05-15T12:42:51","slug":"ansa-ii-y-barrenetxea-iv-se-lleva-un-estelar-espectacular","status":"publish","type":"post","link":"https:\/\/oriamendi.eus\/es\/2022\/05\/15\/ansa-ii-y-barrenetxea-iv-se-lleva-un-estelar-espectacular\/","title":{"rendered":"Ansa II y Barrenetxea IV se llevan un estelar espectacular"},"content":{"rendered":"\n<p><br>Ansa II y Barrenetxea IV se impusieron 40-38 a Urriza y Azpiroz en un partido de los que hacen afici\u00f3n. Los cuatro pelotaris estuvieron espectaculares, a su mejor nivel, y tras una lucha tit\u00e1nica de hora y medio, Barrenetxea cruz\u00f3 una pelota que Urriza no pudo llevar. Era el 40-38, pero antes se vieron muchas cosas y todas buenas.<\/p>\n\n\n\n<p>Los colorados comandaron en el marcador, pero los azules fueron un muro, que no comet\u00edan fallos. Eso s\u00ed, en el saque Barrenetxea hac\u00eda da\u00f1o y Ansa imprimi\u00f3 much\u00edsima velocidad a la pelota. Eso hac\u00eda que llevaran ventajas desde el inicio. Incluso tuvieron una renta de ocho tantos, 20-12, pero los azules volv\u00edan a equilibrar el partido acerc\u00e1ndose a dos tantos, 24-22.\u00a0<\/p>\n\n\n\n<p>Los colorados volvieron a abrir una brecha de seis tantos, 36-30, pero a base de esfuerzo y trabajo el duelo entr\u00f3 en el tramo decisivo con apenas ventajas. En el 39-38 Barrenetxea demostr\u00f3 su condici\u00f3n de n\u00famero uno en la zaga.&nbsp;<\/p>\n\n\n\n<p>Hay que resaltar el partidazo que realizaron Urriza y Barrenetxea, pero no les fueron a la zaga un Ansa, que fall\u00f3 algo m\u00e1s, pero que estuvo muy bien en ataque y defensa. Azpiroz no fall\u00f3 en todo el partido y solo fall\u00f3 un rebote. Ese fue su \u00fanico lunar, por decir algo. Por lo dem\u00e1s, el choque levant\u00f3 a los aficionados de los asientos en m\u00e1s de una ocasi\u00f3n. Barrenetxea certific\u00f3 los mejores n\u00fameros con ocho tantos de saque y once en el peloteo por solo cuatro fallos. Azpiroz acab\u00f3 con un tanto de saque, seis en el peloteo y un \u00fanico fallo. Urriza hizo hasta 13 tantos en jugada por diez de Ansa. En total el delantero de Pamplona hizo 21 tantos por solo dos fallos.<\/p>\n\n\n\n<p>&nbsp;<br><strong>Se corta la racha de Apezetxea<\/strong><br>Apezetxea perdi\u00f3 su primer partido profesional. Ha sido a la sexta. Hab\u00eda ganado las cinco citas anteriores, pero en la sexta Urrutia II-Martirena ganaron 35-30 a Loitegi y Apezetxea. En el primer partido del festival Goikoetxea marc\u00f3 diferencias y con Odei ganaron 24-35 a Susperregi y Zubiri.&nbsp;<\/p>\n","protected":false},"excerpt":{"rendered":"<p>Ansa II y Barrenetxea IV se impusieron 40-38 a Urriza y Azpiroz en un partido de los que hacen afici\u00f3n. Los cuatro pelotaris estuvieron espectaculares, a su mejor nivel, y tras una lucha tit\u00e1nica de hora y medio, Barrenetxea cruz\u00f3 una pelota que Urriza no pudo llevar. Era el 40-38, pero antes se vieron muchas [&hellip;]<\/p>\n","protected":false},"author":5,"featured_media":6275,"comment_status":"closed","ping_status":"open","sticky":false,"template":"","format":"standard","meta":{"_et_pb_use_builder":"off","_et_pb_old_content":"","_et_gb_content_width":"","footnotes":""},"categories":[1],"tags":[],"yoast_head":"<!-- This site is optimized with the Yoast SEO plugin v21.8 - https:\/\/yoast.com\/wordpress\/plugins\/seo\/ -->\n<title>Ansa II y Barrenetxea IV se llevan un estelar espectacular | Oriamendi 2010<\/title>\n<meta name=\"robots\" content=\"index, follow, max-snippet:-1, max-image-preview:large, max-video-preview:-1\" \/>\n<link rel=\"canonical\" href=\"https:\/\/oriamendi.eus\/es\/2022\/05\/15\/ansa-ii-y-barrenetxea-iv-se-lleva-un-estelar-espectacular\/\" \/>\n<meta property=\"og:locale\" content=\"es_ES\" \/>\n<meta property=\"og:type\" content=\"article\" \/>\n<meta property=\"og:title\" content=\"Ansa II y Barrenetxea IV se llevan un estelar espectacular | Oriamendi 2010\" \/>\n<meta property=\"og:description\" content=\"Ansa II y Barrenetxea IV se impusieron 40-38 a Urriza y Azpiroz en un partido de los que hacen afici\u00f3n. Los cuatro pelotaris estuvieron espectaculares, a su mejor nivel, y tras una lucha tit\u00e1nica de hora y medio, Barrenetxea cruz\u00f3 una pelota que Urriza no pudo llevar. Era el 40-38, pero antes se vieron muchas [&hellip;]\" \/>\n<meta property=\"og:url\" content=\"https:\/\/oriamendi.eus\/es\/2022\/05\/15\/ansa-ii-y-barrenetxea-iv-se-lleva-un-estelar-espectacular\/\" \/>\n<meta property=\"og:site_name\" content=\"Oriamendi 2010\" \/>\n<meta property=\"article:publisher\" content=\"https:\/\/www.facebook.com\/oriamendi2010remonte\/\" \/>\n<meta property=\"article:published_time\" content=\"2022-05-15T12:35:15+00:00\" \/>\n<meta property=\"article:modified_time\" content=\"2022-05-15T12:42:51+00:00\" \/>\n<meta property=\"og:image\" content=\"https:\/\/oriamendi.eus\/wp-content\/uploads\/2022\/02\/barrene-juanenea-iparlur3.jpg\" \/>\n\t<meta property=\"og:image:width\" content=\"627\" \/>\n\t<meta property=\"og:image:height\" content=\"417\" \/>\n\t<meta property=\"og:image:type\" content=\"image\/jpeg\" \/>\n<meta name=\"author\" content=\"I\u00f1igo Go\u00f1i\" \/>\n<meta name=\"twitter:card\" content=\"summary_large_image\" \/>\n<meta name=\"twitter:creator\" content=\"@oriamendi2010\" \/>\n<meta name=\"twitter:site\" content=\"@oriamendi2010\" \/>\n<meta name=\"twitter:label1\" content=\"Escrito por\" \/>\n\t<meta name=\"twitter:data1\" content=\"I\u00f1igo Go\u00f1i\" \/>\n\t<meta name=\"twitter:label2\" content=\"Tiempo de lectura\" \/>\n\t<meta name=\"twitter:data2\" content=\"2 minutos\" \/>\n<script type=\"application\/ld+json\" class=\"yoast-schema-graph\">{\"@context\":\"https:\/\/schema.org\",\"@graph\":[{\"@type\":\"Article\",\"@id\":\"https:\/\/oriamendi.eus\/es\/2022\/05\/15\/ansa-ii-y-barrenetxea-iv-se-lleva-un-estelar-espectacular\/#article\",\"isPartOf\":{\"@id\":\"https:\/\/oriamendi.eus\/es\/2022\/05\/15\/ansa-ii-y-barrenetxea-iv-se-lleva-un-estelar-espectacular\/\"},\"author\":{\"name\":\"I\u00f1igo Go\u00f1i\",\"@id\":\"https:\/\/oriamendi.eus\/es\/#\/schema\/person\/c0bd06c6c747674306a5c82563e2339a\"},\"headline\":\"Ansa II y Barrenetxea IV se llevan un estelar espectacular\",\"datePublished\":\"2022-05-15T12:35:15+00:00\",\"dateModified\":\"2022-05-15T12:42:51+00:00\",\"mainEntityOfPage\":{\"@id\":\"https:\/\/oriamendi.eus\/es\/2022\/05\/15\/ansa-ii-y-barrenetxea-iv-se-lleva-un-estelar-espectacular\/\"},\"wordCount\":369,\"publisher\":{\"@id\":\"https:\/\/oriamendi.eus\/es\/#organization\"},\"articleSection\":[\"Sin categorizar\"],\"inLanguage\":\"es\"},{\"@type\":\"WebPage\",\"@id\":\"https:\/\/oriamendi.eus\/es\/2022\/05\/15\/ansa-ii-y-barrenetxea-iv-se-lleva-un-estelar-espectacular\/\",\"url\":\"https:\/\/oriamendi.eus\/es\/2022\/05\/15\/ansa-ii-y-barrenetxea-iv-se-lleva-un-estelar-espectacular\/\",\"name\":\"Ansa II y Barrenetxea IV se llevan un estelar espectacular | Oriamendi 2010\",\"isPartOf\":{\"@id\":\"https:\/\/oriamendi.eus\/es\/#website\"},\"datePublished\":\"2022-05-15T12:35:15+00:00\",\"dateModified\":\"2022-05-15T12:42:51+00:00\",\"breadcrumb\":{\"@id\":\"https:\/\/oriamendi.eus\/es\/2022\/05\/15\/ansa-ii-y-barrenetxea-iv-se-lleva-un-estelar-espectacular\/#breadcrumb\"},\"inLanguage\":\"es\",\"potentialAction\":[{\"@type\":\"ReadAction\",\"target\":[\"https:\/\/oriamendi.eus\/es\/2022\/05\/15\/ansa-ii-y-barrenetxea-iv-se-lleva-un-estelar-espectacular\/\"]}]},{\"@type\":\"BreadcrumbList\",\"@id\":\"https:\/\/oriamendi.eus\/es\/2022\/05\/15\/ansa-ii-y-barrenetxea-iv-se-lleva-un-estelar-espectacular\/#breadcrumb\",\"itemListElement\":[{\"@type\":\"ListItem\",\"position\":1,\"name\":\"Portada\",\"item\":\"https:\/\/oriamendi.eus\/es\/\"},{\"@type\":\"ListItem\",\"position\":2,\"name\":\"Ansa II y Barrenetxea IV se llevan un estelar espectacular\"}]},{\"@type\":\"WebSite\",\"@id\":\"https:\/\/oriamendi.eus\/es\/#website\",\"url\":\"https:\/\/oriamendi.eus\/es\/\",\"name\":\"Oriamendi\",\"description\":\"Remonte en Galarreta. Hernani. Gipuzkoa\",\"publisher\":{\"@id\":\"https:\/\/oriamendi.eus\/es\/#organization\"},\"potentialAction\":[{\"@type\":\"SearchAction\",\"target\":{\"@type\":\"EntryPoint\",\"urlTemplate\":\"https:\/\/oriamendi.eus\/es\/?s={search_term_string}\"},\"query-input\":\"required name=search_term_string\"}],\"inLanguage\":\"es\"},{\"@type\":\"Organization\",\"@id\":\"https:\/\/oriamendi.eus\/es\/#organization\",\"name\":\"Oriamendi\",\"url\":\"https:\/\/oriamendi.eus\/es\/\",\"logo\":{\"@type\":\"ImageObject\",\"inLanguage\":\"es\",\"@id\":\"https:\/\/oriamendi.eus\/es\/#\/schema\/logo\/image\/\",\"url\":\"https:\/\/oriamendi.eus\/wp-content\/uploads\/2020\/06\/logo-oriamendi.png\",\"contentUrl\":\"https:\/\/oriamendi.eus\/wp-content\/uploads\/2020\/06\/logo-oriamendi.png\",\"width\":300,\"height\":90,\"caption\":\"Oriamendi\"},\"image\":{\"@id\":\"https:\/\/oriamendi.eus\/es\/#\/schema\/logo\/image\/\"},\"sameAs\":[\"https:\/\/www.facebook.com\/oriamendi2010remonte\/\",\"https:\/\/twitter.com\/oriamendi2010\",\"https:\/\/www.instagram.com\/galarretajaialai\/\",\"https:\/\/www.youtube.com\/channel\/UC8gVNzQqB1iwnC-_rI-ihmA\/featured\"]},{\"@type\":\"Person\",\"@id\":\"https:\/\/oriamendi.eus\/es\/#\/schema\/person\/c0bd06c6c747674306a5c82563e2339a\",\"name\":\"I\u00f1igo Go\u00f1i\",\"image\":{\"@type\":\"ImageObject\",\"inLanguage\":\"es\",\"@id\":\"https:\/\/oriamendi.eus\/es\/#\/schema\/person\/image\/\",\"url\":\"https:\/\/secure.gravatar.com\/avatar\/fbb07ffc7b803bbfcc2b6419c06abd3a?s=96&d=mm&r=g\",\"contentUrl\":\"https:\/\/secure.gravatar.com\/avatar\/fbb07ffc7b803bbfcc2b6419c06abd3a?s=96&d=mm&r=g\",\"caption\":\"I\u00f1igo Go\u00f1i\"},\"url\":\"https:\/\/oriamendi.eus\/es\/author\/om-berriak\/\"}]}<\/script>\n<!-- \/ Yoast SEO plugin. -->","yoast_head_json":{"title":"Ansa II y Barrenetxea IV se llevan un estelar espectacular | Oriamendi 2010","robots":{"index":"index","follow":"follow","max-snippet":"max-snippet:-1","max-image-preview":"max-image-preview:large","max-video-preview":"max-video-preview:-1"},"canonical":"https:\/\/oriamendi.eus\/es\/2022\/05\/15\/ansa-ii-y-barrenetxea-iv-se-lleva-un-estelar-espectacular\/","og_locale":"es_ES","og_type":"article","og_title":"Ansa II y Barrenetxea IV se llevan un estelar espectacular | Oriamendi 2010","og_description":"Ansa II y Barrenetxea IV se impusieron 40-38 a Urriza y Azpiroz en un partido de los que hacen afici\u00f3n. Los cuatro pelotaris estuvieron espectaculares, a su mejor nivel, y tras una lucha tit\u00e1nica de hora y medio, Barrenetxea cruz\u00f3 una pelota que Urriza no pudo llevar. Era el 40-38, pero antes se vieron muchas [&hellip;]","og_url":"https:\/\/oriamendi.eus\/es\/2022\/05\/15\/ansa-ii-y-barrenetxea-iv-se-lleva-un-estelar-espectacular\/","og_site_name":"Oriamendi 2010","article_publisher":"https:\/\/www.facebook.com\/oriamendi2010remonte\/","article_published_time":"2022-05-15T12:35:15+00:00","article_modified_time":"2022-05-15T12:42:51+00:00","og_image":[{"width":627,"height":417,"url":"https:\/\/oriamendi.eus\/wp-content\/uploads\/2022\/02\/barrene-juanenea-iparlur3.jpg","type":"image\/jpeg"}],"author":"I\u00f1igo Go\u00f1i","twitter_card":"summary_large_image","twitter_creator":"@oriamendi2010","twitter_site":"@oriamendi2010","twitter_misc":{"Escrito por":"I\u00f1igo Go\u00f1i","Tiempo de lectura":"2 minutos"},"schema":{"@context":"https:\/\/schema.org","@graph":[{"@type":"Article","@id":"https:\/\/oriamendi.eus\/es\/2022\/05\/15\/ansa-ii-y-barrenetxea-iv-se-lleva-un-estelar-espectacular\/#article","isPartOf":{"@id":"https:\/\/oriamendi.eus\/es\/2022\/05\/15\/ansa-ii-y-barrenetxea-iv-se-lleva-un-estelar-espectacular\/"},"author":{"name":"I\u00f1igo Go\u00f1i","@id":"https:\/\/oriamendi.eus\/es\/#\/schema\/person\/c0bd06c6c747674306a5c82563e2339a"},"headline":"Ansa II y Barrenetxea IV se llevan un estelar espectacular","datePublished":"2022-05-15T12:35:15+00:00","dateModified":"2022-05-15T12:42:51+00:00","mainEntityOfPage":{"@id":"https:\/\/oriamendi.eus\/es\/2022\/05\/15\/ansa-ii-y-barrenetxea-iv-se-lleva-un-estelar-espectacular\/"},"wordCount":369,"publisher":{"@id":"https:\/\/oriamendi.eus\/es\/#organization"},"articleSection":["Sin categorizar"],"inLanguage":"es"},{"@type":"WebPage","@id":"https:\/\/oriamendi.eus\/es\/2022\/05\/15\/ansa-ii-y-barrenetxea-iv-se-lleva-un-estelar-espectacular\/","url":"https:\/\/oriamendi.eus\/es\/2022\/05\/15\/ansa-ii-y-barrenetxea-iv-se-lleva-un-estelar-espectacular\/","name":"Ansa II y Barrenetxea IV se llevan un estelar espectacular | Oriamendi 2010","isPartOf":{"@id":"https:\/\/oriamendi.eus\/es\/#website"},"datePublished":"2022-05-15T12:35:15+00:00","dateModified":"2022-05-15T12:42:51+00:00","breadcrumb":{"@id":"https:\/\/oriamendi.eus\/es\/2022\/05\/15\/ansa-ii-y-barrenetxea-iv-se-lleva-un-estelar-espectacular\/#breadcrumb"},"inLanguage":"es","potentialAction":[{"@type":"ReadAction","target":["https:\/\/oriamendi.eus\/es\/2022\/05\/15\/ansa-ii-y-barrenetxea-iv-se-lleva-un-estelar-espectacular\/"]}]},{"@type":"BreadcrumbList","@id":"https:\/\/oriamendi.eus\/es\/2022\/05\/15\/ansa-ii-y-barrenetxea-iv-se-lleva-un-estelar-espectacular\/#breadcrumb","itemListElement":[{"@type":"ListItem","position":1,"name":"Portada","item":"https:\/\/oriamendi.eus\/es\/"},{"@type":"ListItem","position":2,"name":"Ansa II y Barrenetxea IV se llevan un estelar espectacular"}]},{"@type":"WebSite","@id":"https:\/\/oriamendi.eus\/es\/#website","url":"https:\/\/oriamendi.eus\/es\/","name":"Oriamendi","description":"Remonte en Galarreta. Hernani. Gipuzkoa","publisher":{"@id":"https:\/\/oriamendi.eus\/es\/#organization"},"potentialAction":[{"@type":"SearchAction","target":{"@type":"EntryPoint","urlTemplate":"https:\/\/oriamendi.eus\/es\/?s={search_term_string}"},"query-input":"required name=search_term_string"}],"inLanguage":"es"},{"@type":"Organization","@id":"https:\/\/oriamendi.eus\/es\/#organization","name":"Oriamendi","url":"https:\/\/oriamendi.eus\/es\/","logo":{"@type":"ImageObject","inLanguage":"es","@id":"https:\/\/oriamendi.eus\/es\/#\/schema\/logo\/image\/","url":"https:\/\/oriamendi.eus\/wp-content\/uploads\/2020\/06\/logo-oriamendi.png","contentUrl":"https:\/\/oriamendi.eus\/wp-content\/uploads\/2020\/06\/logo-oriamendi.png","width":300,"height":90,"caption":"Oriamendi"},"image":{"@id":"https:\/\/oriamendi.eus\/es\/#\/schema\/logo\/image\/"},"sameAs":["https:\/\/www.facebook.com\/oriamendi2010remonte\/","https:\/\/twitter.com\/oriamendi2010","https:\/\/www.instagram.com\/galarretajaialai\/","https:\/\/www.youtube.com\/channel\/UC8gVNzQqB1iwnC-_rI-ihmA\/featured"]},{"@type":"Person","@id":"https:\/\/oriamendi.eus\/es\/#\/schema\/person\/c0bd06c6c747674306a5c82563e2339a","name":"I\u00f1igo Go\u00f1i","image":{"@type":"ImageObject","inLanguage":"es","@id":"https:\/\/oriamendi.eus\/es\/#\/schema\/person\/image\/","url":"https:\/\/secure.gravatar.com\/avatar\/fbb07ffc7b803bbfcc2b6419c06abd3a?s=96&d=mm&r=g","contentUrl":"https:\/\/secure.gravatar.com\/avatar\/fbb07ffc7b803bbfcc2b6419c06abd3a?s=96&d=mm&r=g","caption":"I\u00f1igo Go\u00f1i"},"url":"https:\/\/oriamendi.eus\/es\/author\/om-berriak\/"}]}},"_links":{"self":[{"href":"https:\/\/oriamendi.eus\/es\/wp-json\/wp\/v2\/posts\/6451"}],"collection":[{"href":"https:\/\/oriamendi.eus\/es\/wp-json\/wp\/v2\/posts"}],"about":[{"href":"https:\/\/oriamendi.eus\/es\/wp-json\/wp\/v2\/types\/post"}],"author":[{"embeddable":true,"href":"https:\/\/oriamendi.eus\/es\/wp-json\/wp\/v2\/users\/5"}],"replies":[{"embeddable":true,"href":"https:\/\/oriamendi.eus\/es\/wp-json\/wp\/v2\/comments?post=6451"}],"version-history":[{"count":4,"href":"https:\/\/oriamendi.eus\/es\/wp-json\/wp\/v2\/posts\/6451\/revisions"}],"predecessor-version":[{"id":6459,"href":"https:\/\/oriamendi.eus\/es\/wp-json\/wp\/v2\/posts\/6451\/revisions\/6459"}],"wp:featuredmedia":[{"embeddable":true,"href":"https:\/\/oriamendi.eus\/es\/wp-json\/wp\/v2\/media\/6275"}],"wp:attachment":[{"href":"https:\/\/oriamendi.eus\/es\/wp-json\/wp\/v2\/media?parent=6451"}],"wp:term":[{"taxonomy":"category","embeddable":true,"href":"https:\/\/oriamendi.eus\/es\/wp-json\/wp\/v2\/categories?post=6451"},{"taxonomy":"post_tag","embeddable":true,"href":"https:\/\/oriamendi.eus\/es\/wp-json\/wp\/v2\/tags?post=6451"}],"curies":[{"name":"wp","href":"https:\/\/api.w.org\/{rel}","templated":true}]}}